{"id":42442,"date":"2026-01-27T17:40:11","date_gmt":"2026-01-27T20:40:11","guid":{"rendered":"https:\/\/psol50.org.br\/?p=42442"},"modified":"2026-02-02T17:43:21","modified_gmt":"2026-02-02T20:43:21","slug":"parlamentares-do-psol-acionam-a-justica-contra-cameras-do-smart-sampa-em-unidades-do-sus","status":"publish","type":"post","link":"https:\/\/psol50.org.br\/parlamentares-do-psol-acionam-a-justica-contra-cameras-do-smart-sampa-em-unidades-do-sus\/","title":{"rendered":"Parlamentares do PSOL acionam a justi\u00e7a contra c\u00e2meras do Smart Sampa em unidades do SUS"},"content":{"rendered":"<p>Parlamentares do PSOL protocolaram representa\u00e7\u00f5es no Minist\u00e9rio P\u00fablico contra a instala\u00e7\u00e3o de c\u00e2meras do programa Smart Sampa em unidades do SUS que atendem pessoas vivendo com HIV\/Aids na cidade de S\u00e3o Paulo. As a\u00e7\u00f5es questionam o uso de tecnologia de reconhecimento facial nesses espa\u00e7os e refor\u00e7am a necessidade de garantir sigilo, acolhimento e seguran\u00e7a aos pacientes.<\/p>\n<p>Uma das representa\u00e7\u00f5es foi apresentada pela vereadora Amanda Paschoal (PSOL-SP) \u00e0 Promotoria de Justi\u00e7a e Direitos Humanos da Capital, contra o prefeito Ricardo Nunes (MDB). A den\u00fancia trata da instala\u00e7\u00e3o de c\u00e2meras no Servi\u00e7o de Assist\u00eancia Especializada (SAE) Fidelis Ribeiro, unidade voltada ao atendimento de pessoas com HIV\/Aids e outras infec\u00e7\u00f5es sexualmente transmiss\u00edveis, o que, segundo a parlamentar, exp\u00f5e usu\u00e1rios que buscam atendimento e retirada de medicamentos.<\/p>\n<p>Na representa\u00e7\u00e3o, Amanda destaca que o tratamento dessas pessoas exige um ambiente de absoluto acolhimento e confidencialidade e alerta que o medo de exposi\u00e7\u00e3o da condi\u00e7\u00e3o sorol\u00f3gica pode levar ao abandono do tratamento. A vereadora aponta ainda que o reconhecimento facial envolve o tratamento de dados pessoais sens\u00edveis, protegidos por lei, e que falhas na prote\u00e7\u00e3o dessas informa\u00e7\u00f5es podem gerar estigmas, discrimina\u00e7\u00e3o e afastamento do cuidado em sa\u00fade.<\/p>\n<p>A parlamentar tamb\u00e9m afirma que a manuten\u00e7\u00e3o do Smart Sampa nessas unidades, apesar de alertas de \u00f3rg\u00e3os t\u00e9cnicos e profissionais da sa\u00fade, configura conduta institucional negligente e pode caracterizar discrimina\u00e7\u00e3o institucional e racismo estrutural, atingindo majoritariamente pessoas negras, pobres, perif\u00e9ricas e da comunidade LGBTQIA+. O pedido inclui a abertura de inqu\u00e9rito civil, a suspens\u00e3o do uso de reconhecimento facial em unidades de sa\u00fade e a adequa\u00e7\u00e3o das pol\u00edticas municipais \u00e0s diretrizes do SUS e dos direitos humanos.<\/p>\n<p>Outra representa\u00e7\u00e3o foi protocolada pelas parlamentares do PSOL S\u00e2mia Bomfim, M\u00f4nica Seixas e Luana Alves. No documento, elas denunciam a instala\u00e7\u00e3o de c\u00e2meras do Smart Sampa dentro de unidades do SUS como uma viola\u00e7\u00e3o ao direito \u00e0 sa\u00fade, ao sigilo e \u00e0 prote\u00e7\u00e3o de dados, transformando espa\u00e7os de cuidado em ambientes de vigil\u00e2ncia ligados \u00e0 seguran\u00e7a p\u00fablica.<\/p>\n<p>As deputadas refor\u00e7am que a legisla\u00e7\u00e3o brasileira pro\u00edbe pr\u00e1ticas que permitam a identifica\u00e7\u00e3o de pessoas vivendo com HIV em servi\u00e7os de sa\u00fade e que a Lei Geral de Prote\u00e7\u00e3o de Dados classifica essas imagens como dados sens\u00edveis. Por isso, acionaram o Minist\u00e9rio P\u00fablico para exigir a suspens\u00e3o imediata das c\u00e2meras e a apura\u00e7\u00e3o das responsabilidades, defendendo que garantir um ambiente seguro \u00e9 essencial para assegurar o acesso ao tratamento e a dignidade dos pacientes.<\/p>\n","protected":false},"excerpt":{"rendered":"<p>Parlamentares do PSOL protocolaram representa\u00e7\u00f5es no Minist\u00e9rio P\u00fablico contra a instala\u00e7\u00e3o de c\u00e2meras do programa Smart Sampa em unidades do SUS que atendem pessoas vivendo com HIV\/Aids na cidade de S\u00e3o Paulo. As a\u00e7\u00f5es questionam o uso de tecnologia de reconhecimento facial nesses espa\u00e7os e refor\u00e7am a necessidade de garantir sigilo, acolhimento e seguran\u00e7a aos [&hellip;]<\/p>\n","protected":false},"author":2,"featured_media":42444,"comment_status":"closed","ping_status":"open","sticky":false,"template":"","format":"standard","meta":{"_acf_changed":false,"footnotes":""},"categories":[10],"tags":[4825],"class_list":{"0":"post-42442","1":"post","2":"type-post","3":"status-publish","4":"format-standard","5":"has-post-thumbnail","7":"category-acao-parlamentares","8":"tag-noticias"},"acf":[],"yoast_head":"<!-- This site is optimized with the Yoast SEO plugin v26.5 - https:\/\/yoast.com\/wordpress\/plugins\/seo\/ -->\n<title>Parlamentares do PSOL acionam a justi\u00e7a contra c\u00e2meras do Smart Sampa em unidades do SUS - PSOL 50<\/title>\n<meta name=\"description\" content=\"Parlamentares do PSOL denunciam c\u00e2meras de reconhecimento facial do Smart Sampa em unidades do SUS. Saiba mais.\" \/>\n<meta name=\"robots\" content=\"index, follow, max-snippet:-1, max-image-preview:large, max-video-preview:-1\" \/>\n<link rel=\"canonical\" href=\"https:\/\/psol50.org.br\/parlamentares-do-psol-acionam-a-justica-contra-cameras-do-smart-sampa-em-unidades-do-sus\/\" \/>\n<meta property=\"og:locale\" content=\"pt_BR\" \/>\n<meta property=\"og:type\" content=\"article\" \/>\n<meta property=\"og:title\" content=\"Parlamentares do PSOL acionam a justi\u00e7a contra c\u00e2meras do Smart Sampa em unidades do SUS - PSOL 50\" \/>\n<meta property=\"og:description\" content=\"Parlamentares do PSOL denunciam c\u00e2meras de reconhecimento facial do Smart Sampa em unidades do SUS. Saiba mais.\" \/>\n<meta property=\"og:url\" content=\"https:\/\/psol50.org.br\/parlamentares-do-psol-acionam-a-justica-contra-cameras-do-smart-sampa-em-unidades-do-sus\/\" \/>\n<meta property=\"og:site_name\" content=\"PSOL 50\" \/>\n<meta property=\"article:publisher\" content=\"https:\/\/www.facebook.com\/psol50\" \/>\n<meta property=\"article:published_time\" content=\"2026-01-27T20:40:11+00:00\" \/>\n<meta property=\"article:modified_time\" content=\"2026-02-02T20:43:21+00:00\" \/>\n<meta property=\"og:image\" content=\"https:\/\/psol50.org.br\/inc\/uploads\/2026\/01\/Design-sem-nome-12.png\" \/>\n\t<meta property=\"og:image:width\" content=\"1280\" \/>\n\t<meta property=\"og:image:height\" content=\"720\" \/>\n\t<meta property=\"og:image:type\" content=\"image\/png\" \/>\n<meta name=\"author\" content=\"Comunica\u00e7\u00e3o PSOL\" \/>\n<meta name=\"twitter:card\" content=\"summary_large_image\" \/>\n<meta name=\"twitter:creator\" content=\"@psol50\" \/>\n<meta name=\"twitter:site\" content=\"@psol50\" \/>\n<meta name=\"twitter:label1\" content=\"Escrito por\" \/>\n\t<meta name=\"twitter:data1\" content=\"Comunica\u00e7\u00e3o PSOL\" \/>\n\t<meta name=\"twitter:label2\" content=\"Est. tempo de leitura\" \/>\n\t<meta name=\"twitter:data2\" content=\"2 minutos\" \/>\n<script type=\"application\/ld+json\" class=\"yoast-schema-graph\">{\"@context\":\"https:\/\/schema.org\",\"@graph\":[{\"@type\":\"Article\",\"@id\":\"https:\/\/psol50.org.br\/parlamentares-do-psol-acionam-a-justica-contra-cameras-do-smart-sampa-em-unidades-do-sus\/#article\",\"isPartOf\":{\"@id\":\"https:\/\/psol50.org.br\/parlamentares-do-psol-acionam-a-justica-contra-cameras-do-smart-sampa-em-unidades-do-sus\/\"},\"author\":{\"name\":\"Comunica\u00e7\u00e3o PSOL\",\"@id\":\"https:\/\/psol50.org.br\/#\/schema\/person\/475dfa57d0b815993c714c2e96491fcd\"},\"headline\":\"Parlamentares do PSOL acionam a justi\u00e7a contra c\u00e2meras do Smart Sampa em unidades do SUS\",\"datePublished\":\"2026-01-27T20:40:11+00:00\",\"dateModified\":\"2026-02-02T20:43:21+00:00\",\"mainEntityOfPage\":{\"@id\":\"https:\/\/psol50.org.br\/parlamentares-do-psol-acionam-a-justica-contra-cameras-do-smart-sampa-em-unidades-do-sus\/\"},\"wordCount\":481,\"publisher\":{\"@id\":\"https:\/\/psol50.org.br\/#organization\"},\"image\":{\"@id\":\"https:\/\/psol50.org.br\/parlamentares-do-psol-acionam-a-justica-contra-cameras-do-smart-sampa-em-unidades-do-sus\/#primaryimage\"},\"thumbnailUrl\":\"https:\/\/psol50.org.br\/inc\/uploads\/2026\/01\/Design-sem-nome-12.png\",\"keywords\":[\"Not\u00edcias\"],\"articleSection\":[\"A\u00e7\u00e3o Parlamentar\"],\"inLanguage\":\"pt-BR\"},{\"@type\":\"WebPage\",\"@id\":\"https:\/\/psol50.org.br\/parlamentares-do-psol-acionam-a-justica-contra-cameras-do-smart-sampa-em-unidades-do-sus\/\",\"url\":\"https:\/\/psol50.org.br\/parlamentares-do-psol-acionam-a-justica-contra-cameras-do-smart-sampa-em-unidades-do-sus\/\",\"name\":\"Parlamentares do PSOL acionam a justi\u00e7a contra c\u00e2meras do Smart Sampa em unidades do SUS - PSOL 50\",\"isPartOf\":{\"@id\":\"https:\/\/psol50.org.br\/#website\"},\"primaryImageOfPage\":{\"@id\":\"https:\/\/psol50.org.br\/parlamentares-do-psol-acionam-a-justica-contra-cameras-do-smart-sampa-em-unidades-do-sus\/#primaryimage\"},\"image\":{\"@id\":\"https:\/\/psol50.org.br\/parlamentares-do-psol-acionam-a-justica-contra-cameras-do-smart-sampa-em-unidades-do-sus\/#primaryimage\"},\"thumbnailUrl\":\"https:\/\/psol50.org.br\/inc\/uploads\/2026\/01\/Design-sem-nome-12.png\",\"datePublished\":\"2026-01-27T20:40:11+00:00\",\"dateModified\":\"2026-02-02T20:43:21+00:00\",\"description\":\"Parlamentares do PSOL denunciam c\u00e2meras de reconhecimento facial do Smart Sampa em unidades do SUS. Saiba mais.\",\"breadcrumb\":{\"@id\":\"https:\/\/psol50.org.br\/parlamentares-do-psol-acionam-a-justica-contra-cameras-do-smart-sampa-em-unidades-do-sus\/#breadcrumb\"},\"inLanguage\":\"pt-BR\",\"potentialAction\":[{\"@type\":\"ReadAction\",\"target\":[\"https:\/\/psol50.org.br\/parlamentares-do-psol-acionam-a-justica-contra-cameras-do-smart-sampa-em-unidades-do-sus\/\"]}]},{\"@type\":\"ImageObject\",\"inLanguage\":\"pt-BR\",\"@id\":\"https:\/\/psol50.org.br\/parlamentares-do-psol-acionam-a-justica-contra-cameras-do-smart-sampa-em-unidades-do-sus\/#primaryimage\",\"url\":\"https:\/\/psol50.org.br\/inc\/uploads\/2026\/01\/Design-sem-nome-12.png\",\"contentUrl\":\"https:\/\/psol50.org.br\/inc\/uploads\/2026\/01\/Design-sem-nome-12.png\",\"width\":1280,\"height\":720,\"caption\":\"Foto: Divulga\u00e7\u00e3o\"},{\"@type\":\"BreadcrumbList\",\"@id\":\"https:\/\/psol50.org.br\/parlamentares-do-psol-acionam-a-justica-contra-cameras-do-smart-sampa-em-unidades-do-sus\/#breadcrumb\",\"itemListElement\":[{\"@type\":\"ListItem\",\"position\":1,\"name\":\"In\u00edcio\",\"item\":\"https:\/\/psol50.org.br\/\"},{\"@type\":\"ListItem\",\"position\":2,\"name\":\"Parlamentares do PSOL acionam a justi\u00e7a contra c\u00e2meras do Smart Sampa em unidades do SUS\"}]},{\"@type\":\"WebSite\",\"@id\":\"https:\/\/psol50.org.br\/#website\",\"url\":\"https:\/\/psol50.org.br\/\",\"name\":\"PSOL 50\",\"description\":\"Site oficial do Partido Socialismo e Liberdade\",\"publisher\":{\"@id\":\"https:\/\/psol50.org.br\/#organization\"},\"alternateName\":\"PSOL50\",\"potentialAction\":[{\"@type\":\"SearchAction\",\"target\":{\"@type\":\"EntryPoint\",\"urlTemplate\":\"https:\/\/psol50.org.br\/?s={search_term_string}\"},\"query-input\":{\"@type\":\"PropertyValueSpecification\",\"valueRequired\":true,\"valueName\":\"search_term_string\"}}],\"inLanguage\":\"pt-BR\"},{\"@type\":\"Organization\",\"@id\":\"https:\/\/psol50.org.br\/#organization\",\"name\":\"PSOL 50\",\"alternateName\":\"PSOL 50\",\"url\":\"https:\/\/psol50.org.br\/\",\"logo\":{\"@type\":\"ImageObject\",\"inLanguage\":\"pt-BR\",\"@id\":\"https:\/\/psol50.org.br\/#\/schema\/logo\/image\/\",\"url\":\"https:\/\/psol50.org.br\/inc\/uploads\/2018\/07\/capa.png\",\"contentUrl\":\"https:\/\/psol50.org.br\/inc\/uploads\/2018\/07\/capa.png\",\"width\":1350,\"height\":900,\"caption\":\"PSOL 50\"},\"image\":{\"@id\":\"https:\/\/psol50.org.br\/#\/schema\/logo\/image\/\"},\"sameAs\":[\"https:\/\/www.facebook.com\/psol50\",\"https:\/\/x.com\/psol50\",\"https:\/\/www.instagram.com\/psol50\/\",\"https:\/\/www.youtube.com\/channel\/UC7SnJS5o1os7a6CaiNabzcg\"]},{\"@type\":\"Person\",\"@id\":\"https:\/\/psol50.org.br\/#\/schema\/person\/475dfa57d0b815993c714c2e96491fcd\",\"name\":\"Comunica\u00e7\u00e3o PSOL\",\"image\":{\"@type\":\"ImageObject\",\"inLanguage\":\"pt-BR\",\"@id\":\"https:\/\/psol50.org.br\/#\/schema\/person\/image\/\",\"url\":\"https:\/\/secure.gravatar.com\/avatar\/b34fc4f4e468a4e51785917065a3db57b841f5c95dba6ad8c73aaf8f66f8f9bf?s=96&d=mm&r=g\",\"contentUrl\":\"https:\/\/secure.gravatar.com\/avatar\/b34fc4f4e468a4e51785917065a3db57b841f5c95dba6ad8c73aaf8f66f8f9bf?s=96&d=mm&r=g\",\"caption\":\"Comunica\u00e7\u00e3o PSOL\"}}]}<\/script>\n<!-- \/ Yoast SEO plugin. -->","yoast_head_json":{"title":"Parlamentares do PSOL acionam a justi\u00e7a contra c\u00e2meras do Smart Sampa em unidades do SUS - PSOL 50","description":"Parlamentares do PSOL denunciam c\u00e2meras de reconhecimento facial do Smart Sampa em unidades do SUS. Saiba mais.","robots":{"index":"index","follow":"follow","max-snippet":"max-snippet:-1","max-image-preview":"max-image-preview:large","max-video-preview":"max-video-preview:-1"},"canonical":"https:\/\/psol50.org.br\/parlamentares-do-psol-acionam-a-justica-contra-cameras-do-smart-sampa-em-unidades-do-sus\/","og_locale":"pt_BR","og_type":"article","og_title":"Parlamentares do PSOL acionam a justi\u00e7a contra c\u00e2meras do Smart Sampa em unidades do SUS - PSOL 50","og_description":"Parlamentares do PSOL denunciam c\u00e2meras de reconhecimento facial do Smart Sampa em unidades do SUS. Saiba mais.","og_url":"https:\/\/psol50.org.br\/parlamentares-do-psol-acionam-a-justica-contra-cameras-do-smart-sampa-em-unidades-do-sus\/","og_site_name":"PSOL 50","article_publisher":"https:\/\/www.facebook.com\/psol50","article_published_time":"2026-01-27T20:40:11+00:00","article_modified_time":"2026-02-02T20:43:21+00:00","og_image":[{"width":1280,"height":720,"url":"https:\/\/psol50.org.br\/inc\/uploads\/2026\/01\/Design-sem-nome-12.png","type":"image\/png"}],"author":"Comunica\u00e7\u00e3o PSOL","twitter_card":"summary_large_image","twitter_creator":"@psol50","twitter_site":"@psol50","twitter_misc":{"Escrito por":"Comunica\u00e7\u00e3o PSOL","Est. tempo de leitura":"2 minutos"},"schema":{"@context":"https:\/\/schema.org","@graph":[{"@type":"Article","@id":"https:\/\/psol50.org.br\/parlamentares-do-psol-acionam-a-justica-contra-cameras-do-smart-sampa-em-unidades-do-sus\/#article","isPartOf":{"@id":"https:\/\/psol50.org.br\/parlamentares-do-psol-acionam-a-justica-contra-cameras-do-smart-sampa-em-unidades-do-sus\/"},"author":{"name":"Comunica\u00e7\u00e3o PSOL","@id":"https:\/\/psol50.org.br\/#\/schema\/person\/475dfa57d0b815993c714c2e96491fcd"},"headline":"Parlamentares do PSOL acionam a justi\u00e7a contra c\u00e2meras do Smart Sampa em unidades do SUS","datePublished":"2026-01-27T20:40:11+00:00","dateModified":"2026-02-02T20:43:21+00:00","mainEntityOfPage":{"@id":"https:\/\/psol50.org.br\/parlamentares-do-psol-acionam-a-justica-contra-cameras-do-smart-sampa-em-unidades-do-sus\/"},"wordCount":481,"publisher":{"@id":"https:\/\/psol50.org.br\/#organization"},"image":{"@id":"https:\/\/psol50.org.br\/parlamentares-do-psol-acionam-a-justica-contra-cameras-do-smart-sampa-em-unidades-do-sus\/#primaryimage"},"thumbnailUrl":"https:\/\/psol50.org.br\/inc\/uploads\/2026\/01\/Design-sem-nome-12.png","keywords":["Not\u00edcias"],"articleSection":["A\u00e7\u00e3o Parlamentar"],"inLanguage":"pt-BR"},{"@type":"WebPage","@id":"https:\/\/psol50.org.br\/parlamentares-do-psol-acionam-a-justica-contra-cameras-do-smart-sampa-em-unidades-do-sus\/","url":"https:\/\/psol50.org.br\/parlamentares-do-psol-acionam-a-justica-contra-cameras-do-smart-sampa-em-unidades-do-sus\/","name":"Parlamentares do PSOL acionam a justi\u00e7a contra c\u00e2meras do Smart Sampa em unidades do SUS - PSOL 50","isPartOf":{"@id":"https:\/\/psol50.org.br\/#website"},"primaryImageOfPage":{"@id":"https:\/\/psol50.org.br\/parlamentares-do-psol-acionam-a-justica-contra-cameras-do-smart-sampa-em-unidades-do-sus\/#primaryimage"},"image":{"@id":"https:\/\/psol50.org.br\/parlamentares-do-psol-acionam-a-justica-contra-cameras-do-smart-sampa-em-unidades-do-sus\/#primaryimage"},"thumbnailUrl":"https:\/\/psol50.org.br\/inc\/uploads\/2026\/01\/Design-sem-nome-12.png","datePublished":"2026-01-27T20:40:11+00:00","dateModified":"2026-02-02T20:43:21+00:00","description":"Parlamentares do PSOL denunciam c\u00e2meras de reconhecimento facial do Smart Sampa em unidades do SUS. Saiba mais.","breadcrumb":{"@id":"https:\/\/psol50.org.br\/parlamentares-do-psol-acionam-a-justica-contra-cameras-do-smart-sampa-em-unidades-do-sus\/#breadcrumb"},"inLanguage":"pt-BR","potentialAction":[{"@type":"ReadAction","target":["https:\/\/psol50.org.br\/parlamentares-do-psol-acionam-a-justica-contra-cameras-do-smart-sampa-em-unidades-do-sus\/"]}]},{"@type":"ImageObject","inLanguage":"pt-BR","@id":"https:\/\/psol50.org.br\/parlamentares-do-psol-acionam-a-justica-contra-cameras-do-smart-sampa-em-unidades-do-sus\/#primaryimage","url":"https:\/\/psol50.org.br\/inc\/uploads\/2026\/01\/Design-sem-nome-12.png","contentUrl":"https:\/\/psol50.org.br\/inc\/uploads\/2026\/01\/Design-sem-nome-12.png","width":1280,"height":720,"caption":"Foto: Divulga\u00e7\u00e3o"},{"@type":"BreadcrumbList","@id":"https:\/\/psol50.org.br\/parlamentares-do-psol-acionam-a-justica-contra-cameras-do-smart-sampa-em-unidades-do-sus\/#breadcrumb","itemListElement":[{"@type":"ListItem","position":1,"name":"In\u00edcio","item":"https:\/\/psol50.org.br\/"},{"@type":"ListItem","position":2,"name":"Parlamentares do PSOL acionam a justi\u00e7a contra c\u00e2meras do Smart Sampa em unidades do SUS"}]},{"@type":"WebSite","@id":"https:\/\/psol50.org.br\/#website","url":"https:\/\/psol50.org.br\/","name":"PSOL 50","description":"Site oficial do Partido Socialismo e Liberdade","publisher":{"@id":"https:\/\/psol50.org.br\/#organization"},"alternateName":"PSOL50","potentialAction":[{"@type":"SearchAction","target":{"@type":"EntryPoint","urlTemplate":"https:\/\/psol50.org.br\/?s={search_term_string}"},"query-input":{"@type":"PropertyValueSpecification","valueRequired":true,"valueName":"search_term_string"}}],"inLanguage":"pt-BR"},{"@type":"Organization","@id":"https:\/\/psol50.org.br\/#organization","name":"PSOL 50","alternateName":"PSOL 50","url":"https:\/\/psol50.org.br\/","logo":{"@type":"ImageObject","inLanguage":"pt-BR","@id":"https:\/\/psol50.org.br\/#\/schema\/logo\/image\/","url":"https:\/\/psol50.org.br\/inc\/uploads\/2018\/07\/capa.png","contentUrl":"https:\/\/psol50.org.br\/inc\/uploads\/2018\/07\/capa.png","width":1350,"height":900,"caption":"PSOL 50"},"image":{"@id":"https:\/\/psol50.org.br\/#\/schema\/logo\/image\/"},"sameAs":["https:\/\/www.facebook.com\/psol50","https:\/\/x.com\/psol50","https:\/\/www.instagram.com\/psol50\/","https:\/\/www.youtube.com\/channel\/UC7SnJS5o1os7a6CaiNabzcg"]},{"@type":"Person","@id":"https:\/\/psol50.org.br\/#\/schema\/person\/475dfa57d0b815993c714c2e96491fcd","name":"Comunica\u00e7\u00e3o PSOL","image":{"@type":"ImageObject","inLanguage":"pt-BR","@id":"https:\/\/psol50.org.br\/#\/schema\/person\/image\/","url":"https:\/\/secure.gravatar.com\/avatar\/b34fc4f4e468a4e51785917065a3db57b841f5c95dba6ad8c73aaf8f66f8f9bf?s=96&d=mm&r=g","contentUrl":"https:\/\/secure.gravatar.com\/avatar\/b34fc4f4e468a4e51785917065a3db57b841f5c95dba6ad8c73aaf8f66f8f9bf?s=96&d=mm&r=g","caption":"Comunica\u00e7\u00e3o PSOL"}}]}},"_links":{"self":[{"href":"https:\/\/psol50.org.br\/rest\/wp\/v2\/posts\/42442","targetHints":{"allow":["GET"]}}],"collection":[{"href":"https:\/\/psol50.org.br\/rest\/wp\/v2\/posts"}],"about":[{"href":"https:\/\/psol50.org.br\/rest\/wp\/v2\/types\/post"}],"author":[{"embeddable":true,"href":"https:\/\/psol50.org.br\/rest\/wp\/v2\/users\/2"}],"replies":[{"embeddable":true,"href":"https:\/\/psol50.org.br\/rest\/wp\/v2\/comments?post=42442"}],"version-history":[{"count":2,"href":"https:\/\/psol50.org.br\/rest\/wp\/v2\/posts\/42442\/revisions"}],"predecessor-version":[{"id":42445,"href":"https:\/\/psol50.org.br\/rest\/wp\/v2\/posts\/42442\/revisions\/42445"}],"wp:featuredmedia":[{"embeddable":true,"href":"https:\/\/psol50.org.br\/rest\/wp\/v2\/media\/42444"}],"wp:attachment":[{"href":"https:\/\/psol50.org.br\/rest\/wp\/v2\/media?parent=42442"}],"wp:term":[{"taxonomy":"category","embeddable":true,"href":"https:\/\/psol50.org.br\/rest\/wp\/v2\/categories?post=42442"},{"taxonomy":"post_tag","embeddable":true,"href":"https:\/\/psol50.org.br\/rest\/wp\/v2\/tags?post=42442"}],"curies":[{"name":"wp","href":"https:\/\/api.w.org\/{rel}","templated":true}]}}