{"id":426,"date":"2011-06-04T00:00:00","date_gmt":"2011-06-04T00:00:00","guid":{"rendered":"http:\/\/psol50.org.br\/arquivo\/2011\/06\/04\/elogio-ao-ditador-franco-causa-indignacao-na-espanha\/"},"modified":"2011-06-04T00:00:00","modified_gmt":"2011-06-04T00:00:00","slug":"elogio-ao-ditador-franco-causa-indignacao-na-espanha","status":"publish","type":"post","link":"https:\/\/psol50.org.br\/elogio-ao-ditador-franco-causa-indignacao-na-espanha\/","title":{"rendered":"Elogio ao ditador Franco causa indigna\u00e7\u00e3o na Espanha"},"content":{"rendered":"<p><em><strong><a rel=\"attachment wp-att-8666\" href=\"http:\/\/psol50.org.br\/blog\/2011\/06\/04\/elogio-ao-ditador-franco-causa-indignacao-na-espanha\/ditadorfranciscofranco\/\"><img loading=\"lazy\" decoding=\"async\" class=\"alignleft size-medium wp-image-8666\" src=\"http:\/\/psol50.org.br\/files\/2011\/06\/DitadorFranciscoFranco-300x219.jpg\" alt=\"\" width=\"300\" height=\"219\" \/><\/a>No dicion\u00e1rio financiado pelo governo se diz que o ditador foi \u201cinteligente e n\u00e3o totalit\u00e1rio\u201d<\/strong><\/em><br \/>\n<strong><br \/>\n*Armando G. Tejeda &#8211; La Jornada <\/strong><\/p>\n<p>Para a Real Academia de Hist\u00f3ria (RAH) espanhola, a Guerra Civil foi uma \u201ccruzada\u201d e uma \u201cguerra de liberta\u00e7\u00e3o\u201d; Francisco Franco foi um \u201cl\u00edder inteligente e moderado\u201d, al\u00e9m de \u201cvaloroso e cat\u00f3lico\u201d, que \u201cmontou um regime autorit\u00e1rio, mas n\u00e3o totalit\u00e1rio\u201d; o governo republicano de Juan Negr\u00edn foi \u201cpraticamente ditatorial\u201d e o comunista Santiago Carrillo aplicou uma pol\u00edtica \u201cde terror revolucion\u00e1rio\u201d.<\/p>\n<p>S\u00e3o as supostas \u201cverdades hist\u00f3ricas\u201d que est\u00e3o inclu\u00eddas no Dicion\u00e1rio biogr\u00e1fico espanhol, uma obra pensada para ser de consulta, com mais de 43 mil biografias e que custou aos cofres p\u00fablicos cerca de 5,8 milh\u00f5es de euros Seu conte\u00fado provocou a indigna\u00e7\u00e3o de historiadores, pol\u00edticos, descendentes do ex\u00edlio e das v\u00edtimas da repress\u00e3o franquista.<\/p>\n<p>A publica\u00e7\u00e3o do Dicion\u00e1rio deixou em evid\u00eancia o funcionamento de uma institui\u00e7\u00e3o que at\u00e9 agora passava desapercebida para a maioria dos cidad\u00e3os, s\u00f3 conhecida pelos pr\u00f3prios historiadores, investigadores e, obviamente, pelos dirigentes pol\u00edticos. A maioria de seus 350 membros s\u00e3o, segundo o resultado de suas pesquisas, nost\u00e1lgicos do antigo regime, que continuam \u201csuplicando a Deus\u201d antes de iniciar suas sess\u00f5es, que t\u00eam entre seus membros um encarregado de ser o \u201ccensor\u201d dos discursos, que praticamente n\u00e3o contam com mulheres em suas cadeiras e sim, por outro lado, com representantes da Igreja cat\u00f3lica, neste caso o ultraconservador arcebispo de Toledo, Antonio Ca\u00f1izares.<\/p>\n<p>O projeto de uma obra monumental e de consulta, que foi elaborada a partir do g\u00eanero da biografia e que inclui as personalidades mais importantes da hist\u00f3ria espanhola, remonta ao s\u00e9culo XVIII. Mas foi em 1999, quando governava o direitista Jos\u00e9 Mar\u00eda Aznar, quando se firmou um conv\u00eanio com o qual os acad\u00eamicos \u2013 muitos deles com t\u00edtulos de nobres \u2013 conseguiram um proveitoso subs\u00eddio de quase cinco milh\u00f5es de euros para desenvolver o trabalho nos oito anos seguintes.<\/p>\n<p>Em 2006, j\u00e1 com o socialista Jos\u00e9 Luis Rodr\u00edgues Zapatero no poder, conseguiram uma amplia\u00e7\u00e3o dos recursos para terminar a obra, cerca de 200 mil euros anuais a mais at\u00e9 o ano de 2010. Segundo suas pr\u00f3prias informa\u00e7\u00f5es, a RAH elegeu aos autores \u201cmais qualificados\u201d para desenvolver as biografias, que enviavam seus textos para revis\u00e3o \u00e0s \u201ccomiss\u00f5es acad\u00eamicas\u201d com o objetivo de chegar ao \u201c\u00eaxito de um projeto que significarpa um notabil\u00edssimo avan\u00e7o para a sociedade do conhecimento\u201d, segundo anunciavam eles mesmos.<\/p>\n<p>Com a obra finalizada se revelou uma vis\u00e3o enviesada, tendenciosa e sempre favor\u00e1vel \u00e0 doutrina imposta pelo franquismo em sua longa ditadura (1939-1976). Por exemplo, a biografia de Franco foi escrita pelo historiador Luis Su\u00e1rez, que \u00e9, por sua vez, o presidente da Irmandade do Vale dos Ca\u00eddos \u2013 monumento que o pr\u00f3prio ditador mandou erguer na serra de Madri, no qual empregou trabalho for\u00e7ado de milicianos republicanos presos e onde tamb\u00e9m est\u00e1 sepultado o fundador da Falange, Jos\u00e9 Antonio Primo de Rivera.<\/p>\n<p>Su\u00e1rez elogiou sem censuras a figura de Franco, uma das personagens hist\u00f3ricas mais odiada por uma parte da sociedade espanhola, mas cujo bi\u00f3grafo o define como um \u201cl\u00edder inteligente e moderado\u201d que \u201cmontou um regime autorit\u00e1rio, mas n\u00e3o totalit\u00e1rio, j\u00e1 que as for\u00e7as pol\u00edticas que o apoiavam \u2013 Flanage, Tradicionalismo e Direita \u2013 ficaram unificadas em um movimento e submetidas ao Estado\u201d. Longe de intimidar-se pelas cr\u00edticas, o historiador se defendeu assegurando que \u201cn\u00e3o chamou Franco de ditador porque n\u00e3o o foi\u201d.<\/p>\n<p>Mas no Dicion\u00e1rio h\u00e1 numerosos exemplos do \u201cvi\u00e9s franquista\u201d, segundo o qualificam seus cr\u00edticos, como quando ao falar do fundador do Opus Dei, Jos\u00e9 Mar\u00eda Escriv\u00e1 de Balaguer, se assegura que \u201cquando estourou a Guerra Civil, que foi acompanhada de uma das mais sangrentas persegui\u00e7\u00f5es religiosas da hist\u00f3ria, em meio aos rancores despertados pela guerra, ele semeou perd\u00e3o e reconcilia\u00e7\u00e3o\u201d.<\/p>\n<p>Ou quando se fala do religioso Joaqu\u00edn Alonso Hern\u00e1ndez, onde o historiador Jos\u00e9 Mart\u00edn Brocos mescla dados da personagem resumindo com suas pr\u00f3prias convic\u00e7\u00f5es sobre o ocorrido naqueles anos. \u201cEm 7 de novembro de 1938 come\u00e7a a nova miss\u00e3o, nesse momento dif\u00edcil pela guerra da liberta\u00e7\u00e3o que se vivia na Espanha&#8230;\u201d Ou esta outra: \u201cDepois do levante nacional, consciente do sentido da verdadeira cruzada que adquiria nossa guerra&#8230;\u201d.<\/p>\n<p>No dicion\u00e1rio tamb\u00e9m se misturam personagens mais contempor\u00e2neas, entre os quais destacam biografias com elogios a representantes da direita espanhola como Francisco \u00c1lvarez Cascos, vice-presidente do governo durante a \u00e9poca de Aznar, a quem definem como \u201cum militante pol\u00edtico com uma brilhante trajet\u00f3ria, que reformou profundamente o sistema de transporte espanhol\u201d.<\/p>\n<p>Por outro lado, quando se referem a pol\u00edticos de esquerda ou nacionalistas ocorre o contr\u00e1rio. Ao hist\u00f3rico l\u00edder do nacionalismo basco moderado, Xabier Arzalluz, o definem como um pol\u00edtico \u201cinfluenciado pelas doutrinas separatistas e etnicistas de Sabino Arana. Suas rela\u00e7\u00f5es com o grupo terrorista ETA, com o qual de certa maneira compartilha objetivos, t\u00eam sido muito amb\u00edguas e do mais frio oportunismo\u201d.<\/p>\n<p>Em refer\u00eancia ao fundador do Partido Comunista Espanhol (PCE) e uma das figuras centrais da transi\u00e7\u00e3o \u00e0 democracia, Santiago Carrillo, o dicion\u00e1rio afirma que \u201cno in\u00edcio de sua vida pol\u00edtica, em 1934, quando promoveu a greve geral revolucion\u00e1ria de outubro, a sua passagem por Moscou lhe fez um fervoroso stalinista&#8230; Uma vez iniciada a guerra, aplicou uma pol\u00edtica de terror revolucion\u00e1rio e nunca assumiu sua responsabilidade nas matan\u00e7as\u201d.<\/p>\n<p>O gr\u00eamio de historiadores independentes qualificou a obra como uma \u201ccan\u00e7\u00e3o \u00e0 vis\u00e3o da hist\u00f3ria da Espanha da direita\u201d, de \u201cpseudo hist\u00f3ria\u201d, de \u201capologia do franquismo\u201d e, o mais grave para um historiador, \u201cde falta de rigor e metodologia\u201d.<\/p>\n<p>Sebasti\u00e1 Serra, catedr\u00e1tico de hist\u00f3ria contempor\u00e2nea, criticou a elei\u00e7\u00e3o de Su\u00e1rez para escrever sobre Franco, e o caracterizou como \u201cmedievalista e uma pessoa que pertence a uma escola historiogr\u00e1fica muito concreta e que est\u00e1 vinculada \u00e0 Funda\u00e7\u00e3o Francisco Franco\u201d.<\/p>\n<p>O historiador Josep Massot acrescentou que na obra se faz \u201capologia a Franco. Isto n\u00e3o \u00e9 uma biografia, mas um paneg\u00edrico. Fizeram um livro de propaganda franquista\u201d.<\/p>\n<p>A Associa\u00e7\u00e3o para a Recupera\u00e7\u00e3o da Mem\u00f3ria Hist\u00f3rica considerou que est\u00e3o \u201cocultando a verdade de um regime que foi um sistema assassino\u201d.<\/p>\n<p>A Associa\u00e7\u00e3o de Descendentes do Ex\u00edlio Espanhol anunciou a apresenta\u00e7\u00e3o de uma den\u00fancia ante o minist\u00e9rio da Educa\u00e7\u00e3o, que se somar\u00e1 a outra demanda apresentada em Granada contra a RAH por \u201capologia ao franquismo\u201d.<\/p>\n<p>Ante a onda de cr\u00edticas, o diretor da RAH, Gonzalo Anes, se limitou a anunciar que \u201cenriqueceram\u201d algumas passagens na vers\u00e3o da Internet da obra de consulta, mas em nenhum caso se mostrou disposto a retir\u00e1-las \u2013 como exigem os m\u00faltiplos setores ofendidos \u2013 ou a sua \u201celimina\u00e7\u00e3o\u201d, como exige Carmen Negr\u00edn, neta do presidente da Rep\u00fablica no ex\u00edlio, Juan Negr\u00edn.<\/p>\n<p><strong><a href=\"http:\/\/www.brasildefato.com.br\/node\/6518\">*Fonte e tradu\u00e7\u00e3o Brasil de Fato<\/a><br \/>\n<\/strong><\/p>\n","protected":false},"excerpt":{"rendered":"<p>No dicion\u00e1rio financiado pelo governo se diz que o ditador foi \u201cinteligente e n\u00e3o totalit\u00e1rio\u201d *Armando G. Tejeda &#8211; La Jornada Para a Real Academia de Hist\u00f3ria (RAH) espanhola, a Guerra Civil foi uma \u201ccruzada\u201d e uma \u201cguerra de liberta\u00e7\u00e3o\u201d; Francisco Franco foi um \u201cl\u00edder inteligente e moderado\u201d, al\u00e9m de \u201cvaloroso e cat\u00f3lico\u201d, que \u201cmontou [&hellip;]<\/p>\n","protected":false},"author":2,"featured_media":0,"comment_status":"open","ping_status":"open","sticky":false,"template":"","format":"standard","meta":{"_acf_changed":false,"footnotes":""},"categories":[4766,3605,836],"tags":[2753,790,1216,2138],"class_list":{"0":"post-426","1":"post","2":"type-post","3":"status-publish","4":"format-standard","7":"category-espanha","9":"tag-espanha","10":"tag-esquerda","11":"tag-internacional","12":"tag-podemos"},"acf":[],"yoast_head":"<!-- This site is optimized with the Yoast SEO plugin v26.5 - https:\/\/yoast.com\/wordpress\/plugins\/seo\/ -->\n<title>Elogio ao ditador Franco causa indigna\u00e7\u00e3o na Espanha - PSOL 50<\/title>\n<meta name=\"robots\" content=\"index, follow, max-snippet:-1, max-image-preview:large, max-video-preview:-1\" \/>\n<link rel=\"canonical\" href=\"https:\/\/psol50.org.br\/elogio-ao-ditador-franco-causa-indignacao-na-espanha\/\" \/>\n<meta property=\"og:locale\" content=\"pt_BR\" \/>\n<meta property=\"og:type\" content=\"article\" \/>\n<meta property=\"og:title\" content=\"Elogio ao ditador Franco causa indigna\u00e7\u00e3o na Espanha - PSOL 50\" \/>\n<meta property=\"og:description\" content=\"No dicion\u00e1rio financiado pelo governo se diz que o ditador foi \u201cinteligente e n\u00e3o totalit\u00e1rio\u201d *Armando G. Tejeda &#8211; La Jornada Para a Real Academia de Hist\u00f3ria (RAH) espanhola, a Guerra Civil foi uma \u201ccruzada\u201d e uma \u201cguerra de liberta\u00e7\u00e3o\u201d; Francisco Franco foi um \u201cl\u00edder inteligente e moderado\u201d, al\u00e9m de \u201cvaloroso e cat\u00f3lico\u201d, que \u201cmontou [&hellip;]\" \/>\n<meta property=\"og:url\" content=\"https:\/\/psol50.org.br\/elogio-ao-ditador-franco-causa-indignacao-na-espanha\/\" \/>\n<meta property=\"og:site_name\" content=\"PSOL 50\" \/>\n<meta property=\"article:publisher\" content=\"https:\/\/www.facebook.com\/psol50\" \/>\n<meta property=\"article:published_time\" content=\"2011-06-04T00:00:00+00:00\" \/>\n<meta property=\"og:image\" content=\"http:\/\/psol50.org.br\/files\/2011\/06\/DitadorFranciscoFranco-300x219.jpg\" \/>\n<meta name=\"author\" content=\"Comunica\u00e7\u00e3o PSOL\" \/>\n<meta name=\"twitter:card\" content=\"summary_large_image\" \/>\n<meta name=\"twitter:creator\" content=\"@psol50\" \/>\n<meta name=\"twitter:site\" content=\"@psol50\" \/>\n<meta name=\"twitter:label1\" content=\"Escrito por\" \/>\n\t<meta name=\"twitter:data1\" content=\"Comunica\u00e7\u00e3o PSOL\" \/>\n\t<meta name=\"twitter:label2\" content=\"Est. tempo de leitura\" \/>\n\t<meta name=\"twitter:data2\" content=\"6 minutos\" \/>\n<script type=\"application\/ld+json\" class=\"yoast-schema-graph\">{\"@context\":\"https:\/\/schema.org\",\"@graph\":[{\"@type\":\"Article\",\"@id\":\"https:\/\/psol50.org.br\/elogio-ao-ditador-franco-causa-indignacao-na-espanha\/#article\",\"isPartOf\":{\"@id\":\"https:\/\/psol50.org.br\/elogio-ao-ditador-franco-causa-indignacao-na-espanha\/\"},\"author\":{\"name\":\"Comunica\u00e7\u00e3o PSOL\",\"@id\":\"https:\/\/psol50.org.br\/#\/schema\/person\/475dfa57d0b815993c714c2e96491fcd\"},\"headline\":\"Elogio ao ditador Franco causa indigna\u00e7\u00e3o na Espanha\",\"datePublished\":\"2011-06-04T00:00:00+00:00\",\"mainEntityOfPage\":{\"@id\":\"https:\/\/psol50.org.br\/elogio-ao-ditador-franco-causa-indignacao-na-espanha\/\"},\"wordCount\":1238,\"commentCount\":0,\"publisher\":{\"@id\":\"https:\/\/psol50.org.br\/#organization\"},\"image\":{\"@id\":\"https:\/\/psol50.org.br\/elogio-ao-ditador-franco-causa-indignacao-na-espanha\/#primaryimage\"},\"thumbnailUrl\":\"http:\/\/psol50.org.br\/files\/2011\/06\/DitadorFranciscoFranco-300x219.jpg\",\"keywords\":[\"Espanha\",\"esquerda\",\"Internacional\",\"Podemos\"],\"articleSection\":[\"Arquivo\",\"Espanha\",\"Internacional\"],\"inLanguage\":\"pt-BR\",\"potentialAction\":[{\"@type\":\"CommentAction\",\"name\":\"Comment\",\"target\":[\"https:\/\/psol50.org.br\/elogio-ao-ditador-franco-causa-indignacao-na-espanha\/#respond\"]}]},{\"@type\":\"WebPage\",\"@id\":\"https:\/\/psol50.org.br\/elogio-ao-ditador-franco-causa-indignacao-na-espanha\/\",\"url\":\"https:\/\/psol50.org.br\/elogio-ao-ditador-franco-causa-indignacao-na-espanha\/\",\"name\":\"Elogio ao ditador Franco causa indigna\u00e7\u00e3o na Espanha - PSOL 50\",\"isPartOf\":{\"@id\":\"https:\/\/psol50.org.br\/#website\"},\"primaryImageOfPage\":{\"@id\":\"https:\/\/psol50.org.br\/elogio-ao-ditador-franco-causa-indignacao-na-espanha\/#primaryimage\"},\"image\":{\"@id\":\"https:\/\/psol50.org.br\/elogio-ao-ditador-franco-causa-indignacao-na-espanha\/#primaryimage\"},\"thumbnailUrl\":\"http:\/\/psol50.org.br\/files\/2011\/06\/DitadorFranciscoFranco-300x219.jpg\",\"datePublished\":\"2011-06-04T00:00:00+00:00\",\"breadcrumb\":{\"@id\":\"https:\/\/psol50.org.br\/elogio-ao-ditador-franco-causa-indignacao-na-espanha\/#breadcrumb\"},\"inLanguage\":\"pt-BR\",\"potentialAction\":[{\"@type\":\"ReadAction\",\"target\":[\"https:\/\/psol50.org.br\/elogio-ao-ditador-franco-causa-indignacao-na-espanha\/\"]}]},{\"@type\":\"ImageObject\",\"inLanguage\":\"pt-BR\",\"@id\":\"https:\/\/psol50.org.br\/elogio-ao-ditador-franco-causa-indignacao-na-espanha\/#primaryimage\",\"url\":\"http:\/\/psol50.org.br\/files\/2011\/06\/DitadorFranciscoFranco-300x219.jpg\",\"contentUrl\":\"http:\/\/psol50.org.br\/files\/2011\/06\/DitadorFranciscoFranco-300x219.jpg\"},{\"@type\":\"BreadcrumbList\",\"@id\":\"https:\/\/psol50.org.br\/elogio-ao-ditador-franco-causa-indignacao-na-espanha\/#breadcrumb\",\"itemListElement\":[{\"@type\":\"ListItem\",\"position\":1,\"name\":\"In\u00edcio\",\"item\":\"https:\/\/psol50.org.br\/\"},{\"@type\":\"ListItem\",\"position\":2,\"name\":\"Elogio ao ditador Franco causa indigna\u00e7\u00e3o na Espanha\"}]},{\"@type\":\"WebSite\",\"@id\":\"https:\/\/psol50.org.br\/#website\",\"url\":\"https:\/\/psol50.org.br\/\",\"name\":\"PSOL 50\",\"description\":\"Site oficial do Partido Socialismo e Liberdade\",\"publisher\":{\"@id\":\"https:\/\/psol50.org.br\/#organization\"},\"alternateName\":\"PSOL50\",\"potentialAction\":[{\"@type\":\"SearchAction\",\"target\":{\"@type\":\"EntryPoint\",\"urlTemplate\":\"https:\/\/psol50.org.br\/?s={search_term_string}\"},\"query-input\":{\"@type\":\"PropertyValueSpecification\",\"valueRequired\":true,\"valueName\":\"search_term_string\"}}],\"inLanguage\":\"pt-BR\"},{\"@type\":\"Organization\",\"@id\":\"https:\/\/psol50.org.br\/#organization\",\"name\":\"PSOL 50\",\"alternateName\":\"PSOL 50\",\"url\":\"https:\/\/psol50.org.br\/\",\"logo\":{\"@type\":\"ImageObject\",\"inLanguage\":\"pt-BR\",\"@id\":\"https:\/\/psol50.org.br\/#\/schema\/logo\/image\/\",\"url\":\"https:\/\/psol50.org.br\/inc\/uploads\/2018\/07\/capa.png\",\"contentUrl\":\"https:\/\/psol50.org.br\/inc\/uploads\/2018\/07\/capa.png\",\"width\":1350,\"height\":900,\"caption\":\"PSOL 50\"},\"image\":{\"@id\":\"https:\/\/psol50.org.br\/#\/schema\/logo\/image\/\"},\"sameAs\":[\"https:\/\/www.facebook.com\/psol50\",\"https:\/\/x.com\/psol50\",\"https:\/\/www.instagram.com\/psol50\/\",\"https:\/\/www.youtube.com\/channel\/UC7SnJS5o1os7a6CaiNabzcg\"]},{\"@type\":\"Person\",\"@id\":\"https:\/\/psol50.org.br\/#\/schema\/person\/475dfa57d0b815993c714c2e96491fcd\",\"name\":\"Comunica\u00e7\u00e3o PSOL\",\"image\":{\"@type\":\"ImageObject\",\"inLanguage\":\"pt-BR\",\"@id\":\"https:\/\/psol50.org.br\/#\/schema\/person\/image\/\",\"url\":\"https:\/\/secure.gravatar.com\/avatar\/b34fc4f4e468a4e51785917065a3db57b841f5c95dba6ad8c73aaf8f66f8f9bf?s=96&d=mm&r=g\",\"contentUrl\":\"https:\/\/secure.gravatar.com\/avatar\/b34fc4f4e468a4e51785917065a3db57b841f5c95dba6ad8c73aaf8f66f8f9bf?s=96&d=mm&r=g\",\"caption\":\"Comunica\u00e7\u00e3o PSOL\"}}]}<\/script>\n<!-- \/ Yoast SEO plugin. -->","yoast_head_json":{"title":"Elogio ao ditador Franco causa indigna\u00e7\u00e3o na Espanha - PSOL 50","robots":{"index":"index","follow":"follow","max-snippet":"max-snippet:-1","max-image-preview":"max-image-preview:large","max-video-preview":"max-video-preview:-1"},"canonical":"https:\/\/psol50.org.br\/elogio-ao-ditador-franco-causa-indignacao-na-espanha\/","og_locale":"pt_BR","og_type":"article","og_title":"Elogio ao ditador Franco causa indigna\u00e7\u00e3o na Espanha - PSOL 50","og_description":"No dicion\u00e1rio financiado pelo governo se diz que o ditador foi \u201cinteligente e n\u00e3o totalit\u00e1rio\u201d *Armando G. Tejeda &#8211; La Jornada Para a Real Academia de Hist\u00f3ria (RAH) espanhola, a Guerra Civil foi uma \u201ccruzada\u201d e uma \u201cguerra de liberta\u00e7\u00e3o\u201d; Francisco Franco foi um \u201cl\u00edder inteligente e moderado\u201d, al\u00e9m de \u201cvaloroso e cat\u00f3lico\u201d, que \u201cmontou [&hellip;]","og_url":"https:\/\/psol50.org.br\/elogio-ao-ditador-franco-causa-indignacao-na-espanha\/","og_site_name":"PSOL 50","article_publisher":"https:\/\/www.facebook.com\/psol50","article_published_time":"2011-06-04T00:00:00+00:00","og_image":[{"url":"http:\/\/psol50.org.br\/files\/2011\/06\/DitadorFranciscoFranco-300x219.jpg","type":"","width":"","height":""}],"author":"Comunica\u00e7\u00e3o PSOL","twitter_card":"summary_large_image","twitter_creator":"@psol50","twitter_site":"@psol50","twitter_misc":{"Escrito por":"Comunica\u00e7\u00e3o PSOL","Est. tempo de leitura":"6 minutos"},"schema":{"@context":"https:\/\/schema.org","@graph":[{"@type":"Article","@id":"https:\/\/psol50.org.br\/elogio-ao-ditador-franco-causa-indignacao-na-espanha\/#article","isPartOf":{"@id":"https:\/\/psol50.org.br\/elogio-ao-ditador-franco-causa-indignacao-na-espanha\/"},"author":{"name":"Comunica\u00e7\u00e3o PSOL","@id":"https:\/\/psol50.org.br\/#\/schema\/person\/475dfa57d0b815993c714c2e96491fcd"},"headline":"Elogio ao ditador Franco causa indigna\u00e7\u00e3o na Espanha","datePublished":"2011-06-04T00:00:00+00:00","mainEntityOfPage":{"@id":"https:\/\/psol50.org.br\/elogio-ao-ditador-franco-causa-indignacao-na-espanha\/"},"wordCount":1238,"commentCount":0,"publisher":{"@id":"https:\/\/psol50.org.br\/#organization"},"image":{"@id":"https:\/\/psol50.org.br\/elogio-ao-ditador-franco-causa-indignacao-na-espanha\/#primaryimage"},"thumbnailUrl":"http:\/\/psol50.org.br\/files\/2011\/06\/DitadorFranciscoFranco-300x219.jpg","keywords":["Espanha","esquerda","Internacional","Podemos"],"articleSection":["Arquivo","Espanha","Internacional"],"inLanguage":"pt-BR","potentialAction":[{"@type":"CommentAction","name":"Comment","target":["https:\/\/psol50.org.br\/elogio-ao-ditador-franco-causa-indignacao-na-espanha\/#respond"]}]},{"@type":"WebPage","@id":"https:\/\/psol50.org.br\/elogio-ao-ditador-franco-causa-indignacao-na-espanha\/","url":"https:\/\/psol50.org.br\/elogio-ao-ditador-franco-causa-indignacao-na-espanha\/","name":"Elogio ao ditador Franco causa indigna\u00e7\u00e3o na Espanha - PSOL 50","isPartOf":{"@id":"https:\/\/psol50.org.br\/#website"},"primaryImageOfPage":{"@id":"https:\/\/psol50.org.br\/elogio-ao-ditador-franco-causa-indignacao-na-espanha\/#primaryimage"},"image":{"@id":"https:\/\/psol50.org.br\/elogio-ao-ditador-franco-causa-indignacao-na-espanha\/#primaryimage"},"thumbnailUrl":"http:\/\/psol50.org.br\/files\/2011\/06\/DitadorFranciscoFranco-300x219.jpg","datePublished":"2011-06-04T00:00:00+00:00","breadcrumb":{"@id":"https:\/\/psol50.org.br\/elogio-ao-ditador-franco-causa-indignacao-na-espanha\/#breadcrumb"},"inLanguage":"pt-BR","potentialAction":[{"@type":"ReadAction","target":["https:\/\/psol50.org.br\/elogio-ao-ditador-franco-causa-indignacao-na-espanha\/"]}]},{"@type":"ImageObject","inLanguage":"pt-BR","@id":"https:\/\/psol50.org.br\/elogio-ao-ditador-franco-causa-indignacao-na-espanha\/#primaryimage","url":"http:\/\/psol50.org.br\/files\/2011\/06\/DitadorFranciscoFranco-300x219.jpg","contentUrl":"http:\/\/psol50.org.br\/files\/2011\/06\/DitadorFranciscoFranco-300x219.jpg"},{"@type":"BreadcrumbList","@id":"https:\/\/psol50.org.br\/elogio-ao-ditador-franco-causa-indignacao-na-espanha\/#breadcrumb","itemListElement":[{"@type":"ListItem","position":1,"name":"In\u00edcio","item":"https:\/\/psol50.org.br\/"},{"@type":"ListItem","position":2,"name":"Elogio ao ditador Franco causa indigna\u00e7\u00e3o na Espanha"}]},{"@type":"WebSite","@id":"https:\/\/psol50.org.br\/#website","url":"https:\/\/psol50.org.br\/","name":"PSOL 50","description":"Site oficial do Partido Socialismo e Liberdade","publisher":{"@id":"https:\/\/psol50.org.br\/#organization"},"alternateName":"PSOL50","potentialAction":[{"@type":"SearchAction","target":{"@type":"EntryPoint","urlTemplate":"https:\/\/psol50.org.br\/?s={search_term_string}"},"query-input":{"@type":"PropertyValueSpecification","valueRequired":true,"valueName":"search_term_string"}}],"inLanguage":"pt-BR"},{"@type":"Organization","@id":"https:\/\/psol50.org.br\/#organization","name":"PSOL 50","alternateName":"PSOL 50","url":"https:\/\/psol50.org.br\/","logo":{"@type":"ImageObject","inLanguage":"pt-BR","@id":"https:\/\/psol50.org.br\/#\/schema\/logo\/image\/","url":"https:\/\/psol50.org.br\/inc\/uploads\/2018\/07\/capa.png","contentUrl":"https:\/\/psol50.org.br\/inc\/uploads\/2018\/07\/capa.png","width":1350,"height":900,"caption":"PSOL 50"},"image":{"@id":"https:\/\/psol50.org.br\/#\/schema\/logo\/image\/"},"sameAs":["https:\/\/www.facebook.com\/psol50","https:\/\/x.com\/psol50","https:\/\/www.instagram.com\/psol50\/","https:\/\/www.youtube.com\/channel\/UC7SnJS5o1os7a6CaiNabzcg"]},{"@type":"Person","@id":"https:\/\/psol50.org.br\/#\/schema\/person\/475dfa57d0b815993c714c2e96491fcd","name":"Comunica\u00e7\u00e3o PSOL","image":{"@type":"ImageObject","inLanguage":"pt-BR","@id":"https:\/\/psol50.org.br\/#\/schema\/person\/image\/","url":"https:\/\/secure.gravatar.com\/avatar\/b34fc4f4e468a4e51785917065a3db57b841f5c95dba6ad8c73aaf8f66f8f9bf?s=96&d=mm&r=g","contentUrl":"https:\/\/secure.gravatar.com\/avatar\/b34fc4f4e468a4e51785917065a3db57b841f5c95dba6ad8c73aaf8f66f8f9bf?s=96&d=mm&r=g","caption":"Comunica\u00e7\u00e3o PSOL"}}]}},"_links":{"self":[{"href":"https:\/\/psol50.org.br\/rest\/wp\/v2\/posts\/426","targetHints":{"allow":["GET"]}}],"collection":[{"href":"https:\/\/psol50.org.br\/rest\/wp\/v2\/posts"}],"about":[{"href":"https:\/\/psol50.org.br\/rest\/wp\/v2\/types\/post"}],"author":[{"embeddable":true,"href":"https:\/\/psol50.org.br\/rest\/wp\/v2\/users\/2"}],"replies":[{"embeddable":true,"href":"https:\/\/psol50.org.br\/rest\/wp\/v2\/comments?post=426"}],"version-history":[{"count":0,"href":"https:\/\/psol50.org.br\/rest\/wp\/v2\/posts\/426\/revisions"}],"wp:attachment":[{"href":"https:\/\/psol50.org.br\/rest\/wp\/v2\/media?parent=426"}],"wp:term":[{"taxonomy":"category","embeddable":true,"href":"https:\/\/psol50.org.br\/rest\/wp\/v2\/categories?post=426"},{"taxonomy":"post_tag","embeddable":true,"href":"https:\/\/psol50.org.br\/rest\/wp\/v2\/tags?post=426"}],"curies":[{"name":"wp","href":"https:\/\/api.w.org\/{rel}","templated":true}]}}