{"id":42614,"date":"2026-03-03T16:55:41","date_gmt":"2026-03-03T19:55:41","guid":{"rendered":"https:\/\/psol50.org.br\/?p=42614"},"modified":"2026-03-03T16:55:41","modified_gmt":"2026-03-03T19:55:41","slug":"parlamentares-do-psol-pedem-investigacao-sobre-cortes-do-governo-zema-na-prevencao-a-desastres-em-mg","status":"publish","type":"post","link":"https:\/\/psol50.org.br\/parlamentares-do-psol-pedem-investigacao-sobre-cortes-do-governo-zema-na-prevencao-a-desastres-em-mg\/","title":{"rendered":"Parlamentares do PSOL pedem investiga\u00e7\u00e3o sobre cortes do governo Zema na preven\u00e7\u00e3o a desastres em MG"},"content":{"rendered":"<p>Bella Gon\u00e7alves e Iza Louren\u00e7a, parlamentares do PSOL em Minas Gerais, pediram a investiga\u00e7\u00e3o do governo de Romeu Zema ap\u00f3s a divulga\u00e7\u00e3o de dados que apontam queda dr\u00e1stica nos recursos destinados \u00e0 preven\u00e7\u00e3o e combate aos impactos das chuvas no estado. A iniciativa ocorre em meio \u00e0 trag\u00e9dia provocada pelos temporais que atingiram Juiz de Fora e Ub\u00e1, deixando mais de 70 mortos e de 9 mil desabrigados e desalojados.<\/p>\n<p>Segundo informa\u00e7\u00f5es do Portal da Transpar\u00eancia, os investimentos na infraestrutura de combate aos danos causados pelas chuvas ca\u00edram de cerca de R$ 134,8 milh\u00f5es em 2023 para R$ 41,1 milh\u00f5es em 2024 e apenas R$ 5,8 milh\u00f5es em 2025. Nos dois primeiros meses deste ano, o valor destinado \u00e0 \u00e1rea foi de R$ 16.100.<\/p>\n<p>Diante desse cen\u00e1rio, Bella Gon\u00e7alves e Iza Louren\u00e7a\u00a0 denunciam a gravidade da redu\u00e7\u00e3o de quase 98% no or\u00e7amento para preven\u00e7\u00e3o de desastres. \u00c9 inaceit\u00e1vel que, em meio \u00e0 crise clim\u00e1tica e \u00e0s perdas humanas, o governo estadual tenha diminu\u00eddo de forma t\u00e3o significativa os recursos voltados \u00e0 prote\u00e7\u00e3o da popula\u00e7\u00e3o.<\/p>\n<p>As parlamentares criticam a postura do governador e de seu vice ao responsabilizarem a popula\u00e7\u00e3o da Zona da Mata pelas consequ\u00eancias das chuvas. Al\u00e9m do descaso e neglig\u00eancia, a postura do governo representa o negacionismo clim\u00e1tico. As parlamentares defendem que o governo seja responsabilizado e que a pol\u00edtica de preven\u00e7\u00e3o a desastres volte a ser prioridade em Minas Gerais.<\/p>\n","protected":false},"excerpt":{"rendered":"<p>Bella Gon\u00e7alves e Iza Louren\u00e7a, parlamentares do PSOL em Minas Gerais, pediram a investiga\u00e7\u00e3o do governo de Romeu Zema ap\u00f3s a divulga\u00e7\u00e3o de dados que apontam queda dr\u00e1stica nos recursos destinados \u00e0 preven\u00e7\u00e3o e combate aos impactos das chuvas no estado. A iniciativa ocorre em meio \u00e0 trag\u00e9dia provocada pelos temporais que atingiram Juiz de [&hellip;]<\/p>\n","protected":false},"author":2,"featured_media":42615,"comment_status":"closed","ping_status":"open","sticky":false,"template":"","format":"standard","meta":{"_acf_changed":false,"footnotes":""},"categories":[654],"tags":[4825],"class_list":{"0":"post-42614","1":"post","2":"type-post","3":"status-publish","4":"format-standard","5":"has-post-thumbnail","7":"category-estados","8":"tag-noticias"},"acf":[],"yoast_head":"<!-- This site is optimized with the Yoast SEO plugin v26.5 - https:\/\/yoast.com\/wordpress\/plugins\/seo\/ -->\n<title>Parlamentares do PSOL pedem investiga\u00e7\u00e3o sobre cortes do governo Zema na preven\u00e7\u00e3o a desastres em MG - PSOL 50<\/title>\n<meta name=\"description\" content=\"Bella Gon\u00e7alves e Iza Louren\u00e7a, ambas do PSOL-MG, pedem investiga\u00e7\u00e3o de cortes na preven\u00e7\u00e3o contra os impactos da chuva. Veja.\" \/>\n<meta name=\"robots\" content=\"index, follow, max-snippet:-1, max-image-preview:large, max-video-preview:-1\" \/>\n<link rel=\"canonical\" href=\"https:\/\/psol50.org.br\/parlamentares-do-psol-pedem-investigacao-sobre-cortes-do-governo-zema-na-prevencao-a-desastres-em-mg\/\" \/>\n<meta property=\"og:locale\" content=\"pt_BR\" \/>\n<meta property=\"og:type\" content=\"article\" \/>\n<meta property=\"og:title\" content=\"Parlamentares do PSOL pedem investiga\u00e7\u00e3o sobre cortes do governo Zema na preven\u00e7\u00e3o a desastres em MG - PSOL 50\" \/>\n<meta property=\"og:description\" content=\"Bella Gon\u00e7alves e Iza Louren\u00e7a, ambas do PSOL-MG, pedem investiga\u00e7\u00e3o de cortes na preven\u00e7\u00e3o contra os impactos da chuva. Veja.\" \/>\n<meta property=\"og:url\" content=\"https:\/\/psol50.org.br\/parlamentares-do-psol-pedem-investigacao-sobre-cortes-do-governo-zema-na-prevencao-a-desastres-em-mg\/\" \/>\n<meta property=\"og:site_name\" content=\"PSOL 50\" \/>\n<meta property=\"article:publisher\" content=\"https:\/\/www.facebook.com\/psol50\" \/>\n<meta property=\"article:published_time\" content=\"2026-03-03T19:55:41+00:00\" \/>\n<meta property=\"og:image\" content=\"https:\/\/psol50.org.br\/inc\/uploads\/2026\/03\/Design-sem-nome-16.png\" \/>\n\t<meta property=\"og:image:width\" content=\"1280\" \/>\n\t<meta property=\"og:image:height\" content=\"720\" \/>\n\t<meta property=\"og:image:type\" content=\"image\/png\" \/>\n<meta name=\"author\" content=\"Comunica\u00e7\u00e3o PSOL\" \/>\n<meta name=\"twitter:card\" content=\"summary_large_image\" \/>\n<meta name=\"twitter:creator\" content=\"@psol50\" \/>\n<meta name=\"twitter:site\" content=\"@psol50\" \/>\n<meta name=\"twitter:label1\" content=\"Escrito por\" \/>\n\t<meta name=\"twitter:data1\" content=\"Comunica\u00e7\u00e3o PSOL\" \/>\n\t<meta name=\"twitter:label2\" content=\"Est. tempo de leitura\" \/>\n\t<meta name=\"twitter:data2\" content=\"1 minuto\" \/>\n<script type=\"application\/ld+json\" class=\"yoast-schema-graph\">{\"@context\":\"https:\/\/schema.org\",\"@graph\":[{\"@type\":\"Article\",\"@id\":\"https:\/\/psol50.org.br\/parlamentares-do-psol-pedem-investigacao-sobre-cortes-do-governo-zema-na-prevencao-a-desastres-em-mg\/#article\",\"isPartOf\":{\"@id\":\"https:\/\/psol50.org.br\/parlamentares-do-psol-pedem-investigacao-sobre-cortes-do-governo-zema-na-prevencao-a-desastres-em-mg\/\"},\"author\":{\"name\":\"Comunica\u00e7\u00e3o PSOL\",\"@id\":\"https:\/\/psol50.org.br\/#\/schema\/person\/475dfa57d0b815993c714c2e96491fcd\"},\"headline\":\"Parlamentares do PSOL pedem investiga\u00e7\u00e3o sobre cortes do governo Zema na preven\u00e7\u00e3o a desastres em MG\",\"datePublished\":\"2026-03-03T19:55:41+00:00\",\"mainEntityOfPage\":{\"@id\":\"https:\/\/psol50.org.br\/parlamentares-do-psol-pedem-investigacao-sobre-cortes-do-governo-zema-na-prevencao-a-desastres-em-mg\/\"},\"wordCount\":268,\"publisher\":{\"@id\":\"https:\/\/psol50.org.br\/#organization\"},\"image\":{\"@id\":\"https:\/\/psol50.org.br\/parlamentares-do-psol-pedem-investigacao-sobre-cortes-do-governo-zema-na-prevencao-a-desastres-em-mg\/#primaryimage\"},\"thumbnailUrl\":\"https:\/\/psol50.org.br\/inc\/uploads\/2026\/03\/Design-sem-nome-16.png\",\"keywords\":[\"Not\u00edcias\"],\"articleSection\":[\"Estados\"],\"inLanguage\":\"pt-BR\"},{\"@type\":\"WebPage\",\"@id\":\"https:\/\/psol50.org.br\/parlamentares-do-psol-pedem-investigacao-sobre-cortes-do-governo-zema-na-prevencao-a-desastres-em-mg\/\",\"url\":\"https:\/\/psol50.org.br\/parlamentares-do-psol-pedem-investigacao-sobre-cortes-do-governo-zema-na-prevencao-a-desastres-em-mg\/\",\"name\":\"Parlamentares do PSOL pedem investiga\u00e7\u00e3o sobre cortes do governo Zema na preven\u00e7\u00e3o a desastres em MG - PSOL 50\",\"isPartOf\":{\"@id\":\"https:\/\/psol50.org.br\/#website\"},\"primaryImageOfPage\":{\"@id\":\"https:\/\/psol50.org.br\/parlamentares-do-psol-pedem-investigacao-sobre-cortes-do-governo-zema-na-prevencao-a-desastres-em-mg\/#primaryimage\"},\"image\":{\"@id\":\"https:\/\/psol50.org.br\/parlamentares-do-psol-pedem-investigacao-sobre-cortes-do-governo-zema-na-prevencao-a-desastres-em-mg\/#primaryimage\"},\"thumbnailUrl\":\"https:\/\/psol50.org.br\/inc\/uploads\/2026\/03\/Design-sem-nome-16.png\",\"datePublished\":\"2026-03-03T19:55:41+00:00\",\"description\":\"Bella Gon\u00e7alves e Iza Louren\u00e7a, ambas do PSOL-MG, pedem investiga\u00e7\u00e3o de cortes na preven\u00e7\u00e3o contra os impactos da chuva. Veja.\",\"breadcrumb\":{\"@id\":\"https:\/\/psol50.org.br\/parlamentares-do-psol-pedem-investigacao-sobre-cortes-do-governo-zema-na-prevencao-a-desastres-em-mg\/#breadcrumb\"},\"inLanguage\":\"pt-BR\",\"potentialAction\":[{\"@type\":\"ReadAction\",\"target\":[\"https:\/\/psol50.org.br\/parlamentares-do-psol-pedem-investigacao-sobre-cortes-do-governo-zema-na-prevencao-a-desastres-em-mg\/\"]}]},{\"@type\":\"ImageObject\",\"inLanguage\":\"pt-BR\",\"@id\":\"https:\/\/psol50.org.br\/parlamentares-do-psol-pedem-investigacao-sobre-cortes-do-governo-zema-na-prevencao-a-desastres-em-mg\/#primaryimage\",\"url\":\"https:\/\/psol50.org.br\/inc\/uploads\/2026\/03\/Design-sem-nome-16.png\",\"contentUrl\":\"https:\/\/psol50.org.br\/inc\/uploads\/2026\/03\/Design-sem-nome-16.png\",\"width\":1280,\"height\":720},{\"@type\":\"BreadcrumbList\",\"@id\":\"https:\/\/psol50.org.br\/parlamentares-do-psol-pedem-investigacao-sobre-cortes-do-governo-zema-na-prevencao-a-desastres-em-mg\/#breadcrumb\",\"itemListElement\":[{\"@type\":\"ListItem\",\"position\":1,\"name\":\"In\u00edcio\",\"item\":\"https:\/\/psol50.org.br\/\"},{\"@type\":\"ListItem\",\"position\":2,\"name\":\"Parlamentares do PSOL pedem investiga\u00e7\u00e3o sobre cortes do governo Zema na preven\u00e7\u00e3o a desastres em MG\"}]},{\"@type\":\"WebSite\",\"@id\":\"https:\/\/psol50.org.br\/#website\",\"url\":\"https:\/\/psol50.org.br\/\",\"name\":\"PSOL 50\",\"description\":\"Site oficial do Partido Socialismo e Liberdade\",\"publisher\":{\"@id\":\"https:\/\/psol50.org.br\/#organization\"},\"alternateName\":\"PSOL50\",\"potentialAction\":[{\"@type\":\"SearchAction\",\"target\":{\"@type\":\"EntryPoint\",\"urlTemplate\":\"https:\/\/psol50.org.br\/?s={search_term_string}\"},\"query-input\":{\"@type\":\"PropertyValueSpecification\",\"valueRequired\":true,\"valueName\":\"search_term_string\"}}],\"inLanguage\":\"pt-BR\"},{\"@type\":\"Organization\",\"@id\":\"https:\/\/psol50.org.br\/#organization\",\"name\":\"PSOL 50\",\"alternateName\":\"PSOL 50\",\"url\":\"https:\/\/psol50.org.br\/\",\"logo\":{\"@type\":\"ImageObject\",\"inLanguage\":\"pt-BR\",\"@id\":\"https:\/\/psol50.org.br\/#\/schema\/logo\/image\/\",\"url\":\"https:\/\/psol50.org.br\/inc\/uploads\/2018\/07\/capa.png\",\"contentUrl\":\"https:\/\/psol50.org.br\/inc\/uploads\/2018\/07\/capa.png\",\"width\":1350,\"height\":900,\"caption\":\"PSOL 50\"},\"image\":{\"@id\":\"https:\/\/psol50.org.br\/#\/schema\/logo\/image\/\"},\"sameAs\":[\"https:\/\/www.facebook.com\/psol50\",\"https:\/\/x.com\/psol50\",\"https:\/\/www.instagram.com\/psol50\/\",\"https:\/\/www.youtube.com\/channel\/UC7SnJS5o1os7a6CaiNabzcg\"]},{\"@type\":\"Person\",\"@id\":\"https:\/\/psol50.org.br\/#\/schema\/person\/475dfa57d0b815993c714c2e96491fcd\",\"name\":\"Comunica\u00e7\u00e3o PSOL\",\"image\":{\"@type\":\"ImageObject\",\"inLanguage\":\"pt-BR\",\"@id\":\"https:\/\/psol50.org.br\/#\/schema\/person\/image\/\",\"url\":\"https:\/\/secure.gravatar.com\/avatar\/b34fc4f4e468a4e51785917065a3db57b841f5c95dba6ad8c73aaf8f66f8f9bf?s=96&d=mm&r=g\",\"contentUrl\":\"https:\/\/secure.gravatar.com\/avatar\/b34fc4f4e468a4e51785917065a3db57b841f5c95dba6ad8c73aaf8f66f8f9bf?s=96&d=mm&r=g\",\"caption\":\"Comunica\u00e7\u00e3o PSOL\"}}]}<\/script>\n<!-- \/ Yoast SEO plugin. -->","yoast_head_json":{"title":"Parlamentares do PSOL pedem investiga\u00e7\u00e3o sobre cortes do governo Zema na preven\u00e7\u00e3o a desastres em MG - PSOL 50","description":"Bella Gon\u00e7alves e Iza Louren\u00e7a, ambas do PSOL-MG, pedem investiga\u00e7\u00e3o de cortes na preven\u00e7\u00e3o contra os impactos da chuva. Veja.","robots":{"index":"index","follow":"follow","max-snippet":"max-snippet:-1","max-image-preview":"max-image-preview:large","max-video-preview":"max-video-preview:-1"},"canonical":"https:\/\/psol50.org.br\/parlamentares-do-psol-pedem-investigacao-sobre-cortes-do-governo-zema-na-prevencao-a-desastres-em-mg\/","og_locale":"pt_BR","og_type":"article","og_title":"Parlamentares do PSOL pedem investiga\u00e7\u00e3o sobre cortes do governo Zema na preven\u00e7\u00e3o a desastres em MG - PSOL 50","og_description":"Bella Gon\u00e7alves e Iza Louren\u00e7a, ambas do PSOL-MG, pedem investiga\u00e7\u00e3o de cortes na preven\u00e7\u00e3o contra os impactos da chuva. Veja.","og_url":"https:\/\/psol50.org.br\/parlamentares-do-psol-pedem-investigacao-sobre-cortes-do-governo-zema-na-prevencao-a-desastres-em-mg\/","og_site_name":"PSOL 50","article_publisher":"https:\/\/www.facebook.com\/psol50","article_published_time":"2026-03-03T19:55:41+00:00","og_image":[{"width":1280,"height":720,"url":"https:\/\/psol50.org.br\/inc\/uploads\/2026\/03\/Design-sem-nome-16.png","type":"image\/png"}],"author":"Comunica\u00e7\u00e3o PSOL","twitter_card":"summary_large_image","twitter_creator":"@psol50","twitter_site":"@psol50","twitter_misc":{"Escrito por":"Comunica\u00e7\u00e3o PSOL","Est. tempo de leitura":"1 minuto"},"schema":{"@context":"https:\/\/schema.org","@graph":[{"@type":"Article","@id":"https:\/\/psol50.org.br\/parlamentares-do-psol-pedem-investigacao-sobre-cortes-do-governo-zema-na-prevencao-a-desastres-em-mg\/#article","isPartOf":{"@id":"https:\/\/psol50.org.br\/parlamentares-do-psol-pedem-investigacao-sobre-cortes-do-governo-zema-na-prevencao-a-desastres-em-mg\/"},"author":{"name":"Comunica\u00e7\u00e3o PSOL","@id":"https:\/\/psol50.org.br\/#\/schema\/person\/475dfa57d0b815993c714c2e96491fcd"},"headline":"Parlamentares do PSOL pedem investiga\u00e7\u00e3o sobre cortes do governo Zema na preven\u00e7\u00e3o a desastres em MG","datePublished":"2026-03-03T19:55:41+00:00","mainEntityOfPage":{"@id":"https:\/\/psol50.org.br\/parlamentares-do-psol-pedem-investigacao-sobre-cortes-do-governo-zema-na-prevencao-a-desastres-em-mg\/"},"wordCount":268,"publisher":{"@id":"https:\/\/psol50.org.br\/#organization"},"image":{"@id":"https:\/\/psol50.org.br\/parlamentares-do-psol-pedem-investigacao-sobre-cortes-do-governo-zema-na-prevencao-a-desastres-em-mg\/#primaryimage"},"thumbnailUrl":"https:\/\/psol50.org.br\/inc\/uploads\/2026\/03\/Design-sem-nome-16.png","keywords":["Not\u00edcias"],"articleSection":["Estados"],"inLanguage":"pt-BR"},{"@type":"WebPage","@id":"https:\/\/psol50.org.br\/parlamentares-do-psol-pedem-investigacao-sobre-cortes-do-governo-zema-na-prevencao-a-desastres-em-mg\/","url":"https:\/\/psol50.org.br\/parlamentares-do-psol-pedem-investigacao-sobre-cortes-do-governo-zema-na-prevencao-a-desastres-em-mg\/","name":"Parlamentares do PSOL pedem investiga\u00e7\u00e3o sobre cortes do governo Zema na preven\u00e7\u00e3o a desastres em MG - PSOL 50","isPartOf":{"@id":"https:\/\/psol50.org.br\/#website"},"primaryImageOfPage":{"@id":"https:\/\/psol50.org.br\/parlamentares-do-psol-pedem-investigacao-sobre-cortes-do-governo-zema-na-prevencao-a-desastres-em-mg\/#primaryimage"},"image":{"@id":"https:\/\/psol50.org.br\/parlamentares-do-psol-pedem-investigacao-sobre-cortes-do-governo-zema-na-prevencao-a-desastres-em-mg\/#primaryimage"},"thumbnailUrl":"https:\/\/psol50.org.br\/inc\/uploads\/2026\/03\/Design-sem-nome-16.png","datePublished":"2026-03-03T19:55:41+00:00","description":"Bella Gon\u00e7alves e Iza Louren\u00e7a, ambas do PSOL-MG, pedem investiga\u00e7\u00e3o de cortes na preven\u00e7\u00e3o contra os impactos da chuva. Veja.","breadcrumb":{"@id":"https:\/\/psol50.org.br\/parlamentares-do-psol-pedem-investigacao-sobre-cortes-do-governo-zema-na-prevencao-a-desastres-em-mg\/#breadcrumb"},"inLanguage":"pt-BR","potentialAction":[{"@type":"ReadAction","target":["https:\/\/psol50.org.br\/parlamentares-do-psol-pedem-investigacao-sobre-cortes-do-governo-zema-na-prevencao-a-desastres-em-mg\/"]}]},{"@type":"ImageObject","inLanguage":"pt-BR","@id":"https:\/\/psol50.org.br\/parlamentares-do-psol-pedem-investigacao-sobre-cortes-do-governo-zema-na-prevencao-a-desastres-em-mg\/#primaryimage","url":"https:\/\/psol50.org.br\/inc\/uploads\/2026\/03\/Design-sem-nome-16.png","contentUrl":"https:\/\/psol50.org.br\/inc\/uploads\/2026\/03\/Design-sem-nome-16.png","width":1280,"height":720},{"@type":"BreadcrumbList","@id":"https:\/\/psol50.org.br\/parlamentares-do-psol-pedem-investigacao-sobre-cortes-do-governo-zema-na-prevencao-a-desastres-em-mg\/#breadcrumb","itemListElement":[{"@type":"ListItem","position":1,"name":"In\u00edcio","item":"https:\/\/psol50.org.br\/"},{"@type":"ListItem","position":2,"name":"Parlamentares do PSOL pedem investiga\u00e7\u00e3o sobre cortes do governo Zema na preven\u00e7\u00e3o a desastres em MG"}]},{"@type":"WebSite","@id":"https:\/\/psol50.org.br\/#website","url":"https:\/\/psol50.org.br\/","name":"PSOL 50","description":"Site oficial do Partido Socialismo e Liberdade","publisher":{"@id":"https:\/\/psol50.org.br\/#organization"},"alternateName":"PSOL50","potentialAction":[{"@type":"SearchAction","target":{"@type":"EntryPoint","urlTemplate":"https:\/\/psol50.org.br\/?s={search_term_string}"},"query-input":{"@type":"PropertyValueSpecification","valueRequired":true,"valueName":"search_term_string"}}],"inLanguage":"pt-BR"},{"@type":"Organization","@id":"https:\/\/psol50.org.br\/#organization","name":"PSOL 50","alternateName":"PSOL 50","url":"https:\/\/psol50.org.br\/","logo":{"@type":"ImageObject","inLanguage":"pt-BR","@id":"https:\/\/psol50.org.br\/#\/schema\/logo\/image\/","url":"https:\/\/psol50.org.br\/inc\/uploads\/2018\/07\/capa.png","contentUrl":"https:\/\/psol50.org.br\/inc\/uploads\/2018\/07\/capa.png","width":1350,"height":900,"caption":"PSOL 50"},"image":{"@id":"https:\/\/psol50.org.br\/#\/schema\/logo\/image\/"},"sameAs":["https:\/\/www.facebook.com\/psol50","https:\/\/x.com\/psol50","https:\/\/www.instagram.com\/psol50\/","https:\/\/www.youtube.com\/channel\/UC7SnJS5o1os7a6CaiNabzcg"]},{"@type":"Person","@id":"https:\/\/psol50.org.br\/#\/schema\/person\/475dfa57d0b815993c714c2e96491fcd","name":"Comunica\u00e7\u00e3o PSOL","image":{"@type":"ImageObject","inLanguage":"pt-BR","@id":"https:\/\/psol50.org.br\/#\/schema\/person\/image\/","url":"https:\/\/secure.gravatar.com\/avatar\/b34fc4f4e468a4e51785917065a3db57b841f5c95dba6ad8c73aaf8f66f8f9bf?s=96&d=mm&r=g","contentUrl":"https:\/\/secure.gravatar.com\/avatar\/b34fc4f4e468a4e51785917065a3db57b841f5c95dba6ad8c73aaf8f66f8f9bf?s=96&d=mm&r=g","caption":"Comunica\u00e7\u00e3o PSOL"}}]}},"_links":{"self":[{"href":"https:\/\/psol50.org.br\/rest\/wp\/v2\/posts\/42614","targetHints":{"allow":["GET"]}}],"collection":[{"href":"https:\/\/psol50.org.br\/rest\/wp\/v2\/posts"}],"about":[{"href":"https:\/\/psol50.org.br\/rest\/wp\/v2\/types\/post"}],"author":[{"embeddable":true,"href":"https:\/\/psol50.org.br\/rest\/wp\/v2\/users\/2"}],"replies":[{"embeddable":true,"href":"https:\/\/psol50.org.br\/rest\/wp\/v2\/comments?post=42614"}],"version-history":[{"count":1,"href":"https:\/\/psol50.org.br\/rest\/wp\/v2\/posts\/42614\/revisions"}],"predecessor-version":[{"id":42616,"href":"https:\/\/psol50.org.br\/rest\/wp\/v2\/posts\/42614\/revisions\/42616"}],"wp:featuredmedia":[{"embeddable":true,"href":"https:\/\/psol50.org.br\/rest\/wp\/v2\/media\/42615"}],"wp:attachment":[{"href":"https:\/\/psol50.org.br\/rest\/wp\/v2\/media?parent=42614"}],"wp:term":[{"taxonomy":"category","embeddable":true,"href":"https:\/\/psol50.org.br\/rest\/wp\/v2\/categories?post=42614"},{"taxonomy":"post_tag","embeddable":true,"href":"https:\/\/psol50.org.br\/rest\/wp\/v2\/tags?post=42614"}],"curies":[{"name":"wp","href":"https:\/\/api.w.org\/{rel}","templated":true}]}}