{"id":42668,"date":"2026-03-11T11:33:52","date_gmt":"2026-03-11T14:33:52","guid":{"rendered":"https:\/\/psol50.org.br\/?p=42668"},"modified":"2026-03-19T17:18:46","modified_gmt":"2026-03-19T20:18:46","slug":"camara-aprova-projeto-de-fernanda-melchionna-que-determina-uso-de-tornozeleira-eletronica-por-agressor-de-mulher","status":"publish","type":"post","link":"https:\/\/psol50.org.br\/camara-aprova-projeto-de-fernanda-melchionna-que-determina-uso-de-tornozeleira-eletronica-por-agressor-de-mulher\/","title":{"rendered":"C\u00e2mara aprova projeto de Fernanda Melchionna que determina uso de tornozeleira eletr\u00f4nica por agressor de mulher"},"content":{"rendered":"<p>A C\u00e2mara dos Deputados aprovou na \u00faltima ter\u00e7a-feira (11) o projeto de lei 2942\/24, de autoria da deputada federal Fernanda Melchionna (PSOL-RS) em coautoria com o deputado Marcos Tavares (PDT-RJ), que permite ao juiz determinar que o agressor utilize imediatamente tornozeleira eletr\u00f4nica se for verificada a exist\u00eancia de risco para a mulher em situa\u00e7\u00e3o de viol\u00eancia dom\u00e9stica e familiar. A proposta ser\u00e1 enviada ao Senado.<\/p>\n<p>De acordo com o texto, a imposi\u00e7\u00e3o de uso da tornozeleira passa a ser medida protetiva de urg\u00eancia prevista na Lei Maria da Penha, aplic\u00e1vel em conjunto com outras. A v\u00edtima receber\u00e1 um dispositivo de seguran\u00e7a que alerte sobre eventual aproxima\u00e7\u00e3o do agressor.<\/p>\n<p>A imposi\u00e7\u00e3o da tornozeleira ser\u00e1 prioridade nos casos em que houver descumprimento de medidas protetivas anteriormente impostas ou quando for verificado risco iminente \u00e0 integridade f\u00edsica ou psicol\u00f3gica da v\u00edtima.<\/p>\n<p>Para ampliar o acesso ao aparelho de monitora\u00e7\u00e3o, o projeto aumenta de 5% para 6% a cota de recursos do Fundo Nacional de Seguran\u00e7a P\u00fablica (FNSP) que devem ser destinados a a\u00e7\u00f5es de enfrentamento da viol\u00eancia contra a mulher, incluindo explicitamente o custeio da compra e manuten\u00e7\u00e3o desses equipamentos.<\/p>\n<p>Ainda na Lei Maria da Penha, o texto aprovado aumenta, entre um ter\u00e7o e metade, a pena de <span id=\"4303\" class=\"termoGlossario\" title=\"\" contenteditable=\"false\" data-toggle=\"tooltip\" data-placement=\"top\" data-original-title=\"A reclus\u00e3o \u00e9 a mais severa entre as penas privativas de liberdade. Destina-se a crimes dolosos (com inten\u00e7\u00e3o).\">reclus\u00e3o<\/span> de 2 a 5 anos por descumprimento de medidas protetivas caso elas se relacionem \u00e0 viola\u00e7\u00e3o das \u00e1reas de exclus\u00e3o monitoradas eletronicamente (onde o agressor n\u00e3o pode ir) ou \u00e0 remo\u00e7\u00e3o, viola\u00e7\u00e3o ou altera\u00e7\u00e3o do dispositivo sem autoriza\u00e7\u00e3o judicial.<\/p>\n<p>Segundo o projeto, as campanhas de enfrentamento da viol\u00eancia contra a mulher dever\u00e3o contemplar informa\u00e7\u00f5es sobre procedimentos e abordagens policiais, preven\u00e7\u00e3o \u00e0 revitimiza\u00e7\u00e3o, funcionamento das medidas protetivas de urg\u00eancia e mecanismos de monitora\u00e7\u00e3o eletr\u00f4nica.<\/p>\n<blockquote class=\"instagram-media\" style=\"background: #FFF; border: 0; border-radius: 3px; box-shadow: 0 0 1px 0 rgba(0,0,0,0.5),0 1px 10px 0 rgba(0,0,0,0.15); margin: 1px; max-width: 540px; min-width: 326px; padding: 0; width: calc(100% - 2px);\" data-instgrm-captioned=\"\" data-instgrm-permalink=\"https:\/\/www.instagram.com\/p\/DVuLlw4jSTh\/?utm_source=ig_embed&amp;utm_campaign=loading\" data-instgrm-version=\"14\">\n<div style=\"padding: 16px;\">\n<p>&nbsp;<\/p>\n<div style=\"display: flex; flex-direction: row; align-items: center;\">\n<div style=\"background-color: #f4f4f4; border-radius: 50%; flex-grow: 0; height: 40px; margin-right: 14px; width: 40px;\"><\/div>\n<div style=\"display: flex; flex-direction: column; flex-grow: 1; justify-content: center;\">\n<div style=\"background-color: #f4f4f4; border-radius: 4px; flex-grow: 0; height: 14px; margin-bottom: 6px; width: 100px;\"><\/div>\n<div style=\"background-color: #f4f4f4; border-radius: 4px; flex-grow: 0; height: 14px; width: 60px;\"><\/div>\n<\/div>\n<\/div>\n<div style=\"padding: 19% 0;\"><\/div>\n<div style=\"display: block; height: 50px; margin: 0 auto 12px; width: 50px;\"><\/div>\n<div style=\"padding-top: 8px;\">\n<div style=\"color: #3897f0; font-family: Arial,sans-serif; font-size: 14px; font-style: normal; font-weight: 550; line-height: 18px;\">Ver essa foto no Instagram<\/div>\n<\/div>\n<div style=\"padding: 12.5% 0;\"><\/div>\n<div style=\"display: flex; flex-direction: row; margin-bottom: 14px; align-items: center;\">\n<div>\n<div style=\"background-color: #f4f4f4; border-radius: 50%; height: 12.5px; width: 12.5px; transform: translateX(0px) translateY(7px);\"><\/div>\n<div style=\"background-color: #f4f4f4; height: 12.5px; transform: rotate(-45deg) translateX(3px) translateY(1px); width: 12.5px; flex-grow: 0; margin-right: 14px; margin-left: 2px;\"><\/div>\n<div style=\"background-color: #f4f4f4; border-radius: 50%; height: 12.5px; width: 12.5px; transform: translateX(9px) translateY(-18px);\"><\/div>\n<\/div>\n<div style=\"margin-left: 8px;\">\n<div style=\"background-color: #f4f4f4; border-radius: 50%; flex-grow: 0; height: 20px; width: 20px;\"><\/div>\n<div style=\"width: 0; height: 0; border-top: 2px solid transparent; border-left: 6px solid #f4f4f4; border-bottom: 2px solid transparent; transform: translateX(16px) translateY(-4px) rotate(30deg);\"><\/div>\n<\/div>\n<div style=\"margin-left: auto;\">\n<div style=\"width: 0px; border-top: 8px solid #F4F4F4; border-right: 8px solid transparent; transform: translateY(16px);\"><\/div>\n<div style=\"background-color: #f4f4f4; flex-grow: 0; height: 12px; width: 16px; transform: translateY(-4px);\"><\/div>\n<div style=\"width: 0; height: 0; border-top: 8px solid #F4F4F4; border-left: 8px solid transparent; transform: translateY(-4px) translateX(8px);\"><\/div>\n<\/div>\n<\/div>\n<div style=\"display: flex; flex-direction: column; flex-grow: 1; justify-content: center; margin-bottom: 24px;\">\n<div style=\"background-color: #f4f4f4; border-radius: 4px; flex-grow: 0; height: 14px; margin-bottom: 6px; width: 224px;\"><\/div>\n<div style=\"background-color: #f4f4f4; border-radius: 4px; flex-grow: 0; height: 14px; width: 144px;\"><\/div>\n<\/div>\n<p>&nbsp;<\/p>\n<p style=\"color: #c9c8cd; font-family: Arial,sans-serif; font-size: 14px; line-height: 17px; margin-bottom: 0; margin-top: 8px; overflow: hidden; padding: 8px 0 7px; text-align: center; text-overflow: ellipsis; white-space: nowrap;\"><a style=\"color: #c9c8cd; font-family: Arial,sans-serif; font-size: 14px; font-style: normal; font-weight: normal; line-height: 17px; text-decoration: none;\" href=\"https:\/\/www.instagram.com\/p\/DVuLlw4jSTh\/?utm_source=ig_embed&amp;utm_campaign=loading\" target=\"_blank\" rel=\"noopener\">Um post compartilhado por Fernanda Melchionna (@fernandapsol)<\/a><\/p>\n<\/div>\n<\/blockquote>\n<p><script async src=\"\/\/www.instagram.com\/embed.js\"><\/script><\/p>\n","protected":false},"excerpt":{"rendered":"<p>A C\u00e2mara dos Deputados aprovou na \u00faltima ter\u00e7a-feira (11) o projeto de lei 2942\/24, de autoria da deputada federal Fernanda Melchionna (PSOL-RS) em coautoria com o deputado Marcos Tavares (PDT-RJ), que permite ao juiz determinar que o agressor utilize imediatamente tornozeleira eletr\u00f4nica se for verificada a exist\u00eancia de risco para a mulher em situa\u00e7\u00e3o de [&hellip;]<\/p>\n","protected":false},"author":2,"featured_media":42671,"comment_status":"closed","ping_status":"open","sticky":false,"template":"","format":"standard","meta":{"_acf_changed":false,"footnotes":""},"categories":[10],"tags":[4825],"class_list":{"0":"post-42668","1":"post","2":"type-post","3":"status-publish","4":"format-standard","5":"has-post-thumbnail","7":"category-acao-parlamentares","8":"tag-noticias"},"acf":[],"yoast_head":"<!-- This site is optimized with the Yoast SEO plugin v26.5 - https:\/\/yoast.com\/wordpress\/plugins\/seo\/ -->\n<title>C\u00e2mara aprova projeto de Fernanda Melchionna que determina uso de tornozeleira eletr\u00f4nica por agressor de mulher<\/title>\n<meta name=\"description\" content=\"Projeto permite que juiz determine uso imediato da tornozeleira em caso de risco para a mulher em situa\u00e7\u00e3o de viol\u00eancia dom\u00e9stica e familiar.\" \/>\n<meta name=\"robots\" content=\"index, follow, max-snippet:-1, max-image-preview:large, max-video-preview:-1\" \/>\n<link rel=\"canonical\" href=\"https:\/\/psol50.org.br\/camara-aprova-projeto-de-fernanda-melchionna-que-determina-uso-de-tornozeleira-eletronica-por-agressor-de-mulher\/\" \/>\n<meta property=\"og:locale\" content=\"pt_BR\" \/>\n<meta property=\"og:type\" content=\"article\" \/>\n<meta property=\"og:title\" content=\"C\u00e2mara aprova projeto de Fernanda Melchionna que determina uso de tornozeleira eletr\u00f4nica por agressor de mulher\" \/>\n<meta property=\"og:description\" content=\"Projeto permite que juiz determine uso imediato da tornozeleira em caso de risco para a mulher em situa\u00e7\u00e3o de viol\u00eancia dom\u00e9stica e familiar.\" \/>\n<meta property=\"og:url\" content=\"https:\/\/psol50.org.br\/camara-aprova-projeto-de-fernanda-melchionna-que-determina-uso-de-tornozeleira-eletronica-por-agressor-de-mulher\/\" \/>\n<meta property=\"og:site_name\" content=\"PSOL 50\" \/>\n<meta property=\"article:publisher\" content=\"https:\/\/www.facebook.com\/psol50\" \/>\n<meta property=\"article:published_time\" content=\"2026-03-11T14:33:52+00:00\" \/>\n<meta property=\"article:modified_time\" content=\"2026-03-19T20:18:46+00:00\" \/>\n<meta property=\"og:image\" content=\"https:\/\/psol50.org.br\/inc\/uploads\/2026\/03\/img20260310183436426-scaled.jpg\" \/>\n\t<meta property=\"og:image:width\" content=\"2560\" \/>\n\t<meta property=\"og:image:height\" content=\"1578\" \/>\n\t<meta property=\"og:image:type\" content=\"image\/jpeg\" \/>\n<meta name=\"author\" content=\"Comunica\u00e7\u00e3o PSOL\" \/>\n<meta name=\"twitter:card\" content=\"summary_large_image\" \/>\n<meta name=\"twitter:creator\" content=\"@psol50\" \/>\n<meta name=\"twitter:site\" content=\"@psol50\" \/>\n<meta name=\"twitter:label1\" content=\"Escrito por\" \/>\n\t<meta name=\"twitter:data1\" content=\"Comunica\u00e7\u00e3o PSOL\" \/>\n\t<meta name=\"twitter:label2\" content=\"Est. tempo de leitura\" \/>\n\t<meta name=\"twitter:data2\" content=\"2 minutos\" \/>\n<script type=\"application\/ld+json\" class=\"yoast-schema-graph\">{\"@context\":\"https:\/\/schema.org\",\"@graph\":[{\"@type\":\"Article\",\"@id\":\"https:\/\/psol50.org.br\/camara-aprova-projeto-de-fernanda-melchionna-que-determina-uso-de-tornozeleira-eletronica-por-agressor-de-mulher\/#article\",\"isPartOf\":{\"@id\":\"https:\/\/psol50.org.br\/camara-aprova-projeto-de-fernanda-melchionna-que-determina-uso-de-tornozeleira-eletronica-por-agressor-de-mulher\/\"},\"author\":{\"name\":\"Comunica\u00e7\u00e3o PSOL\",\"@id\":\"https:\/\/psol50.org.br\/#\/schema\/person\/475dfa57d0b815993c714c2e96491fcd\"},\"headline\":\"C\u00e2mara aprova projeto de Fernanda Melchionna que determina uso de tornozeleira eletr\u00f4nica por agressor de mulher\",\"datePublished\":\"2026-03-11T14:33:52+00:00\",\"dateModified\":\"2026-03-19T20:18:46+00:00\",\"mainEntityOfPage\":{\"@id\":\"https:\/\/psol50.org.br\/camara-aprova-projeto-de-fernanda-melchionna-que-determina-uso-de-tornozeleira-eletronica-por-agressor-de-mulher\/\"},\"wordCount\":341,\"publisher\":{\"@id\":\"https:\/\/psol50.org.br\/#organization\"},\"image\":{\"@id\":\"https:\/\/psol50.org.br\/camara-aprova-projeto-de-fernanda-melchionna-que-determina-uso-de-tornozeleira-eletronica-por-agressor-de-mulher\/#primaryimage\"},\"thumbnailUrl\":\"https:\/\/psol50.org.br\/inc\/uploads\/2026\/03\/img20260310183436426-scaled.jpg\",\"keywords\":[\"Not\u00edcias\"],\"articleSection\":[\"A\u00e7\u00e3o Parlamentar\"],\"inLanguage\":\"pt-BR\"},{\"@type\":\"WebPage\",\"@id\":\"https:\/\/psol50.org.br\/camara-aprova-projeto-de-fernanda-melchionna-que-determina-uso-de-tornozeleira-eletronica-por-agressor-de-mulher\/\",\"url\":\"https:\/\/psol50.org.br\/camara-aprova-projeto-de-fernanda-melchionna-que-determina-uso-de-tornozeleira-eletronica-por-agressor-de-mulher\/\",\"name\":\"C\u00e2mara aprova projeto de Fernanda Melchionna que determina uso de tornozeleira eletr\u00f4nica por agressor de mulher\",\"isPartOf\":{\"@id\":\"https:\/\/psol50.org.br\/#website\"},\"primaryImageOfPage\":{\"@id\":\"https:\/\/psol50.org.br\/camara-aprova-projeto-de-fernanda-melchionna-que-determina-uso-de-tornozeleira-eletronica-por-agressor-de-mulher\/#primaryimage\"},\"image\":{\"@id\":\"https:\/\/psol50.org.br\/camara-aprova-projeto-de-fernanda-melchionna-que-determina-uso-de-tornozeleira-eletronica-por-agressor-de-mulher\/#primaryimage\"},\"thumbnailUrl\":\"https:\/\/psol50.org.br\/inc\/uploads\/2026\/03\/img20260310183436426-scaled.jpg\",\"datePublished\":\"2026-03-11T14:33:52+00:00\",\"dateModified\":\"2026-03-19T20:18:46+00:00\",\"description\":\"Projeto permite que juiz determine uso imediato da tornozeleira em caso de risco para a mulher em situa\u00e7\u00e3o de viol\u00eancia dom\u00e9stica e familiar.\",\"breadcrumb\":{\"@id\":\"https:\/\/psol50.org.br\/camara-aprova-projeto-de-fernanda-melchionna-que-determina-uso-de-tornozeleira-eletronica-por-agressor-de-mulher\/#breadcrumb\"},\"inLanguage\":\"pt-BR\",\"potentialAction\":[{\"@type\":\"ReadAction\",\"target\":[\"https:\/\/psol50.org.br\/camara-aprova-projeto-de-fernanda-melchionna-que-determina-uso-de-tornozeleira-eletronica-por-agressor-de-mulher\/\"]}]},{\"@type\":\"ImageObject\",\"inLanguage\":\"pt-BR\",\"@id\":\"https:\/\/psol50.org.br\/camara-aprova-projeto-de-fernanda-melchionna-que-determina-uso-de-tornozeleira-eletronica-por-agressor-de-mulher\/#primaryimage\",\"url\":\"https:\/\/psol50.org.br\/inc\/uploads\/2026\/03\/img20260310183436426-scaled.jpg\",\"contentUrl\":\"https:\/\/psol50.org.br\/inc\/uploads\/2026\/03\/img20260310183436426-scaled.jpg\",\"width\":2560,\"height\":1578,\"caption\":\"Foto: Vinicius Loures\/C\u00e2mara dos Deputados\"},{\"@type\":\"BreadcrumbList\",\"@id\":\"https:\/\/psol50.org.br\/camara-aprova-projeto-de-fernanda-melchionna-que-determina-uso-de-tornozeleira-eletronica-por-agressor-de-mulher\/#breadcrumb\",\"itemListElement\":[{\"@type\":\"ListItem\",\"position\":1,\"name\":\"In\u00edcio\",\"item\":\"https:\/\/psol50.org.br\/\"},{\"@type\":\"ListItem\",\"position\":2,\"name\":\"C\u00e2mara aprova projeto de Fernanda Melchionna que determina uso de tornozeleira eletr\u00f4nica por agressor de mulher\"}]},{\"@type\":\"WebSite\",\"@id\":\"https:\/\/psol50.org.br\/#website\",\"url\":\"https:\/\/psol50.org.br\/\",\"name\":\"PSOL 50\",\"description\":\"Site oficial do Partido Socialismo e Liberdade\",\"publisher\":{\"@id\":\"https:\/\/psol50.org.br\/#organization\"},\"alternateName\":\"PSOL50\",\"potentialAction\":[{\"@type\":\"SearchAction\",\"target\":{\"@type\":\"EntryPoint\",\"urlTemplate\":\"https:\/\/psol50.org.br\/?s={search_term_string}\"},\"query-input\":{\"@type\":\"PropertyValueSpecification\",\"valueRequired\":true,\"valueName\":\"search_term_string\"}}],\"inLanguage\":\"pt-BR\"},{\"@type\":\"Organization\",\"@id\":\"https:\/\/psol50.org.br\/#organization\",\"name\":\"PSOL 50\",\"alternateName\":\"PSOL 50\",\"url\":\"https:\/\/psol50.org.br\/\",\"logo\":{\"@type\":\"ImageObject\",\"inLanguage\":\"pt-BR\",\"@id\":\"https:\/\/psol50.org.br\/#\/schema\/logo\/image\/\",\"url\":\"https:\/\/psol50.org.br\/inc\/uploads\/2018\/07\/capa.png\",\"contentUrl\":\"https:\/\/psol50.org.br\/inc\/uploads\/2018\/07\/capa.png\",\"width\":1350,\"height\":900,\"caption\":\"PSOL 50\"},\"image\":{\"@id\":\"https:\/\/psol50.org.br\/#\/schema\/logo\/image\/\"},\"sameAs\":[\"https:\/\/www.facebook.com\/psol50\",\"https:\/\/x.com\/psol50\",\"https:\/\/www.instagram.com\/psol50\/\",\"https:\/\/www.youtube.com\/channel\/UC7SnJS5o1os7a6CaiNabzcg\"]},{\"@type\":\"Person\",\"@id\":\"https:\/\/psol50.org.br\/#\/schema\/person\/475dfa57d0b815993c714c2e96491fcd\",\"name\":\"Comunica\u00e7\u00e3o PSOL\",\"image\":{\"@type\":\"ImageObject\",\"inLanguage\":\"pt-BR\",\"@id\":\"https:\/\/psol50.org.br\/#\/schema\/person\/image\/\",\"url\":\"https:\/\/secure.gravatar.com\/avatar\/b34fc4f4e468a4e51785917065a3db57b841f5c95dba6ad8c73aaf8f66f8f9bf?s=96&d=mm&r=g\",\"contentUrl\":\"https:\/\/secure.gravatar.com\/avatar\/b34fc4f4e468a4e51785917065a3db57b841f5c95dba6ad8c73aaf8f66f8f9bf?s=96&d=mm&r=g\",\"caption\":\"Comunica\u00e7\u00e3o PSOL\"}}]}<\/script>\n<!-- \/ Yoast SEO plugin. -->","yoast_head_json":{"title":"C\u00e2mara aprova projeto de Fernanda Melchionna que determina uso de tornozeleira eletr\u00f4nica por agressor de mulher","description":"Projeto permite que juiz determine uso imediato da tornozeleira em caso de risco para a mulher em situa\u00e7\u00e3o de viol\u00eancia dom\u00e9stica e familiar.","robots":{"index":"index","follow":"follow","max-snippet":"max-snippet:-1","max-image-preview":"max-image-preview:large","max-video-preview":"max-video-preview:-1"},"canonical":"https:\/\/psol50.org.br\/camara-aprova-projeto-de-fernanda-melchionna-que-determina-uso-de-tornozeleira-eletronica-por-agressor-de-mulher\/","og_locale":"pt_BR","og_type":"article","og_title":"C\u00e2mara aprova projeto de Fernanda Melchionna que determina uso de tornozeleira eletr\u00f4nica por agressor de mulher","og_description":"Projeto permite que juiz determine uso imediato da tornozeleira em caso de risco para a mulher em situa\u00e7\u00e3o de viol\u00eancia dom\u00e9stica e familiar.","og_url":"https:\/\/psol50.org.br\/camara-aprova-projeto-de-fernanda-melchionna-que-determina-uso-de-tornozeleira-eletronica-por-agressor-de-mulher\/","og_site_name":"PSOL 50","article_publisher":"https:\/\/www.facebook.com\/psol50","article_published_time":"2026-03-11T14:33:52+00:00","article_modified_time":"2026-03-19T20:18:46+00:00","og_image":[{"width":2560,"height":1578,"url":"https:\/\/psol50.org.br\/inc\/uploads\/2026\/03\/img20260310183436426-scaled.jpg","type":"image\/jpeg"}],"author":"Comunica\u00e7\u00e3o PSOL","twitter_card":"summary_large_image","twitter_creator":"@psol50","twitter_site":"@psol50","twitter_misc":{"Escrito por":"Comunica\u00e7\u00e3o PSOL","Est. tempo de leitura":"2 minutos"},"schema":{"@context":"https:\/\/schema.org","@graph":[{"@type":"Article","@id":"https:\/\/psol50.org.br\/camara-aprova-projeto-de-fernanda-melchionna-que-determina-uso-de-tornozeleira-eletronica-por-agressor-de-mulher\/#article","isPartOf":{"@id":"https:\/\/psol50.org.br\/camara-aprova-projeto-de-fernanda-melchionna-que-determina-uso-de-tornozeleira-eletronica-por-agressor-de-mulher\/"},"author":{"name":"Comunica\u00e7\u00e3o PSOL","@id":"https:\/\/psol50.org.br\/#\/schema\/person\/475dfa57d0b815993c714c2e96491fcd"},"headline":"C\u00e2mara aprova projeto de Fernanda Melchionna que determina uso de tornozeleira eletr\u00f4nica por agressor de mulher","datePublished":"2026-03-11T14:33:52+00:00","dateModified":"2026-03-19T20:18:46+00:00","mainEntityOfPage":{"@id":"https:\/\/psol50.org.br\/camara-aprova-projeto-de-fernanda-melchionna-que-determina-uso-de-tornozeleira-eletronica-por-agressor-de-mulher\/"},"wordCount":341,"publisher":{"@id":"https:\/\/psol50.org.br\/#organization"},"image":{"@id":"https:\/\/psol50.org.br\/camara-aprova-projeto-de-fernanda-melchionna-que-determina-uso-de-tornozeleira-eletronica-por-agressor-de-mulher\/#primaryimage"},"thumbnailUrl":"https:\/\/psol50.org.br\/inc\/uploads\/2026\/03\/img20260310183436426-scaled.jpg","keywords":["Not\u00edcias"],"articleSection":["A\u00e7\u00e3o Parlamentar"],"inLanguage":"pt-BR"},{"@type":"WebPage","@id":"https:\/\/psol50.org.br\/camara-aprova-projeto-de-fernanda-melchionna-que-determina-uso-de-tornozeleira-eletronica-por-agressor-de-mulher\/","url":"https:\/\/psol50.org.br\/camara-aprova-projeto-de-fernanda-melchionna-que-determina-uso-de-tornozeleira-eletronica-por-agressor-de-mulher\/","name":"C\u00e2mara aprova projeto de Fernanda Melchionna que determina uso de tornozeleira eletr\u00f4nica por agressor de mulher","isPartOf":{"@id":"https:\/\/psol50.org.br\/#website"},"primaryImageOfPage":{"@id":"https:\/\/psol50.org.br\/camara-aprova-projeto-de-fernanda-melchionna-que-determina-uso-de-tornozeleira-eletronica-por-agressor-de-mulher\/#primaryimage"},"image":{"@id":"https:\/\/psol50.org.br\/camara-aprova-projeto-de-fernanda-melchionna-que-determina-uso-de-tornozeleira-eletronica-por-agressor-de-mulher\/#primaryimage"},"thumbnailUrl":"https:\/\/psol50.org.br\/inc\/uploads\/2026\/03\/img20260310183436426-scaled.jpg","datePublished":"2026-03-11T14:33:52+00:00","dateModified":"2026-03-19T20:18:46+00:00","description":"Projeto permite que juiz determine uso imediato da tornozeleira em caso de risco para a mulher em situa\u00e7\u00e3o de viol\u00eancia dom\u00e9stica e familiar.","breadcrumb":{"@id":"https:\/\/psol50.org.br\/camara-aprova-projeto-de-fernanda-melchionna-que-determina-uso-de-tornozeleira-eletronica-por-agressor-de-mulher\/#breadcrumb"},"inLanguage":"pt-BR","potentialAction":[{"@type":"ReadAction","target":["https:\/\/psol50.org.br\/camara-aprova-projeto-de-fernanda-melchionna-que-determina-uso-de-tornozeleira-eletronica-por-agressor-de-mulher\/"]}]},{"@type":"ImageObject","inLanguage":"pt-BR","@id":"https:\/\/psol50.org.br\/camara-aprova-projeto-de-fernanda-melchionna-que-determina-uso-de-tornozeleira-eletronica-por-agressor-de-mulher\/#primaryimage","url":"https:\/\/psol50.org.br\/inc\/uploads\/2026\/03\/img20260310183436426-scaled.jpg","contentUrl":"https:\/\/psol50.org.br\/inc\/uploads\/2026\/03\/img20260310183436426-scaled.jpg","width":2560,"height":1578,"caption":"Foto: Vinicius Loures\/C\u00e2mara dos Deputados"},{"@type":"BreadcrumbList","@id":"https:\/\/psol50.org.br\/camara-aprova-projeto-de-fernanda-melchionna-que-determina-uso-de-tornozeleira-eletronica-por-agressor-de-mulher\/#breadcrumb","itemListElement":[{"@type":"ListItem","position":1,"name":"In\u00edcio","item":"https:\/\/psol50.org.br\/"},{"@type":"ListItem","position":2,"name":"C\u00e2mara aprova projeto de Fernanda Melchionna que determina uso de tornozeleira eletr\u00f4nica por agressor de mulher"}]},{"@type":"WebSite","@id":"https:\/\/psol50.org.br\/#website","url":"https:\/\/psol50.org.br\/","name":"PSOL 50","description":"Site oficial do Partido Socialismo e Liberdade","publisher":{"@id":"https:\/\/psol50.org.br\/#organization"},"alternateName":"PSOL50","potentialAction":[{"@type":"SearchAction","target":{"@type":"EntryPoint","urlTemplate":"https:\/\/psol50.org.br\/?s={search_term_string}"},"query-input":{"@type":"PropertyValueSpecification","valueRequired":true,"valueName":"search_term_string"}}],"inLanguage":"pt-BR"},{"@type":"Organization","@id":"https:\/\/psol50.org.br\/#organization","name":"PSOL 50","alternateName":"PSOL 50","url":"https:\/\/psol50.org.br\/","logo":{"@type":"ImageObject","inLanguage":"pt-BR","@id":"https:\/\/psol50.org.br\/#\/schema\/logo\/image\/","url":"https:\/\/psol50.org.br\/inc\/uploads\/2018\/07\/capa.png","contentUrl":"https:\/\/psol50.org.br\/inc\/uploads\/2018\/07\/capa.png","width":1350,"height":900,"caption":"PSOL 50"},"image":{"@id":"https:\/\/psol50.org.br\/#\/schema\/logo\/image\/"},"sameAs":["https:\/\/www.facebook.com\/psol50","https:\/\/x.com\/psol50","https:\/\/www.instagram.com\/psol50\/","https:\/\/www.youtube.com\/channel\/UC7SnJS5o1os7a6CaiNabzcg"]},{"@type":"Person","@id":"https:\/\/psol50.org.br\/#\/schema\/person\/475dfa57d0b815993c714c2e96491fcd","name":"Comunica\u00e7\u00e3o PSOL","image":{"@type":"ImageObject","inLanguage":"pt-BR","@id":"https:\/\/psol50.org.br\/#\/schema\/person\/image\/","url":"https:\/\/secure.gravatar.com\/avatar\/b34fc4f4e468a4e51785917065a3db57b841f5c95dba6ad8c73aaf8f66f8f9bf?s=96&d=mm&r=g","contentUrl":"https:\/\/secure.gravatar.com\/avatar\/b34fc4f4e468a4e51785917065a3db57b841f5c95dba6ad8c73aaf8f66f8f9bf?s=96&d=mm&r=g","caption":"Comunica\u00e7\u00e3o PSOL"}}]}},"_links":{"self":[{"href":"https:\/\/psol50.org.br\/rest\/wp\/v2\/posts\/42668","targetHints":{"allow":["GET"]}}],"collection":[{"href":"https:\/\/psol50.org.br\/rest\/wp\/v2\/posts"}],"about":[{"href":"https:\/\/psol50.org.br\/rest\/wp\/v2\/types\/post"}],"author":[{"embeddable":true,"href":"https:\/\/psol50.org.br\/rest\/wp\/v2\/users\/2"}],"replies":[{"embeddable":true,"href":"https:\/\/psol50.org.br\/rest\/wp\/v2\/comments?post=42668"}],"version-history":[{"count":2,"href":"https:\/\/psol50.org.br\/rest\/wp\/v2\/posts\/42668\/revisions"}],"predecessor-version":[{"id":42670,"href":"https:\/\/psol50.org.br\/rest\/wp\/v2\/posts\/42668\/revisions\/42670"}],"wp:featuredmedia":[{"embeddable":true,"href":"https:\/\/psol50.org.br\/rest\/wp\/v2\/media\/42671"}],"wp:attachment":[{"href":"https:\/\/psol50.org.br\/rest\/wp\/v2\/media?parent=42668"}],"wp:term":[{"taxonomy":"category","embeddable":true,"href":"https:\/\/psol50.org.br\/rest\/wp\/v2\/categories?post=42668"},{"taxonomy":"post_tag","embeddable":true,"href":"https:\/\/psol50.org.br\/rest\/wp\/v2\/tags?post=42668"}],"curies":[{"name":"wp","href":"https:\/\/api.w.org\/{rel}","templated":true}]}}