{"id":4268,"date":"2014-08-05T14:21:19","date_gmt":"2014-08-05T14:21:19","guid":{"rendered":"http:\/\/179.190.55.146\/~psol5185\/?p=4268"},"modified":"2014-08-05T14:21:19","modified_gmt":"2014-08-05T14:21:19","slug":"quando-os-numeros-nao-respondem","status":"publish","type":"post","link":"https:\/\/psol50.org.br\/quando-os-numeros-nao-respondem\/","title":{"rendered":"Quando os n\u00fameros n\u00e3o respondem"},"content":{"rendered":"<div class=\"divisoriaGeralClear\"><span id=\"Data\" class=\"dataPrint\"><\/span>Em junho de 2013 iniciamos um novo momento pol\u00edtico no Brasil com as chamadas \u2018Jornadas de Junho\u2019. O estopim foi a repress\u00e3o a uma manifesta\u00e7\u00e3o popular contra o aumento no valor da passagem de \u00f4nibus na cidade de S\u00e3o Paulo. E contr\u00e1rias \u00e0quela a\u00e7\u00e3o policial, eclodiram manifesta\u00e7\u00f5es por todo o pa\u00eds. E n\u00e3o mais se questionavam apenas os 20 centavos de aumento nas passagens de \u00f4nibus, mas se reivindicava, antes de tudo, o direito \u00e0 livre manifesta\u00e7\u00e3o popular. E foi natural a amplia\u00e7\u00e3o das pautas reivindicat\u00f3rias das in\u00fameras manifesta\u00e7\u00f5es, com especial \u00eanfase ao questionamento do modelo de representa\u00e7\u00e3o pol\u00edtica em vigor no pa\u00eds desde o final da ditadura militar. O gigante acordado passou a exigir um novo modelo de atua\u00e7\u00e3o pol\u00edtica e participa\u00e7\u00e3o popular com controle social para discutir todos os grandes temas de interesse da na\u00e7\u00e3o.<\/div>\n<div class=\"txtPrint\">\n<p>Hoje estamos vivendo o primeiro processo eleitoral ap\u00f3s as Jornadas de Junho. E o que estamos vendo? Uma repeti\u00e7\u00e3o cega e ultrapassada dos velhos m\u00e9todos de se fazer pol\u00edtica; grandes coliga\u00e7\u00f5es completamente desprovidas de princ\u00edpios; e campanhas eleitorais milion\u00e1rias sem qualquer conte\u00fado pol\u00edtico. A velha pol\u00edtica, mesmo travestida de \u2018nova pol\u00edtica\u2019, n\u00e3o foi despertada pelas Jornadas de Junho e continua tratando as elei\u00e7\u00f5es como a velha \u2018festa da democracia\u2019, da ilus\u00e3o do \u2018p\u00e3o e circo\u2019 e da inaceit\u00e1vel pr\u00e1tica do toma-l\u00e1-d\u00e1-c\u00e1.<\/p>\n<p>Neste processo eleitoral, reinam contradi\u00e7\u00f5es e contorcionismos ret\u00f3ricos nas duas maiores coliga\u00e7\u00f5es em Pernambuco. Numa coliga\u00e7\u00e3o temos um representante do empresariado compondo a chapa majorit\u00e1ria com um ex-sindicalista do campo dos trabalhadores. Numa outra, temos um representante da velha oligarquia sertaneja compondo a chapa com um tecnocrata a servi\u00e7o da despolitiza\u00e7\u00e3o da pr\u00f3pria pol\u00edtica, e que ousam chamar de \u2018nova pol\u00edtica\u2019. E quando observamos as elei\u00e7\u00f5es para o Senado Federal, vemos uma total aus\u00eancia do debate pol\u00edtico de compet\u00eancia do Poder Legislativo federal e um empobrecimento do processo eleitoral, como se estiv\u00e9ssemos vivendo uma elei\u00e7\u00e3o para o executivo municipal.<\/p>\n<p>\u00c9 necess\u00e1rio que discutamos os grandes temas da pol\u00edtica nacional no debate para o Senado, como as reformas pol\u00edtica, tribut\u00e1ria e trabalhista; auditoria da d\u00edvida p\u00fablica; desmilitariza\u00e7\u00e3o da Pol\u00edcia Militar; direito de greve no servi\u00e7o p\u00fablico; redu\u00e7\u00e3o da maioridade penal; pol\u00edticas p\u00fablicas para a emancipa\u00e7\u00e3o das mulheres e no combate \u00e0 viol\u00eancia dom\u00e9stica e obst\u00e9trica; casamento civil igualit\u00e1rio; pol\u00edticas p\u00fablicas no combate \u00e0s opress\u00f5es a todas as minorias (homossexuais, negros, crian\u00e7as e jovens, idosos).<\/p>\n<p>Foi neste contexto que analisamos o mandato de Jo\u00e3o Paulo como deputado federal, definindo-o como p\u00edfio. Sua atua\u00e7\u00e3o no Congresso Nacional n\u00e3o corresponde \u00e0 enorme vota\u00e7\u00e3o que os pernambucanos lhe confiaram. Do terceiro deputado mais bem votado no estado, esperava-se uma grande lideran\u00e7a da pol\u00edtica nacional, com destacada atua\u00e7\u00e3o no Congresso. Mais do que isto, se esperava de um parlamentar que foi prefeito da capital da terra de Frei Caneca, de um Estado com forte tradi\u00e7\u00e3o pol\u00edtica e de vanguarda no cen\u00e1rio nacional, uma outra postura, que fosse al\u00e9m de um membro do baixo clero da base de sustenta\u00e7\u00e3o do governo federal.<\/p>\n<p>Diante da nossa provoca\u00e7\u00e3o construtiva para elevar o n\u00edvel do debate eleitoral, a assessoria de Jo\u00e3o Paulo nos respondeu pela imprensa apresentando as estat\u00edsticas de sua atua\u00e7\u00e3o no parlamento. Dentre os n\u00fameros apresentados, cita 79 pronunciamentos. Perguntamos a qualquer cidad\u00e3o pernambucano: voc\u00ea j\u00e1 viu ou ouviu falar de algum pronunciamento do deputado Jo\u00e3o Paulo na C\u00e2mara? Nem eu! A quase totalidade dos PLs por ele apresentados n\u00e3o passaram de pequenas altera\u00e7\u00f5es de leis em vigor, que n\u00e3o foram sequer apreciados pelas comiss\u00f5es ou mesmo j\u00e1 foram arquivados. Portanto, n\u00e3o podemos chamar a isto de \u201catua\u00e7\u00e3o qualificada\u201d, tanto \u00e9 que o pr\u00f3prio Jo\u00e3o Paulo n\u00e3o usa o balan\u00e7o de seu mandato como deputado federal na sua campanha ao Senado, que \u00e9 um espa\u00e7o institucional que requer protagonismo na atua\u00e7\u00e3o parlamentar.<\/p>\n<p>O que nos resta de positivo desta pequena pol\u00eamica com Jo\u00e3o Paulo \u00e9 que nossa candidatura j\u00e1 conseguiu conduzir o debate para o lado certo e que quando temos espa\u00e7os democr\u00e1ticos, com tempos ison\u00f4micos para apresentar nossas ideias, o debate pol\u00edtico com mais qualidade consegue chegar aos eleitores. Seguiremos este caminho nestas elei\u00e7\u00f5es, debatendo ideias, fazendo os balan\u00e7os necess\u00e1rios para esclarecer os eleitores, com a coragem de quem tem a certeza de que, na pol\u00edtica, nada ser\u00e1 como antes!<br \/>\n<span id=\"Texto\">\u00a0<\/span><\/div>\n","protected":false},"excerpt":{"rendered":"<p>Em junho de 2013 iniciamos um novo momento pol\u00edtico no Brasil com as chamadas \u2018Jornadas de Junho\u2019. O estopim foi a repress\u00e3o a uma manifesta\u00e7\u00e3o popular contra o aumento no valor da passagem de \u00f4nibus na cidade de S\u00e3o Paulo. E contr\u00e1rias \u00e0quela a\u00e7\u00e3o policial, eclodiram manifesta\u00e7\u00f5es por todo o pa\u00eds. E n\u00e3o mais se [&hellip;]<\/p>\n","protected":false},"author":2,"featured_media":0,"comment_status":"open","ping_status":"open","sticky":false,"template":"","format":"standard","meta":{"_acf_changed":false,"footnotes":""},"categories":[3],"tags":[],"class_list":{"0":"post-4268","1":"post","2":"type-post","3":"status-publish","4":"format-standard","6":"category-artigos-e-entrevistas"},"acf":[],"yoast_head":"<!-- This site is optimized with the Yoast SEO plugin v26.5 - https:\/\/yoast.com\/wordpress\/plugins\/seo\/ -->\n<title>Quando os n\u00fameros n\u00e3o respondem - PSOL 50<\/title>\n<meta name=\"robots\" content=\"index, follow, max-snippet:-1, max-image-preview:large, max-video-preview:-1\" \/>\n<link rel=\"canonical\" href=\"https:\/\/psol50.org.br\/quando-os-numeros-nao-respondem\/\" \/>\n<meta property=\"og:locale\" content=\"pt_BR\" \/>\n<meta property=\"og:type\" content=\"article\" \/>\n<meta property=\"og:title\" content=\"Quando os n\u00fameros n\u00e3o respondem - PSOL 50\" \/>\n<meta property=\"og:description\" content=\"Em junho de 2013 iniciamos um novo momento pol\u00edtico no Brasil com as chamadas \u2018Jornadas de Junho\u2019. O estopim foi a repress\u00e3o a uma manifesta\u00e7\u00e3o popular contra o aumento no valor da passagem de \u00f4nibus na cidade de S\u00e3o Paulo. E contr\u00e1rias \u00e0quela a\u00e7\u00e3o policial, eclodiram manifesta\u00e7\u00f5es por todo o pa\u00eds. E n\u00e3o mais se [&hellip;]\" \/>\n<meta property=\"og:url\" content=\"https:\/\/psol50.org.br\/quando-os-numeros-nao-respondem\/\" \/>\n<meta property=\"og:site_name\" content=\"PSOL 50\" \/>\n<meta property=\"article:publisher\" content=\"https:\/\/www.facebook.com\/psol50\" \/>\n<meta property=\"article:published_time\" content=\"2014-08-05T14:21:19+00:00\" \/>\n<meta property=\"og:image\" content=\"https:\/\/psol50.org.br\/inc\/uploads\/2018\/07\/capa.png\" \/>\n\t<meta property=\"og:image:width\" content=\"1350\" \/>\n\t<meta property=\"og:image:height\" content=\"900\" \/>\n\t<meta property=\"og:image:type\" content=\"image\/png\" \/>\n<meta name=\"author\" content=\"Comunica\u00e7\u00e3o PSOL\" \/>\n<meta name=\"twitter:card\" content=\"summary_large_image\" \/>\n<meta name=\"twitter:creator\" content=\"@psol50\" \/>\n<meta name=\"twitter:site\" content=\"@psol50\" \/>\n<meta name=\"twitter:label1\" content=\"Escrito por\" \/>\n\t<meta name=\"twitter:data1\" content=\"Comunica\u00e7\u00e3o PSOL\" \/>\n\t<meta name=\"twitter:label2\" content=\"Est. tempo de leitura\" \/>\n\t<meta name=\"twitter:data2\" content=\"4 minutos\" \/>\n<script type=\"application\/ld+json\" class=\"yoast-schema-graph\">{\"@context\":\"https:\/\/schema.org\",\"@graph\":[{\"@type\":\"Article\",\"@id\":\"https:\/\/psol50.org.br\/quando-os-numeros-nao-respondem\/#article\",\"isPartOf\":{\"@id\":\"https:\/\/psol50.org.br\/quando-os-numeros-nao-respondem\/\"},\"author\":{\"name\":\"Comunica\u00e7\u00e3o PSOL\",\"@id\":\"https:\/\/psol50.org.br\/#\/schema\/person\/475dfa57d0b815993c714c2e96491fcd\"},\"headline\":\"Quando os n\u00fameros n\u00e3o respondem\",\"datePublished\":\"2014-08-05T14:21:19+00:00\",\"mainEntityOfPage\":{\"@id\":\"https:\/\/psol50.org.br\/quando-os-numeros-nao-respondem\/\"},\"wordCount\":820,\"commentCount\":0,\"publisher\":{\"@id\":\"https:\/\/psol50.org.br\/#organization\"},\"articleSection\":[\"Artigos\"],\"inLanguage\":\"pt-BR\",\"potentialAction\":[{\"@type\":\"CommentAction\",\"name\":\"Comment\",\"target\":[\"https:\/\/psol50.org.br\/quando-os-numeros-nao-respondem\/#respond\"]}]},{\"@type\":\"WebPage\",\"@id\":\"https:\/\/psol50.org.br\/quando-os-numeros-nao-respondem\/\",\"url\":\"https:\/\/psol50.org.br\/quando-os-numeros-nao-respondem\/\",\"name\":\"Quando os n\u00fameros n\u00e3o respondem - PSOL 50\",\"isPartOf\":{\"@id\":\"https:\/\/psol50.org.br\/#website\"},\"datePublished\":\"2014-08-05T14:21:19+00:00\",\"breadcrumb\":{\"@id\":\"https:\/\/psol50.org.br\/quando-os-numeros-nao-respondem\/#breadcrumb\"},\"inLanguage\":\"pt-BR\",\"potentialAction\":[{\"@type\":\"ReadAction\",\"target\":[\"https:\/\/psol50.org.br\/quando-os-numeros-nao-respondem\/\"]}]},{\"@type\":\"BreadcrumbList\",\"@id\":\"https:\/\/psol50.org.br\/quando-os-numeros-nao-respondem\/#breadcrumb\",\"itemListElement\":[{\"@type\":\"ListItem\",\"position\":1,\"name\":\"In\u00edcio\",\"item\":\"https:\/\/psol50.org.br\/\"},{\"@type\":\"ListItem\",\"position\":2,\"name\":\"Quando os n\u00fameros n\u00e3o respondem\"}]},{\"@type\":\"WebSite\",\"@id\":\"https:\/\/psol50.org.br\/#website\",\"url\":\"https:\/\/psol50.org.br\/\",\"name\":\"PSOL 50\",\"description\":\"Site oficial do Partido Socialismo e Liberdade\",\"publisher\":{\"@id\":\"https:\/\/psol50.org.br\/#organization\"},\"alternateName\":\"PSOL50\",\"potentialAction\":[{\"@type\":\"SearchAction\",\"target\":{\"@type\":\"EntryPoint\",\"urlTemplate\":\"https:\/\/psol50.org.br\/?s={search_term_string}\"},\"query-input\":{\"@type\":\"PropertyValueSpecification\",\"valueRequired\":true,\"valueName\":\"search_term_string\"}}],\"inLanguage\":\"pt-BR\"},{\"@type\":\"Organization\",\"@id\":\"https:\/\/psol50.org.br\/#organization\",\"name\":\"PSOL 50\",\"alternateName\":\"PSOL 50\",\"url\":\"https:\/\/psol50.org.br\/\",\"logo\":{\"@type\":\"ImageObject\",\"inLanguage\":\"pt-BR\",\"@id\":\"https:\/\/psol50.org.br\/#\/schema\/logo\/image\/\",\"url\":\"https:\/\/psol50.org.br\/inc\/uploads\/2018\/07\/capa.png\",\"contentUrl\":\"https:\/\/psol50.org.br\/inc\/uploads\/2018\/07\/capa.png\",\"width\":1350,\"height\":900,\"caption\":\"PSOL 50\"},\"image\":{\"@id\":\"https:\/\/psol50.org.br\/#\/schema\/logo\/image\/\"},\"sameAs\":[\"https:\/\/www.facebook.com\/psol50\",\"https:\/\/x.com\/psol50\",\"https:\/\/www.instagram.com\/psol50\/\",\"https:\/\/www.youtube.com\/channel\/UC7SnJS5o1os7a6CaiNabzcg\"]},{\"@type\":\"Person\",\"@id\":\"https:\/\/psol50.org.br\/#\/schema\/person\/475dfa57d0b815993c714c2e96491fcd\",\"name\":\"Comunica\u00e7\u00e3o PSOL\",\"image\":{\"@type\":\"ImageObject\",\"inLanguage\":\"pt-BR\",\"@id\":\"https:\/\/psol50.org.br\/#\/schema\/person\/image\/\",\"url\":\"https:\/\/secure.gravatar.com\/avatar\/b34fc4f4e468a4e51785917065a3db57b841f5c95dba6ad8c73aaf8f66f8f9bf?s=96&d=mm&r=g\",\"contentUrl\":\"https:\/\/secure.gravatar.com\/avatar\/b34fc4f4e468a4e51785917065a3db57b841f5c95dba6ad8c73aaf8f66f8f9bf?s=96&d=mm&r=g\",\"caption\":\"Comunica\u00e7\u00e3o PSOL\"}}]}<\/script>\n<!-- \/ Yoast SEO plugin. -->","yoast_head_json":{"title":"Quando os n\u00fameros n\u00e3o respondem - PSOL 50","robots":{"index":"index","follow":"follow","max-snippet":"max-snippet:-1","max-image-preview":"max-image-preview:large","max-video-preview":"max-video-preview:-1"},"canonical":"https:\/\/psol50.org.br\/quando-os-numeros-nao-respondem\/","og_locale":"pt_BR","og_type":"article","og_title":"Quando os n\u00fameros n\u00e3o respondem - PSOL 50","og_description":"Em junho de 2013 iniciamos um novo momento pol\u00edtico no Brasil com as chamadas \u2018Jornadas de Junho\u2019. O estopim foi a repress\u00e3o a uma manifesta\u00e7\u00e3o popular contra o aumento no valor da passagem de \u00f4nibus na cidade de S\u00e3o Paulo. E contr\u00e1rias \u00e0quela a\u00e7\u00e3o policial, eclodiram manifesta\u00e7\u00f5es por todo o pa\u00eds. E n\u00e3o mais se [&hellip;]","og_url":"https:\/\/psol50.org.br\/quando-os-numeros-nao-respondem\/","og_site_name":"PSOL 50","article_publisher":"https:\/\/www.facebook.com\/psol50","article_published_time":"2014-08-05T14:21:19+00:00","og_image":[{"width":1350,"height":900,"url":"https:\/\/psol50.org.br\/inc\/uploads\/2018\/07\/capa.png","type":"image\/png"}],"author":"Comunica\u00e7\u00e3o PSOL","twitter_card":"summary_large_image","twitter_creator":"@psol50","twitter_site":"@psol50","twitter_misc":{"Escrito por":"Comunica\u00e7\u00e3o PSOL","Est. tempo de leitura":"4 minutos"},"schema":{"@context":"https:\/\/schema.org","@graph":[{"@type":"Article","@id":"https:\/\/psol50.org.br\/quando-os-numeros-nao-respondem\/#article","isPartOf":{"@id":"https:\/\/psol50.org.br\/quando-os-numeros-nao-respondem\/"},"author":{"name":"Comunica\u00e7\u00e3o PSOL","@id":"https:\/\/psol50.org.br\/#\/schema\/person\/475dfa57d0b815993c714c2e96491fcd"},"headline":"Quando os n\u00fameros n\u00e3o respondem","datePublished":"2014-08-05T14:21:19+00:00","mainEntityOfPage":{"@id":"https:\/\/psol50.org.br\/quando-os-numeros-nao-respondem\/"},"wordCount":820,"commentCount":0,"publisher":{"@id":"https:\/\/psol50.org.br\/#organization"},"articleSection":["Artigos"],"inLanguage":"pt-BR","potentialAction":[{"@type":"CommentAction","name":"Comment","target":["https:\/\/psol50.org.br\/quando-os-numeros-nao-respondem\/#respond"]}]},{"@type":"WebPage","@id":"https:\/\/psol50.org.br\/quando-os-numeros-nao-respondem\/","url":"https:\/\/psol50.org.br\/quando-os-numeros-nao-respondem\/","name":"Quando os n\u00fameros n\u00e3o respondem - PSOL 50","isPartOf":{"@id":"https:\/\/psol50.org.br\/#website"},"datePublished":"2014-08-05T14:21:19+00:00","breadcrumb":{"@id":"https:\/\/psol50.org.br\/quando-os-numeros-nao-respondem\/#breadcrumb"},"inLanguage":"pt-BR","potentialAction":[{"@type":"ReadAction","target":["https:\/\/psol50.org.br\/quando-os-numeros-nao-respondem\/"]}]},{"@type":"BreadcrumbList","@id":"https:\/\/psol50.org.br\/quando-os-numeros-nao-respondem\/#breadcrumb","itemListElement":[{"@type":"ListItem","position":1,"name":"In\u00edcio","item":"https:\/\/psol50.org.br\/"},{"@type":"ListItem","position":2,"name":"Quando os n\u00fameros n\u00e3o respondem"}]},{"@type":"WebSite","@id":"https:\/\/psol50.org.br\/#website","url":"https:\/\/psol50.org.br\/","name":"PSOL 50","description":"Site oficial do Partido Socialismo e Liberdade","publisher":{"@id":"https:\/\/psol50.org.br\/#organization"},"alternateName":"PSOL50","potentialAction":[{"@type":"SearchAction","target":{"@type":"EntryPoint","urlTemplate":"https:\/\/psol50.org.br\/?s={search_term_string}"},"query-input":{"@type":"PropertyValueSpecification","valueRequired":true,"valueName":"search_term_string"}}],"inLanguage":"pt-BR"},{"@type":"Organization","@id":"https:\/\/psol50.org.br\/#organization","name":"PSOL 50","alternateName":"PSOL 50","url":"https:\/\/psol50.org.br\/","logo":{"@type":"ImageObject","inLanguage":"pt-BR","@id":"https:\/\/psol50.org.br\/#\/schema\/logo\/image\/","url":"https:\/\/psol50.org.br\/inc\/uploads\/2018\/07\/capa.png","contentUrl":"https:\/\/psol50.org.br\/inc\/uploads\/2018\/07\/capa.png","width":1350,"height":900,"caption":"PSOL 50"},"image":{"@id":"https:\/\/psol50.org.br\/#\/schema\/logo\/image\/"},"sameAs":["https:\/\/www.facebook.com\/psol50","https:\/\/x.com\/psol50","https:\/\/www.instagram.com\/psol50\/","https:\/\/www.youtube.com\/channel\/UC7SnJS5o1os7a6CaiNabzcg"]},{"@type":"Person","@id":"https:\/\/psol50.org.br\/#\/schema\/person\/475dfa57d0b815993c714c2e96491fcd","name":"Comunica\u00e7\u00e3o PSOL","image":{"@type":"ImageObject","inLanguage":"pt-BR","@id":"https:\/\/psol50.org.br\/#\/schema\/person\/image\/","url":"https:\/\/secure.gravatar.com\/avatar\/b34fc4f4e468a4e51785917065a3db57b841f5c95dba6ad8c73aaf8f66f8f9bf?s=96&d=mm&r=g","contentUrl":"https:\/\/secure.gravatar.com\/avatar\/b34fc4f4e468a4e51785917065a3db57b841f5c95dba6ad8c73aaf8f66f8f9bf?s=96&d=mm&r=g","caption":"Comunica\u00e7\u00e3o PSOL"}}]}},"_links":{"self":[{"href":"https:\/\/psol50.org.br\/rest\/wp\/v2\/posts\/4268","targetHints":{"allow":["GET"]}}],"collection":[{"href":"https:\/\/psol50.org.br\/rest\/wp\/v2\/posts"}],"about":[{"href":"https:\/\/psol50.org.br\/rest\/wp\/v2\/types\/post"}],"author":[{"embeddable":true,"href":"https:\/\/psol50.org.br\/rest\/wp\/v2\/users\/2"}],"replies":[{"embeddable":true,"href":"https:\/\/psol50.org.br\/rest\/wp\/v2\/comments?post=4268"}],"version-history":[{"count":0,"href":"https:\/\/psol50.org.br\/rest\/wp\/v2\/posts\/4268\/revisions"}],"wp:attachment":[{"href":"https:\/\/psol50.org.br\/rest\/wp\/v2\/media?parent=4268"}],"wp:term":[{"taxonomy":"category","embeddable":true,"href":"https:\/\/psol50.org.br\/rest\/wp\/v2\/categories?post=4268"},{"taxonomy":"post_tag","embeddable":true,"href":"https:\/\/psol50.org.br\/rest\/wp\/v2\/tags?post=4268"}],"curies":[{"name":"wp","href":"https:\/\/api.w.org\/{rel}","templated":true}]}}