{"id":42705,"date":"2026-03-13T15:53:01","date_gmt":"2026-03-13T18:53:01","guid":{"rendered":"https:\/\/psol50.org.br\/?p=42705"},"modified":"2026-03-13T15:53:50","modified_gmt":"2026-03-13T18:53:50","slug":"psol-sc-entra-na-justica-contra-ice-de-floripa","status":"publish","type":"post","link":"https:\/\/psol50.org.br\/psol-sc-entra-na-justica-contra-ice-de-floripa\/","title":{"rendered":"\u201cICE de Floripa\u201d: PSOL-SC entra na Justi\u00e7a contra atua\u00e7\u00e3o ilegal da nova &#8220;mil\u00edcia\u201d"},"content":{"rendered":"<p>O PSOL em Santa Catarina entrou com uma a\u00e7\u00e3o direta de inconstitucionalidade no Tribunal de Justi\u00e7a de Santa Catarina para suspender a atua\u00e7\u00e3o de volunt\u00e1rios em atividades de seguran\u00e7a p\u00fablica em Florian\u00f3polis. O partido pede uma medida cautelar para interromper imediatamente o programa conhecido como \u201cICE de Floripa\u201d, que come\u00e7ou a operar em dezembro.<\/p>\n<p>A a\u00e7\u00e3o questiona a Lei Municipal n\u00ba 11.498, sancionada em novembro de 2025 pelo prefeito Top\u00e1zio Silveira Neto. A norma autoriza volunt\u00e1rios a participarem de atividades operacionais ligadas \u00e0 Secretaria Municipal de Seguran\u00e7a e Ordem P\u00fablica. Para o PSOL, a medida invade compet\u00eancias exclusivas da Uni\u00e3o ao criar, na pr\u00e1tica, uma nova estrutura de seguran\u00e7a municipal.<\/p>\n<p>O partido defende que a cria\u00e7\u00e3o dos chamados \u201cagentes comunit\u00e1rios de seguran\u00e7a e ordem p\u00fablica\u201d representa uma usurpa\u00e7\u00e3o da compet\u00eancia legislativa federal. A Constitui\u00e7\u00e3o determina que normas sobre organiza\u00e7\u00e3o e funcionamento das pol\u00edcias militares e dos corpos de bombeiros s\u00e3o responsabilidade da Uni\u00e3o.<\/p>\n<p>O processo afirma que a lei municipal cria uma esp\u00e9cie de \u201cmil\u00edcia institucionalizada\u201d, j\u00e1 que permite que volunt\u00e1rios atuem em fun\u00e7\u00f5es t\u00edpicas de seguran\u00e7a p\u00fablica, como abordagens e fiscaliza\u00e7\u00e3o. A peti\u00e7\u00e3o tamb\u00e9m destaca que a legisla\u00e7\u00e3o federal que regula o trabalho volunt\u00e1rio na \u00e1rea, a Lei n\u00ba 10.029\/2000, limita esse tipo de atua\u00e7\u00e3o a fun\u00e7\u00f5es administrativas ou auxiliares, e n\u00e3o a atividades operacionais.<\/p>\n<p>Outro ponto levantado \u00e9 a estrutura do programa, que prev\u00ea sele\u00e7\u00e3o simplificada e treinamento considerado insuficiente. Para o PSOL, permitir que pessoas sem forma\u00e7\u00e3o adequada atuem em tarefas de seguran\u00e7a p\u00fablica pode gerar riscos \u00e0 popula\u00e7\u00e3o.<\/p>\n<p>A a\u00e7\u00e3o ganhou repercuss\u00e3o ap\u00f3s den\u00fancia do vereador Leonel Camas\u00e3o (PSOL-SC), que encaminhou ao Minist\u00e9rio P\u00fablico um v\u00eddeo em que volunt\u00e1rios aparecem abordando de forma truculenta uma pessoa em situa\u00e7\u00e3o de rua. Diante disso, o partido pede que a Justi\u00e7a suspenda imediatamente o programa at\u00e9 o julgamento definitivo da a\u00e7\u00e3o.<\/p>\n","protected":false},"excerpt":{"rendered":"<p>O PSOL em Santa Catarina entrou com uma a\u00e7\u00e3o direta de inconstitucionalidade no Tribunal de Justi\u00e7a de Santa Catarina para suspender a atua\u00e7\u00e3o de volunt\u00e1rios em atividades de seguran\u00e7a p\u00fablica em Florian\u00f3polis. O partido pede uma medida cautelar para interromper imediatamente o programa conhecido como \u201cICE de Floripa\u201d, que come\u00e7ou a operar em dezembro. A [&hellip;]<\/p>\n","protected":false},"author":2,"featured_media":42707,"comment_status":"closed","ping_status":"open","sticky":false,"template":"","format":"standard","meta":{"_acf_changed":false,"footnotes":""},"categories":[654],"tags":[4825],"class_list":{"0":"post-42705","1":"post","2":"type-post","3":"status-publish","4":"format-standard","5":"has-post-thumbnail","7":"category-estados","8":"tag-noticias"},"acf":[],"yoast_head":"<!-- This site is optimized with the Yoast SEO plugin v26.5 - https:\/\/yoast.com\/wordpress\/plugins\/seo\/ -->\n<title>\u201cICE de Floripa\u201d: PSOL-SC entra na Justi\u00e7a contra atua\u00e7\u00e3o ilegal da nova &quot;mil\u00edcia\u201d - PSOL 50<\/title>\n<meta name=\"description\" content=\"O PSOL em Santa Catarina entrou com uma a\u00e7\u00e3o no Tribunal de Justi\u00e7a para acabar com a atua\u00e7\u00e3o ilegal de guardas volunt\u00e1rios. Veja.\" \/>\n<meta name=\"robots\" content=\"index, follow, max-snippet:-1, max-image-preview:large, max-video-preview:-1\" \/>\n<link rel=\"canonical\" href=\"https:\/\/psol50.org.br\/psol-sc-entra-na-justica-contra-ice-de-floripa\/\" \/>\n<meta property=\"og:locale\" content=\"pt_BR\" \/>\n<meta property=\"og:type\" content=\"article\" \/>\n<meta property=\"og:title\" content=\"\u201cICE de Floripa\u201d: PSOL-SC entra na Justi\u00e7a contra atua\u00e7\u00e3o ilegal da nova &quot;mil\u00edcia\u201d - PSOL 50\" \/>\n<meta property=\"og:description\" content=\"O PSOL em Santa Catarina entrou com uma a\u00e7\u00e3o no Tribunal de Justi\u00e7a para acabar com a atua\u00e7\u00e3o ilegal de guardas volunt\u00e1rios. Veja.\" \/>\n<meta property=\"og:url\" content=\"https:\/\/psol50.org.br\/psol-sc-entra-na-justica-contra-ice-de-floripa\/\" \/>\n<meta property=\"og:site_name\" content=\"PSOL 50\" \/>\n<meta property=\"article:publisher\" content=\"https:\/\/www.facebook.com\/psol50\" \/>\n<meta property=\"article:published_time\" content=\"2026-03-13T18:53:01+00:00\" \/>\n<meta property=\"article:modified_time\" content=\"2026-03-13T18:53:50+00:00\" \/>\n<meta property=\"og:image\" content=\"https:\/\/psol50.org.br\/inc\/uploads\/2026\/03\/ICEdeFloripa.webp\" \/>\n\t<meta property=\"og:image:width\" content=\"888\" \/>\n\t<meta property=\"og:image:height\" content=\"592\" \/>\n\t<meta property=\"og:image:type\" content=\"image\/webp\" \/>\n<meta name=\"author\" content=\"Comunica\u00e7\u00e3o PSOL\" \/>\n<meta name=\"twitter:card\" content=\"summary_large_image\" \/>\n<meta name=\"twitter:creator\" content=\"@psol50\" \/>\n<meta name=\"twitter:site\" content=\"@psol50\" \/>\n<meta name=\"twitter:label1\" content=\"Escrito por\" \/>\n\t<meta name=\"twitter:data1\" content=\"Comunica\u00e7\u00e3o PSOL\" \/>\n\t<meta name=\"twitter:label2\" content=\"Est. tempo de leitura\" \/>\n\t<meta name=\"twitter:data2\" content=\"2 minutos\" \/>\n<script type=\"application\/ld+json\" class=\"yoast-schema-graph\">{\"@context\":\"https:\/\/schema.org\",\"@graph\":[{\"@type\":\"Article\",\"@id\":\"https:\/\/psol50.org.br\/psol-sc-entra-na-justica-contra-ice-de-floripa\/#article\",\"isPartOf\":{\"@id\":\"https:\/\/psol50.org.br\/psol-sc-entra-na-justica-contra-ice-de-floripa\/\"},\"author\":{\"name\":\"Comunica\u00e7\u00e3o PSOL\",\"@id\":\"https:\/\/psol50.org.br\/#\/schema\/person\/475dfa57d0b815993c714c2e96491fcd\"},\"headline\":\"\u201cICE de Floripa\u201d: PSOL-SC entra na Justi\u00e7a contra atua\u00e7\u00e3o ilegal da nova &#8220;mil\u00edcia\u201d\",\"datePublished\":\"2026-03-13T18:53:01+00:00\",\"dateModified\":\"2026-03-13T18:53:50+00:00\",\"mainEntityOfPage\":{\"@id\":\"https:\/\/psol50.org.br\/psol-sc-entra-na-justica-contra-ice-de-floripa\/\"},\"wordCount\":372,\"publisher\":{\"@id\":\"https:\/\/psol50.org.br\/#organization\"},\"image\":{\"@id\":\"https:\/\/psol50.org.br\/psol-sc-entra-na-justica-contra-ice-de-floripa\/#primaryimage\"},\"thumbnailUrl\":\"https:\/\/psol50.org.br\/inc\/uploads\/2026\/03\/ICEdeFloripa.webp\",\"keywords\":[\"Not\u00edcias\"],\"articleSection\":[\"Estados\"],\"inLanguage\":\"pt-BR\"},{\"@type\":\"WebPage\",\"@id\":\"https:\/\/psol50.org.br\/psol-sc-entra-na-justica-contra-ice-de-floripa\/\",\"url\":\"https:\/\/psol50.org.br\/psol-sc-entra-na-justica-contra-ice-de-floripa\/\",\"name\":\"\u201cICE de Floripa\u201d: PSOL-SC entra na Justi\u00e7a contra atua\u00e7\u00e3o ilegal da nova \\\"mil\u00edcia\u201d - PSOL 50\",\"isPartOf\":{\"@id\":\"https:\/\/psol50.org.br\/#website\"},\"primaryImageOfPage\":{\"@id\":\"https:\/\/psol50.org.br\/psol-sc-entra-na-justica-contra-ice-de-floripa\/#primaryimage\"},\"image\":{\"@id\":\"https:\/\/psol50.org.br\/psol-sc-entra-na-justica-contra-ice-de-floripa\/#primaryimage\"},\"thumbnailUrl\":\"https:\/\/psol50.org.br\/inc\/uploads\/2026\/03\/ICEdeFloripa.webp\",\"datePublished\":\"2026-03-13T18:53:01+00:00\",\"dateModified\":\"2026-03-13T18:53:50+00:00\",\"description\":\"O PSOL em Santa Catarina entrou com uma a\u00e7\u00e3o no Tribunal de Justi\u00e7a para acabar com a atua\u00e7\u00e3o ilegal de guardas volunt\u00e1rios. Veja.\",\"breadcrumb\":{\"@id\":\"https:\/\/psol50.org.br\/psol-sc-entra-na-justica-contra-ice-de-floripa\/#breadcrumb\"},\"inLanguage\":\"pt-BR\",\"potentialAction\":[{\"@type\":\"ReadAction\",\"target\":[\"https:\/\/psol50.org.br\/psol-sc-entra-na-justica-contra-ice-de-floripa\/\"]}]},{\"@type\":\"ImageObject\",\"inLanguage\":\"pt-BR\",\"@id\":\"https:\/\/psol50.org.br\/psol-sc-entra-na-justica-contra-ice-de-floripa\/#primaryimage\",\"url\":\"https:\/\/psol50.org.br\/inc\/uploads\/2026\/03\/ICEdeFloripa.webp\",\"contentUrl\":\"https:\/\/psol50.org.br\/inc\/uploads\/2026\/03\/ICEdeFloripa.webp\",\"width\":888,\"height\":592,\"caption\":\"Foto: reprodu\u00e7\u00e3o\"},{\"@type\":\"BreadcrumbList\",\"@id\":\"https:\/\/psol50.org.br\/psol-sc-entra-na-justica-contra-ice-de-floripa\/#breadcrumb\",\"itemListElement\":[{\"@type\":\"ListItem\",\"position\":1,\"name\":\"In\u00edcio\",\"item\":\"https:\/\/psol50.org.br\/\"},{\"@type\":\"ListItem\",\"position\":2,\"name\":\"\u201cICE de Floripa\u201d: PSOL-SC entra na Justi\u00e7a contra atua\u00e7\u00e3o ilegal da nova &#8220;mil\u00edcia\u201d\"}]},{\"@type\":\"WebSite\",\"@id\":\"https:\/\/psol50.org.br\/#website\",\"url\":\"https:\/\/psol50.org.br\/\",\"name\":\"PSOL 50\",\"description\":\"Site oficial do Partido Socialismo e Liberdade\",\"publisher\":{\"@id\":\"https:\/\/psol50.org.br\/#organization\"},\"alternateName\":\"PSOL50\",\"potentialAction\":[{\"@type\":\"SearchAction\",\"target\":{\"@type\":\"EntryPoint\",\"urlTemplate\":\"https:\/\/psol50.org.br\/?s={search_term_string}\"},\"query-input\":{\"@type\":\"PropertyValueSpecification\",\"valueRequired\":true,\"valueName\":\"search_term_string\"}}],\"inLanguage\":\"pt-BR\"},{\"@type\":\"Organization\",\"@id\":\"https:\/\/psol50.org.br\/#organization\",\"name\":\"PSOL 50\",\"alternateName\":\"PSOL 50\",\"url\":\"https:\/\/psol50.org.br\/\",\"logo\":{\"@type\":\"ImageObject\",\"inLanguage\":\"pt-BR\",\"@id\":\"https:\/\/psol50.org.br\/#\/schema\/logo\/image\/\",\"url\":\"https:\/\/psol50.org.br\/inc\/uploads\/2018\/07\/capa.png\",\"contentUrl\":\"https:\/\/psol50.org.br\/inc\/uploads\/2018\/07\/capa.png\",\"width\":1350,\"height\":900,\"caption\":\"PSOL 50\"},\"image\":{\"@id\":\"https:\/\/psol50.org.br\/#\/schema\/logo\/image\/\"},\"sameAs\":[\"https:\/\/www.facebook.com\/psol50\",\"https:\/\/x.com\/psol50\",\"https:\/\/www.instagram.com\/psol50\/\",\"https:\/\/www.youtube.com\/channel\/UC7SnJS5o1os7a6CaiNabzcg\"]},{\"@type\":\"Person\",\"@id\":\"https:\/\/psol50.org.br\/#\/schema\/person\/475dfa57d0b815993c714c2e96491fcd\",\"name\":\"Comunica\u00e7\u00e3o PSOL\",\"image\":{\"@type\":\"ImageObject\",\"inLanguage\":\"pt-BR\",\"@id\":\"https:\/\/psol50.org.br\/#\/schema\/person\/image\/\",\"url\":\"https:\/\/secure.gravatar.com\/avatar\/b34fc4f4e468a4e51785917065a3db57b841f5c95dba6ad8c73aaf8f66f8f9bf?s=96&d=mm&r=g\",\"contentUrl\":\"https:\/\/secure.gravatar.com\/avatar\/b34fc4f4e468a4e51785917065a3db57b841f5c95dba6ad8c73aaf8f66f8f9bf?s=96&d=mm&r=g\",\"caption\":\"Comunica\u00e7\u00e3o PSOL\"}}]}<\/script>\n<!-- \/ Yoast SEO plugin. -->","yoast_head_json":{"title":"\u201cICE de Floripa\u201d: PSOL-SC entra na Justi\u00e7a contra atua\u00e7\u00e3o ilegal da nova \"mil\u00edcia\u201d - PSOL 50","description":"O PSOL em Santa Catarina entrou com uma a\u00e7\u00e3o no Tribunal de Justi\u00e7a para acabar com a atua\u00e7\u00e3o ilegal de guardas volunt\u00e1rios. Veja.","robots":{"index":"index","follow":"follow","max-snippet":"max-snippet:-1","max-image-preview":"max-image-preview:large","max-video-preview":"max-video-preview:-1"},"canonical":"https:\/\/psol50.org.br\/psol-sc-entra-na-justica-contra-ice-de-floripa\/","og_locale":"pt_BR","og_type":"article","og_title":"\u201cICE de Floripa\u201d: PSOL-SC entra na Justi\u00e7a contra atua\u00e7\u00e3o ilegal da nova \"mil\u00edcia\u201d - PSOL 50","og_description":"O PSOL em Santa Catarina entrou com uma a\u00e7\u00e3o no Tribunal de Justi\u00e7a para acabar com a atua\u00e7\u00e3o ilegal de guardas volunt\u00e1rios. Veja.","og_url":"https:\/\/psol50.org.br\/psol-sc-entra-na-justica-contra-ice-de-floripa\/","og_site_name":"PSOL 50","article_publisher":"https:\/\/www.facebook.com\/psol50","article_published_time":"2026-03-13T18:53:01+00:00","article_modified_time":"2026-03-13T18:53:50+00:00","og_image":[{"width":888,"height":592,"url":"https:\/\/psol50.org.br\/inc\/uploads\/2026\/03\/ICEdeFloripa.webp","type":"image\/webp"}],"author":"Comunica\u00e7\u00e3o PSOL","twitter_card":"summary_large_image","twitter_creator":"@psol50","twitter_site":"@psol50","twitter_misc":{"Escrito por":"Comunica\u00e7\u00e3o PSOL","Est. tempo de leitura":"2 minutos"},"schema":{"@context":"https:\/\/schema.org","@graph":[{"@type":"Article","@id":"https:\/\/psol50.org.br\/psol-sc-entra-na-justica-contra-ice-de-floripa\/#article","isPartOf":{"@id":"https:\/\/psol50.org.br\/psol-sc-entra-na-justica-contra-ice-de-floripa\/"},"author":{"name":"Comunica\u00e7\u00e3o PSOL","@id":"https:\/\/psol50.org.br\/#\/schema\/person\/475dfa57d0b815993c714c2e96491fcd"},"headline":"\u201cICE de Floripa\u201d: PSOL-SC entra na Justi\u00e7a contra atua\u00e7\u00e3o ilegal da nova &#8220;mil\u00edcia\u201d","datePublished":"2026-03-13T18:53:01+00:00","dateModified":"2026-03-13T18:53:50+00:00","mainEntityOfPage":{"@id":"https:\/\/psol50.org.br\/psol-sc-entra-na-justica-contra-ice-de-floripa\/"},"wordCount":372,"publisher":{"@id":"https:\/\/psol50.org.br\/#organization"},"image":{"@id":"https:\/\/psol50.org.br\/psol-sc-entra-na-justica-contra-ice-de-floripa\/#primaryimage"},"thumbnailUrl":"https:\/\/psol50.org.br\/inc\/uploads\/2026\/03\/ICEdeFloripa.webp","keywords":["Not\u00edcias"],"articleSection":["Estados"],"inLanguage":"pt-BR"},{"@type":"WebPage","@id":"https:\/\/psol50.org.br\/psol-sc-entra-na-justica-contra-ice-de-floripa\/","url":"https:\/\/psol50.org.br\/psol-sc-entra-na-justica-contra-ice-de-floripa\/","name":"\u201cICE de Floripa\u201d: PSOL-SC entra na Justi\u00e7a contra atua\u00e7\u00e3o ilegal da nova \"mil\u00edcia\u201d - PSOL 50","isPartOf":{"@id":"https:\/\/psol50.org.br\/#website"},"primaryImageOfPage":{"@id":"https:\/\/psol50.org.br\/psol-sc-entra-na-justica-contra-ice-de-floripa\/#primaryimage"},"image":{"@id":"https:\/\/psol50.org.br\/psol-sc-entra-na-justica-contra-ice-de-floripa\/#primaryimage"},"thumbnailUrl":"https:\/\/psol50.org.br\/inc\/uploads\/2026\/03\/ICEdeFloripa.webp","datePublished":"2026-03-13T18:53:01+00:00","dateModified":"2026-03-13T18:53:50+00:00","description":"O PSOL em Santa Catarina entrou com uma a\u00e7\u00e3o no Tribunal de Justi\u00e7a para acabar com a atua\u00e7\u00e3o ilegal de guardas volunt\u00e1rios. Veja.","breadcrumb":{"@id":"https:\/\/psol50.org.br\/psol-sc-entra-na-justica-contra-ice-de-floripa\/#breadcrumb"},"inLanguage":"pt-BR","potentialAction":[{"@type":"ReadAction","target":["https:\/\/psol50.org.br\/psol-sc-entra-na-justica-contra-ice-de-floripa\/"]}]},{"@type":"ImageObject","inLanguage":"pt-BR","@id":"https:\/\/psol50.org.br\/psol-sc-entra-na-justica-contra-ice-de-floripa\/#primaryimage","url":"https:\/\/psol50.org.br\/inc\/uploads\/2026\/03\/ICEdeFloripa.webp","contentUrl":"https:\/\/psol50.org.br\/inc\/uploads\/2026\/03\/ICEdeFloripa.webp","width":888,"height":592,"caption":"Foto: reprodu\u00e7\u00e3o"},{"@type":"BreadcrumbList","@id":"https:\/\/psol50.org.br\/psol-sc-entra-na-justica-contra-ice-de-floripa\/#breadcrumb","itemListElement":[{"@type":"ListItem","position":1,"name":"In\u00edcio","item":"https:\/\/psol50.org.br\/"},{"@type":"ListItem","position":2,"name":"\u201cICE de Floripa\u201d: PSOL-SC entra na Justi\u00e7a contra atua\u00e7\u00e3o ilegal da nova &#8220;mil\u00edcia\u201d"}]},{"@type":"WebSite","@id":"https:\/\/psol50.org.br\/#website","url":"https:\/\/psol50.org.br\/","name":"PSOL 50","description":"Site oficial do Partido Socialismo e Liberdade","publisher":{"@id":"https:\/\/psol50.org.br\/#organization"},"alternateName":"PSOL50","potentialAction":[{"@type":"SearchAction","target":{"@type":"EntryPoint","urlTemplate":"https:\/\/psol50.org.br\/?s={search_term_string}"},"query-input":{"@type":"PropertyValueSpecification","valueRequired":true,"valueName":"search_term_string"}}],"inLanguage":"pt-BR"},{"@type":"Organization","@id":"https:\/\/psol50.org.br\/#organization","name":"PSOL 50","alternateName":"PSOL 50","url":"https:\/\/psol50.org.br\/","logo":{"@type":"ImageObject","inLanguage":"pt-BR","@id":"https:\/\/psol50.org.br\/#\/schema\/logo\/image\/","url":"https:\/\/psol50.org.br\/inc\/uploads\/2018\/07\/capa.png","contentUrl":"https:\/\/psol50.org.br\/inc\/uploads\/2018\/07\/capa.png","width":1350,"height":900,"caption":"PSOL 50"},"image":{"@id":"https:\/\/psol50.org.br\/#\/schema\/logo\/image\/"},"sameAs":["https:\/\/www.facebook.com\/psol50","https:\/\/x.com\/psol50","https:\/\/www.instagram.com\/psol50\/","https:\/\/www.youtube.com\/channel\/UC7SnJS5o1os7a6CaiNabzcg"]},{"@type":"Person","@id":"https:\/\/psol50.org.br\/#\/schema\/person\/475dfa57d0b815993c714c2e96491fcd","name":"Comunica\u00e7\u00e3o PSOL","image":{"@type":"ImageObject","inLanguage":"pt-BR","@id":"https:\/\/psol50.org.br\/#\/schema\/person\/image\/","url":"https:\/\/secure.gravatar.com\/avatar\/b34fc4f4e468a4e51785917065a3db57b841f5c95dba6ad8c73aaf8f66f8f9bf?s=96&d=mm&r=g","contentUrl":"https:\/\/secure.gravatar.com\/avatar\/b34fc4f4e468a4e51785917065a3db57b841f5c95dba6ad8c73aaf8f66f8f9bf?s=96&d=mm&r=g","caption":"Comunica\u00e7\u00e3o PSOL"}}]}},"_links":{"self":[{"href":"https:\/\/psol50.org.br\/rest\/wp\/v2\/posts\/42705","targetHints":{"allow":["GET"]}}],"collection":[{"href":"https:\/\/psol50.org.br\/rest\/wp\/v2\/posts"}],"about":[{"href":"https:\/\/psol50.org.br\/rest\/wp\/v2\/types\/post"}],"author":[{"embeddable":true,"href":"https:\/\/psol50.org.br\/rest\/wp\/v2\/users\/2"}],"replies":[{"embeddable":true,"href":"https:\/\/psol50.org.br\/rest\/wp\/v2\/comments?post=42705"}],"version-history":[{"count":2,"href":"https:\/\/psol50.org.br\/rest\/wp\/v2\/posts\/42705\/revisions"}],"predecessor-version":[{"id":42708,"href":"https:\/\/psol50.org.br\/rest\/wp\/v2\/posts\/42705\/revisions\/42708"}],"wp:featuredmedia":[{"embeddable":true,"href":"https:\/\/psol50.org.br\/rest\/wp\/v2\/media\/42707"}],"wp:attachment":[{"href":"https:\/\/psol50.org.br\/rest\/wp\/v2\/media?parent=42705"}],"wp:term":[{"taxonomy":"category","embeddable":true,"href":"https:\/\/psol50.org.br\/rest\/wp\/v2\/categories?post=42705"},{"taxonomy":"post_tag","embeddable":true,"href":"https:\/\/psol50.org.br\/rest\/wp\/v2\/tags?post=42705"}],"curies":[{"name":"wp","href":"https:\/\/api.w.org\/{rel}","templated":true}]}}