{"id":42715,"date":"2026-03-17T14:23:12","date_gmt":"2026-03-17T17:23:12","guid":{"rendered":"https:\/\/psol50.org.br\/?p=42715"},"modified":"2026-03-17T14:23:12","modified_gmt":"2026-03-17T17:23:12","slug":"parlamentares-do-psol-pedem-investigacao-no-ita-por-alunos-se-inspirarem-no-caso-epstein","status":"publish","type":"post","link":"https:\/\/psol50.org.br\/parlamentares-do-psol-pedem-investigacao-no-ita-por-alunos-se-inspirarem-no-caso-epstein\/","title":{"rendered":"Parlamentares do PSOL pedem investiga\u00e7\u00e3o no ITA por alunos se inspirarem no caso Epstein"},"content":{"rendered":"<p>A Bancada Feminista do PSOL na Assembleia Legislativa de S\u00e3o Paulo (Alesp) e o tamb\u00e9m deputado estadual Guilherme Cortez (PSOL-SP) acionaram nesta segunda-feira (16) o Minist\u00e9rio P\u00fablico Federal (MPF) para pedir a instaura\u00e7\u00e3o de inqu\u00e9rito no Instituto Tecnol\u00f3gico de Aeron\u00e1utica (ITA).<\/p>\n<p>A a\u00e7\u00e3o foi apresentada depois que alunos do curso de engenharia de computa\u00e7\u00e3o do ITA apresentaram em sala de aula um jogo de computador &#8220;inspirado&#8221; no caso Epstein. O enredo do projeto re\u00fane uma adolescente de 15 anos que \u00e9 mantida em sequestro por seis homens em uma ilha e \u00e9 obrigada a fugir. Durante a apresenta\u00e7\u00e3o, havia a foto de\u00a0Jeffrey Epstein em um dos slides.<\/p>\n<p>Os parlamentares do PSOL pleitearam, al\u00e9m da instaura\u00e7\u00e3o de inqu\u00e9rito, que o ITA passe a aderir a um pacto nacional de enfrentamento \u00e0 viol\u00eancia de g\u00eanero, iniciativa do pr\u00f3prio Minist\u00e9rio P\u00fablico.<\/p>\n<p>Cortez tamb\u00e9m enviou ao ministro da Defesa, Jos\u00e9 M\u00facio Monteiro, um of\u00edcio para que seja realizado procedimento administrativo pelo fato de o ITA ser uma institui\u00e7\u00e3o p\u00fablica federal militar.<\/p>\n<p>\u201cNossas institui\u00e7\u00f5es p\u00fablicas de ensino precisam desenvolver tecnologias para resolver os problemas da sociedade e n\u00e3o aprofund\u00e1-los\u201d, disse Cortez.<\/p>\n","protected":false},"excerpt":{"rendered":"<p>A Bancada Feminista do PSOL na Assembleia Legislativa de S\u00e3o Paulo (Alesp) e o tamb\u00e9m deputado estadual Guilherme Cortez (PSOL-SP) acionaram nesta segunda-feira (16) o Minist\u00e9rio P\u00fablico Federal (MPF) para pedir a instaura\u00e7\u00e3o de inqu\u00e9rito no Instituto Tecnol\u00f3gico de Aeron\u00e1utica (ITA). A a\u00e7\u00e3o foi apresentada depois que alunos do curso de engenharia de computa\u00e7\u00e3o do [&hellip;]<\/p>\n","protected":false},"author":2,"featured_media":42719,"comment_status":"closed","ping_status":"open","sticky":false,"template":"","format":"standard","meta":{"_acf_changed":false,"footnotes":""},"categories":[10],"tags":[4825],"class_list":{"0":"post-42715","1":"post","2":"type-post","3":"status-publish","4":"format-standard","5":"has-post-thumbnail","7":"category-acao-parlamentares","8":"tag-noticias"},"acf":[],"yoast_head":"<!-- This site is optimized with the Yoast SEO plugin v26.5 - https:\/\/yoast.com\/wordpress\/plugins\/seo\/ -->\n<title>Parlamentares do PSOL pedem investiga\u00e7\u00e3o no ITA por alunos se inspirarem no caso Epstein<\/title>\n<meta name=\"description\" content=\"Bancada Feminista do PSOL e Guilherme Cortez acionaram o Minist\u00e9rio P\u00fablico Federal para instaurar inqu\u00e9rito no Instituto Tecnol\u00f3gico de Aeron\u00e1utica.\" \/>\n<meta name=\"robots\" content=\"index, follow, max-snippet:-1, max-image-preview:large, max-video-preview:-1\" \/>\n<link rel=\"canonical\" href=\"https:\/\/psol50.org.br\/parlamentares-do-psol-pedem-investigacao-no-ita-por-alunos-se-inspirarem-no-caso-epstein\/\" \/>\n<meta property=\"og:locale\" content=\"pt_BR\" \/>\n<meta property=\"og:type\" content=\"article\" \/>\n<meta property=\"og:title\" content=\"Parlamentares do PSOL pedem investiga\u00e7\u00e3o no ITA por alunos se inspirarem no caso Epstein\" \/>\n<meta property=\"og:description\" content=\"Bancada Feminista do PSOL e Guilherme Cortez acionaram o Minist\u00e9rio P\u00fablico Federal para instaurar inqu\u00e9rito no Instituto Tecnol\u00f3gico de Aeron\u00e1utica.\" \/>\n<meta property=\"og:url\" content=\"https:\/\/psol50.org.br\/parlamentares-do-psol-pedem-investigacao-no-ita-por-alunos-se-inspirarem-no-caso-epstein\/\" \/>\n<meta property=\"og:site_name\" content=\"PSOL 50\" \/>\n<meta property=\"article:publisher\" content=\"https:\/\/www.facebook.com\/psol50\" \/>\n<meta property=\"article:published_time\" content=\"2026-03-17T17:23:12+00:00\" \/>\n<meta property=\"og:image\" content=\"https:\/\/psol50.org.br\/inc\/uploads\/2026\/03\/653704555_1938190270169423_8592846426158215603_n-e1773768024158.jpg\" \/>\n\t<meta property=\"og:image:width\" content=\"1080\" \/>\n\t<meta property=\"og:image:height\" content=\"738\" \/>\n\t<meta property=\"og:image:type\" content=\"image\/jpeg\" \/>\n<meta name=\"author\" content=\"Comunica\u00e7\u00e3o PSOL\" \/>\n<meta name=\"twitter:card\" content=\"summary_large_image\" \/>\n<meta name=\"twitter:creator\" content=\"@psol50\" \/>\n<meta name=\"twitter:site\" content=\"@psol50\" \/>\n<meta name=\"twitter:label1\" content=\"Escrito por\" \/>\n\t<meta name=\"twitter:data1\" content=\"Comunica\u00e7\u00e3o PSOL\" \/>\n\t<meta name=\"twitter:label2\" content=\"Est. tempo de leitura\" \/>\n\t<meta name=\"twitter:data2\" content=\"1 minuto\" \/>\n<script type=\"application\/ld+json\" class=\"yoast-schema-graph\">{\"@context\":\"https:\/\/schema.org\",\"@graph\":[{\"@type\":\"Article\",\"@id\":\"https:\/\/psol50.org.br\/parlamentares-do-psol-pedem-investigacao-no-ita-por-alunos-se-inspirarem-no-caso-epstein\/#article\",\"isPartOf\":{\"@id\":\"https:\/\/psol50.org.br\/parlamentares-do-psol-pedem-investigacao-no-ita-por-alunos-se-inspirarem-no-caso-epstein\/\"},\"author\":{\"name\":\"Comunica\u00e7\u00e3o PSOL\",\"@id\":\"https:\/\/psol50.org.br\/#\/schema\/person\/475dfa57d0b815993c714c2e96491fcd\"},\"headline\":\"Parlamentares do PSOL pedem investiga\u00e7\u00e3o no ITA por alunos se inspirarem no caso Epstein\",\"datePublished\":\"2026-03-17T17:23:12+00:00\",\"mainEntityOfPage\":{\"@id\":\"https:\/\/psol50.org.br\/parlamentares-do-psol-pedem-investigacao-no-ita-por-alunos-se-inspirarem-no-caso-epstein\/\"},\"wordCount\":226,\"publisher\":{\"@id\":\"https:\/\/psol50.org.br\/#organization\"},\"image\":{\"@id\":\"https:\/\/psol50.org.br\/parlamentares-do-psol-pedem-investigacao-no-ita-por-alunos-se-inspirarem-no-caso-epstein\/#primaryimage\"},\"thumbnailUrl\":\"https:\/\/psol50.org.br\/inc\/uploads\/2026\/03\/653704555_1938190270169423_8592846426158215603_n-e1773768024158.jpg\",\"keywords\":[\"Not\u00edcias\"],\"articleSection\":[\"A\u00e7\u00e3o Parlamentar\"],\"inLanguage\":\"pt-BR\"},{\"@type\":\"WebPage\",\"@id\":\"https:\/\/psol50.org.br\/parlamentares-do-psol-pedem-investigacao-no-ita-por-alunos-se-inspirarem-no-caso-epstein\/\",\"url\":\"https:\/\/psol50.org.br\/parlamentares-do-psol-pedem-investigacao-no-ita-por-alunos-se-inspirarem-no-caso-epstein\/\",\"name\":\"Parlamentares do PSOL pedem investiga\u00e7\u00e3o no ITA por alunos se inspirarem no caso Epstein\",\"isPartOf\":{\"@id\":\"https:\/\/psol50.org.br\/#website\"},\"primaryImageOfPage\":{\"@id\":\"https:\/\/psol50.org.br\/parlamentares-do-psol-pedem-investigacao-no-ita-por-alunos-se-inspirarem-no-caso-epstein\/#primaryimage\"},\"image\":{\"@id\":\"https:\/\/psol50.org.br\/parlamentares-do-psol-pedem-investigacao-no-ita-por-alunos-se-inspirarem-no-caso-epstein\/#primaryimage\"},\"thumbnailUrl\":\"https:\/\/psol50.org.br\/inc\/uploads\/2026\/03\/653704555_1938190270169423_8592846426158215603_n-e1773768024158.jpg\",\"datePublished\":\"2026-03-17T17:23:12+00:00\",\"description\":\"Bancada Feminista do PSOL e Guilherme Cortez acionaram o Minist\u00e9rio P\u00fablico Federal para instaurar inqu\u00e9rito no Instituto Tecnol\u00f3gico de Aeron\u00e1utica.\",\"breadcrumb\":{\"@id\":\"https:\/\/psol50.org.br\/parlamentares-do-psol-pedem-investigacao-no-ita-por-alunos-se-inspirarem-no-caso-epstein\/#breadcrumb\"},\"inLanguage\":\"pt-BR\",\"potentialAction\":[{\"@type\":\"ReadAction\",\"target\":[\"https:\/\/psol50.org.br\/parlamentares-do-psol-pedem-investigacao-no-ita-por-alunos-se-inspirarem-no-caso-epstein\/\"]}]},{\"@type\":\"ImageObject\",\"inLanguage\":\"pt-BR\",\"@id\":\"https:\/\/psol50.org.br\/parlamentares-do-psol-pedem-investigacao-no-ita-por-alunos-se-inspirarem-no-caso-epstein\/#primaryimage\",\"url\":\"https:\/\/psol50.org.br\/inc\/uploads\/2026\/03\/653704555_1938190270169423_8592846426158215603_n-e1773768024158.jpg\",\"contentUrl\":\"https:\/\/psol50.org.br\/inc\/uploads\/2026\/03\/653704555_1938190270169423_8592846426158215603_n-e1773768024158.jpg\",\"width\":1080,\"height\":738,\"caption\":\"Foto: Reprodu\u00e7\u00e3o\"},{\"@type\":\"BreadcrumbList\",\"@id\":\"https:\/\/psol50.org.br\/parlamentares-do-psol-pedem-investigacao-no-ita-por-alunos-se-inspirarem-no-caso-epstein\/#breadcrumb\",\"itemListElement\":[{\"@type\":\"ListItem\",\"position\":1,\"name\":\"In\u00edcio\",\"item\":\"https:\/\/psol50.org.br\/\"},{\"@type\":\"ListItem\",\"position\":2,\"name\":\"Parlamentares do PSOL pedem investiga\u00e7\u00e3o no ITA por alunos se inspirarem no caso Epstein\"}]},{\"@type\":\"WebSite\",\"@id\":\"https:\/\/psol50.org.br\/#website\",\"url\":\"https:\/\/psol50.org.br\/\",\"name\":\"PSOL 50\",\"description\":\"Site oficial do Partido Socialismo e Liberdade\",\"publisher\":{\"@id\":\"https:\/\/psol50.org.br\/#organization\"},\"alternateName\":\"PSOL50\",\"potentialAction\":[{\"@type\":\"SearchAction\",\"target\":{\"@type\":\"EntryPoint\",\"urlTemplate\":\"https:\/\/psol50.org.br\/?s={search_term_string}\"},\"query-input\":{\"@type\":\"PropertyValueSpecification\",\"valueRequired\":true,\"valueName\":\"search_term_string\"}}],\"inLanguage\":\"pt-BR\"},{\"@type\":\"Organization\",\"@id\":\"https:\/\/psol50.org.br\/#organization\",\"name\":\"PSOL 50\",\"alternateName\":\"PSOL 50\",\"url\":\"https:\/\/psol50.org.br\/\",\"logo\":{\"@type\":\"ImageObject\",\"inLanguage\":\"pt-BR\",\"@id\":\"https:\/\/psol50.org.br\/#\/schema\/logo\/image\/\",\"url\":\"https:\/\/psol50.org.br\/inc\/uploads\/2018\/07\/capa.png\",\"contentUrl\":\"https:\/\/psol50.org.br\/inc\/uploads\/2018\/07\/capa.png\",\"width\":1350,\"height\":900,\"caption\":\"PSOL 50\"},\"image\":{\"@id\":\"https:\/\/psol50.org.br\/#\/schema\/logo\/image\/\"},\"sameAs\":[\"https:\/\/www.facebook.com\/psol50\",\"https:\/\/x.com\/psol50\",\"https:\/\/www.instagram.com\/psol50\/\",\"https:\/\/www.youtube.com\/channel\/UC7SnJS5o1os7a6CaiNabzcg\"]},{\"@type\":\"Person\",\"@id\":\"https:\/\/psol50.org.br\/#\/schema\/person\/475dfa57d0b815993c714c2e96491fcd\",\"name\":\"Comunica\u00e7\u00e3o PSOL\",\"image\":{\"@type\":\"ImageObject\",\"inLanguage\":\"pt-BR\",\"@id\":\"https:\/\/psol50.org.br\/#\/schema\/person\/image\/\",\"url\":\"https:\/\/secure.gravatar.com\/avatar\/b34fc4f4e468a4e51785917065a3db57b841f5c95dba6ad8c73aaf8f66f8f9bf?s=96&d=mm&r=g\",\"contentUrl\":\"https:\/\/secure.gravatar.com\/avatar\/b34fc4f4e468a4e51785917065a3db57b841f5c95dba6ad8c73aaf8f66f8f9bf?s=96&d=mm&r=g\",\"caption\":\"Comunica\u00e7\u00e3o PSOL\"}}]}<\/script>\n<!-- \/ Yoast SEO plugin. -->","yoast_head_json":{"title":"Parlamentares do PSOL pedem investiga\u00e7\u00e3o no ITA por alunos se inspirarem no caso Epstein","description":"Bancada Feminista do PSOL e Guilherme Cortez acionaram o Minist\u00e9rio P\u00fablico Federal para instaurar inqu\u00e9rito no Instituto Tecnol\u00f3gico de Aeron\u00e1utica.","robots":{"index":"index","follow":"follow","max-snippet":"max-snippet:-1","max-image-preview":"max-image-preview:large","max-video-preview":"max-video-preview:-1"},"canonical":"https:\/\/psol50.org.br\/parlamentares-do-psol-pedem-investigacao-no-ita-por-alunos-se-inspirarem-no-caso-epstein\/","og_locale":"pt_BR","og_type":"article","og_title":"Parlamentares do PSOL pedem investiga\u00e7\u00e3o no ITA por alunos se inspirarem no caso Epstein","og_description":"Bancada Feminista do PSOL e Guilherme Cortez acionaram o Minist\u00e9rio P\u00fablico Federal para instaurar inqu\u00e9rito no Instituto Tecnol\u00f3gico de Aeron\u00e1utica.","og_url":"https:\/\/psol50.org.br\/parlamentares-do-psol-pedem-investigacao-no-ita-por-alunos-se-inspirarem-no-caso-epstein\/","og_site_name":"PSOL 50","article_publisher":"https:\/\/www.facebook.com\/psol50","article_published_time":"2026-03-17T17:23:12+00:00","og_image":[{"width":1080,"height":738,"url":"https:\/\/psol50.org.br\/inc\/uploads\/2026\/03\/653704555_1938190270169423_8592846426158215603_n-e1773768024158.jpg","type":"image\/jpeg"}],"author":"Comunica\u00e7\u00e3o PSOL","twitter_card":"summary_large_image","twitter_creator":"@psol50","twitter_site":"@psol50","twitter_misc":{"Escrito por":"Comunica\u00e7\u00e3o PSOL","Est. tempo de leitura":"1 minuto"},"schema":{"@context":"https:\/\/schema.org","@graph":[{"@type":"Article","@id":"https:\/\/psol50.org.br\/parlamentares-do-psol-pedem-investigacao-no-ita-por-alunos-se-inspirarem-no-caso-epstein\/#article","isPartOf":{"@id":"https:\/\/psol50.org.br\/parlamentares-do-psol-pedem-investigacao-no-ita-por-alunos-se-inspirarem-no-caso-epstein\/"},"author":{"name":"Comunica\u00e7\u00e3o PSOL","@id":"https:\/\/psol50.org.br\/#\/schema\/person\/475dfa57d0b815993c714c2e96491fcd"},"headline":"Parlamentares do PSOL pedem investiga\u00e7\u00e3o no ITA por alunos se inspirarem no caso Epstein","datePublished":"2026-03-17T17:23:12+00:00","mainEntityOfPage":{"@id":"https:\/\/psol50.org.br\/parlamentares-do-psol-pedem-investigacao-no-ita-por-alunos-se-inspirarem-no-caso-epstein\/"},"wordCount":226,"publisher":{"@id":"https:\/\/psol50.org.br\/#organization"},"image":{"@id":"https:\/\/psol50.org.br\/parlamentares-do-psol-pedem-investigacao-no-ita-por-alunos-se-inspirarem-no-caso-epstein\/#primaryimage"},"thumbnailUrl":"https:\/\/psol50.org.br\/inc\/uploads\/2026\/03\/653704555_1938190270169423_8592846426158215603_n-e1773768024158.jpg","keywords":["Not\u00edcias"],"articleSection":["A\u00e7\u00e3o Parlamentar"],"inLanguage":"pt-BR"},{"@type":"WebPage","@id":"https:\/\/psol50.org.br\/parlamentares-do-psol-pedem-investigacao-no-ita-por-alunos-se-inspirarem-no-caso-epstein\/","url":"https:\/\/psol50.org.br\/parlamentares-do-psol-pedem-investigacao-no-ita-por-alunos-se-inspirarem-no-caso-epstein\/","name":"Parlamentares do PSOL pedem investiga\u00e7\u00e3o no ITA por alunos se inspirarem no caso Epstein","isPartOf":{"@id":"https:\/\/psol50.org.br\/#website"},"primaryImageOfPage":{"@id":"https:\/\/psol50.org.br\/parlamentares-do-psol-pedem-investigacao-no-ita-por-alunos-se-inspirarem-no-caso-epstein\/#primaryimage"},"image":{"@id":"https:\/\/psol50.org.br\/parlamentares-do-psol-pedem-investigacao-no-ita-por-alunos-se-inspirarem-no-caso-epstein\/#primaryimage"},"thumbnailUrl":"https:\/\/psol50.org.br\/inc\/uploads\/2026\/03\/653704555_1938190270169423_8592846426158215603_n-e1773768024158.jpg","datePublished":"2026-03-17T17:23:12+00:00","description":"Bancada Feminista do PSOL e Guilherme Cortez acionaram o Minist\u00e9rio P\u00fablico Federal para instaurar inqu\u00e9rito no Instituto Tecnol\u00f3gico de Aeron\u00e1utica.","breadcrumb":{"@id":"https:\/\/psol50.org.br\/parlamentares-do-psol-pedem-investigacao-no-ita-por-alunos-se-inspirarem-no-caso-epstein\/#breadcrumb"},"inLanguage":"pt-BR","potentialAction":[{"@type":"ReadAction","target":["https:\/\/psol50.org.br\/parlamentares-do-psol-pedem-investigacao-no-ita-por-alunos-se-inspirarem-no-caso-epstein\/"]}]},{"@type":"ImageObject","inLanguage":"pt-BR","@id":"https:\/\/psol50.org.br\/parlamentares-do-psol-pedem-investigacao-no-ita-por-alunos-se-inspirarem-no-caso-epstein\/#primaryimage","url":"https:\/\/psol50.org.br\/inc\/uploads\/2026\/03\/653704555_1938190270169423_8592846426158215603_n-e1773768024158.jpg","contentUrl":"https:\/\/psol50.org.br\/inc\/uploads\/2026\/03\/653704555_1938190270169423_8592846426158215603_n-e1773768024158.jpg","width":1080,"height":738,"caption":"Foto: Reprodu\u00e7\u00e3o"},{"@type":"BreadcrumbList","@id":"https:\/\/psol50.org.br\/parlamentares-do-psol-pedem-investigacao-no-ita-por-alunos-se-inspirarem-no-caso-epstein\/#breadcrumb","itemListElement":[{"@type":"ListItem","position":1,"name":"In\u00edcio","item":"https:\/\/psol50.org.br\/"},{"@type":"ListItem","position":2,"name":"Parlamentares do PSOL pedem investiga\u00e7\u00e3o no ITA por alunos se inspirarem no caso Epstein"}]},{"@type":"WebSite","@id":"https:\/\/psol50.org.br\/#website","url":"https:\/\/psol50.org.br\/","name":"PSOL 50","description":"Site oficial do Partido Socialismo e Liberdade","publisher":{"@id":"https:\/\/psol50.org.br\/#organization"},"alternateName":"PSOL50","potentialAction":[{"@type":"SearchAction","target":{"@type":"EntryPoint","urlTemplate":"https:\/\/psol50.org.br\/?s={search_term_string}"},"query-input":{"@type":"PropertyValueSpecification","valueRequired":true,"valueName":"search_term_string"}}],"inLanguage":"pt-BR"},{"@type":"Organization","@id":"https:\/\/psol50.org.br\/#organization","name":"PSOL 50","alternateName":"PSOL 50","url":"https:\/\/psol50.org.br\/","logo":{"@type":"ImageObject","inLanguage":"pt-BR","@id":"https:\/\/psol50.org.br\/#\/schema\/logo\/image\/","url":"https:\/\/psol50.org.br\/inc\/uploads\/2018\/07\/capa.png","contentUrl":"https:\/\/psol50.org.br\/inc\/uploads\/2018\/07\/capa.png","width":1350,"height":900,"caption":"PSOL 50"},"image":{"@id":"https:\/\/psol50.org.br\/#\/schema\/logo\/image\/"},"sameAs":["https:\/\/www.facebook.com\/psol50","https:\/\/x.com\/psol50","https:\/\/www.instagram.com\/psol50\/","https:\/\/www.youtube.com\/channel\/UC7SnJS5o1os7a6CaiNabzcg"]},{"@type":"Person","@id":"https:\/\/psol50.org.br\/#\/schema\/person\/475dfa57d0b815993c714c2e96491fcd","name":"Comunica\u00e7\u00e3o PSOL","image":{"@type":"ImageObject","inLanguage":"pt-BR","@id":"https:\/\/psol50.org.br\/#\/schema\/person\/image\/","url":"https:\/\/secure.gravatar.com\/avatar\/b34fc4f4e468a4e51785917065a3db57b841f5c95dba6ad8c73aaf8f66f8f9bf?s=96&d=mm&r=g","contentUrl":"https:\/\/secure.gravatar.com\/avatar\/b34fc4f4e468a4e51785917065a3db57b841f5c95dba6ad8c73aaf8f66f8f9bf?s=96&d=mm&r=g","caption":"Comunica\u00e7\u00e3o PSOL"}}]}},"_links":{"self":[{"href":"https:\/\/psol50.org.br\/rest\/wp\/v2\/posts\/42715","targetHints":{"allow":["GET"]}}],"collection":[{"href":"https:\/\/psol50.org.br\/rest\/wp\/v2\/posts"}],"about":[{"href":"https:\/\/psol50.org.br\/rest\/wp\/v2\/types\/post"}],"author":[{"embeddable":true,"href":"https:\/\/psol50.org.br\/rest\/wp\/v2\/users\/2"}],"replies":[{"embeddable":true,"href":"https:\/\/psol50.org.br\/rest\/wp\/v2\/comments?post=42715"}],"version-history":[{"count":3,"href":"https:\/\/psol50.org.br\/rest\/wp\/v2\/posts\/42715\/revisions"}],"predecessor-version":[{"id":42718,"href":"https:\/\/psol50.org.br\/rest\/wp\/v2\/posts\/42715\/revisions\/42718"}],"wp:featuredmedia":[{"embeddable":true,"href":"https:\/\/psol50.org.br\/rest\/wp\/v2\/media\/42719"}],"wp:attachment":[{"href":"https:\/\/psol50.org.br\/rest\/wp\/v2\/media?parent=42715"}],"wp:term":[{"taxonomy":"category","embeddable":true,"href":"https:\/\/psol50.org.br\/rest\/wp\/v2\/categories?post=42715"},{"taxonomy":"post_tag","embeddable":true,"href":"https:\/\/psol50.org.br\/rest\/wp\/v2\/tags?post=42715"}],"curies":[{"name":"wp","href":"https:\/\/api.w.org\/{rel}","templated":true}]}}