{"id":4280,"date":"2015-05-07T14:48:39","date_gmt":"2015-05-07T14:48:39","guid":{"rendered":"http:\/\/179.190.55.146\/~psol5185\/?p=4280"},"modified":"2015-05-07T14:48:39","modified_gmt":"2015-05-07T14:48:39","slug":"a-segunda-morte-do-pt","status":"publish","type":"post","link":"https:\/\/psol50.org.br\/a-segunda-morte-do-pt\/","title":{"rendered":"A segunda morte do PT"},"content":{"rendered":"<div id=\"blocoDadosPrint\"><span id=\"Data\" class=\"dataPrint\">Juliano Medeiros<\/span><\/div>\n<div class=\"divisoriaGeralClear\"><\/div>\n<div class=\"txtPrint\">\n<div class=\"western\"><span style=\"color: #000000\">Quando surgiu, naquele 10 de fevereiro de 1980 no Col\u00e9gio Sion, o Partido dos Trabalhadores representava o in\u00edcio de uma nova etapa na hist\u00f3ria da esquerda brasileira. Surgido da cr\u00edtica \u00e0s formas tradicionais de organiza\u00e7\u00e3o da esquerda, representadas pelo vanguardismo e elitismo dos partidos comunistas, o PT foi a primeira organiza\u00e7\u00e3o partid\u00e1ria criada de \u201cbaixo pra cima\u201d no Brasil. Surgido da reuni\u00e3o de diferentes viv\u00eancias pol\u00edticas \u2013 comunistas, socialdemocratas, reformistas, crist\u00e3os, intelectuais, oper\u00e1rios, camponeses, estudantes \u2013 o PT representava uma grande novidade na pol\u00edtica brasileira.<\/span><br \/>\n<span style=\"color: #000000\">Foram necess\u00e1rios vinte e dois anos at\u00e9 que o partido chegasse ao governo federal. Para isso, adaptou seu programa \u00e0s raz\u00f5es de mercado, prometeu respeitar contratos, abandonou a defesa de reformas estruturais e firmou alian\u00e7as com partidos do campo conservador. N\u00e3o era o \u00fanico caminho, obviamente. Em hist\u00f3ria n\u00e3o h\u00e1 caminhos \u00fanicos. A op\u00e7\u00e3o consciente da maioria do partido em domestic\u00e1-lo foi feita ao longo de uma d\u00e9cada e culminou com a \u201cCarta aos Brasileiros\u201d (na verdade, uma carta aos banqueiros) e a alian\u00e7a com o Partido Liberal.<\/span><br \/>\n<span style=\"color: #000000\">Uma vez no governo, Lula e o PT colocaram em pr\u00e1tica o compromisso firmado meses antes com o mercado: sofrendo os efeitos da crise econ\u00f4mica que atingiu o pa\u00eds no in\u00edcio da d\u00e9cada, o governo implementou um forte ajuste fiscal de car\u00e1ter conservador, que elevou a meta de super\u00e1vit prim\u00e1rio, aumentou das taxas de juros, renovou a Desvincula\u00e7\u00e3o de Receitas da Uni\u00e3o (DRU) e enviou ao Congresso Nacional a Proposta de Emenda Constitucional que alterava o regime da Previd\u00eancia Social dos servidores p\u00fablicos.<\/span><br \/>\n<span style=\"color: #000000\">Se os ajustes fiscais (juros, super\u00e1vit, metas de infla\u00e7\u00e3o) j\u00e1 eram suficientes para estarrecer at\u00e9 o mais moderado petista, j\u00e1 que representavam uma clara ades\u00e3o \u00e0s teses macroecon\u00f4micas do tucanato, a reforma da previd\u00eancia parecia um pesadelo: pela primeira vez o PT defendia a retirada de direitos dos trabalhadores.<\/span><br \/>\n<span style=\"color: #000000\">A reforma da previd\u00eancia abriu uma crise entre o governo e parte do movimento sindical brasileiro. Os servidores p\u00fablicos, hist\u00f3ricos eleitores do PT, se converteriam a partir da\u00ed em base do eleitorado da oposi\u00e7\u00e3o. Mesmo no \u00e2mbito do PT, a bancada mostrava-se rebelde. A oposi\u00e7\u00e3o interna gerou uma dissid\u00eancia p\u00fablica. Parte dos parlamentares petistas votou contra a reforma da previd\u00eancia, sendo expulsa em seguida; outra parte se absteve, sofrendo uma s\u00e9rie de san\u00e7\u00f5es internas. <\/span><br \/>\n<span style=\"color: #000000\">Mesmo diante da saraivada de cr\u00edticas, o governo conseguiu aprovar, na noite de 11 de novembro de 2003, a famigerada reforma da previd\u00eancia, que entre outras medidas aprovou a taxa\u00e7\u00e3o dos servidores p\u00fablicos inativos e o aumento da idade m\u00ednima para a aposentadoria. Era a primeira vez na hist\u00f3ria pol\u00edtica brasileira que o PT capitaneava um ataque aos direitos dos trabalhadores. Naquela noite, o partido assinou sua primeira certid\u00e3o de \u00f3bito como alternativa para a transforma\u00e7\u00e3o social. Ali morria, simbolicamente, o PT do Sion.<\/span><br \/>\n<span style=\"color: #000000\">Mas o tempo passou. Depois da crise do \u201cmensal\u00e3o\u201d, em 2005, outros petistas abandonaram o partido. Al\u00e9m de uma convers\u00e3o program\u00e1tica ao modelo de gest\u00e3o neoliberal da economia, o PT tamb\u00e9m se convertia aos m\u00e9todos da velha direita. Apesar disso, as condi\u00e7\u00f5es econ\u00f4micas internacionais melhoraram, o que permitiu uma retomada dos investimentos p\u00fablicos, a amplia\u00e7\u00e3o dos empregos, o aumento do sal\u00e1rio m\u00ednimo e uma melhoria geral nas condi\u00e7\u00f5es de vida dos mais pobres. Alguns alimentaram esperan\u00e7as numa \u201cguinada\u201d de rumos no governo. No andar de cima, por\u00e9m, os ricos lucravam como nunca. Nas palavras de Lula: \u201cnunca os banqueiros ganharam tanto\u201d.<\/span><br \/>\n<span style=\"color: #000000\">Com a crise econ\u00f4mica iniciada em 2008, as tentativas de manter a pol\u00edtica de crescimento baseado no consumo entraram em xeque. O desaquecimento da economia e a queda do investimento p\u00fablico amea\u00e7am o emprego, os sal\u00e1rios e ampliam a desigualdade. Como resposta, o governo liderado pelo PT tinha duas alternativas: <\/span><br \/>\n<span style=\"color: #000000\">a) colocar em marcha uma s\u00e9rie de medidas de taxa\u00e7\u00e3o dos mais ricos, como o imposto sobre as grandes fortunas, a corre\u00e7\u00e3o da al\u00edquota do Imposto de Renda, o aumento do imposto sobre o lucro l\u00edquido dos bancos (CSSLL) e a redu\u00e7\u00e3o dr\u00e1stica da taxa de juros; <\/span><br \/>\n<span style=\"color: #000000\">b) aderir \u00e0s sa\u00eddas ortodoxas do mercado que taxam os mais pobres, aumentando a taxa b\u00e1sica de juros beneficiando o rentismo, reajustando os pre\u00e7os p\u00fablicos (o popular \u201ctarifa\u00e7o\u201d), contendo o investimento p\u00fablico e retirando direitos trabalhistas e previdenci\u00e1rios. <\/span><br \/>\n<span style=\"color: #000000\">O governo, como sabemos, optou pelo segundo caminho.<\/span><br \/>\n<span style=\"color: #000000\">Buscando atender \u00e0s press\u00f5es do mercado, em 31 de dezembro do ano passado, no apagar das luzes, o governo anunciou a publica\u00e7\u00e3o de duas Medidas Provis\u00f3rias que flexibilizam direitos trabalhistas e previdenci\u00e1rios (abono salarial, seguro-desemprego, pens\u00e3o por morte, seguro-defeso e aux\u00edlio-doen\u00e7a). Pela segunda vez, um governo do PT liderava a retirada de direitos dos trabalhadores. <\/span><br \/>\n<span style=\"color: #000000\">Em resumo, as medidas propostas pelo governo visam dificultar o acesso a esses direitos, ampliando prazos para sua requisi\u00e7\u00e3o. O argumento \u00e9 a exist\u00eancia de fraudes. Nada mais falso: por tr\u00e1s das MPs est\u00e1 a expectativa de uma economia de at\u00e9 R$ 18 bilh\u00f5es de reais na concess\u00e3o de benef\u00edcios. Esses recursos iriam para o caixa do governo, refor\u00e7ando a conten\u00e7\u00e3o de despesas exigida pelo mercado.<\/span><br \/>\n<span style=\"color: #000000\">As MPs 664 e 665 foram votadas nessa semana. O governo tentou dobrar o PT e demais partidos da base aliada. Teve sucesso: o PCdoB, que anunciou que se oporia \u00e0s medidas, voltou atr\u00e1s e se somou ao ex\u00e9rcito do ajuste fiscal. O PMDB anunciou que s\u00f3 votaria a favor das medidas se o PT cerrasse fileiras por sua aprova\u00e7\u00e3o. \u00c0 direita, n\u00e3o basta ver o partido criado pelos \u201cde baixo\u201d servindo aos \u201cde cima\u201d. Querem uma capitula\u00e7\u00e3o total. Faz tempo que os que defendem uma transforma\u00e7\u00e3o estrutural da pol\u00edtica e da economia n\u00e3o podem mais contar com o PT. Mas ver o partido se curvando mais uma vez \u00e0s exig\u00eancias de um governo liderado pelo PMDB \u00e9 triste.<\/span><br \/>\n<span style=\"color: #000000\">Ao votar a favor das MPs 664 e 665, o PT assinou simbolicamente, pela segunda vez, seu atestado de \u00f3bito como alternativa em favor da classe trabalhadora brasileira.<\/span><\/div>\n<p>&nbsp;\n<\/p><\/div>\n","protected":false},"excerpt":{"rendered":"<p>Juliano Medeiros Quando surgiu, naquele 10 de fevereiro de 1980 no Col\u00e9gio Sion, o Partido dos Trabalhadores representava o in\u00edcio de uma nova etapa na hist\u00f3ria da esquerda brasileira. Surgido da cr\u00edtica \u00e0s formas tradicionais de organiza\u00e7\u00e3o da esquerda, representadas pelo vanguardismo e elitismo dos partidos comunistas, o PT foi a primeira organiza\u00e7\u00e3o partid\u00e1ria criada [&hellip;]<\/p>\n","protected":false},"author":2,"featured_media":0,"comment_status":"open","ping_status":"open","sticky":false,"template":"","format":"standard","meta":{"_acf_changed":false,"footnotes":""},"categories":[3],"tags":[259,319],"class_list":{"0":"post-4280","1":"post","2":"type-post","3":"status-publish","4":"format-standard","6":"category-artigos-e-entrevistas","7":"tag-juliano-medeiros","8":"tag-pt"},"acf":[],"yoast_head":"<!-- This site is optimized with the Yoast SEO plugin v26.5 - https:\/\/yoast.com\/wordpress\/plugins\/seo\/ -->\n<title>A segunda morte do PT - PSOL 50<\/title>\n<meta name=\"robots\" content=\"index, follow, max-snippet:-1, max-image-preview:large, max-video-preview:-1\" \/>\n<link rel=\"canonical\" href=\"https:\/\/psol50.org.br\/a-segunda-morte-do-pt\/\" \/>\n<meta property=\"og:locale\" content=\"pt_BR\" \/>\n<meta property=\"og:type\" content=\"article\" \/>\n<meta property=\"og:title\" content=\"A segunda morte do PT - PSOL 50\" \/>\n<meta property=\"og:description\" content=\"Juliano Medeiros Quando surgiu, naquele 10 de fevereiro de 1980 no Col\u00e9gio Sion, o Partido dos Trabalhadores representava o in\u00edcio de uma nova etapa na hist\u00f3ria da esquerda brasileira. Surgido da cr\u00edtica \u00e0s formas tradicionais de organiza\u00e7\u00e3o da esquerda, representadas pelo vanguardismo e elitismo dos partidos comunistas, o PT foi a primeira organiza\u00e7\u00e3o partid\u00e1ria criada [&hellip;]\" \/>\n<meta property=\"og:url\" content=\"https:\/\/psol50.org.br\/a-segunda-morte-do-pt\/\" \/>\n<meta property=\"og:site_name\" content=\"PSOL 50\" \/>\n<meta property=\"article:publisher\" content=\"https:\/\/www.facebook.com\/psol50\" \/>\n<meta property=\"article:published_time\" content=\"2015-05-07T14:48:39+00:00\" \/>\n<meta property=\"og:image\" content=\"https:\/\/psol50.org.br\/inc\/uploads\/2018\/07\/capa.png\" \/>\n\t<meta property=\"og:image:width\" content=\"1350\" \/>\n\t<meta property=\"og:image:height\" content=\"900\" \/>\n\t<meta property=\"og:image:type\" content=\"image\/png\" \/>\n<meta name=\"author\" content=\"Comunica\u00e7\u00e3o PSOL\" \/>\n<meta name=\"twitter:card\" content=\"summary_large_image\" \/>\n<meta name=\"twitter:creator\" content=\"@psol50\" \/>\n<meta name=\"twitter:site\" content=\"@psol50\" \/>\n<meta name=\"twitter:label1\" content=\"Escrito por\" \/>\n\t<meta name=\"twitter:data1\" content=\"Comunica\u00e7\u00e3o PSOL\" \/>\n\t<meta name=\"twitter:label2\" content=\"Est. tempo de leitura\" \/>\n\t<meta name=\"twitter:data2\" content=\"5 minutos\" \/>\n<script type=\"application\/ld+json\" class=\"yoast-schema-graph\">{\"@context\":\"https:\/\/schema.org\",\"@graph\":[{\"@type\":\"Article\",\"@id\":\"https:\/\/psol50.org.br\/a-segunda-morte-do-pt\/#article\",\"isPartOf\":{\"@id\":\"https:\/\/psol50.org.br\/a-segunda-morte-do-pt\/\"},\"author\":{\"name\":\"Comunica\u00e7\u00e3o PSOL\",\"@id\":\"https:\/\/psol50.org.br\/#\/schema\/person\/475dfa57d0b815993c714c2e96491fcd\"},\"headline\":\"A segunda morte do PT\",\"datePublished\":\"2015-05-07T14:48:39+00:00\",\"mainEntityOfPage\":{\"@id\":\"https:\/\/psol50.org.br\/a-segunda-morte-do-pt\/\"},\"wordCount\":1084,\"commentCount\":0,\"publisher\":{\"@id\":\"https:\/\/psol50.org.br\/#organization\"},\"keywords\":[\"Juliano Medeiros\",\"PT\"],\"articleSection\":[\"Artigos\"],\"inLanguage\":\"pt-BR\",\"potentialAction\":[{\"@type\":\"CommentAction\",\"name\":\"Comment\",\"target\":[\"https:\/\/psol50.org.br\/a-segunda-morte-do-pt\/#respond\"]}]},{\"@type\":\"WebPage\",\"@id\":\"https:\/\/psol50.org.br\/a-segunda-morte-do-pt\/\",\"url\":\"https:\/\/psol50.org.br\/a-segunda-morte-do-pt\/\",\"name\":\"A segunda morte do PT - PSOL 50\",\"isPartOf\":{\"@id\":\"https:\/\/psol50.org.br\/#website\"},\"datePublished\":\"2015-05-07T14:48:39+00:00\",\"breadcrumb\":{\"@id\":\"https:\/\/psol50.org.br\/a-segunda-morte-do-pt\/#breadcrumb\"},\"inLanguage\":\"pt-BR\",\"potentialAction\":[{\"@type\":\"ReadAction\",\"target\":[\"https:\/\/psol50.org.br\/a-segunda-morte-do-pt\/\"]}]},{\"@type\":\"BreadcrumbList\",\"@id\":\"https:\/\/psol50.org.br\/a-segunda-morte-do-pt\/#breadcrumb\",\"itemListElement\":[{\"@type\":\"ListItem\",\"position\":1,\"name\":\"In\u00edcio\",\"item\":\"https:\/\/psol50.org.br\/\"},{\"@type\":\"ListItem\",\"position\":2,\"name\":\"A segunda morte do PT\"}]},{\"@type\":\"WebSite\",\"@id\":\"https:\/\/psol50.org.br\/#website\",\"url\":\"https:\/\/psol50.org.br\/\",\"name\":\"PSOL 50\",\"description\":\"Site oficial do Partido Socialismo e Liberdade\",\"publisher\":{\"@id\":\"https:\/\/psol50.org.br\/#organization\"},\"alternateName\":\"PSOL50\",\"potentialAction\":[{\"@type\":\"SearchAction\",\"target\":{\"@type\":\"EntryPoint\",\"urlTemplate\":\"https:\/\/psol50.org.br\/?s={search_term_string}\"},\"query-input\":{\"@type\":\"PropertyValueSpecification\",\"valueRequired\":true,\"valueName\":\"search_term_string\"}}],\"inLanguage\":\"pt-BR\"},{\"@type\":\"Organization\",\"@id\":\"https:\/\/psol50.org.br\/#organization\",\"name\":\"PSOL 50\",\"alternateName\":\"PSOL 50\",\"url\":\"https:\/\/psol50.org.br\/\",\"logo\":{\"@type\":\"ImageObject\",\"inLanguage\":\"pt-BR\",\"@id\":\"https:\/\/psol50.org.br\/#\/schema\/logo\/image\/\",\"url\":\"https:\/\/psol50.org.br\/inc\/uploads\/2018\/07\/capa.png\",\"contentUrl\":\"https:\/\/psol50.org.br\/inc\/uploads\/2018\/07\/capa.png\",\"width\":1350,\"height\":900,\"caption\":\"PSOL 50\"},\"image\":{\"@id\":\"https:\/\/psol50.org.br\/#\/schema\/logo\/image\/\"},\"sameAs\":[\"https:\/\/www.facebook.com\/psol50\",\"https:\/\/x.com\/psol50\",\"https:\/\/www.instagram.com\/psol50\/\",\"https:\/\/www.youtube.com\/channel\/UC7SnJS5o1os7a6CaiNabzcg\"]},{\"@type\":\"Person\",\"@id\":\"https:\/\/psol50.org.br\/#\/schema\/person\/475dfa57d0b815993c714c2e96491fcd\",\"name\":\"Comunica\u00e7\u00e3o PSOL\",\"image\":{\"@type\":\"ImageObject\",\"inLanguage\":\"pt-BR\",\"@id\":\"https:\/\/psol50.org.br\/#\/schema\/person\/image\/\",\"url\":\"https:\/\/secure.gravatar.com\/avatar\/b34fc4f4e468a4e51785917065a3db57b841f5c95dba6ad8c73aaf8f66f8f9bf?s=96&d=mm&r=g\",\"contentUrl\":\"https:\/\/secure.gravatar.com\/avatar\/b34fc4f4e468a4e51785917065a3db57b841f5c95dba6ad8c73aaf8f66f8f9bf?s=96&d=mm&r=g\",\"caption\":\"Comunica\u00e7\u00e3o PSOL\"}}]}<\/script>\n<!-- \/ Yoast SEO plugin. -->","yoast_head_json":{"title":"A segunda morte do PT - PSOL 50","robots":{"index":"index","follow":"follow","max-snippet":"max-snippet:-1","max-image-preview":"max-image-preview:large","max-video-preview":"max-video-preview:-1"},"canonical":"https:\/\/psol50.org.br\/a-segunda-morte-do-pt\/","og_locale":"pt_BR","og_type":"article","og_title":"A segunda morte do PT - PSOL 50","og_description":"Juliano Medeiros Quando surgiu, naquele 10 de fevereiro de 1980 no Col\u00e9gio Sion, o Partido dos Trabalhadores representava o in\u00edcio de uma nova etapa na hist\u00f3ria da esquerda brasileira. Surgido da cr\u00edtica \u00e0s formas tradicionais de organiza\u00e7\u00e3o da esquerda, representadas pelo vanguardismo e elitismo dos partidos comunistas, o PT foi a primeira organiza\u00e7\u00e3o partid\u00e1ria criada [&hellip;]","og_url":"https:\/\/psol50.org.br\/a-segunda-morte-do-pt\/","og_site_name":"PSOL 50","article_publisher":"https:\/\/www.facebook.com\/psol50","article_published_time":"2015-05-07T14:48:39+00:00","og_image":[{"width":1350,"height":900,"url":"https:\/\/psol50.org.br\/inc\/uploads\/2018\/07\/capa.png","type":"image\/png"}],"author":"Comunica\u00e7\u00e3o PSOL","twitter_card":"summary_large_image","twitter_creator":"@psol50","twitter_site":"@psol50","twitter_misc":{"Escrito por":"Comunica\u00e7\u00e3o PSOL","Est. tempo de leitura":"5 minutos"},"schema":{"@context":"https:\/\/schema.org","@graph":[{"@type":"Article","@id":"https:\/\/psol50.org.br\/a-segunda-morte-do-pt\/#article","isPartOf":{"@id":"https:\/\/psol50.org.br\/a-segunda-morte-do-pt\/"},"author":{"name":"Comunica\u00e7\u00e3o PSOL","@id":"https:\/\/psol50.org.br\/#\/schema\/person\/475dfa57d0b815993c714c2e96491fcd"},"headline":"A segunda morte do PT","datePublished":"2015-05-07T14:48:39+00:00","mainEntityOfPage":{"@id":"https:\/\/psol50.org.br\/a-segunda-morte-do-pt\/"},"wordCount":1084,"commentCount":0,"publisher":{"@id":"https:\/\/psol50.org.br\/#organization"},"keywords":["Juliano Medeiros","PT"],"articleSection":["Artigos"],"inLanguage":"pt-BR","potentialAction":[{"@type":"CommentAction","name":"Comment","target":["https:\/\/psol50.org.br\/a-segunda-morte-do-pt\/#respond"]}]},{"@type":"WebPage","@id":"https:\/\/psol50.org.br\/a-segunda-morte-do-pt\/","url":"https:\/\/psol50.org.br\/a-segunda-morte-do-pt\/","name":"A segunda morte do PT - PSOL 50","isPartOf":{"@id":"https:\/\/psol50.org.br\/#website"},"datePublished":"2015-05-07T14:48:39+00:00","breadcrumb":{"@id":"https:\/\/psol50.org.br\/a-segunda-morte-do-pt\/#breadcrumb"},"inLanguage":"pt-BR","potentialAction":[{"@type":"ReadAction","target":["https:\/\/psol50.org.br\/a-segunda-morte-do-pt\/"]}]},{"@type":"BreadcrumbList","@id":"https:\/\/psol50.org.br\/a-segunda-morte-do-pt\/#breadcrumb","itemListElement":[{"@type":"ListItem","position":1,"name":"In\u00edcio","item":"https:\/\/psol50.org.br\/"},{"@type":"ListItem","position":2,"name":"A segunda morte do PT"}]},{"@type":"WebSite","@id":"https:\/\/psol50.org.br\/#website","url":"https:\/\/psol50.org.br\/","name":"PSOL 50","description":"Site oficial do Partido Socialismo e Liberdade","publisher":{"@id":"https:\/\/psol50.org.br\/#organization"},"alternateName":"PSOL50","potentialAction":[{"@type":"SearchAction","target":{"@type":"EntryPoint","urlTemplate":"https:\/\/psol50.org.br\/?s={search_term_string}"},"query-input":{"@type":"PropertyValueSpecification","valueRequired":true,"valueName":"search_term_string"}}],"inLanguage":"pt-BR"},{"@type":"Organization","@id":"https:\/\/psol50.org.br\/#organization","name":"PSOL 50","alternateName":"PSOL 50","url":"https:\/\/psol50.org.br\/","logo":{"@type":"ImageObject","inLanguage":"pt-BR","@id":"https:\/\/psol50.org.br\/#\/schema\/logo\/image\/","url":"https:\/\/psol50.org.br\/inc\/uploads\/2018\/07\/capa.png","contentUrl":"https:\/\/psol50.org.br\/inc\/uploads\/2018\/07\/capa.png","width":1350,"height":900,"caption":"PSOL 50"},"image":{"@id":"https:\/\/psol50.org.br\/#\/schema\/logo\/image\/"},"sameAs":["https:\/\/www.facebook.com\/psol50","https:\/\/x.com\/psol50","https:\/\/www.instagram.com\/psol50\/","https:\/\/www.youtube.com\/channel\/UC7SnJS5o1os7a6CaiNabzcg"]},{"@type":"Person","@id":"https:\/\/psol50.org.br\/#\/schema\/person\/475dfa57d0b815993c714c2e96491fcd","name":"Comunica\u00e7\u00e3o PSOL","image":{"@type":"ImageObject","inLanguage":"pt-BR","@id":"https:\/\/psol50.org.br\/#\/schema\/person\/image\/","url":"https:\/\/secure.gravatar.com\/avatar\/b34fc4f4e468a4e51785917065a3db57b841f5c95dba6ad8c73aaf8f66f8f9bf?s=96&d=mm&r=g","contentUrl":"https:\/\/secure.gravatar.com\/avatar\/b34fc4f4e468a4e51785917065a3db57b841f5c95dba6ad8c73aaf8f66f8f9bf?s=96&d=mm&r=g","caption":"Comunica\u00e7\u00e3o PSOL"}}]}},"_links":{"self":[{"href":"https:\/\/psol50.org.br\/rest\/wp\/v2\/posts\/4280","targetHints":{"allow":["GET"]}}],"collection":[{"href":"https:\/\/psol50.org.br\/rest\/wp\/v2\/posts"}],"about":[{"href":"https:\/\/psol50.org.br\/rest\/wp\/v2\/types\/post"}],"author":[{"embeddable":true,"href":"https:\/\/psol50.org.br\/rest\/wp\/v2\/users\/2"}],"replies":[{"embeddable":true,"href":"https:\/\/psol50.org.br\/rest\/wp\/v2\/comments?post=4280"}],"version-history":[{"count":0,"href":"https:\/\/psol50.org.br\/rest\/wp\/v2\/posts\/4280\/revisions"}],"wp:attachment":[{"href":"https:\/\/psol50.org.br\/rest\/wp\/v2\/media?parent=4280"}],"wp:term":[{"taxonomy":"category","embeddable":true,"href":"https:\/\/psol50.org.br\/rest\/wp\/v2\/categories?post=4280"},{"taxonomy":"post_tag","embeddable":true,"href":"https:\/\/psol50.org.br\/rest\/wp\/v2\/tags?post=4280"}],"curies":[{"name":"wp","href":"https:\/\/api.w.org\/{rel}","templated":true}]}}