{"id":42863,"date":"2026-04-29T14:56:19","date_gmt":"2026-04-29T17:56:19","guid":{"rendered":"https:\/\/psol50.org.br\/?p=42863"},"modified":"2026-04-29T14:56:19","modified_gmt":"2026-04-29T17:56:19","slug":"1o-de-maio-atos-pelo-fim-da-escala-6x1-mobilizam-cidades-em-todo-o-brasil","status":"publish","type":"post","link":"https:\/\/psol50.org.br\/1o-de-maio-atos-pelo-fim-da-escala-6x1-mobilizam-cidades-em-todo-o-brasil\/","title":{"rendered":"1\u00ba de Maio: atos pelo fim da escala 6&#215;1 mobilizam cidades em todo o Brasil"},"content":{"rendered":"<p><span style=\"font-weight: 400;\">Movimentos populares, sindicatos, organiza\u00e7\u00f5es pol\u00edticas e trabalhadores v\u00e3o \u00e0s ruas em diversas cidades do pa\u00eds neste 1\u00ba de Maio para defender o fim da escala 6&#215;1 e denunciar a precariza\u00e7\u00e3o das condi\u00e7\u00f5es de trabalho no Brasil. Os atos tamb\u00e9m criticam o Congresso Nacional por barrar pautas ligadas aos direitos da classe trabalhadora.<\/span><\/p>\n<p><span style=\"font-weight: 400;\">As mobiliza\u00e7\u00f5es acontecem em capitais e cidades do interior e t\u00eam como principal reivindica\u00e7\u00e3o o fim da jornada exaustiva por trabalhadores de diferentes categorias. Os atos re\u00fanem movimentos sociais, coletivos de trabalhadores e apoiadores da campanha pelo direito a uma vida al\u00e9m do trabalho.<\/span><\/p>\n<p><span style=\"font-weight: 400;\">Para Rick Azevedo, fundador do Movimento VAT (Vida Al\u00e9m do Trabalho) e vereador do PSOL no Rio de Janeiro, a mobiliza\u00e7\u00e3o j\u00e1 alcan\u00e7ou dimens\u00e3o nacional. \u201cNosso ato pelo fim da escala 6&#215;1 j\u00e1 mobilizou mais cidades do que qualquer outro movimento! Estamos chegando muito longe gra\u00e7as ao engajamento de cada trabalhador\u201d, afirmou.<\/span><\/p>\n<p><span style=\"font-weight: 400;\">Confira alguns dos atos j\u00e1 confirmados pelo pa\u00eds:<\/span><\/p>\n<p><b>S\u00c3O PAULO &#8211; SP<\/b><b><br \/>\n<\/b><span style=\"font-weight: 400;\">Pra\u00e7a Franklin Roosevelt \u2022 9h<\/span><\/p>\n<p><b>RIO DE JANEIRO &#8211; RJ<\/b><b><br \/>\n<\/b><span style=\"font-weight: 400;\">Copacabana, Posto 5 \u2022 14h<\/span><\/p>\n<p><b>BELO HORIZONTE &#8211; MG<\/b><b><br \/>\n<\/b><span style=\"font-weight: 400;\">Pra\u00e7a Raul Soares \u2022 9h<\/span><\/p>\n<p><b>BRAS\u00cdLIA &#8211; DF<\/b><b><br \/>\n<\/b><span style=\"font-weight: 400;\">Eix\u00e3o 106 Sul \u2022 10h<\/span><\/p>\n<p><b>SALVADOR &#8211; BA<\/b><b><br \/>\n<\/b><span style=\"font-weight: 400;\">Atento do bairro Cabula \u2022 8h<\/span><\/p>\n<p><b>FORTALEZA &#8211; CE<\/b><b><br \/>\n<\/b><span style=\"font-weight: 400;\">Espig\u00e3o da Rui Barbosa, Praia de Iracema \u2022 15h<\/span><\/p>\n<p><b>MANAUS &#8211; AM<\/b><b><br \/>\n<\/b><span style=\"font-weight: 400;\">Pra\u00e7a Matriz \u2022 9h<\/span><\/p>\n<p><b>CURITIBA &#8211; PR<\/b><b><br \/>\n<\/b><span style=\"font-weight: 400;\">Pra\u00e7a 19 de Dezembro \u2022 13h<\/span><\/p>\n<p><b>VIT\u00d3RIA &#8211; ES<\/b><b><br \/>\n<\/b><span style=\"font-weight: 400;\">Pra\u00e7a Get\u00falio Vargas, Centro \u2022 8h \u00e0s 14h<\/span><\/p>\n<p><b>BOA VISTA &#8211; RR<\/b><b><br \/>\n<\/b><span style=\"font-weight: 400;\">Portal do Mil\u00eanio, Pra\u00e7a das \u00c1guas \u2022 17h<\/span><\/p>\n<p><b>CUIAB\u00c1 &#8211; MT<\/b><b><br \/>\n<\/b><span style=\"font-weight: 400;\">Pra\u00e7a Ulisses Guimar\u00e3es \u2022 15h<\/span><\/p>\n<p><b>MACEI\u00d3 &#8211; AL<\/b><b><br \/>\n<\/b><span style=\"font-weight: 400;\">Pra\u00e7a dos 7 Coqueiros, Paju\u00e7ara \u2022 9h<\/span><\/p>\n<p><b>BEL\u00c9M &#8211; PA<\/b><b><br \/>\n<\/b><span style=\"font-weight: 400;\">Gin\u00e1sio Altino Pimenta (Doca) \u2022 8h<\/span><\/p>\n<p><b>RECIFE &#8211; PE<\/b><b><br \/>\n<\/b><span style=\"font-weight: 400;\">Largo da Paz, Afogados \u2022 9h<\/span><\/p>\n<p><b>NATAL &#8211; RN<\/b><b><br \/>\n<\/b><span style=\"font-weight: 400;\">Em frente ao Ferreira Costa \u2022 8h30<\/span><\/p>\n<p><b>PORTO ALEGRE &#8211; RS<\/b><b><br \/>\n<\/b><span style=\"font-weight: 400;\">Casa do Ga\u00facho \u2022 10h \u00e0s 22h<\/span><\/p>\n<p><b>UBERABA &#8211; MG<\/b><b><br \/>\n<\/b><span style=\"font-weight: 400;\">Pra\u00e7a Dr. Jorge Frange \u2022 9h<\/span><\/p>\n<p><b>UBERL\u00c2NDIA &#8211; MG<\/b><b><br \/>\n<\/b><span style=\"font-weight: 400;\">Pra\u00e7a Simone da Silva \u2022 8h<\/span><\/p>\n<p><b>JUIZ DE FORA &#8211; MG<\/b><b><br \/>\n<\/b><span style=\"font-weight: 400;\">Pra\u00e7a Dep. Clodesmidt Riani \u2022 9h<\/span><\/p>\n<p><b>ARAGUARI &#8211; MG<\/b><b><br \/>\n<\/b><span style=\"font-weight: 400;\">Pra\u00e7a do Skate (Miranda) \u2022 15h<\/span><\/p>\n<p><b>MONTES CLAROS &#8211; MG<\/b><b><br \/>\n<\/b><span style=\"font-weight: 400;\">Pra\u00e7a Dr. Carlos \u2022 8h<\/span><\/p>\n<p><b>OURO PRETO &#8211; MG<\/b><b><br \/>\n<\/b><span style=\"font-weight: 400;\">Largo do Cinema at\u00e9 a Pra\u00e7a Tiradentes \u2022 9h<\/span><\/p>\n<p><b>DIVIN\u00d3POLIS &#8211; MG<\/b><b><br \/>\n<\/b><span style=\"font-weight: 400;\">Pra\u00e7a Central \u2022 9h<\/span><\/p>\n<p><b>SERRA &#8211; ES<\/b><b><br \/>\n<\/b><span style=\"font-weight: 400;\">Pra\u00e7a Encontro das \u00c1guas, Jacara\u00edpe \u2022 8h<\/span><\/p>\n<p><b>JUAZEIRO &#8211; BA<\/b><b><br \/>\n<\/b><span style=\"font-weight: 400;\">Orla de Juazeiro (em frente ao Vaporzinho) \u2022 8h30<\/span><\/p>\n<p><b>MARING\u00c1 &#8211; PR<\/b><b><br \/>\n<\/b><span style=\"font-weight: 400;\">Av. S\u00e3o Paulo, 743, Centro \u2022 16h<\/span><\/p>\n<p><b>JACARE\u00cd &#8211; SP<\/b><b><br \/>\n<\/b><span style=\"font-weight: 400;\">Pra\u00e7a do Ros\u00e1rio \u2022 9h<\/span><\/p>\n<p><b>CRICI\u00daMA &#8211; SC<\/b><b><br \/>\n<\/b><span style=\"font-weight: 400;\">Entrada do Terminal Central \u2022 8h<\/span><\/p>\n<p><b>CASCAVEL &#8211; PR<\/b><b><br \/>\n<\/b><span style=\"font-weight: 400;\">Cal\u00e7ad\u00e3o em frente \u00e0 Catedral \u2022 17h<\/span><\/p>\n<p><b>ARAGUA\u00cdNA &#8211; TO<\/b><b><br \/>\n<\/b><span style=\"font-weight: 400;\">Av. Lontra, 36, JK \u2022 15h<\/span><\/p>\n<p>&nbsp;<\/p>\n","protected":false},"excerpt":{"rendered":"<p>Movimentos populares, sindicatos, organiza\u00e7\u00f5es pol\u00edticas e trabalhadores v\u00e3o \u00e0s ruas em diversas cidades do pa\u00eds neste 1\u00ba de Maio para defender o fim da escala 6&#215;1 e denunciar a precariza\u00e7\u00e3o das condi\u00e7\u00f5es de trabalho no Brasil. Os atos tamb\u00e9m criticam o Congresso Nacional por barrar pautas ligadas aos direitos da classe trabalhadora. As mobiliza\u00e7\u00f5es acontecem [&hellip;]<\/p>\n","protected":false},"author":2,"featured_media":42864,"comment_status":"closed","ping_status":"open","sticky":false,"template":"","format":"standard","meta":{"_acf_changed":false,"footnotes":""},"categories":[6],"tags":[4982],"class_list":{"0":"post-42863","1":"post","2":"type-post","3":"status-publish","4":"format-standard","5":"has-post-thumbnail","7":"category-noticias","8":"tag-destaque"},"acf":[],"yoast_head":"<!-- This site is optimized with the Yoast SEO plugin v26.5 - https:\/\/yoast.com\/wordpress\/plugins\/seo\/ -->\n<title>1\u00ba de Maio: atos pelo fim da escala 6x1 mobilizam cidades em todo o Brasil - PSOL 50<\/title>\n<meta name=\"description\" content=\"Atos do 1\u00ba de Maio mobilizam cidades em todo o Brasil pelo fim da escala 6x1 e em defesa dos direitos da classe trabalhadora.\" \/>\n<meta name=\"robots\" content=\"index, follow, max-snippet:-1, max-image-preview:large, max-video-preview:-1\" \/>\n<link rel=\"canonical\" href=\"https:\/\/psol50.org.br\/1o-de-maio-atos-pelo-fim-da-escala-6x1-mobilizam-cidades-em-todo-o-brasil\/\" \/>\n<meta property=\"og:locale\" content=\"pt_BR\" \/>\n<meta property=\"og:type\" content=\"article\" \/>\n<meta property=\"og:title\" content=\"1\u00ba de Maio: atos pelo fim da escala 6x1 mobilizam cidades em todo o Brasil - PSOL 50\" \/>\n<meta property=\"og:description\" content=\"Atos do 1\u00ba de Maio mobilizam cidades em todo o Brasil pelo fim da escala 6x1 e em defesa dos direitos da classe trabalhadora.\" \/>\n<meta property=\"og:url\" content=\"https:\/\/psol50.org.br\/1o-de-maio-atos-pelo-fim-da-escala-6x1-mobilizam-cidades-em-todo-o-brasil\/\" \/>\n<meta property=\"og:site_name\" content=\"PSOL 50\" \/>\n<meta property=\"article:publisher\" content=\"https:\/\/www.facebook.com\/psol50\" \/>\n<meta property=\"article:published_time\" content=\"2026-04-29T17:56:19+00:00\" \/>\n<meta property=\"og:image\" content=\"https:\/\/psol50.org.br\/inc\/uploads\/2026\/04\/hero-image-1-scaled.jpg\" \/>\n\t<meta property=\"og:image:width\" content=\"2560\" \/>\n\t<meta property=\"og:image:height\" content=\"1920\" \/>\n\t<meta property=\"og:image:type\" content=\"image\/jpeg\" \/>\n<meta name=\"author\" content=\"Comunica\u00e7\u00e3o PSOL\" \/>\n<meta name=\"twitter:card\" content=\"summary_large_image\" \/>\n<meta name=\"twitter:creator\" content=\"@psol50\" \/>\n<meta name=\"twitter:site\" content=\"@psol50\" \/>\n<meta name=\"twitter:label1\" content=\"Escrito por\" \/>\n\t<meta name=\"twitter:data1\" content=\"Comunica\u00e7\u00e3o PSOL\" \/>\n\t<meta name=\"twitter:label2\" content=\"Est. tempo de leitura\" \/>\n\t<meta name=\"twitter:data2\" content=\"2 minutos\" \/>\n<script type=\"application\/ld+json\" class=\"yoast-schema-graph\">{\"@context\":\"https:\/\/schema.org\",\"@graph\":[{\"@type\":\"Article\",\"@id\":\"https:\/\/psol50.org.br\/1o-de-maio-atos-pelo-fim-da-escala-6x1-mobilizam-cidades-em-todo-o-brasil\/#article\",\"isPartOf\":{\"@id\":\"https:\/\/psol50.org.br\/1o-de-maio-atos-pelo-fim-da-escala-6x1-mobilizam-cidades-em-todo-o-brasil\/\"},\"author\":{\"name\":\"Comunica\u00e7\u00e3o PSOL\",\"@id\":\"https:\/\/psol50.org.br\/#\/schema\/person\/475dfa57d0b815993c714c2e96491fcd\"},\"headline\":\"1\u00ba de Maio: atos pelo fim da escala 6&#215;1 mobilizam cidades em todo o Brasil\",\"datePublished\":\"2026-04-29T17:56:19+00:00\",\"mainEntityOfPage\":{\"@id\":\"https:\/\/psol50.org.br\/1o-de-maio-atos-pelo-fim-da-escala-6x1-mobilizam-cidades-em-todo-o-brasil\/\"},\"wordCount\":477,\"publisher\":{\"@id\":\"https:\/\/psol50.org.br\/#organization\"},\"image\":{\"@id\":\"https:\/\/psol50.org.br\/1o-de-maio-atos-pelo-fim-da-escala-6x1-mobilizam-cidades-em-todo-o-brasil\/#primaryimage\"},\"thumbnailUrl\":\"https:\/\/psol50.org.br\/inc\/uploads\/2026\/04\/hero-image-1-scaled.jpg\",\"keywords\":[\"destaque\"],\"articleSection\":[\"Not\u00edcias\"],\"inLanguage\":\"pt-BR\"},{\"@type\":\"WebPage\",\"@id\":\"https:\/\/psol50.org.br\/1o-de-maio-atos-pelo-fim-da-escala-6x1-mobilizam-cidades-em-todo-o-brasil\/\",\"url\":\"https:\/\/psol50.org.br\/1o-de-maio-atos-pelo-fim-da-escala-6x1-mobilizam-cidades-em-todo-o-brasil\/\",\"name\":\"1\u00ba de Maio: atos pelo fim da escala 6x1 mobilizam cidades em todo o Brasil - PSOL 50\",\"isPartOf\":{\"@id\":\"https:\/\/psol50.org.br\/#website\"},\"primaryImageOfPage\":{\"@id\":\"https:\/\/psol50.org.br\/1o-de-maio-atos-pelo-fim-da-escala-6x1-mobilizam-cidades-em-todo-o-brasil\/#primaryimage\"},\"image\":{\"@id\":\"https:\/\/psol50.org.br\/1o-de-maio-atos-pelo-fim-da-escala-6x1-mobilizam-cidades-em-todo-o-brasil\/#primaryimage\"},\"thumbnailUrl\":\"https:\/\/psol50.org.br\/inc\/uploads\/2026\/04\/hero-image-1-scaled.jpg\",\"datePublished\":\"2026-04-29T17:56:19+00:00\",\"description\":\"Atos do 1\u00ba de Maio mobilizam cidades em todo o Brasil pelo fim da escala 6x1 e em defesa dos direitos da classe trabalhadora.\",\"breadcrumb\":{\"@id\":\"https:\/\/psol50.org.br\/1o-de-maio-atos-pelo-fim-da-escala-6x1-mobilizam-cidades-em-todo-o-brasil\/#breadcrumb\"},\"inLanguage\":\"pt-BR\",\"potentialAction\":[{\"@type\":\"ReadAction\",\"target\":[\"https:\/\/psol50.org.br\/1o-de-maio-atos-pelo-fim-da-escala-6x1-mobilizam-cidades-em-todo-o-brasil\/\"]}]},{\"@type\":\"ImageObject\",\"inLanguage\":\"pt-BR\",\"@id\":\"https:\/\/psol50.org.br\/1o-de-maio-atos-pelo-fim-da-escala-6x1-mobilizam-cidades-em-todo-o-brasil\/#primaryimage\",\"url\":\"https:\/\/psol50.org.br\/inc\/uploads\/2026\/04\/hero-image-1-scaled.jpg\",\"contentUrl\":\"https:\/\/psol50.org.br\/inc\/uploads\/2026\/04\/hero-image-1-scaled.jpg\",\"width\":2560,\"height\":1920,\"caption\":\"Foto: Movimento VAT\"},{\"@type\":\"BreadcrumbList\",\"@id\":\"https:\/\/psol50.org.br\/1o-de-maio-atos-pelo-fim-da-escala-6x1-mobilizam-cidades-em-todo-o-brasil\/#breadcrumb\",\"itemListElement\":[{\"@type\":\"ListItem\",\"position\":1,\"name\":\"In\u00edcio\",\"item\":\"https:\/\/psol50.org.br\/\"},{\"@type\":\"ListItem\",\"position\":2,\"name\":\"1\u00ba de Maio: atos pelo fim da escala 6&#215;1 mobilizam cidades em todo o Brasil\"}]},{\"@type\":\"WebSite\",\"@id\":\"https:\/\/psol50.org.br\/#website\",\"url\":\"https:\/\/psol50.org.br\/\",\"name\":\"PSOL 50\",\"description\":\"Site oficial do Partido Socialismo e Liberdade\",\"publisher\":{\"@id\":\"https:\/\/psol50.org.br\/#organization\"},\"alternateName\":\"PSOL50\",\"potentialAction\":[{\"@type\":\"SearchAction\",\"target\":{\"@type\":\"EntryPoint\",\"urlTemplate\":\"https:\/\/psol50.org.br\/?s={search_term_string}\"},\"query-input\":{\"@type\":\"PropertyValueSpecification\",\"valueRequired\":true,\"valueName\":\"search_term_string\"}}],\"inLanguage\":\"pt-BR\"},{\"@type\":\"Organization\",\"@id\":\"https:\/\/psol50.org.br\/#organization\",\"name\":\"PSOL 50\",\"alternateName\":\"PSOL 50\",\"url\":\"https:\/\/psol50.org.br\/\",\"logo\":{\"@type\":\"ImageObject\",\"inLanguage\":\"pt-BR\",\"@id\":\"https:\/\/psol50.org.br\/#\/schema\/logo\/image\/\",\"url\":\"https:\/\/psol50.org.br\/inc\/uploads\/2018\/07\/capa.png\",\"contentUrl\":\"https:\/\/psol50.org.br\/inc\/uploads\/2018\/07\/capa.png\",\"width\":1350,\"height\":900,\"caption\":\"PSOL 50\"},\"image\":{\"@id\":\"https:\/\/psol50.org.br\/#\/schema\/logo\/image\/\"},\"sameAs\":[\"https:\/\/www.facebook.com\/psol50\",\"https:\/\/x.com\/psol50\",\"https:\/\/www.instagram.com\/psol50\/\",\"https:\/\/www.youtube.com\/channel\/UC7SnJS5o1os7a6CaiNabzcg\"]},{\"@type\":\"Person\",\"@id\":\"https:\/\/psol50.org.br\/#\/schema\/person\/475dfa57d0b815993c714c2e96491fcd\",\"name\":\"Comunica\u00e7\u00e3o PSOL\",\"image\":{\"@type\":\"ImageObject\",\"inLanguage\":\"pt-BR\",\"@id\":\"https:\/\/psol50.org.br\/#\/schema\/person\/image\/\",\"url\":\"https:\/\/secure.gravatar.com\/avatar\/b34fc4f4e468a4e51785917065a3db57b841f5c95dba6ad8c73aaf8f66f8f9bf?s=96&d=mm&r=g\",\"contentUrl\":\"https:\/\/secure.gravatar.com\/avatar\/b34fc4f4e468a4e51785917065a3db57b841f5c95dba6ad8c73aaf8f66f8f9bf?s=96&d=mm&r=g\",\"caption\":\"Comunica\u00e7\u00e3o PSOL\"}}]}<\/script>\n<!-- \/ Yoast SEO plugin. -->","yoast_head_json":{"title":"1\u00ba de Maio: atos pelo fim da escala 6x1 mobilizam cidades em todo o Brasil - PSOL 50","description":"Atos do 1\u00ba de Maio mobilizam cidades em todo o Brasil pelo fim da escala 6x1 e em defesa dos direitos da classe trabalhadora.","robots":{"index":"index","follow":"follow","max-snippet":"max-snippet:-1","max-image-preview":"max-image-preview:large","max-video-preview":"max-video-preview:-1"},"canonical":"https:\/\/psol50.org.br\/1o-de-maio-atos-pelo-fim-da-escala-6x1-mobilizam-cidades-em-todo-o-brasil\/","og_locale":"pt_BR","og_type":"article","og_title":"1\u00ba de Maio: atos pelo fim da escala 6x1 mobilizam cidades em todo o Brasil - PSOL 50","og_description":"Atos do 1\u00ba de Maio mobilizam cidades em todo o Brasil pelo fim da escala 6x1 e em defesa dos direitos da classe trabalhadora.","og_url":"https:\/\/psol50.org.br\/1o-de-maio-atos-pelo-fim-da-escala-6x1-mobilizam-cidades-em-todo-o-brasil\/","og_site_name":"PSOL 50","article_publisher":"https:\/\/www.facebook.com\/psol50","article_published_time":"2026-04-29T17:56:19+00:00","og_image":[{"width":2560,"height":1920,"url":"https:\/\/psol50.org.br\/inc\/uploads\/2026\/04\/hero-image-1-scaled.jpg","type":"image\/jpeg"}],"author":"Comunica\u00e7\u00e3o PSOL","twitter_card":"summary_large_image","twitter_creator":"@psol50","twitter_site":"@psol50","twitter_misc":{"Escrito por":"Comunica\u00e7\u00e3o PSOL","Est. tempo de leitura":"2 minutos"},"schema":{"@context":"https:\/\/schema.org","@graph":[{"@type":"Article","@id":"https:\/\/psol50.org.br\/1o-de-maio-atos-pelo-fim-da-escala-6x1-mobilizam-cidades-em-todo-o-brasil\/#article","isPartOf":{"@id":"https:\/\/psol50.org.br\/1o-de-maio-atos-pelo-fim-da-escala-6x1-mobilizam-cidades-em-todo-o-brasil\/"},"author":{"name":"Comunica\u00e7\u00e3o PSOL","@id":"https:\/\/psol50.org.br\/#\/schema\/person\/475dfa57d0b815993c714c2e96491fcd"},"headline":"1\u00ba de Maio: atos pelo fim da escala 6&#215;1 mobilizam cidades em todo o Brasil","datePublished":"2026-04-29T17:56:19+00:00","mainEntityOfPage":{"@id":"https:\/\/psol50.org.br\/1o-de-maio-atos-pelo-fim-da-escala-6x1-mobilizam-cidades-em-todo-o-brasil\/"},"wordCount":477,"publisher":{"@id":"https:\/\/psol50.org.br\/#organization"},"image":{"@id":"https:\/\/psol50.org.br\/1o-de-maio-atos-pelo-fim-da-escala-6x1-mobilizam-cidades-em-todo-o-brasil\/#primaryimage"},"thumbnailUrl":"https:\/\/psol50.org.br\/inc\/uploads\/2026\/04\/hero-image-1-scaled.jpg","keywords":["destaque"],"articleSection":["Not\u00edcias"],"inLanguage":"pt-BR"},{"@type":"WebPage","@id":"https:\/\/psol50.org.br\/1o-de-maio-atos-pelo-fim-da-escala-6x1-mobilizam-cidades-em-todo-o-brasil\/","url":"https:\/\/psol50.org.br\/1o-de-maio-atos-pelo-fim-da-escala-6x1-mobilizam-cidades-em-todo-o-brasil\/","name":"1\u00ba de Maio: atos pelo fim da escala 6x1 mobilizam cidades em todo o Brasil - PSOL 50","isPartOf":{"@id":"https:\/\/psol50.org.br\/#website"},"primaryImageOfPage":{"@id":"https:\/\/psol50.org.br\/1o-de-maio-atos-pelo-fim-da-escala-6x1-mobilizam-cidades-em-todo-o-brasil\/#primaryimage"},"image":{"@id":"https:\/\/psol50.org.br\/1o-de-maio-atos-pelo-fim-da-escala-6x1-mobilizam-cidades-em-todo-o-brasil\/#primaryimage"},"thumbnailUrl":"https:\/\/psol50.org.br\/inc\/uploads\/2026\/04\/hero-image-1-scaled.jpg","datePublished":"2026-04-29T17:56:19+00:00","description":"Atos do 1\u00ba de Maio mobilizam cidades em todo o Brasil pelo fim da escala 6x1 e em defesa dos direitos da classe trabalhadora.","breadcrumb":{"@id":"https:\/\/psol50.org.br\/1o-de-maio-atos-pelo-fim-da-escala-6x1-mobilizam-cidades-em-todo-o-brasil\/#breadcrumb"},"inLanguage":"pt-BR","potentialAction":[{"@type":"ReadAction","target":["https:\/\/psol50.org.br\/1o-de-maio-atos-pelo-fim-da-escala-6x1-mobilizam-cidades-em-todo-o-brasil\/"]}]},{"@type":"ImageObject","inLanguage":"pt-BR","@id":"https:\/\/psol50.org.br\/1o-de-maio-atos-pelo-fim-da-escala-6x1-mobilizam-cidades-em-todo-o-brasil\/#primaryimage","url":"https:\/\/psol50.org.br\/inc\/uploads\/2026\/04\/hero-image-1-scaled.jpg","contentUrl":"https:\/\/psol50.org.br\/inc\/uploads\/2026\/04\/hero-image-1-scaled.jpg","width":2560,"height":1920,"caption":"Foto: Movimento VAT"},{"@type":"BreadcrumbList","@id":"https:\/\/psol50.org.br\/1o-de-maio-atos-pelo-fim-da-escala-6x1-mobilizam-cidades-em-todo-o-brasil\/#breadcrumb","itemListElement":[{"@type":"ListItem","position":1,"name":"In\u00edcio","item":"https:\/\/psol50.org.br\/"},{"@type":"ListItem","position":2,"name":"1\u00ba de Maio: atos pelo fim da escala 6&#215;1 mobilizam cidades em todo o Brasil"}]},{"@type":"WebSite","@id":"https:\/\/psol50.org.br\/#website","url":"https:\/\/psol50.org.br\/","name":"PSOL 50","description":"Site oficial do Partido Socialismo e Liberdade","publisher":{"@id":"https:\/\/psol50.org.br\/#organization"},"alternateName":"PSOL50","potentialAction":[{"@type":"SearchAction","target":{"@type":"EntryPoint","urlTemplate":"https:\/\/psol50.org.br\/?s={search_term_string}"},"query-input":{"@type":"PropertyValueSpecification","valueRequired":true,"valueName":"search_term_string"}}],"inLanguage":"pt-BR"},{"@type":"Organization","@id":"https:\/\/psol50.org.br\/#organization","name":"PSOL 50","alternateName":"PSOL 50","url":"https:\/\/psol50.org.br\/","logo":{"@type":"ImageObject","inLanguage":"pt-BR","@id":"https:\/\/psol50.org.br\/#\/schema\/logo\/image\/","url":"https:\/\/psol50.org.br\/inc\/uploads\/2018\/07\/capa.png","contentUrl":"https:\/\/psol50.org.br\/inc\/uploads\/2018\/07\/capa.png","width":1350,"height":900,"caption":"PSOL 50"},"image":{"@id":"https:\/\/psol50.org.br\/#\/schema\/logo\/image\/"},"sameAs":["https:\/\/www.facebook.com\/psol50","https:\/\/x.com\/psol50","https:\/\/www.instagram.com\/psol50\/","https:\/\/www.youtube.com\/channel\/UC7SnJS5o1os7a6CaiNabzcg"]},{"@type":"Person","@id":"https:\/\/psol50.org.br\/#\/schema\/person\/475dfa57d0b815993c714c2e96491fcd","name":"Comunica\u00e7\u00e3o PSOL","image":{"@type":"ImageObject","inLanguage":"pt-BR","@id":"https:\/\/psol50.org.br\/#\/schema\/person\/image\/","url":"https:\/\/secure.gravatar.com\/avatar\/b34fc4f4e468a4e51785917065a3db57b841f5c95dba6ad8c73aaf8f66f8f9bf?s=96&d=mm&r=g","contentUrl":"https:\/\/secure.gravatar.com\/avatar\/b34fc4f4e468a4e51785917065a3db57b841f5c95dba6ad8c73aaf8f66f8f9bf?s=96&d=mm&r=g","caption":"Comunica\u00e7\u00e3o PSOL"}}]}},"_links":{"self":[{"href":"https:\/\/psol50.org.br\/rest\/wp\/v2\/posts\/42863","targetHints":{"allow":["GET"]}}],"collection":[{"href":"https:\/\/psol50.org.br\/rest\/wp\/v2\/posts"}],"about":[{"href":"https:\/\/psol50.org.br\/rest\/wp\/v2\/types\/post"}],"author":[{"embeddable":true,"href":"https:\/\/psol50.org.br\/rest\/wp\/v2\/users\/2"}],"replies":[{"embeddable":true,"href":"https:\/\/psol50.org.br\/rest\/wp\/v2\/comments?post=42863"}],"version-history":[{"count":1,"href":"https:\/\/psol50.org.br\/rest\/wp\/v2\/posts\/42863\/revisions"}],"predecessor-version":[{"id":42865,"href":"https:\/\/psol50.org.br\/rest\/wp\/v2\/posts\/42863\/revisions\/42865"}],"wp:featuredmedia":[{"embeddable":true,"href":"https:\/\/psol50.org.br\/rest\/wp\/v2\/media\/42864"}],"wp:attachment":[{"href":"https:\/\/psol50.org.br\/rest\/wp\/v2\/media?parent=42863"}],"wp:term":[{"taxonomy":"category","embeddable":true,"href":"https:\/\/psol50.org.br\/rest\/wp\/v2\/categories?post=42863"},{"taxonomy":"post_tag","embeddable":true,"href":"https:\/\/psol50.org.br\/rest\/wp\/v2\/tags?post=42863"}],"curies":[{"name":"wp","href":"https:\/\/api.w.org\/{rel}","templated":true}]}}