{"id":4324,"date":"2015-02-26T03:33:17","date_gmt":"2015-02-26T03:33:17","guid":{"rendered":"http:\/\/179.190.55.146\/~psol5185\/?p=4324"},"modified":"2015-02-26T03:33:17","modified_gmt":"2015-02-26T03:33:17","slug":"e-preciso-seguir-lutando-garantindo-direitos-e-evitando-retrocessos","status":"publish","type":"post","link":"https:\/\/psol50.org.br\/e-preciso-seguir-lutando-garantindo-direitos-e-evitando-retrocessos\/","title":{"rendered":"\u00c9 preciso seguir lutando, garantindo direitos e evitando retrocessos!*"},"content":{"rendered":"<div id=\"blocoDadosPrint\">\nBernardo Pilotto<br \/>\n<span id=\"Texto\">No dia 5 de outubro de 2014, ap\u00f3s vencer as elei\u00e7\u00f5es no primeiro turno, Beto Richa declarou \u00e0 imprensa que o \u201cmelhor estava por vir\u201d. De acordo com ele, depois de quatro anos arrumando as finan\u00e7as do Estado por conta de uma \u201cheran\u00e7a maldita\u201d, o segundo mandato seria caracterizado por mais investimentos do poder p\u00fablico e pelo cumprimento das promessas realizadas durante a campanha.<\/span><br \/>\nMas essa era apenas mais uma mentira de Beto Richa. De l\u00e1 pra c\u00e1, o que temos visto \u00e9 o uso de uma suposta \u201cquebradeira\u201d das finan\u00e7as do estado para justificar a aplica\u00e7\u00e3o de pol\u00edticas neoliberais como aumento de impostos, retirada de direitos e destrui\u00e7\u00e3o dos servi\u00e7os p\u00fablicos. E, mostrando que o corte or\u00e7ament\u00e1rio \u00e9 seletivo, os ajustes s\u00e3o feitos apenas para os \u201cde baixo\u201d. No mesmo momento que discute-se a crise fiscal do Estado, foi aprovada a concess\u00e3o de aux\u00edlio-moradia em diversos \u00f3rg\u00e3os.<br \/>\nNo caso desse aux\u00edlio-moradia, \u00e9 importante registrar que o valor concedido \u00e9 mais alto do que a maior parte dos sal\u00e1rios dos trabalhadores(as) do servi\u00e7o p\u00fablico estadual que se encontram em greve. \u00c9 tamb\u00e9m fruto da troca de favores entre Poder Executivo (chefiado pelo governador), Poder Legislativo (do qual o Tribunal de Contas do Estado faz parte) e Poder Judici\u00e1rio (do qual o Tribunal de Justi\u00e7a faz parte). Vale ainda dizer que os or\u00e7amentos do TCE e TJ, que s\u00e3o independentes, foram superavit\u00e1rios nos \u00faltimos anos e h\u00e1 ind\u00edcios que a concess\u00e3o desse privil\u00e9gio foi para evitar argumentos de que este dinheiro pudesse ser devolvido ao Poder Executivo para ajudar no saneamento das finan\u00e7as. Por outro lado, servidores do TJ reclamam da precariza\u00e7\u00e3o das condi\u00e7\u00f5es de trabalho, com cortes de funcion\u00e1rios e aus\u00eancia de materiais b\u00e1sicos.<br \/>\nEleito em primeiro turno e com uma base parlamentar ainda maior que no primeiro mandato, Beto Richa se sentiu soberano para aplicar medidas extremas que, se aprovadas, significariam a destrui\u00e7\u00e3o de todo o aparato p\u00fablico do estado do Paran\u00e1. E para facilitar ainda mais o trabalho de Richa, sua oposi\u00e7\u00e3o dentro da ALEP \u00e9 sempre colocada em contradi\u00e7\u00e3o, visto que a maior parte das medidas dos \u201cpacotes de maldade\u201d apresentadas pelo governador tucano j\u00e1 foram aplicadas pelo governo federal ou por governos estaduais petistas.<br \/>\nO primeiro teste das \u201cmedidas extremas\u201d foi um pacote enviado \u00e0 Assembleia Legislativa (ALEP) em dezembro de 2014 e aprovado pelo m\u00e9todo conhecido como \u201ctratora\u00e7o\u201d (os projetos n\u00e3o precisam passar pelas comiss\u00f5es e s\u00e3o votadas diretamente no plen\u00e1rio, podendo ser aprovados de um dia para o outro). Neste pacote estavam previstas a taxa\u00e7\u00e3o de inativos (cobran\u00e7a para aqueles servidores estaduais que j\u00e1 estavam aposentados), aumento de 40% no IPVA, restri\u00e7\u00e3o do or\u00e7amento da Defensoria P\u00fablica, aumento do ICMS dos combust\u00edveis e reajuste das custas judiciais. Apesar do protesto organizado pelo FES (f\u00f3rum que re\u00fane os sindicatos de servidores estaduais do Paran\u00e1) e de galerias da ALEP lotadas durante a vota\u00e7\u00e3o, o projeto foi aprovado sem maiores crises.<br \/>\nNo in\u00edcio do segundo mandato, Richa aplica novas medidas de austeridade em conjunto com uma s\u00e9rie de calotes: suspens\u00e3o das verbas de custeio de universidades e escolas estaduais, demiss\u00e3o de cerca de 30.000 funcion\u00e1rios contratados temporariamente pelo PSS (Processo Seletivo Simplificado), calote no adicional de \u2153 de f\u00e9rias dos servidores, nas di\u00e1rias de bombeiros e policiais militares que estavam trabalhando na Opera\u00e7\u00e3o Ver\u00e3o e na indeniza\u00e7\u00e3o pela rescis\u00e3o de contrato dos professores tempor\u00e1rios, entre outras medidas.<br \/>\nNeste cen\u00e1rio, v\u00e1rias categorias j\u00e1 se mobilizavam para garantir suas condi\u00e7\u00f5es m\u00ednimas de trabalho. Em 3 de fevereiro, professores e funcion\u00e1rios de escola fizeram protestos em todo o Estado, cobrando a recontrata\u00e7\u00e3o do pessoal PSS e o pagamento dos direitos j\u00e1 adquiridos. Em 6 de fevereiro, um ato organizado por estudantes do Col\u00e9gio Estadual do Paran\u00e1 mostrou que a luta estava sendo de forma conjunta. J\u00e1 no dia 7 de fevereiro, bombeiros realizaram uma manifesta\u00e7\u00e3o em Guaratuba. Essas manifesta\u00e7\u00f5es foram sempre muito bem recebidas pela popula\u00e7\u00e3o, que buzinava e acenava apoiando os movimentos.<br \/>\nAo passo em que o movimento de resist\u00eancia dos servidores(as) p\u00fablicos come\u00e7ava a se organizar, o governo apresentou um novo pacote \u00e0 ALEP para vota\u00e7\u00e3o at\u00e9 o dia 10 de fevereiro. O pacote previa a destina\u00e7\u00e3o de R$8 bilh\u00f5es da Paran\u00e1 Previd\u00eancia para uso do Estado, corte nos quinqu\u00eanios e outros direitos, cria\u00e7\u00e3o de uma previd\u00eancia complementar, corte nas possibilidades de licen\u00e7a e retrocessos no plano de carreira dos educadores.<br \/>\nNeste cen\u00e1rio, os sindicatos de servidores(as) estaduais se reuniram e deliberaram por uma greve geral. Desde ent\u00e3o, muitas categorias realizaram assembleias lotadas e deflagraram greve. Na maior delas, foram mais de 10 mil professores e funcion\u00e1rios de escola na assembleia da APP-Sindicato no dia 7 de fevereiro, em Guarapuava.<br \/>\nNo dia 9 de fevereiro, um acampamento montado na frente da ALEP, no Centro C\u00edvico, em Curitiba, j\u00e1 mostrava a for\u00e7a do movimento. Na ter\u00e7a, data prevista para a vota\u00e7\u00e3o do \u201cpacota\u00e7o\u201d, mais de 30 mil trabalhadores(as) de todo o Paran\u00e1 estavam em frente a ALEP. O governo do estado e sua bancada se negavam a qualquer di\u00e1logo e encaminharam a vota\u00e7\u00e3o do mesmo jeito. A resposta dos trabalhadores foi na mesma medida: ocuparam o plen\u00e1rio da ALEP, numa movimenta\u00e7\u00e3o conjunta entre os que estavam nas galerias e os que estavam do lado de fora. Com isso, a vota\u00e7\u00e3o foi adiada.<br \/>\nMas o governo continuou se sentido soberano. Na quarta, uma sess\u00e3o foi realizada no restaurante da ALEP. Na quinta, diante do piquete realizado nos nove port\u00f5es que d\u00e3o acesso \u00e0 Assembleia, os deputados da base de apoio de Beto Richa entraram para a ALEP atrav\u00e9s de um cambur\u00e3o e de um corte na grade, numa opera\u00e7\u00e3o digna do\u00a0<em>Oscar<\/em>. Mas os trabalhadores n\u00e3o se deram por vencidos, ocupando novamente a ALEP, derrubando as barreiras policiais e for\u00e7ando o governo a retirar o pacote de tramita\u00e7\u00e3o.<br \/>\nA grande quantidade de pessoas, somada a organiza\u00e7\u00e3o do movimento e a um trabalho junto aos policiais que estavam de plant\u00e3o, garantiu que a repress\u00e3o n\u00e3o fosse a t\u00f4nica das not\u00edcias. Infelizmente, o regime disciplinar a que est\u00e3o submetidos impede que eles tenham uma a\u00e7\u00e3o reivindicat\u00f3ria, ainda que concordem com as pautas levantadas pela greve dos servidores.\u00a0 Mesmo assim, tivemos feridos, especialmente nos protestos de 12 de fevereiro, al\u00e9m de uma pessoa presa e outras que est\u00e3o com medo de persegui\u00e7\u00e3o por parte da c\u00fapula policial. Prestamos total solidariedade a essas pessoas e nos colocamos a disposi\u00e7\u00e3o, do ponto de vista pol\u00edtico e jur\u00eddico, para apoi\u00e1-las.<br \/>\nFoi uma vit\u00f3ria como h\u00e1 muito tempo n\u00e3o v\u00edamos. Exemplo para todo o Brasil, visto que projetos parecidos com os de Beto Richa s\u00e3o aplicados por v\u00e1rios governos estaduais, municipais e tamb\u00e9m por Dilma Roussef. Uma vit\u00f3ria que mostrou que o povo organizado \u00e9 mais forte do que qualquer base aliada parlamentar.<br \/>\nE o mais importante: a vit\u00f3ria na retirada do \u201cpacota\u00e7o\u201d incentivou que os trabalhadores e estudantes se mantivessem em luta, acreditando que \u00e9 poss\u00edvel vencer em outros pontos de suas pautas. A greve se manteve ativa, com a ocupa\u00e7\u00e3o de reitorias, N\u00facleos Regionais de Educa\u00e7\u00e3o, trancamento de rodoviais e abertura de ped\u00e1gios por todo o Paran\u00e1. Junto a isso, protestos em casa de deputados estaduais e nas C\u00e2maras Municipais de suas bases.<br \/>\nEntendemos que este movimento vem sendo gestado h\u00e1 algum tempo, pelo trabalho dos sindicatos e associa\u00e7\u00f5es e pela crescente rejei\u00e7\u00e3o ao m\u00e9todo adotado pelo governo de Beto Richa e sua base de apoio. Al\u00e9m disso, reflete o momento que vivemos no Brasil desde junho de 2013, quando a op\u00e7\u00e3o pela luta direta, nas ruas, ganhou for\u00e7a na consci\u00eancia de milh\u00f5es de brasileiros.<br \/>\nAs demonstra\u00e7\u00f5es de apoio ao movimento grevista por parte das esposas de policiais militares, civis e bombeiros tem sido epis\u00f3dio \u00e0 parte em todo este processo de ascenso de lutas. Como n\u00e3o v\u00edamos h\u00e1 anos, come\u00e7a a crescer uma mobiliza\u00e7\u00e3o nas for\u00e7as militares, de reivindica\u00e7\u00e3o de direitos salariais e trabalhistas e solidariedade com os demais trabalhadores(as), na qual, vem ganhando for\u00e7a a defesa da desmilitariza\u00e7\u00e3o da pol\u00edcia.<br \/>\nAt\u00e9 agora, as greves e ocupa\u00e7\u00f5es serviram para frear, ainda que momentaneamente, os projetos de austeridade de Beto Richa. Sim, esta mesma austeridade que tanto mal causou na Europa e que come\u00e7a a ser fortemente questionada por l\u00e1, especialmente na Gr\u00e9cia e na Espanha.<br \/>\nServiram, tamb\u00e9m, para mostrar que Beto Richa e sua base aliada (no Legislativo e no Judici\u00e1rio) \u201cpodem muito, mas n\u00e3o podem tudo\u201d. Um governo que parecia invenc\u00edvel agora se encontra encurralado, com um governador que n\u00e3o tem nem coragem de aparecer em p\u00fablico.<br \/>\nDiante desta conjuntura, entendemos que devemos continuar incentivando as mobiliza\u00e7\u00f5es das diversas categorias por seus direitos e reivindica\u00e7\u00f5es. No momento, apenas a greve dos professores(as) e funcion\u00e1rios(as) de escola tem avan\u00e7ado nas negocia\u00e7\u00f5es, por\u00e9m, o ponto sens\u00edvel que n\u00e3o pode ser esquecido por todos os servidores(as) em sua pauta de reivindica\u00e7\u00f5es \u00e9 a previd\u00eancia.\u00a0 As demais greves, de trabalhadores(as) do Detran, da Defensoria P\u00fablica e das Universidades, seguem firmes e longe de terem suas reivindica\u00e7\u00f5es atendidas.<br \/>\nN\u00e3o confiamos nas promessas de Beto Richa \u2013 este \u00e9 o sentimento compartilhado entre os trabalhadores(as) em rela\u00e7\u00e3o \u00e0 previd\u00eancia e aos demais direitos colocados em xeque. Para garantir que seja dado um ponto final nas inten\u00e7\u00f5es de Richa em p\u00f4r as m\u00e3os nos 8 bilh\u00f5es da previd\u00eancia, \u00e9 preciso que este debate seja travado com os servidores(as) mobilizados, ainda em greve, no embalo da for\u00e7a que o movimento tem hoje com a ades\u00e3o das demais categorias do funcionalismo p\u00fablico, rumo a uma greve geral no estado do Paran\u00e1. A palavra na ordem do dia \u00e9 \u201cNenhum direito a menos!\u201d e assim deve ser para evitar derrotas e o avan\u00e7o do projeto neoliberal sobre nosso estado e pa\u00eds.<br \/>\nEssa situa\u00e7\u00e3o continuar\u00e1 inst\u00e1vel nos pr\u00f3ximos anos, visto que o governo do estado j\u00e1 nos deu demonstra\u00e7\u00f5es suficientes de sua op\u00e7\u00e3o num momento de crise: cortar direitos dos trabalhadores e gastos com servi\u00e7os p\u00fablicos.<br \/>\nPor conta disso, entendemos que \u00e9 preciso fazer uma auditoria das finan\u00e7as do Paran\u00e1, para que possamos saber para onde foi parar o dinheiro de um dos estados que mais aumentou sua arrecada\u00e7\u00e3o nos \u00faltimos anos. \u00c9 dif\u00edcil acreditar que isso possa ser feito pelos mesmos que hoje se mant\u00e9m na defesa do governo. Por isso, a mobiliza\u00e7\u00e3o popular ser\u00e1 fundamental para que esta avalia\u00e7\u00e3o aconte\u00e7a, seja atrav\u00e9s de uma auditoria popular externa, seja atrav\u00e9s da CPI que \u00e9 solicitada pela bancada de oposi\u00e7\u00e3o da ALEP.<br \/>\n\u00c9 necess\u00e1rio tamb\u00e9m avan\u00e7armos em propostas que possam trazer uma melhor redistribui\u00e7\u00e3o de riqueza em nosso estado, com a taxa\u00e7\u00e3o progressiva dos impostos, fazendo com que os setores mais ricos da sociedade paguem mais, ao contr\u00e1rio do que temos hoje.<br \/>\nNo \u00e2mbito dos direitos, \u00e9 preciso ainda aplicar \u201cmedidas desmilitarizantes\u201d na seguran\u00e7a p\u00fablica, com a substitui\u00e7\u00e3o do Regime Disciplinar do Ex\u00e9rcito por um novo c\u00f3digo de \u00e9tica, que permita que policiais e bombeiros possam exercer seu livre direito de manifesta\u00e7\u00e3o e reivindica\u00e7\u00e3o.<br \/>\nSer\u00e1 preciso seguir em luta, enfraquecendo e encurralando cada vez mais o governo Beto Richa, para que a sua derrota seja tamb\u00e9m a derrota da austeridade, das propostas que retiram direitos dos trabalhadores e da juventude, infelizmente t\u00e3o em voga no Paran\u00e1 e no Brasil.<br \/>\n\u00c9 neste processo que fortaleceremos uma oposi\u00e7\u00e3o coerente e combativa em nosso estado, t\u00e3o em falta na ALEP e ainda pequena nas ruas.<br \/>\n*<em>Artigo escrito por Bernardo Pilotto, soci\u00f3logo e trabalhador do HC-UFPR e candidato do PSOL ao Governo do Paran\u00e1 em 2014; e T\u00e1bata Gomes, bi\u00f3loga, professora da rede estadual e a presidenta do PSOL-PR.<\/em>\n<\/div>\n","protected":false},"excerpt":{"rendered":"<p>Bernardo Pilotto No dia 5 de outubro de 2014, ap\u00f3s vencer as elei\u00e7\u00f5es no primeiro turno, Beto Richa declarou \u00e0 imprensa que o \u201cmelhor estava por vir\u201d. De acordo com ele, depois de quatro anos arrumando as finan\u00e7as do Estado por conta de uma \u201cheran\u00e7a maldita\u201d, o segundo mandato seria caracterizado por mais investimentos do [&hellip;]<\/p>\n","protected":false},"author":2,"featured_media":0,"comment_status":"open","ping_status":"open","sticky":false,"template":"","format":"standard","meta":{"_acf_changed":false,"footnotes":""},"categories":[3],"tags":[4198,526],"class_list":{"0":"post-4324","1":"post","2":"type-post","3":"status-publish","4":"format-standard","6":"category-artigos-e-entrevistas","7":"tag-bernardo-pilotto","8":"tag-parana"},"acf":[],"yoast_head":"<!-- This site is optimized with the Yoast SEO plugin v26.5 - https:\/\/yoast.com\/wordpress\/plugins\/seo\/ -->\n<title>\u00c9 preciso seguir lutando, garantindo direitos e evitando retrocessos!* - PSOL 50<\/title>\n<meta name=\"robots\" content=\"index, follow, max-snippet:-1, max-image-preview:large, max-video-preview:-1\" \/>\n<link rel=\"canonical\" href=\"https:\/\/psol50.org.br\/e-preciso-seguir-lutando-garantindo-direitos-e-evitando-retrocessos\/\" \/>\n<meta property=\"og:locale\" content=\"pt_BR\" \/>\n<meta property=\"og:type\" content=\"article\" \/>\n<meta property=\"og:title\" content=\"\u00c9 preciso seguir lutando, garantindo direitos e evitando retrocessos!* - PSOL 50\" \/>\n<meta property=\"og:description\" content=\"Bernardo Pilotto No dia 5 de outubro de 2014, ap\u00f3s vencer as elei\u00e7\u00f5es no primeiro turno, Beto Richa declarou \u00e0 imprensa que o \u201cmelhor estava por vir\u201d. De acordo com ele, depois de quatro anos arrumando as finan\u00e7as do Estado por conta de uma \u201cheran\u00e7a maldita\u201d, o segundo mandato seria caracterizado por mais investimentos do [&hellip;]\" \/>\n<meta property=\"og:url\" content=\"https:\/\/psol50.org.br\/e-preciso-seguir-lutando-garantindo-direitos-e-evitando-retrocessos\/\" \/>\n<meta property=\"og:site_name\" content=\"PSOL 50\" \/>\n<meta property=\"article:publisher\" content=\"https:\/\/www.facebook.com\/psol50\" \/>\n<meta property=\"article:published_time\" content=\"2015-02-26T03:33:17+00:00\" \/>\n<meta property=\"og:image\" content=\"https:\/\/psol50.org.br\/inc\/uploads\/2018\/07\/capa.png\" \/>\n\t<meta property=\"og:image:width\" content=\"1350\" \/>\n\t<meta property=\"og:image:height\" content=\"900\" \/>\n\t<meta property=\"og:image:type\" content=\"image\/png\" \/>\n<meta name=\"author\" content=\"Comunica\u00e7\u00e3o PSOL\" \/>\n<meta name=\"twitter:card\" content=\"summary_large_image\" \/>\n<meta name=\"twitter:creator\" content=\"@psol50\" \/>\n<meta name=\"twitter:site\" content=\"@psol50\" \/>\n<meta name=\"twitter:label1\" content=\"Escrito por\" \/>\n\t<meta name=\"twitter:data1\" content=\"Comunica\u00e7\u00e3o PSOL\" \/>\n\t<meta name=\"twitter:label2\" content=\"Est. tempo de leitura\" \/>\n\t<meta name=\"twitter:data2\" content=\"11 minutos\" \/>\n<script type=\"application\/ld+json\" class=\"yoast-schema-graph\">{\"@context\":\"https:\/\/schema.org\",\"@graph\":[{\"@type\":\"Article\",\"@id\":\"https:\/\/psol50.org.br\/e-preciso-seguir-lutando-garantindo-direitos-e-evitando-retrocessos\/#article\",\"isPartOf\":{\"@id\":\"https:\/\/psol50.org.br\/e-preciso-seguir-lutando-garantindo-direitos-e-evitando-retrocessos\/\"},\"author\":{\"name\":\"Comunica\u00e7\u00e3o PSOL\",\"@id\":\"https:\/\/psol50.org.br\/#\/schema\/person\/475dfa57d0b815993c714c2e96491fcd\"},\"headline\":\"\u00c9 preciso seguir lutando, garantindo direitos e evitando retrocessos!*\",\"datePublished\":\"2015-02-26T03:33:17+00:00\",\"mainEntityOfPage\":{\"@id\":\"https:\/\/psol50.org.br\/e-preciso-seguir-lutando-garantindo-direitos-e-evitando-retrocessos\/\"},\"wordCount\":2112,\"commentCount\":0,\"publisher\":{\"@id\":\"https:\/\/psol50.org.br\/#organization\"},\"keywords\":[\"Bernardo Pilotto\",\"Paran\u00e1\"],\"articleSection\":[\"Artigos\"],\"inLanguage\":\"pt-BR\",\"potentialAction\":[{\"@type\":\"CommentAction\",\"name\":\"Comment\",\"target\":[\"https:\/\/psol50.org.br\/e-preciso-seguir-lutando-garantindo-direitos-e-evitando-retrocessos\/#respond\"]}]},{\"@type\":\"WebPage\",\"@id\":\"https:\/\/psol50.org.br\/e-preciso-seguir-lutando-garantindo-direitos-e-evitando-retrocessos\/\",\"url\":\"https:\/\/psol50.org.br\/e-preciso-seguir-lutando-garantindo-direitos-e-evitando-retrocessos\/\",\"name\":\"\u00c9 preciso seguir lutando, garantindo direitos e evitando retrocessos!* - PSOL 50\",\"isPartOf\":{\"@id\":\"https:\/\/psol50.org.br\/#website\"},\"datePublished\":\"2015-02-26T03:33:17+00:00\",\"breadcrumb\":{\"@id\":\"https:\/\/psol50.org.br\/e-preciso-seguir-lutando-garantindo-direitos-e-evitando-retrocessos\/#breadcrumb\"},\"inLanguage\":\"pt-BR\",\"potentialAction\":[{\"@type\":\"ReadAction\",\"target\":[\"https:\/\/psol50.org.br\/e-preciso-seguir-lutando-garantindo-direitos-e-evitando-retrocessos\/\"]}]},{\"@type\":\"BreadcrumbList\",\"@id\":\"https:\/\/psol50.org.br\/e-preciso-seguir-lutando-garantindo-direitos-e-evitando-retrocessos\/#breadcrumb\",\"itemListElement\":[{\"@type\":\"ListItem\",\"position\":1,\"name\":\"In\u00edcio\",\"item\":\"https:\/\/psol50.org.br\/\"},{\"@type\":\"ListItem\",\"position\":2,\"name\":\"\u00c9 preciso seguir lutando, garantindo direitos e evitando retrocessos!*\"}]},{\"@type\":\"WebSite\",\"@id\":\"https:\/\/psol50.org.br\/#website\",\"url\":\"https:\/\/psol50.org.br\/\",\"name\":\"PSOL 50\",\"description\":\"Site oficial do Partido Socialismo e Liberdade\",\"publisher\":{\"@id\":\"https:\/\/psol50.org.br\/#organization\"},\"alternateName\":\"PSOL50\",\"potentialAction\":[{\"@type\":\"SearchAction\",\"target\":{\"@type\":\"EntryPoint\",\"urlTemplate\":\"https:\/\/psol50.org.br\/?s={search_term_string}\"},\"query-input\":{\"@type\":\"PropertyValueSpecification\",\"valueRequired\":true,\"valueName\":\"search_term_string\"}}],\"inLanguage\":\"pt-BR\"},{\"@type\":\"Organization\",\"@id\":\"https:\/\/psol50.org.br\/#organization\",\"name\":\"PSOL 50\",\"alternateName\":\"PSOL 50\",\"url\":\"https:\/\/psol50.org.br\/\",\"logo\":{\"@type\":\"ImageObject\",\"inLanguage\":\"pt-BR\",\"@id\":\"https:\/\/psol50.org.br\/#\/schema\/logo\/image\/\",\"url\":\"https:\/\/psol50.org.br\/inc\/uploads\/2018\/07\/capa.png\",\"contentUrl\":\"https:\/\/psol50.org.br\/inc\/uploads\/2018\/07\/capa.png\",\"width\":1350,\"height\":900,\"caption\":\"PSOL 50\"},\"image\":{\"@id\":\"https:\/\/psol50.org.br\/#\/schema\/logo\/image\/\"},\"sameAs\":[\"https:\/\/www.facebook.com\/psol50\",\"https:\/\/x.com\/psol50\",\"https:\/\/www.instagram.com\/psol50\/\",\"https:\/\/www.youtube.com\/channel\/UC7SnJS5o1os7a6CaiNabzcg\"]},{\"@type\":\"Person\",\"@id\":\"https:\/\/psol50.org.br\/#\/schema\/person\/475dfa57d0b815993c714c2e96491fcd\",\"name\":\"Comunica\u00e7\u00e3o PSOL\",\"image\":{\"@type\":\"ImageObject\",\"inLanguage\":\"pt-BR\",\"@id\":\"https:\/\/psol50.org.br\/#\/schema\/person\/image\/\",\"url\":\"https:\/\/secure.gravatar.com\/avatar\/b34fc4f4e468a4e51785917065a3db57b841f5c95dba6ad8c73aaf8f66f8f9bf?s=96&d=mm&r=g\",\"contentUrl\":\"https:\/\/secure.gravatar.com\/avatar\/b34fc4f4e468a4e51785917065a3db57b841f5c95dba6ad8c73aaf8f66f8f9bf?s=96&d=mm&r=g\",\"caption\":\"Comunica\u00e7\u00e3o PSOL\"}}]}<\/script>\n<!-- \/ Yoast SEO plugin. -->","yoast_head_json":{"title":"\u00c9 preciso seguir lutando, garantindo direitos e evitando retrocessos!* - PSOL 50","robots":{"index":"index","follow":"follow","max-snippet":"max-snippet:-1","max-image-preview":"max-image-preview:large","max-video-preview":"max-video-preview:-1"},"canonical":"https:\/\/psol50.org.br\/e-preciso-seguir-lutando-garantindo-direitos-e-evitando-retrocessos\/","og_locale":"pt_BR","og_type":"article","og_title":"\u00c9 preciso seguir lutando, garantindo direitos e evitando retrocessos!* - PSOL 50","og_description":"Bernardo Pilotto No dia 5 de outubro de 2014, ap\u00f3s vencer as elei\u00e7\u00f5es no primeiro turno, Beto Richa declarou \u00e0 imprensa que o \u201cmelhor estava por vir\u201d. De acordo com ele, depois de quatro anos arrumando as finan\u00e7as do Estado por conta de uma \u201cheran\u00e7a maldita\u201d, o segundo mandato seria caracterizado por mais investimentos do [&hellip;]","og_url":"https:\/\/psol50.org.br\/e-preciso-seguir-lutando-garantindo-direitos-e-evitando-retrocessos\/","og_site_name":"PSOL 50","article_publisher":"https:\/\/www.facebook.com\/psol50","article_published_time":"2015-02-26T03:33:17+00:00","og_image":[{"width":1350,"height":900,"url":"https:\/\/psol50.org.br\/inc\/uploads\/2018\/07\/capa.png","type":"image\/png"}],"author":"Comunica\u00e7\u00e3o PSOL","twitter_card":"summary_large_image","twitter_creator":"@psol50","twitter_site":"@psol50","twitter_misc":{"Escrito por":"Comunica\u00e7\u00e3o PSOL","Est. tempo de leitura":"11 minutos"},"schema":{"@context":"https:\/\/schema.org","@graph":[{"@type":"Article","@id":"https:\/\/psol50.org.br\/e-preciso-seguir-lutando-garantindo-direitos-e-evitando-retrocessos\/#article","isPartOf":{"@id":"https:\/\/psol50.org.br\/e-preciso-seguir-lutando-garantindo-direitos-e-evitando-retrocessos\/"},"author":{"name":"Comunica\u00e7\u00e3o PSOL","@id":"https:\/\/psol50.org.br\/#\/schema\/person\/475dfa57d0b815993c714c2e96491fcd"},"headline":"\u00c9 preciso seguir lutando, garantindo direitos e evitando retrocessos!*","datePublished":"2015-02-26T03:33:17+00:00","mainEntityOfPage":{"@id":"https:\/\/psol50.org.br\/e-preciso-seguir-lutando-garantindo-direitos-e-evitando-retrocessos\/"},"wordCount":2112,"commentCount":0,"publisher":{"@id":"https:\/\/psol50.org.br\/#organization"},"keywords":["Bernardo Pilotto","Paran\u00e1"],"articleSection":["Artigos"],"inLanguage":"pt-BR","potentialAction":[{"@type":"CommentAction","name":"Comment","target":["https:\/\/psol50.org.br\/e-preciso-seguir-lutando-garantindo-direitos-e-evitando-retrocessos\/#respond"]}]},{"@type":"WebPage","@id":"https:\/\/psol50.org.br\/e-preciso-seguir-lutando-garantindo-direitos-e-evitando-retrocessos\/","url":"https:\/\/psol50.org.br\/e-preciso-seguir-lutando-garantindo-direitos-e-evitando-retrocessos\/","name":"\u00c9 preciso seguir lutando, garantindo direitos e evitando retrocessos!* - PSOL 50","isPartOf":{"@id":"https:\/\/psol50.org.br\/#website"},"datePublished":"2015-02-26T03:33:17+00:00","breadcrumb":{"@id":"https:\/\/psol50.org.br\/e-preciso-seguir-lutando-garantindo-direitos-e-evitando-retrocessos\/#breadcrumb"},"inLanguage":"pt-BR","potentialAction":[{"@type":"ReadAction","target":["https:\/\/psol50.org.br\/e-preciso-seguir-lutando-garantindo-direitos-e-evitando-retrocessos\/"]}]},{"@type":"BreadcrumbList","@id":"https:\/\/psol50.org.br\/e-preciso-seguir-lutando-garantindo-direitos-e-evitando-retrocessos\/#breadcrumb","itemListElement":[{"@type":"ListItem","position":1,"name":"In\u00edcio","item":"https:\/\/psol50.org.br\/"},{"@type":"ListItem","position":2,"name":"\u00c9 preciso seguir lutando, garantindo direitos e evitando retrocessos!*"}]},{"@type":"WebSite","@id":"https:\/\/psol50.org.br\/#website","url":"https:\/\/psol50.org.br\/","name":"PSOL 50","description":"Site oficial do Partido Socialismo e Liberdade","publisher":{"@id":"https:\/\/psol50.org.br\/#organization"},"alternateName":"PSOL50","potentialAction":[{"@type":"SearchAction","target":{"@type":"EntryPoint","urlTemplate":"https:\/\/psol50.org.br\/?s={search_term_string}"},"query-input":{"@type":"PropertyValueSpecification","valueRequired":true,"valueName":"search_term_string"}}],"inLanguage":"pt-BR"},{"@type":"Organization","@id":"https:\/\/psol50.org.br\/#organization","name":"PSOL 50","alternateName":"PSOL 50","url":"https:\/\/psol50.org.br\/","logo":{"@type":"ImageObject","inLanguage":"pt-BR","@id":"https:\/\/psol50.org.br\/#\/schema\/logo\/image\/","url":"https:\/\/psol50.org.br\/inc\/uploads\/2018\/07\/capa.png","contentUrl":"https:\/\/psol50.org.br\/inc\/uploads\/2018\/07\/capa.png","width":1350,"height":900,"caption":"PSOL 50"},"image":{"@id":"https:\/\/psol50.org.br\/#\/schema\/logo\/image\/"},"sameAs":["https:\/\/www.facebook.com\/psol50","https:\/\/x.com\/psol50","https:\/\/www.instagram.com\/psol50\/","https:\/\/www.youtube.com\/channel\/UC7SnJS5o1os7a6CaiNabzcg"]},{"@type":"Person","@id":"https:\/\/psol50.org.br\/#\/schema\/person\/475dfa57d0b815993c714c2e96491fcd","name":"Comunica\u00e7\u00e3o PSOL","image":{"@type":"ImageObject","inLanguage":"pt-BR","@id":"https:\/\/psol50.org.br\/#\/schema\/person\/image\/","url":"https:\/\/secure.gravatar.com\/avatar\/b34fc4f4e468a4e51785917065a3db57b841f5c95dba6ad8c73aaf8f66f8f9bf?s=96&d=mm&r=g","contentUrl":"https:\/\/secure.gravatar.com\/avatar\/b34fc4f4e468a4e51785917065a3db57b841f5c95dba6ad8c73aaf8f66f8f9bf?s=96&d=mm&r=g","caption":"Comunica\u00e7\u00e3o PSOL"}}]}},"_links":{"self":[{"href":"https:\/\/psol50.org.br\/rest\/wp\/v2\/posts\/4324","targetHints":{"allow":["GET"]}}],"collection":[{"href":"https:\/\/psol50.org.br\/rest\/wp\/v2\/posts"}],"about":[{"href":"https:\/\/psol50.org.br\/rest\/wp\/v2\/types\/post"}],"author":[{"embeddable":true,"href":"https:\/\/psol50.org.br\/rest\/wp\/v2\/users\/2"}],"replies":[{"embeddable":true,"href":"https:\/\/psol50.org.br\/rest\/wp\/v2\/comments?post=4324"}],"version-history":[{"count":0,"href":"https:\/\/psol50.org.br\/rest\/wp\/v2\/posts\/4324\/revisions"}],"wp:attachment":[{"href":"https:\/\/psol50.org.br\/rest\/wp\/v2\/media?parent=4324"}],"wp:term":[{"taxonomy":"category","embeddable":true,"href":"https:\/\/psol50.org.br\/rest\/wp\/v2\/categories?post=4324"},{"taxonomy":"post_tag","embeddable":true,"href":"https:\/\/psol50.org.br\/rest\/wp\/v2\/tags?post=4324"}],"curies":[{"name":"wp","href":"https:\/\/api.w.org\/{rel}","templated":true}]}}