{"id":4329,"date":"2014-04-30T03:39:21","date_gmt":"2014-04-30T03:39:21","guid":{"rendered":"http:\/\/179.190.55.146\/~psol5185\/?p=4329"},"modified":"2014-04-30T03:39:21","modified_gmt":"2014-04-30T03:39:21","slug":"o-contexto-que-criou-andre-vargas","status":"publish","type":"post","link":"https:\/\/psol50.org.br\/o-contexto-que-criou-andre-vargas\/","title":{"rendered":"O contexto que criou Andr\u00e9 Vargas"},"content":{"rendered":"<div id=\"blocoDadosPrint\">Bernardo Pilotto<\/div>\n<div class=\"divisoriaGeralClear\"><\/div>\n<div class=\"divisoriaGeralClear\">Nas \u00faltimas semanas vieram a tona as liga\u00e7\u00f5es do deputado federal paranaense Andr\u00e9 Vargas (PT) com o doleiro Alberto Youssef, que est\u00e1 preso por conta da\u00a0<a href=\"http:\/\/g1.globo.com\/pr\/parana\/noticia\/2014\/03\/pf-faz-operacao-para-combater-crime-de-lavagem-de-dinheiro-em-7-estados.html\" target=\"_blank\" rel=\"noopener\">Opera\u00e7\u00e3o Lava Jato<\/a>\u00a0da Pol\u00edcia Federal. Youssef est\u00e1 preso desde mar\u00e7o acusado de ser chefe de um esquema de lavagem de dinheiro, evas\u00e3o de divisas, fraude em contratos de c\u00e2mbio e outros crimes. Por sua vez, Vargas admitiu que pegou carona em um jatinho financiado por Youssef para uma viagem da fam\u00edlia para Jo\u00e3o Pessoa (PB).<\/div>\n<div class=\"txtPrint\">\n<p>&nbsp;<\/p>\n<div>\n<p>At\u00e9 o in\u00edcio das den\u00fancias, Vargas era vice-presidente da C\u00e2mara Federal e uma das principais lideran\u00e7as do PT no Paran\u00e1, especialmente na regi\u00e3o de Londrina. Desde ent\u00e3o, renunciou a vice-presid\u00eancia e se licenciou do cargo de deputado e sua ren\u00fancia tem sido cogitada h\u00e1 dias.\u00a0E, diferente de outras ocasi\u00f5es, em que membros do PT receberam solidariedade de (quase) toda a milit\u00e2ncia do partido, Vargas tem sido pressionado a renunciar e foi \u201cjogado na cova dos le\u00f5es\u201d pelo ex-presidente Lula, que disse que os erros de Vargas n\u00e3o podiam prejudicar todo o partido.\u00a0Na \u00faltima sexta-feira (dia 24\/04),\u00a0<a href=\"http:\/\/g1.globo.com\/politica\/noticia\/2014\/04\/advogado-de-andre-vargas-diz-que-deputado-se-desfiliou-do-pt.html\" target=\"_blank\" rel=\"noopener\">Vargas anunciou sua desfilia\u00e7\u00e3o do PT<\/a>.<\/p>\n<p>O que causou espanto em n\u00edvel nacional n\u00e3o foi surpresa no Paran\u00e1. Por aqui, quase ningu\u00e9m se surpreendeu que Andr\u00e9 Vargas tenha sido flagrado em \u201crela\u00e7\u00f5es perigosas\u201d com algu\u00e9m que est\u00e1 preso por lavagem de dinheiro. H\u00e1 muito tempo j\u00e1 corriam nos bastidores os boatos de que Andr\u00e9 Vargas havia herdado o \u201cesquema\u201d que garantiram as sucessivas elei\u00e7\u00f5es de Jos\u00e9 Janene, ex-deputado do PP que faleceu em 2010 e que esteve envolvido no esc\u00e2ndalo do mensal\u00e3o.<\/p>\n<p>Mas h\u00e1 outro elemento que faz com que o \u201ccaso Andr\u00e9 Vargas\u201d n\u00e3o seja um surpresa: ele foi uma das principais lideran\u00e7as do PT de Londrina, conhecido como um dos setores mais degenerados do partido no Paran\u00e1. Diferente de outros locais, onde uma milit\u00e2ncia ligada a movimentos sociais ainda ocupa espa\u00e7o no PT, em Londrina h\u00e1 uma grande hegemonia de uma burocracia muito consolidada, que tem a \u201cdefesa do trabalhador\u201d apenas como uma bandeira de outros tempos.<\/p>\n<p>A segunda maior cidade do Paran\u00e1 foi uma das primeiras a conhecer uma prefeitura do PT no estado, em 1992. Viu, tamb\u00e9m, o PT propor a privatiza\u00e7\u00e3o da empresa de telefonia da cidade (Sercomtel) j\u00e1 neste primeiro mandato, derrotada por um plebiscito popular. Nessa \u00e9poca, o PT era uma lideran\u00e7a do combate as privatiza\u00e7\u00f5es no pa\u00eds. Depois de perder a sucess\u00e3o em 1996, o PT voltou ao governo de 2001 a 2008.<\/p>\n<p>Nesse per\u00edodo, os servidores da cidade tiveram um longo per\u00edodo de arrocho salarial e, por conta disso, fizeram, em 2006, uma hist\u00f3rica greve de 106 dias de dura\u00e7\u00e3o. Na \u00e9poca o prefeito Nedson Micheleti (PT) cortou o sal\u00e1rio dos trabalhadores grevistas, que somente agora est\u00e3o<a href=\"http:\/\/www.bonde.com.br\/?id_bonde=1-3--816-20140424\" target=\"_blank\" rel=\"noopener\">ganhando uma a\u00e7\u00e3o na justi\u00e7a<\/a>\u00a0que os far\u00e1 receber este dinheiro de volta. Al\u00e9m de N\u00e9dson, Cheida (prefeito de 1988 a 1992) e Andr\u00e9 Vargas, o casal ministerial (Paulo Bernardo e Gleisi Hoffmann) tamb\u00e9m teve suas primeiras fun\u00e7\u00f5es de destaque na cidade.<\/p>\n<p>A l\u00f3gica de \u201ctudo pelo poder\u201d que foi hegem\u00f4nica no PT em todo o Brasil, especialmente depois da metade dos anos 1990, teve em Londrina seu exemplo maior.<\/p>\n<p>As rela\u00e7\u00f5es de Andr\u00e9 Vargas com um doleiro preso n\u00e3o surgiram, portanto, no v\u00e1cuo. Elas s\u00e3o fruto de um modo de constru\u00e7\u00e3o pol\u00edtica que teve a dire\u00e7\u00e3o do PT de Londrina como um expoente. Felizmente, sempre existiram resist\u00eancias a esse\u00a0<em>modus operandi<\/em>\u00a0e muitos dos que resistiram a isso hoje constroem o PSOL e o PCB na cidade e alguns ainda resistem dentro do PT.<\/p>\n<p>E os acontecimentos que hoje evidenciam a degenera\u00e7\u00e3o da casta dirigente do PT na cidade n\u00e3o devem ser comemorados por nenhum outro partido ou agrupamento de esquerda. Isso porque essa degenera\u00e7\u00e3o n\u00e3o gerou um deslocamento de consci\u00eancias na popula\u00e7\u00e3o fazendo com que esta buscasse se organizar de maneira mais aut\u00f4noma, fortalecendo os movimentos sociais, sindicatos, etc. A desilus\u00e3o com o PT acabou por gerar a vis\u00e3o de que \u201ctodos s\u00e3o iguais\u201d, o que gerou a elei\u00e7\u00e3o, em 2012, do candidato a prefeito que argumentava que era \u201ct\u00e9cnico e apol\u00edtico\u201d (no poder, o atual prefeito Alexandre Kireef tem mostrado que faz bastante pol\u00edtica e de p\u00e9ssima qualidade).<\/p>\n<p>A queda de Andr\u00e9 Vargas deve nos dar ainda mais certeza de que a verdadeira pol\u00edtica \u00e9 constru\u00edda por fora das institui\u00e7\u00f5es tradicionais e oficiais, com autonomia em rela\u00e7\u00e3o ao capital e aos grandes conglomerados financeiros. Esse \u00e9 o desafio colocado, para que a sa\u00edda de cena do PT n\u00e3o nos fa\u00e7a ter ainda mais retrocessos.<\/p>\n<\/div>\n<\/div>\n","protected":false},"excerpt":{"rendered":"<p>Bernardo Pilotto Nas \u00faltimas semanas vieram a tona as liga\u00e7\u00f5es do deputado federal paranaense Andr\u00e9 Vargas (PT) com o doleiro Alberto Youssef, que est\u00e1 preso por conta da\u00a0Opera\u00e7\u00e3o Lava Jato\u00a0da Pol\u00edcia Federal. Youssef est\u00e1 preso desde mar\u00e7o acusado de ser chefe de um esquema de lavagem de dinheiro, evas\u00e3o de divisas, fraude em contratos de [&hellip;]<\/p>\n","protected":false},"author":2,"featured_media":0,"comment_status":"open","ping_status":"open","sticky":false,"template":"","format":"standard","meta":{"_acf_changed":false,"footnotes":""},"categories":[3],"tags":[4198,526],"class_list":{"0":"post-4329","1":"post","2":"type-post","3":"status-publish","4":"format-standard","6":"category-artigos-e-entrevistas","7":"tag-bernardo-pilotto","8":"tag-parana"},"acf":[],"yoast_head":"<!-- This site is optimized with the Yoast SEO plugin v26.5 - https:\/\/yoast.com\/wordpress\/plugins\/seo\/ -->\n<title>O contexto que criou Andr\u00e9 Vargas - PSOL 50<\/title>\n<meta name=\"robots\" content=\"index, follow, max-snippet:-1, max-image-preview:large, max-video-preview:-1\" \/>\n<link rel=\"canonical\" href=\"https:\/\/psol50.org.br\/o-contexto-que-criou-andre-vargas\/\" \/>\n<meta property=\"og:locale\" content=\"pt_BR\" \/>\n<meta property=\"og:type\" content=\"article\" \/>\n<meta property=\"og:title\" content=\"O contexto que criou Andr\u00e9 Vargas - PSOL 50\" \/>\n<meta property=\"og:description\" content=\"Bernardo Pilotto Nas \u00faltimas semanas vieram a tona as liga\u00e7\u00f5es do deputado federal paranaense Andr\u00e9 Vargas (PT) com o doleiro Alberto Youssef, que est\u00e1 preso por conta da\u00a0Opera\u00e7\u00e3o Lava Jato\u00a0da Pol\u00edcia Federal. Youssef est\u00e1 preso desde mar\u00e7o acusado de ser chefe de um esquema de lavagem de dinheiro, evas\u00e3o de divisas, fraude em contratos de [&hellip;]\" \/>\n<meta property=\"og:url\" content=\"https:\/\/psol50.org.br\/o-contexto-que-criou-andre-vargas\/\" \/>\n<meta property=\"og:site_name\" content=\"PSOL 50\" \/>\n<meta property=\"article:publisher\" content=\"https:\/\/www.facebook.com\/psol50\" \/>\n<meta property=\"article:published_time\" content=\"2014-04-30T03:39:21+00:00\" \/>\n<meta property=\"og:image\" content=\"https:\/\/psol50.org.br\/inc\/uploads\/2018\/07\/capa.png\" \/>\n\t<meta property=\"og:image:width\" content=\"1350\" \/>\n\t<meta property=\"og:image:height\" content=\"900\" \/>\n\t<meta property=\"og:image:type\" content=\"image\/png\" \/>\n<meta name=\"author\" content=\"Comunica\u00e7\u00e3o PSOL\" \/>\n<meta name=\"twitter:card\" content=\"summary_large_image\" \/>\n<meta name=\"twitter:creator\" content=\"@psol50\" \/>\n<meta name=\"twitter:site\" content=\"@psol50\" \/>\n<meta name=\"twitter:label1\" content=\"Escrito por\" \/>\n\t<meta name=\"twitter:data1\" content=\"Comunica\u00e7\u00e3o PSOL\" \/>\n\t<meta name=\"twitter:label2\" content=\"Est. tempo de leitura\" \/>\n\t<meta name=\"twitter:data2\" content=\"4 minutos\" \/>\n<script type=\"application\/ld+json\" class=\"yoast-schema-graph\">{\"@context\":\"https:\/\/schema.org\",\"@graph\":[{\"@type\":\"Article\",\"@id\":\"https:\/\/psol50.org.br\/o-contexto-que-criou-andre-vargas\/#article\",\"isPartOf\":{\"@id\":\"https:\/\/psol50.org.br\/o-contexto-que-criou-andre-vargas\/\"},\"author\":{\"name\":\"Comunica\u00e7\u00e3o PSOL\",\"@id\":\"https:\/\/psol50.org.br\/#\/schema\/person\/475dfa57d0b815993c714c2e96491fcd\"},\"headline\":\"O contexto que criou Andr\u00e9 Vargas\",\"datePublished\":\"2014-04-30T03:39:21+00:00\",\"mainEntityOfPage\":{\"@id\":\"https:\/\/psol50.org.br\/o-contexto-que-criou-andre-vargas\/\"},\"wordCount\":830,\"commentCount\":0,\"publisher\":{\"@id\":\"https:\/\/psol50.org.br\/#organization\"},\"keywords\":[\"Bernardo Pilotto\",\"Paran\u00e1\"],\"articleSection\":[\"Artigos\"],\"inLanguage\":\"pt-BR\",\"potentialAction\":[{\"@type\":\"CommentAction\",\"name\":\"Comment\",\"target\":[\"https:\/\/psol50.org.br\/o-contexto-que-criou-andre-vargas\/#respond\"]}]},{\"@type\":\"WebPage\",\"@id\":\"https:\/\/psol50.org.br\/o-contexto-que-criou-andre-vargas\/\",\"url\":\"https:\/\/psol50.org.br\/o-contexto-que-criou-andre-vargas\/\",\"name\":\"O contexto que criou Andr\u00e9 Vargas - PSOL 50\",\"isPartOf\":{\"@id\":\"https:\/\/psol50.org.br\/#website\"},\"datePublished\":\"2014-04-30T03:39:21+00:00\",\"breadcrumb\":{\"@id\":\"https:\/\/psol50.org.br\/o-contexto-que-criou-andre-vargas\/#breadcrumb\"},\"inLanguage\":\"pt-BR\",\"potentialAction\":[{\"@type\":\"ReadAction\",\"target\":[\"https:\/\/psol50.org.br\/o-contexto-que-criou-andre-vargas\/\"]}]},{\"@type\":\"BreadcrumbList\",\"@id\":\"https:\/\/psol50.org.br\/o-contexto-que-criou-andre-vargas\/#breadcrumb\",\"itemListElement\":[{\"@type\":\"ListItem\",\"position\":1,\"name\":\"In\u00edcio\",\"item\":\"https:\/\/psol50.org.br\/\"},{\"@type\":\"ListItem\",\"position\":2,\"name\":\"O contexto que criou Andr\u00e9 Vargas\"}]},{\"@type\":\"WebSite\",\"@id\":\"https:\/\/psol50.org.br\/#website\",\"url\":\"https:\/\/psol50.org.br\/\",\"name\":\"PSOL 50\",\"description\":\"Site oficial do Partido Socialismo e Liberdade\",\"publisher\":{\"@id\":\"https:\/\/psol50.org.br\/#organization\"},\"alternateName\":\"PSOL50\",\"potentialAction\":[{\"@type\":\"SearchAction\",\"target\":{\"@type\":\"EntryPoint\",\"urlTemplate\":\"https:\/\/psol50.org.br\/?s={search_term_string}\"},\"query-input\":{\"@type\":\"PropertyValueSpecification\",\"valueRequired\":true,\"valueName\":\"search_term_string\"}}],\"inLanguage\":\"pt-BR\"},{\"@type\":\"Organization\",\"@id\":\"https:\/\/psol50.org.br\/#organization\",\"name\":\"PSOL 50\",\"alternateName\":\"PSOL 50\",\"url\":\"https:\/\/psol50.org.br\/\",\"logo\":{\"@type\":\"ImageObject\",\"inLanguage\":\"pt-BR\",\"@id\":\"https:\/\/psol50.org.br\/#\/schema\/logo\/image\/\",\"url\":\"https:\/\/psol50.org.br\/inc\/uploads\/2018\/07\/capa.png\",\"contentUrl\":\"https:\/\/psol50.org.br\/inc\/uploads\/2018\/07\/capa.png\",\"width\":1350,\"height\":900,\"caption\":\"PSOL 50\"},\"image\":{\"@id\":\"https:\/\/psol50.org.br\/#\/schema\/logo\/image\/\"},\"sameAs\":[\"https:\/\/www.facebook.com\/psol50\",\"https:\/\/x.com\/psol50\",\"https:\/\/www.instagram.com\/psol50\/\",\"https:\/\/www.youtube.com\/channel\/UC7SnJS5o1os7a6CaiNabzcg\"]},{\"@type\":\"Person\",\"@id\":\"https:\/\/psol50.org.br\/#\/schema\/person\/475dfa57d0b815993c714c2e96491fcd\",\"name\":\"Comunica\u00e7\u00e3o PSOL\",\"image\":{\"@type\":\"ImageObject\",\"inLanguage\":\"pt-BR\",\"@id\":\"https:\/\/psol50.org.br\/#\/schema\/person\/image\/\",\"url\":\"https:\/\/secure.gravatar.com\/avatar\/b34fc4f4e468a4e51785917065a3db57b841f5c95dba6ad8c73aaf8f66f8f9bf?s=96&d=mm&r=g\",\"contentUrl\":\"https:\/\/secure.gravatar.com\/avatar\/b34fc4f4e468a4e51785917065a3db57b841f5c95dba6ad8c73aaf8f66f8f9bf?s=96&d=mm&r=g\",\"caption\":\"Comunica\u00e7\u00e3o PSOL\"}}]}<\/script>\n<!-- \/ Yoast SEO plugin. -->","yoast_head_json":{"title":"O contexto que criou Andr\u00e9 Vargas - PSOL 50","robots":{"index":"index","follow":"follow","max-snippet":"max-snippet:-1","max-image-preview":"max-image-preview:large","max-video-preview":"max-video-preview:-1"},"canonical":"https:\/\/psol50.org.br\/o-contexto-que-criou-andre-vargas\/","og_locale":"pt_BR","og_type":"article","og_title":"O contexto que criou Andr\u00e9 Vargas - PSOL 50","og_description":"Bernardo Pilotto Nas \u00faltimas semanas vieram a tona as liga\u00e7\u00f5es do deputado federal paranaense Andr\u00e9 Vargas (PT) com o doleiro Alberto Youssef, que est\u00e1 preso por conta da\u00a0Opera\u00e7\u00e3o Lava Jato\u00a0da Pol\u00edcia Federal. Youssef est\u00e1 preso desde mar\u00e7o acusado de ser chefe de um esquema de lavagem de dinheiro, evas\u00e3o de divisas, fraude em contratos de [&hellip;]","og_url":"https:\/\/psol50.org.br\/o-contexto-que-criou-andre-vargas\/","og_site_name":"PSOL 50","article_publisher":"https:\/\/www.facebook.com\/psol50","article_published_time":"2014-04-30T03:39:21+00:00","og_image":[{"width":1350,"height":900,"url":"https:\/\/psol50.org.br\/inc\/uploads\/2018\/07\/capa.png","type":"image\/png"}],"author":"Comunica\u00e7\u00e3o PSOL","twitter_card":"summary_large_image","twitter_creator":"@psol50","twitter_site":"@psol50","twitter_misc":{"Escrito por":"Comunica\u00e7\u00e3o PSOL","Est. tempo de leitura":"4 minutos"},"schema":{"@context":"https:\/\/schema.org","@graph":[{"@type":"Article","@id":"https:\/\/psol50.org.br\/o-contexto-que-criou-andre-vargas\/#article","isPartOf":{"@id":"https:\/\/psol50.org.br\/o-contexto-que-criou-andre-vargas\/"},"author":{"name":"Comunica\u00e7\u00e3o PSOL","@id":"https:\/\/psol50.org.br\/#\/schema\/person\/475dfa57d0b815993c714c2e96491fcd"},"headline":"O contexto que criou Andr\u00e9 Vargas","datePublished":"2014-04-30T03:39:21+00:00","mainEntityOfPage":{"@id":"https:\/\/psol50.org.br\/o-contexto-que-criou-andre-vargas\/"},"wordCount":830,"commentCount":0,"publisher":{"@id":"https:\/\/psol50.org.br\/#organization"},"keywords":["Bernardo Pilotto","Paran\u00e1"],"articleSection":["Artigos"],"inLanguage":"pt-BR","potentialAction":[{"@type":"CommentAction","name":"Comment","target":["https:\/\/psol50.org.br\/o-contexto-que-criou-andre-vargas\/#respond"]}]},{"@type":"WebPage","@id":"https:\/\/psol50.org.br\/o-contexto-que-criou-andre-vargas\/","url":"https:\/\/psol50.org.br\/o-contexto-que-criou-andre-vargas\/","name":"O contexto que criou Andr\u00e9 Vargas - PSOL 50","isPartOf":{"@id":"https:\/\/psol50.org.br\/#website"},"datePublished":"2014-04-30T03:39:21+00:00","breadcrumb":{"@id":"https:\/\/psol50.org.br\/o-contexto-que-criou-andre-vargas\/#breadcrumb"},"inLanguage":"pt-BR","potentialAction":[{"@type":"ReadAction","target":["https:\/\/psol50.org.br\/o-contexto-que-criou-andre-vargas\/"]}]},{"@type":"BreadcrumbList","@id":"https:\/\/psol50.org.br\/o-contexto-que-criou-andre-vargas\/#breadcrumb","itemListElement":[{"@type":"ListItem","position":1,"name":"In\u00edcio","item":"https:\/\/psol50.org.br\/"},{"@type":"ListItem","position":2,"name":"O contexto que criou Andr\u00e9 Vargas"}]},{"@type":"WebSite","@id":"https:\/\/psol50.org.br\/#website","url":"https:\/\/psol50.org.br\/","name":"PSOL 50","description":"Site oficial do Partido Socialismo e Liberdade","publisher":{"@id":"https:\/\/psol50.org.br\/#organization"},"alternateName":"PSOL50","potentialAction":[{"@type":"SearchAction","target":{"@type":"EntryPoint","urlTemplate":"https:\/\/psol50.org.br\/?s={search_term_string}"},"query-input":{"@type":"PropertyValueSpecification","valueRequired":true,"valueName":"search_term_string"}}],"inLanguage":"pt-BR"},{"@type":"Organization","@id":"https:\/\/psol50.org.br\/#organization","name":"PSOL 50","alternateName":"PSOL 50","url":"https:\/\/psol50.org.br\/","logo":{"@type":"ImageObject","inLanguage":"pt-BR","@id":"https:\/\/psol50.org.br\/#\/schema\/logo\/image\/","url":"https:\/\/psol50.org.br\/inc\/uploads\/2018\/07\/capa.png","contentUrl":"https:\/\/psol50.org.br\/inc\/uploads\/2018\/07\/capa.png","width":1350,"height":900,"caption":"PSOL 50"},"image":{"@id":"https:\/\/psol50.org.br\/#\/schema\/logo\/image\/"},"sameAs":["https:\/\/www.facebook.com\/psol50","https:\/\/x.com\/psol50","https:\/\/www.instagram.com\/psol50\/","https:\/\/www.youtube.com\/channel\/UC7SnJS5o1os7a6CaiNabzcg"]},{"@type":"Person","@id":"https:\/\/psol50.org.br\/#\/schema\/person\/475dfa57d0b815993c714c2e96491fcd","name":"Comunica\u00e7\u00e3o PSOL","image":{"@type":"ImageObject","inLanguage":"pt-BR","@id":"https:\/\/psol50.org.br\/#\/schema\/person\/image\/","url":"https:\/\/secure.gravatar.com\/avatar\/b34fc4f4e468a4e51785917065a3db57b841f5c95dba6ad8c73aaf8f66f8f9bf?s=96&d=mm&r=g","contentUrl":"https:\/\/secure.gravatar.com\/avatar\/b34fc4f4e468a4e51785917065a3db57b841f5c95dba6ad8c73aaf8f66f8f9bf?s=96&d=mm&r=g","caption":"Comunica\u00e7\u00e3o PSOL"}}]}},"_links":{"self":[{"href":"https:\/\/psol50.org.br\/rest\/wp\/v2\/posts\/4329","targetHints":{"allow":["GET"]}}],"collection":[{"href":"https:\/\/psol50.org.br\/rest\/wp\/v2\/posts"}],"about":[{"href":"https:\/\/psol50.org.br\/rest\/wp\/v2\/types\/post"}],"author":[{"embeddable":true,"href":"https:\/\/psol50.org.br\/rest\/wp\/v2\/users\/2"}],"replies":[{"embeddable":true,"href":"https:\/\/psol50.org.br\/rest\/wp\/v2\/comments?post=4329"}],"version-history":[{"count":0,"href":"https:\/\/psol50.org.br\/rest\/wp\/v2\/posts\/4329\/revisions"}],"wp:attachment":[{"href":"https:\/\/psol50.org.br\/rest\/wp\/v2\/media?parent=4329"}],"wp:term":[{"taxonomy":"category","embeddable":true,"href":"https:\/\/psol50.org.br\/rest\/wp\/v2\/categories?post=4329"},{"taxonomy":"post_tag","embeddable":true,"href":"https:\/\/psol50.org.br\/rest\/wp\/v2\/tags?post=4329"}],"curies":[{"name":"wp","href":"https:\/\/api.w.org\/{rel}","templated":true}]}}