{"id":4339,"date":"2013-12-13T03:51:37","date_gmt":"2013-12-13T03:51:37","guid":{"rendered":"http:\/\/179.190.55.146\/~psol5185\/?p=4339"},"modified":"2013-12-13T03:51:37","modified_gmt":"2013-12-13T03:51:37","slug":"paranaense-e-relator-da-pec-que-se-aprovada-vai-acabar-com-as-demarcacoes-de-terra-indigena","status":"publish","type":"post","link":"https:\/\/psol50.org.br\/paranaense-e-relator-da-pec-que-se-aprovada-vai-acabar-com-as-demarcacoes-de-terra-indigena\/","title":{"rendered":"Paranaense \u00e9 relator da PEC que, se aprovada, vai acabar com as demarca\u00e7\u00f5es de terra ind\u00edgena!"},"content":{"rendered":"<p>Bernardo Pilotto<\/p>\n<p>O deputado federal Osmar Serraglio, do PMDB do Paran\u00e1, foi escolhido como relator da Comiss\u00e3o Especial que vai avaliar a Proposta de Emenda Constitucional (PEC) n\u00ba 215\/2000, que visa mudar a forma como s\u00e3o feitas as demarca\u00e7\u00f5es de terra ind\u00edgena no Brasil. \u00c9 triste assistir, no Brasil, em pleno s\u00e9culo XXI, o surgimento de proposta t\u00e3o retr\u00f3grada dentro do parlamento.<\/p>\n<p>A PEC 215\/00 prop\u00f5e a seguinte mudan\u00e7a na forma das demarca\u00e7\u00f5es: a Funai (Funda\u00e7\u00e3o Nacional do \u00cdndio), \u00f3rg\u00e3o do Poder Executivo, vai deixar de ser a entidade com a fun\u00e7\u00e3o de demarca\u00e7\u00e3o, que ser\u00e1 transferida para o Poder Legislativo. Acontece que a Funai \u00e9 um \u00f3rg\u00e3o com capacidade t\u00e9cnica para tal atividade, com um corpo de funcion\u00e1rios preparados para tal fim, diferentemente do Legislativo, que n\u00e3o possui esta condi\u00e7\u00e3o e que est\u00e1 sempre em constante troca, al\u00e9m de ser permeado por interesses do agroneg\u00f3cio e outros setores interessados na expans\u00e3o agr\u00edcola e no latif\u00fandio. Se a PEC 215 for aprovada, vai crescer o avan\u00e7o do agroneg\u00f3cio sobre as terras ind\u00edgenas, diminuindo os j\u00e1 combalidos direitos dessa parcela da popula\u00e7\u00e3o, porque a PEC tamb\u00e9m permite a revis\u00e3o das terras j\u00e1 demarcadas.<\/p>\n<p>Desde o come\u00e7o de 2013 haviam deputados interessados na tramita\u00e7\u00e3o desta PEC. Por v\u00e1rias vezes, os ind\u00edgenas ocuparam o plen\u00e1rio da C\u00e2mara dos Deputados e evitaram a instala\u00e7\u00e3o da Comiss\u00e3o Especial. A bancada ruralista ficou mais a vontade pra defender esta PEC devido a declara\u00e7\u00f5es da ministra da Casa-Civil, Gleisi Hoffmann (PT), que por v\u00e1rias vezes deslegitimou a Funai em suas declara\u00e7\u00f5es.\u00a0<em>\u201cSe at\u00e9 a ministra da Casa-Civil deslegitima a Funai, porque n\u00e3o far\u00edamos o mesmo?\u201d<\/em>, pensaram os ruralistas.<\/p>\n<p>Neste fim de ano, aproveitando a distra\u00e7\u00e3o com as pautas pol\u00edticas,\u00a0<a href=\"http:\/\/www.em.com.br\/app\/noticia\/politica\/2013\/12\/10\/interna_politica,478110\/camara-instala-comissao-que-analisara-pec-215.shtml\" target=\"_blank\" rel=\"noopener\">a bancada ruralista finalmente conseguiu instalar a Comiss\u00e3o Especial que vai analisar esta PEC<\/a>. A Comiss\u00e3o ser\u00e1 relatada pelo paranaense Osmar Serraglio e ser\u00e1 presidida pelo deputado Afonso Florence, do PT da Bahia. Infelizmente, foi-se o tempo que uma Comiss\u00e3o dessa ser presidida por um deputado do PT era garantia de debate amplo, de consulta aos movimentos sociais, de enfrentamento com a bancada do latif\u00fandio. Vale registro que a maior parte da bancada ruralista \u00e9 composta de deputados que tamb\u00e9m fazem parte da base governista, como a senadora K\u00e1tia Abreu (PMDB-TO).<\/p>\n<p>A presen\u00e7a de um paranaense na relatoria e de um na vice-relatoria (Nelson Padovani, do PSC) mostra o qu\u00e3o \u00e9 atrasada a pol\u00edtica em nosso estado, dominada por interesses do agroneg\u00f3cio e de oligarquias. Mais uma vez, desfaz-se o mito do estado moderno e sem conflitos sociais. Al\u00e9m dos j\u00e1 citados, a bancada do Paran\u00e1 ter\u00e1 Dilceu Sperafico (PP) na Comiss\u00e3o. Esses deputados estar\u00e3o representando o\u00a0<a href=\"http:\/\/razaoaconta-gotas.blogspot.com.br\/2013\/11\/nota-publica-de-repudio-chega-de-mortes.html\" target=\"_blank\" rel=\"noopener\">interesse dos latifundi\u00e1rios da regi\u00e3o Oeste, que vem atacando os ind\u00edgenas da regi\u00e3o<\/a>.<\/p>\n<p>Ainda n\u00e3o \u00e9 poss\u00edvel saber quais s\u00e3o todos os membros da Comiss\u00e3o Especial. As not\u00edcias que chegam at\u00e9 agora s\u00e3o muito ruins:\u00a0<a href=\"http:\/\/www.brasildefato.com.br\/node\/26882\" target=\"_blank\" rel=\"noopener\">segundo o jornal Brasil de Fato<\/a>, 72% dos membros da Comiss\u00e3o indicados at\u00e9 agora s\u00e3o da bancada ruralista. Ou seja, mesmo os partidos que n\u00e3o dominados por esta bancada e que contam com parlamentares minimamente progressistas, indicaram ruralistas para esta Comiss\u00e3o. At\u00e9 o momento, \u00e9 poss\u00edvel ter conhecimento de pelo menos um deputado que ir\u00e1 se posicionar contra a PEC,\u00a0<a href=\"http:\/\/www.psol50.org.br\/site\/noticias\/2466\/psol-defendera-indigenas-em-comissao-que-pretende-alterar-demarcacao-de-terras\" target=\"_blank\" rel=\"noopener\">visto que o PSOL ter\u00e1 um representante<\/a>, o deputado federal Ivan Valente (SP). Mesmo Ivan sendo um deputado bastante combativo e atuante, s\u00f3 com a for\u00e7a de movimentos sociais \u00e9 que esta proposta ser\u00e1 derrotada.<\/p>\n<p>A luta contra a PEC 215\/00 ser\u00e1 mais um embate duro contra o setor mais poderoso da pol\u00edtica brasileira: as bancadas ruralistas da C\u00e2mara Federal e do Senado. Tomara que, dessa vez, sejamos mais vitoriosos do que em epis\u00f3dios recentes, como aquele que aprovou o novo C\u00f3digo Florestal.<\/p>\n<p><span id=\"Texto\"><br \/>\n<\/span><\/p>\n","protected":false},"excerpt":{"rendered":"<p>Bernardo Pilotto O deputado federal Osmar Serraglio, do PMDB do Paran\u00e1, foi escolhido como relator da Comiss\u00e3o Especial que vai avaliar a Proposta de Emenda Constitucional (PEC) n\u00ba 215\/2000, que visa mudar a forma como s\u00e3o feitas as demarca\u00e7\u00f5es de terra ind\u00edgena no Brasil. \u00c9 triste assistir, no Brasil, em pleno s\u00e9culo XXI, o surgimento [&hellip;]<\/p>\n","protected":false},"author":2,"featured_media":0,"comment_status":"open","ping_status":"open","sticky":false,"template":"","format":"standard","meta":{"_acf_changed":false,"footnotes":""},"categories":[3],"tags":[4198,526],"class_list":{"0":"post-4339","1":"post","2":"type-post","3":"status-publish","4":"format-standard","6":"category-artigos-e-entrevistas","7":"tag-bernardo-pilotto","8":"tag-parana"},"acf":[],"yoast_head":"<!-- This site is optimized with the Yoast SEO plugin v26.5 - https:\/\/yoast.com\/wordpress\/plugins\/seo\/ -->\n<title>Paranaense \u00e9 relator da PEC que, se aprovada, vai acabar com as demarca\u00e7\u00f5es de terra ind\u00edgena! - PSOL 50<\/title>\n<meta name=\"robots\" content=\"index, follow, max-snippet:-1, max-image-preview:large, max-video-preview:-1\" \/>\n<link rel=\"canonical\" href=\"https:\/\/psol50.org.br\/paranaense-e-relator-da-pec-que-se-aprovada-vai-acabar-com-as-demarcacoes-de-terra-indigena\/\" \/>\n<meta property=\"og:locale\" content=\"pt_BR\" \/>\n<meta property=\"og:type\" content=\"article\" \/>\n<meta property=\"og:title\" content=\"Paranaense \u00e9 relator da PEC que, se aprovada, vai acabar com as demarca\u00e7\u00f5es de terra ind\u00edgena! - PSOL 50\" \/>\n<meta property=\"og:description\" content=\"Bernardo Pilotto O deputado federal Osmar Serraglio, do PMDB do Paran\u00e1, foi escolhido como relator da Comiss\u00e3o Especial que vai avaliar a Proposta de Emenda Constitucional (PEC) n\u00ba 215\/2000, que visa mudar a forma como s\u00e3o feitas as demarca\u00e7\u00f5es de terra ind\u00edgena no Brasil. \u00c9 triste assistir, no Brasil, em pleno s\u00e9culo XXI, o surgimento [&hellip;]\" \/>\n<meta property=\"og:url\" content=\"https:\/\/psol50.org.br\/paranaense-e-relator-da-pec-que-se-aprovada-vai-acabar-com-as-demarcacoes-de-terra-indigena\/\" \/>\n<meta property=\"og:site_name\" content=\"PSOL 50\" \/>\n<meta property=\"article:publisher\" content=\"https:\/\/www.facebook.com\/psol50\" \/>\n<meta property=\"article:published_time\" content=\"2013-12-13T03:51:37+00:00\" \/>\n<meta property=\"og:image\" content=\"https:\/\/psol50.org.br\/inc\/uploads\/2018\/07\/capa.png\" \/>\n\t<meta property=\"og:image:width\" content=\"1350\" \/>\n\t<meta property=\"og:image:height\" content=\"900\" \/>\n\t<meta property=\"og:image:type\" content=\"image\/png\" \/>\n<meta name=\"author\" content=\"Comunica\u00e7\u00e3o PSOL\" \/>\n<meta name=\"twitter:card\" content=\"summary_large_image\" \/>\n<meta name=\"twitter:creator\" content=\"@psol50\" \/>\n<meta name=\"twitter:site\" content=\"@psol50\" \/>\n<meta name=\"twitter:label1\" content=\"Escrito por\" \/>\n\t<meta name=\"twitter:data1\" content=\"Comunica\u00e7\u00e3o PSOL\" \/>\n\t<meta name=\"twitter:label2\" content=\"Est. tempo de leitura\" \/>\n\t<meta name=\"twitter:data2\" content=\"3 minutos\" \/>\n<script type=\"application\/ld+json\" class=\"yoast-schema-graph\">{\"@context\":\"https:\/\/schema.org\",\"@graph\":[{\"@type\":\"Article\",\"@id\":\"https:\/\/psol50.org.br\/paranaense-e-relator-da-pec-que-se-aprovada-vai-acabar-com-as-demarcacoes-de-terra-indigena\/#article\",\"isPartOf\":{\"@id\":\"https:\/\/psol50.org.br\/paranaense-e-relator-da-pec-que-se-aprovada-vai-acabar-com-as-demarcacoes-de-terra-indigena\/\"},\"author\":{\"name\":\"Comunica\u00e7\u00e3o PSOL\",\"@id\":\"https:\/\/psol50.org.br\/#\/schema\/person\/475dfa57d0b815993c714c2e96491fcd\"},\"headline\":\"Paranaense \u00e9 relator da PEC que, se aprovada, vai acabar com as demarca\u00e7\u00f5es de terra ind\u00edgena!\",\"datePublished\":\"2013-12-13T03:51:37+00:00\",\"mainEntityOfPage\":{\"@id\":\"https:\/\/psol50.org.br\/paranaense-e-relator-da-pec-que-se-aprovada-vai-acabar-com-as-demarcacoes-de-terra-indigena\/\"},\"wordCount\":699,\"commentCount\":0,\"publisher\":{\"@id\":\"https:\/\/psol50.org.br\/#organization\"},\"keywords\":[\"Bernardo Pilotto\",\"Paran\u00e1\"],\"articleSection\":[\"Artigos\"],\"inLanguage\":\"pt-BR\",\"potentialAction\":[{\"@type\":\"CommentAction\",\"name\":\"Comment\",\"target\":[\"https:\/\/psol50.org.br\/paranaense-e-relator-da-pec-que-se-aprovada-vai-acabar-com-as-demarcacoes-de-terra-indigena\/#respond\"]}]},{\"@type\":\"WebPage\",\"@id\":\"https:\/\/psol50.org.br\/paranaense-e-relator-da-pec-que-se-aprovada-vai-acabar-com-as-demarcacoes-de-terra-indigena\/\",\"url\":\"https:\/\/psol50.org.br\/paranaense-e-relator-da-pec-que-se-aprovada-vai-acabar-com-as-demarcacoes-de-terra-indigena\/\",\"name\":\"Paranaense \u00e9 relator da PEC que, se aprovada, vai acabar com as demarca\u00e7\u00f5es de terra ind\u00edgena! - PSOL 50\",\"isPartOf\":{\"@id\":\"https:\/\/psol50.org.br\/#website\"},\"datePublished\":\"2013-12-13T03:51:37+00:00\",\"breadcrumb\":{\"@id\":\"https:\/\/psol50.org.br\/paranaense-e-relator-da-pec-que-se-aprovada-vai-acabar-com-as-demarcacoes-de-terra-indigena\/#breadcrumb\"},\"inLanguage\":\"pt-BR\",\"potentialAction\":[{\"@type\":\"ReadAction\",\"target\":[\"https:\/\/psol50.org.br\/paranaense-e-relator-da-pec-que-se-aprovada-vai-acabar-com-as-demarcacoes-de-terra-indigena\/\"]}]},{\"@type\":\"BreadcrumbList\",\"@id\":\"https:\/\/psol50.org.br\/paranaense-e-relator-da-pec-que-se-aprovada-vai-acabar-com-as-demarcacoes-de-terra-indigena\/#breadcrumb\",\"itemListElement\":[{\"@type\":\"ListItem\",\"position\":1,\"name\":\"In\u00edcio\",\"item\":\"https:\/\/psol50.org.br\/\"},{\"@type\":\"ListItem\",\"position\":2,\"name\":\"Paranaense \u00e9 relator da PEC que, se aprovada, vai acabar com as demarca\u00e7\u00f5es de terra ind\u00edgena!\"}]},{\"@type\":\"WebSite\",\"@id\":\"https:\/\/psol50.org.br\/#website\",\"url\":\"https:\/\/psol50.org.br\/\",\"name\":\"PSOL 50\",\"description\":\"Site oficial do Partido Socialismo e Liberdade\",\"publisher\":{\"@id\":\"https:\/\/psol50.org.br\/#organization\"},\"alternateName\":\"PSOL50\",\"potentialAction\":[{\"@type\":\"SearchAction\",\"target\":{\"@type\":\"EntryPoint\",\"urlTemplate\":\"https:\/\/psol50.org.br\/?s={search_term_string}\"},\"query-input\":{\"@type\":\"PropertyValueSpecification\",\"valueRequired\":true,\"valueName\":\"search_term_string\"}}],\"inLanguage\":\"pt-BR\"},{\"@type\":\"Organization\",\"@id\":\"https:\/\/psol50.org.br\/#organization\",\"name\":\"PSOL 50\",\"alternateName\":\"PSOL 50\",\"url\":\"https:\/\/psol50.org.br\/\",\"logo\":{\"@type\":\"ImageObject\",\"inLanguage\":\"pt-BR\",\"@id\":\"https:\/\/psol50.org.br\/#\/schema\/logo\/image\/\",\"url\":\"https:\/\/psol50.org.br\/inc\/uploads\/2018\/07\/capa.png\",\"contentUrl\":\"https:\/\/psol50.org.br\/inc\/uploads\/2018\/07\/capa.png\",\"width\":1350,\"height\":900,\"caption\":\"PSOL 50\"},\"image\":{\"@id\":\"https:\/\/psol50.org.br\/#\/schema\/logo\/image\/\"},\"sameAs\":[\"https:\/\/www.facebook.com\/psol50\",\"https:\/\/x.com\/psol50\",\"https:\/\/www.instagram.com\/psol50\/\",\"https:\/\/www.youtube.com\/channel\/UC7SnJS5o1os7a6CaiNabzcg\"]},{\"@type\":\"Person\",\"@id\":\"https:\/\/psol50.org.br\/#\/schema\/person\/475dfa57d0b815993c714c2e96491fcd\",\"name\":\"Comunica\u00e7\u00e3o PSOL\",\"image\":{\"@type\":\"ImageObject\",\"inLanguage\":\"pt-BR\",\"@id\":\"https:\/\/psol50.org.br\/#\/schema\/person\/image\/\",\"url\":\"https:\/\/secure.gravatar.com\/avatar\/b34fc4f4e468a4e51785917065a3db57b841f5c95dba6ad8c73aaf8f66f8f9bf?s=96&d=mm&r=g\",\"contentUrl\":\"https:\/\/secure.gravatar.com\/avatar\/b34fc4f4e468a4e51785917065a3db57b841f5c95dba6ad8c73aaf8f66f8f9bf?s=96&d=mm&r=g\",\"caption\":\"Comunica\u00e7\u00e3o PSOL\"}}]}<\/script>\n<!-- \/ Yoast SEO plugin. -->","yoast_head_json":{"title":"Paranaense \u00e9 relator da PEC que, se aprovada, vai acabar com as demarca\u00e7\u00f5es de terra ind\u00edgena! - PSOL 50","robots":{"index":"index","follow":"follow","max-snippet":"max-snippet:-1","max-image-preview":"max-image-preview:large","max-video-preview":"max-video-preview:-1"},"canonical":"https:\/\/psol50.org.br\/paranaense-e-relator-da-pec-que-se-aprovada-vai-acabar-com-as-demarcacoes-de-terra-indigena\/","og_locale":"pt_BR","og_type":"article","og_title":"Paranaense \u00e9 relator da PEC que, se aprovada, vai acabar com as demarca\u00e7\u00f5es de terra ind\u00edgena! - PSOL 50","og_description":"Bernardo Pilotto O deputado federal Osmar Serraglio, do PMDB do Paran\u00e1, foi escolhido como relator da Comiss\u00e3o Especial que vai avaliar a Proposta de Emenda Constitucional (PEC) n\u00ba 215\/2000, que visa mudar a forma como s\u00e3o feitas as demarca\u00e7\u00f5es de terra ind\u00edgena no Brasil. \u00c9 triste assistir, no Brasil, em pleno s\u00e9culo XXI, o surgimento [&hellip;]","og_url":"https:\/\/psol50.org.br\/paranaense-e-relator-da-pec-que-se-aprovada-vai-acabar-com-as-demarcacoes-de-terra-indigena\/","og_site_name":"PSOL 50","article_publisher":"https:\/\/www.facebook.com\/psol50","article_published_time":"2013-12-13T03:51:37+00:00","og_image":[{"width":1350,"height":900,"url":"https:\/\/psol50.org.br\/inc\/uploads\/2018\/07\/capa.png","type":"image\/png"}],"author":"Comunica\u00e7\u00e3o PSOL","twitter_card":"summary_large_image","twitter_creator":"@psol50","twitter_site":"@psol50","twitter_misc":{"Escrito por":"Comunica\u00e7\u00e3o PSOL","Est. tempo de leitura":"3 minutos"},"schema":{"@context":"https:\/\/schema.org","@graph":[{"@type":"Article","@id":"https:\/\/psol50.org.br\/paranaense-e-relator-da-pec-que-se-aprovada-vai-acabar-com-as-demarcacoes-de-terra-indigena\/#article","isPartOf":{"@id":"https:\/\/psol50.org.br\/paranaense-e-relator-da-pec-que-se-aprovada-vai-acabar-com-as-demarcacoes-de-terra-indigena\/"},"author":{"name":"Comunica\u00e7\u00e3o PSOL","@id":"https:\/\/psol50.org.br\/#\/schema\/person\/475dfa57d0b815993c714c2e96491fcd"},"headline":"Paranaense \u00e9 relator da PEC que, se aprovada, vai acabar com as demarca\u00e7\u00f5es de terra ind\u00edgena!","datePublished":"2013-12-13T03:51:37+00:00","mainEntityOfPage":{"@id":"https:\/\/psol50.org.br\/paranaense-e-relator-da-pec-que-se-aprovada-vai-acabar-com-as-demarcacoes-de-terra-indigena\/"},"wordCount":699,"commentCount":0,"publisher":{"@id":"https:\/\/psol50.org.br\/#organization"},"keywords":["Bernardo Pilotto","Paran\u00e1"],"articleSection":["Artigos"],"inLanguage":"pt-BR","potentialAction":[{"@type":"CommentAction","name":"Comment","target":["https:\/\/psol50.org.br\/paranaense-e-relator-da-pec-que-se-aprovada-vai-acabar-com-as-demarcacoes-de-terra-indigena\/#respond"]}]},{"@type":"WebPage","@id":"https:\/\/psol50.org.br\/paranaense-e-relator-da-pec-que-se-aprovada-vai-acabar-com-as-demarcacoes-de-terra-indigena\/","url":"https:\/\/psol50.org.br\/paranaense-e-relator-da-pec-que-se-aprovada-vai-acabar-com-as-demarcacoes-de-terra-indigena\/","name":"Paranaense \u00e9 relator da PEC que, se aprovada, vai acabar com as demarca\u00e7\u00f5es de terra ind\u00edgena! - PSOL 50","isPartOf":{"@id":"https:\/\/psol50.org.br\/#website"},"datePublished":"2013-12-13T03:51:37+00:00","breadcrumb":{"@id":"https:\/\/psol50.org.br\/paranaense-e-relator-da-pec-que-se-aprovada-vai-acabar-com-as-demarcacoes-de-terra-indigena\/#breadcrumb"},"inLanguage":"pt-BR","potentialAction":[{"@type":"ReadAction","target":["https:\/\/psol50.org.br\/paranaense-e-relator-da-pec-que-se-aprovada-vai-acabar-com-as-demarcacoes-de-terra-indigena\/"]}]},{"@type":"BreadcrumbList","@id":"https:\/\/psol50.org.br\/paranaense-e-relator-da-pec-que-se-aprovada-vai-acabar-com-as-demarcacoes-de-terra-indigena\/#breadcrumb","itemListElement":[{"@type":"ListItem","position":1,"name":"In\u00edcio","item":"https:\/\/psol50.org.br\/"},{"@type":"ListItem","position":2,"name":"Paranaense \u00e9 relator da PEC que, se aprovada, vai acabar com as demarca\u00e7\u00f5es de terra ind\u00edgena!"}]},{"@type":"WebSite","@id":"https:\/\/psol50.org.br\/#website","url":"https:\/\/psol50.org.br\/","name":"PSOL 50","description":"Site oficial do Partido Socialismo e Liberdade","publisher":{"@id":"https:\/\/psol50.org.br\/#organization"},"alternateName":"PSOL50","potentialAction":[{"@type":"SearchAction","target":{"@type":"EntryPoint","urlTemplate":"https:\/\/psol50.org.br\/?s={search_term_string}"},"query-input":{"@type":"PropertyValueSpecification","valueRequired":true,"valueName":"search_term_string"}}],"inLanguage":"pt-BR"},{"@type":"Organization","@id":"https:\/\/psol50.org.br\/#organization","name":"PSOL 50","alternateName":"PSOL 50","url":"https:\/\/psol50.org.br\/","logo":{"@type":"ImageObject","inLanguage":"pt-BR","@id":"https:\/\/psol50.org.br\/#\/schema\/logo\/image\/","url":"https:\/\/psol50.org.br\/inc\/uploads\/2018\/07\/capa.png","contentUrl":"https:\/\/psol50.org.br\/inc\/uploads\/2018\/07\/capa.png","width":1350,"height":900,"caption":"PSOL 50"},"image":{"@id":"https:\/\/psol50.org.br\/#\/schema\/logo\/image\/"},"sameAs":["https:\/\/www.facebook.com\/psol50","https:\/\/x.com\/psol50","https:\/\/www.instagram.com\/psol50\/","https:\/\/www.youtube.com\/channel\/UC7SnJS5o1os7a6CaiNabzcg"]},{"@type":"Person","@id":"https:\/\/psol50.org.br\/#\/schema\/person\/475dfa57d0b815993c714c2e96491fcd","name":"Comunica\u00e7\u00e3o PSOL","image":{"@type":"ImageObject","inLanguage":"pt-BR","@id":"https:\/\/psol50.org.br\/#\/schema\/person\/image\/","url":"https:\/\/secure.gravatar.com\/avatar\/b34fc4f4e468a4e51785917065a3db57b841f5c95dba6ad8c73aaf8f66f8f9bf?s=96&d=mm&r=g","contentUrl":"https:\/\/secure.gravatar.com\/avatar\/b34fc4f4e468a4e51785917065a3db57b841f5c95dba6ad8c73aaf8f66f8f9bf?s=96&d=mm&r=g","caption":"Comunica\u00e7\u00e3o PSOL"}}]}},"_links":{"self":[{"href":"https:\/\/psol50.org.br\/rest\/wp\/v2\/posts\/4339","targetHints":{"allow":["GET"]}}],"collection":[{"href":"https:\/\/psol50.org.br\/rest\/wp\/v2\/posts"}],"about":[{"href":"https:\/\/psol50.org.br\/rest\/wp\/v2\/types\/post"}],"author":[{"embeddable":true,"href":"https:\/\/psol50.org.br\/rest\/wp\/v2\/users\/2"}],"replies":[{"embeddable":true,"href":"https:\/\/psol50.org.br\/rest\/wp\/v2\/comments?post=4339"}],"version-history":[{"count":0,"href":"https:\/\/psol50.org.br\/rest\/wp\/v2\/posts\/4339\/revisions"}],"wp:attachment":[{"href":"https:\/\/psol50.org.br\/rest\/wp\/v2\/media?parent=4339"}],"wp:term":[{"taxonomy":"category","embeddable":true,"href":"https:\/\/psol50.org.br\/rest\/wp\/v2\/categories?post=4339"},{"taxonomy":"post_tag","embeddable":true,"href":"https:\/\/psol50.org.br\/rest\/wp\/v2\/tags?post=4339"}],"curies":[{"name":"wp","href":"https:\/\/api.w.org\/{rel}","templated":true}]}}