{"id":435,"date":"2011-06-27T00:00:00","date_gmt":"2011-06-27T00:00:00","guid":{"rendered":"http:\/\/psol50.org.br\/arquivo\/2011\/06\/27\/a-limpeza-etnica-dos-palestinos-ou-israel-democratico-em-accao\/"},"modified":"2011-06-27T00:00:00","modified_gmt":"2011-06-27T00:00:00","slug":"a-limpeza-etnica-dos-palestinos-ou-israel-democratico-em-accao","status":"publish","type":"post","link":"https:\/\/psol50.org.br\/a-limpeza-etnica-dos-palestinos-ou-israel-democratico-em-accao\/","title":{"rendered":"A limpeza \u00e9tnica dos palestinos, ou Israel democr\u00e1tico em ac\u00e7\u00e3o"},"content":{"rendered":"<p><strong>Gideon Levy (*) <\/strong><\/p>\n<p>Ocorreu no dia seguinte ao Dia da Independ\u00eancia, quando Israel estava  imerso quase que ad nauseam em loas a si mesmo e a sua democracia, e  nas v\u00e9speras do (virtualmente fora da lei) Dia da Nakba, quando o povo  palestino rememora a \u201ccat\u00e1strofe\u201d \u2013 o anivers\u00e1rio da cria\u00e7\u00e3o de Israel.  Meu colega Akiva Eldar publicou o que sempre soub\u00e9ramos, mas ignor\u00e1vamos  as chocantes cifras reveladas: No momento dos Acordos de Oslo, Israel  tinha derrubado a resid\u00eancia de 140.000 palestinos da Cisjord\u00e2nia. Em  outras palavras, 14% dos residentes da Cisjord\u00e2nia que ousaram viajar ao  exterior tiveram seu direito de retornar a Israel e aqui viver negado  para sempre. Em outras palavras, foram expulsos de suas terras e de seus  lares. Em outras palavras: limpeza \u00e9tnica.<\/p>\n<p>Enquanto ainda estamos desesperadamente ocultando, negando e  reprimindo nossa principal limpeza \u00e9tnica de 1948 \u2013 mais de 600.000  refugiados, alguns dos quais fugiram pelo temor \u00e0s For\u00e7as Armadas de  Israel e suas antecessoras, e outros que foram expulsos pela for\u00e7a \u2013 a  realidade nos demonstra que 1948 nunca terminou, que seu esp\u00edrito  continua connosco. Ainda continua connosco o objectivo de limpar esta  terra de seus habitantes \u00e1rabes o m\u00e1ximo poss\u00edvel, e at\u00e9 um pouco mais.  Afinal, \u00e9 a solu\u00e7\u00e3o mais encoberta e desejada: a Terra de Israel para os  judeus e s\u00f3 para eles. Algumas pessoas se atreveram a diz\u00ea-lo  abertamente \u2013 o rabino Meir Kahane, o ministro Rehavam Ze\u2019evi e seus  disc\u00edpulos, os quais merecem alguns elogios por sua integridade. Muitos  aspiram a fazer o mesmo sem admiti-lo.<\/p>\n<p>A revela\u00e7\u00e3o da pol\u00edtica de negar a resid\u00eancia provou que este sonho  secreto \u00e9 efectivamente o sonho secreto do establishment. N\u00e3o se carrega  os \u00e1rabes em caminh\u00f5es como era feito antes, mesmo depois da Guerra dos  Seis Dias; n\u00e3o se dispara sobre eles para afugent\u00e1-los \u2013 todos esses  m\u00e9todos s\u00e3o politicamente incorrectos no mundo novo. Mas, de facto, este  \u00e9 o objectivo.<\/p>\n<p>Algumas pessoas pensam que \u00e9 suficiente tornar miser\u00e1vel a vida dos  palestinos nos territ\u00f3rios para for\u00e7\u00e1-los a irem embora, e muitos deles,  com efeito, foram embora. Um \u00eaxito de Israel: de acordo com a  Administra\u00e7\u00e3o Civil, cerca de um quarto de milh\u00e3o de palestinos  abandonaram voluntariamente a Cisjord\u00e2nia nos sangrentos anos 2000 \u2013  2007. Mas isto n\u00e3o \u00e9 suficiente. Portanto, v\u00e1rios e diversos outros  meios administrativos foram acrescentados para transformar o sonho em  realidade.<\/p>\n<p>Qualquer um que diga que \u201cn\u00e3o \u00e9 apartheid\u201d est\u00e1 convidado a  responder: Por que um israelense tem permiss\u00e3o de sair de seu pa\u00eds pelo  resto da vida e ningu\u00e9m sugere cassar-lhe a cidadania, enquanto um  palestino, um filho nativo, n\u00e3o tem essa permiss\u00e3o? Por que um  israelense pode casar-se com uma estrangeira e esta recebe uma permiss\u00e3o  de resid\u00eancia, ao passo que um palestino n\u00e3o tem permiss\u00e3o de se casar  com sua ex-vizinha que mora na Jord\u00e2nia? Isto n\u00e3o \u00e9 apartheid? Atrav\u00e9s  dos anos, documentei intermin\u00e1veis e lament\u00e1veis trag\u00e9dias de fam\u00edlias  que foram separadas, cujos filhos e filhas n\u00e3o recebiam permiss\u00e3o de  viver na Cisjord\u00e2nia ou em Gaza devido a regras draconianas \u2013 s\u00f3 para os  palestinos.<\/p>\n<p>Vejamos o caso de Dalal Rasras, por exemplo, uma menina de Beit Omar  com paralisia cerebral, que foi separada de sua m\u00e3e durante meses porque  sua m\u00e3e nasceu em Rafah. Somente depois de que seu caso se tornar  p\u00fablico \u00e9 que Israel permitiu que ela regressasse para sua filha \u201capesar  da letra da lei\u201d, a cruel letra da lei que n\u00e3o permite que os  residentes de Gaza vivam na Cisjord\u00e2nia, mesmo se ali tiverem feito suas  casas.<\/p>\n<p>O clamor dos despossu\u00eddos agora foi traduzido em n\u00fameros: 140.000,  apenas at\u00e9 os Acordos de Oslo. Estudantes que sa\u00edram para estudar em  universidades estrangeiras, homens de neg\u00f3cios que foram tentar a sorte  no exterior, cientistas que viajaram ao exterior para sua forma\u00e7\u00e3o  profissional, jerusalenses nativos que se atreveram a mudar-se  temporariamente \u00e0 Cisjord\u00e2nia, todos correram a mesma sorte. Todos foram  levados pelo vento e foram expulsos por Israel. N\u00e3o puderam regressar.<\/p>\n<p>O mais surpreendente de tudo \u00e9 a reac\u00e7\u00e3o dos respons\u00e1veis pela  pol\u00edtica de limpeza \u00e9tnica. Eles n\u00e3o sabiam. O major-general (na  reserva) Danny Rothschild, ex-governador militar com o t\u00edtulo  eufem\u00edstico de \u201ccoordenador das actividades governamentais nos  territ\u00f3rios\u201d, disse que leu pela primeira vez sobre o procedimento no  jornal Haaretz. Acontece que a limpeza \u00e9tnica n\u00e3o apenas continua, sen\u00e3o  que tamb\u00e9m continua sendo negada. Toda crian\u00e7a palestina sabe, s\u00f3 o  general a desconhece. At\u00e9 mesmo hoje ainda h\u00e1 130.000 palestinos  registados como \u201cNLR\u201d, um comovedor acr\u00f3nimo das IDF (Israeli Defense  Forces \u2013 For\u00e7as Armadas de Israel) para definir aos \u201cj\u00e1 n\u00e3o residentes\u201d,  como se fossem volunt\u00e1rios, outro eufemismo para denominar aos  \u201cexpulsos\u201d. E o general, que se considera relativamente bem informado,  n\u00e3o tinha conhecimento.<\/p>\n<p>H\u00e1 uma recusa absoluta em permitir o regresso dos refugiados \u2013 algo  que poderia \u201cdestruir o Estado de Israel\u201d. Tamb\u00e9m h\u00e1 uma recusa absoluta  em permitir o regresso das pessoas recentemente expulsas. Para o  pr\u00f3ximo Dia da Independ\u00eancia provavelmente inventaremos mais  regulamenta\u00e7\u00f5es para a expuls\u00e3o, e nas pr\u00f3ximas f\u00e9rias conversaremos  sobre \u201ca \u00fanica democracia\u201d.<\/p>\n<p>* Colunista de o di\u00e1rio israelense Haaretz<br \/>\nTradu\u00e7\u00e3o: Jair de Souza\/Carta Maior<br \/>\nPublicado no <a href=\"http:\/\/www.odiario.info\/?p=2117\">odiario.info<\/a><br \/>\nPublicado originalmente no jornal Haaretz<\/p>\n","protected":false},"excerpt":{"rendered":"<p>Gideon Levy (*) Ocorreu no dia seguinte ao Dia da Independ\u00eancia, quando Israel estava imerso quase que ad nauseam em loas a si mesmo e a sua democracia, e nas v\u00e9speras do (virtualmente fora da lei) Dia da Nakba, quando o povo palestino rememora a \u201ccat\u00e1strofe\u201d \u2013 o anivers\u00e1rio da cria\u00e7\u00e3o de Israel. Meu colega [&hellip;]<\/p>\n","protected":false},"author":2,"featured_media":0,"comment_status":"open","ping_status":"open","sticky":false,"template":"","format":"standard","meta":{"_acf_changed":false,"footnotes":""},"categories":[4766],"tags":[],"class_list":{"0":"post-435","1":"post","2":"type-post","3":"status-publish","4":"format-standard","6":"category-arquivo"},"acf":[],"yoast_head":"<!-- This site is optimized with the Yoast SEO plugin v26.5 - https:\/\/yoast.com\/wordpress\/plugins\/seo\/ -->\n<title>A limpeza \u00e9tnica dos palestinos, ou Israel democr\u00e1tico em ac\u00e7\u00e3o - PSOL 50<\/title>\n<meta name=\"robots\" content=\"index, follow, max-snippet:-1, max-image-preview:large, max-video-preview:-1\" \/>\n<link rel=\"canonical\" href=\"https:\/\/psol50.org.br\/a-limpeza-etnica-dos-palestinos-ou-israel-democratico-em-accao\/\" \/>\n<meta property=\"og:locale\" content=\"pt_BR\" \/>\n<meta property=\"og:type\" content=\"article\" \/>\n<meta property=\"og:title\" content=\"A limpeza \u00e9tnica dos palestinos, ou Israel democr\u00e1tico em ac\u00e7\u00e3o - PSOL 50\" \/>\n<meta property=\"og:description\" content=\"Gideon Levy (*) Ocorreu no dia seguinte ao Dia da Independ\u00eancia, quando Israel estava imerso quase que ad nauseam em loas a si mesmo e a sua democracia, e nas v\u00e9speras do (virtualmente fora da lei) Dia da Nakba, quando o povo palestino rememora a \u201ccat\u00e1strofe\u201d \u2013 o anivers\u00e1rio da cria\u00e7\u00e3o de Israel. Meu colega [&hellip;]\" \/>\n<meta property=\"og:url\" content=\"https:\/\/psol50.org.br\/a-limpeza-etnica-dos-palestinos-ou-israel-democratico-em-accao\/\" \/>\n<meta property=\"og:site_name\" content=\"PSOL 50\" \/>\n<meta property=\"article:publisher\" content=\"https:\/\/www.facebook.com\/psol50\" \/>\n<meta property=\"article:published_time\" content=\"2011-06-27T00:00:00+00:00\" \/>\n<meta property=\"og:image\" content=\"https:\/\/psol50.org.br\/inc\/uploads\/2018\/07\/capa.png\" \/>\n\t<meta property=\"og:image:width\" content=\"1350\" \/>\n\t<meta property=\"og:image:height\" content=\"900\" \/>\n\t<meta property=\"og:image:type\" content=\"image\/png\" \/>\n<meta name=\"author\" content=\"Comunica\u00e7\u00e3o PSOL\" \/>\n<meta name=\"twitter:card\" content=\"summary_large_image\" \/>\n<meta name=\"twitter:creator\" content=\"@psol50\" \/>\n<meta name=\"twitter:site\" content=\"@psol50\" \/>\n<meta name=\"twitter:label1\" content=\"Escrito por\" \/>\n\t<meta name=\"twitter:data1\" content=\"Comunica\u00e7\u00e3o PSOL\" \/>\n\t<meta name=\"twitter:label2\" content=\"Est. tempo de leitura\" \/>\n\t<meta name=\"twitter:data2\" content=\"5 minutos\" \/>\n<script type=\"application\/ld+json\" class=\"yoast-schema-graph\">{\"@context\":\"https:\/\/schema.org\",\"@graph\":[{\"@type\":\"Article\",\"@id\":\"https:\/\/psol50.org.br\/a-limpeza-etnica-dos-palestinos-ou-israel-democratico-em-accao\/#article\",\"isPartOf\":{\"@id\":\"https:\/\/psol50.org.br\/a-limpeza-etnica-dos-palestinos-ou-israel-democratico-em-accao\/\"},\"author\":{\"name\":\"Comunica\u00e7\u00e3o PSOL\",\"@id\":\"https:\/\/psol50.org.br\/#\/schema\/person\/475dfa57d0b815993c714c2e96491fcd\"},\"headline\":\"A limpeza \u00e9tnica dos palestinos, ou Israel democr\u00e1tico em ac\u00e7\u00e3o\",\"datePublished\":\"2011-06-27T00:00:00+00:00\",\"mainEntityOfPage\":{\"@id\":\"https:\/\/psol50.org.br\/a-limpeza-etnica-dos-palestinos-ou-israel-democratico-em-accao\/\"},\"wordCount\":931,\"commentCount\":0,\"publisher\":{\"@id\":\"https:\/\/psol50.org.br\/#organization\"},\"articleSection\":[\"Arquivo\"],\"inLanguage\":\"pt-BR\",\"potentialAction\":[{\"@type\":\"CommentAction\",\"name\":\"Comment\",\"target\":[\"https:\/\/psol50.org.br\/a-limpeza-etnica-dos-palestinos-ou-israel-democratico-em-accao\/#respond\"]}]},{\"@type\":\"WebPage\",\"@id\":\"https:\/\/psol50.org.br\/a-limpeza-etnica-dos-palestinos-ou-israel-democratico-em-accao\/\",\"url\":\"https:\/\/psol50.org.br\/a-limpeza-etnica-dos-palestinos-ou-israel-democratico-em-accao\/\",\"name\":\"A limpeza \u00e9tnica dos palestinos, ou Israel democr\u00e1tico em ac\u00e7\u00e3o - PSOL 50\",\"isPartOf\":{\"@id\":\"https:\/\/psol50.org.br\/#website\"},\"datePublished\":\"2011-06-27T00:00:00+00:00\",\"breadcrumb\":{\"@id\":\"https:\/\/psol50.org.br\/a-limpeza-etnica-dos-palestinos-ou-israel-democratico-em-accao\/#breadcrumb\"},\"inLanguage\":\"pt-BR\",\"potentialAction\":[{\"@type\":\"ReadAction\",\"target\":[\"https:\/\/psol50.org.br\/a-limpeza-etnica-dos-palestinos-ou-israel-democratico-em-accao\/\"]}]},{\"@type\":\"BreadcrumbList\",\"@id\":\"https:\/\/psol50.org.br\/a-limpeza-etnica-dos-palestinos-ou-israel-democratico-em-accao\/#breadcrumb\",\"itemListElement\":[{\"@type\":\"ListItem\",\"position\":1,\"name\":\"In\u00edcio\",\"item\":\"https:\/\/psol50.org.br\/\"},{\"@type\":\"ListItem\",\"position\":2,\"name\":\"A limpeza \u00e9tnica dos palestinos, ou Israel democr\u00e1tico em ac\u00e7\u00e3o\"}]},{\"@type\":\"WebSite\",\"@id\":\"https:\/\/psol50.org.br\/#website\",\"url\":\"https:\/\/psol50.org.br\/\",\"name\":\"PSOL 50\",\"description\":\"Site oficial do Partido Socialismo e Liberdade\",\"publisher\":{\"@id\":\"https:\/\/psol50.org.br\/#organization\"},\"alternateName\":\"PSOL50\",\"potentialAction\":[{\"@type\":\"SearchAction\",\"target\":{\"@type\":\"EntryPoint\",\"urlTemplate\":\"https:\/\/psol50.org.br\/?s={search_term_string}\"},\"query-input\":{\"@type\":\"PropertyValueSpecification\",\"valueRequired\":true,\"valueName\":\"search_term_string\"}}],\"inLanguage\":\"pt-BR\"},{\"@type\":\"Organization\",\"@id\":\"https:\/\/psol50.org.br\/#organization\",\"name\":\"PSOL 50\",\"alternateName\":\"PSOL 50\",\"url\":\"https:\/\/psol50.org.br\/\",\"logo\":{\"@type\":\"ImageObject\",\"inLanguage\":\"pt-BR\",\"@id\":\"https:\/\/psol50.org.br\/#\/schema\/logo\/image\/\",\"url\":\"https:\/\/psol50.org.br\/inc\/uploads\/2018\/07\/capa.png\",\"contentUrl\":\"https:\/\/psol50.org.br\/inc\/uploads\/2018\/07\/capa.png\",\"width\":1350,\"height\":900,\"caption\":\"PSOL 50\"},\"image\":{\"@id\":\"https:\/\/psol50.org.br\/#\/schema\/logo\/image\/\"},\"sameAs\":[\"https:\/\/www.facebook.com\/psol50\",\"https:\/\/x.com\/psol50\",\"https:\/\/www.instagram.com\/psol50\/\",\"https:\/\/www.youtube.com\/channel\/UC7SnJS5o1os7a6CaiNabzcg\"]},{\"@type\":\"Person\",\"@id\":\"https:\/\/psol50.org.br\/#\/schema\/person\/475dfa57d0b815993c714c2e96491fcd\",\"name\":\"Comunica\u00e7\u00e3o PSOL\",\"image\":{\"@type\":\"ImageObject\",\"inLanguage\":\"pt-BR\",\"@id\":\"https:\/\/psol50.org.br\/#\/schema\/person\/image\/\",\"url\":\"https:\/\/secure.gravatar.com\/avatar\/b34fc4f4e468a4e51785917065a3db57b841f5c95dba6ad8c73aaf8f66f8f9bf?s=96&d=mm&r=g\",\"contentUrl\":\"https:\/\/secure.gravatar.com\/avatar\/b34fc4f4e468a4e51785917065a3db57b841f5c95dba6ad8c73aaf8f66f8f9bf?s=96&d=mm&r=g\",\"caption\":\"Comunica\u00e7\u00e3o PSOL\"}}]}<\/script>\n<!-- \/ Yoast SEO plugin. -->","yoast_head_json":{"title":"A limpeza \u00e9tnica dos palestinos, ou Israel democr\u00e1tico em ac\u00e7\u00e3o - PSOL 50","robots":{"index":"index","follow":"follow","max-snippet":"max-snippet:-1","max-image-preview":"max-image-preview:large","max-video-preview":"max-video-preview:-1"},"canonical":"https:\/\/psol50.org.br\/a-limpeza-etnica-dos-palestinos-ou-israel-democratico-em-accao\/","og_locale":"pt_BR","og_type":"article","og_title":"A limpeza \u00e9tnica dos palestinos, ou Israel democr\u00e1tico em ac\u00e7\u00e3o - PSOL 50","og_description":"Gideon Levy (*) Ocorreu no dia seguinte ao Dia da Independ\u00eancia, quando Israel estava imerso quase que ad nauseam em loas a si mesmo e a sua democracia, e nas v\u00e9speras do (virtualmente fora da lei) Dia da Nakba, quando o povo palestino rememora a \u201ccat\u00e1strofe\u201d \u2013 o anivers\u00e1rio da cria\u00e7\u00e3o de Israel. Meu colega [&hellip;]","og_url":"https:\/\/psol50.org.br\/a-limpeza-etnica-dos-palestinos-ou-israel-democratico-em-accao\/","og_site_name":"PSOL 50","article_publisher":"https:\/\/www.facebook.com\/psol50","article_published_time":"2011-06-27T00:00:00+00:00","og_image":[{"width":1350,"height":900,"url":"https:\/\/psol50.org.br\/inc\/uploads\/2018\/07\/capa.png","type":"image\/png"}],"author":"Comunica\u00e7\u00e3o PSOL","twitter_card":"summary_large_image","twitter_creator":"@psol50","twitter_site":"@psol50","twitter_misc":{"Escrito por":"Comunica\u00e7\u00e3o PSOL","Est. tempo de leitura":"5 minutos"},"schema":{"@context":"https:\/\/schema.org","@graph":[{"@type":"Article","@id":"https:\/\/psol50.org.br\/a-limpeza-etnica-dos-palestinos-ou-israel-democratico-em-accao\/#article","isPartOf":{"@id":"https:\/\/psol50.org.br\/a-limpeza-etnica-dos-palestinos-ou-israel-democratico-em-accao\/"},"author":{"name":"Comunica\u00e7\u00e3o PSOL","@id":"https:\/\/psol50.org.br\/#\/schema\/person\/475dfa57d0b815993c714c2e96491fcd"},"headline":"A limpeza \u00e9tnica dos palestinos, ou Israel democr\u00e1tico em ac\u00e7\u00e3o","datePublished":"2011-06-27T00:00:00+00:00","mainEntityOfPage":{"@id":"https:\/\/psol50.org.br\/a-limpeza-etnica-dos-palestinos-ou-israel-democratico-em-accao\/"},"wordCount":931,"commentCount":0,"publisher":{"@id":"https:\/\/psol50.org.br\/#organization"},"articleSection":["Arquivo"],"inLanguage":"pt-BR","potentialAction":[{"@type":"CommentAction","name":"Comment","target":["https:\/\/psol50.org.br\/a-limpeza-etnica-dos-palestinos-ou-israel-democratico-em-accao\/#respond"]}]},{"@type":"WebPage","@id":"https:\/\/psol50.org.br\/a-limpeza-etnica-dos-palestinos-ou-israel-democratico-em-accao\/","url":"https:\/\/psol50.org.br\/a-limpeza-etnica-dos-palestinos-ou-israel-democratico-em-accao\/","name":"A limpeza \u00e9tnica dos palestinos, ou Israel democr\u00e1tico em ac\u00e7\u00e3o - PSOL 50","isPartOf":{"@id":"https:\/\/psol50.org.br\/#website"},"datePublished":"2011-06-27T00:00:00+00:00","breadcrumb":{"@id":"https:\/\/psol50.org.br\/a-limpeza-etnica-dos-palestinos-ou-israel-democratico-em-accao\/#breadcrumb"},"inLanguage":"pt-BR","potentialAction":[{"@type":"ReadAction","target":["https:\/\/psol50.org.br\/a-limpeza-etnica-dos-palestinos-ou-israel-democratico-em-accao\/"]}]},{"@type":"BreadcrumbList","@id":"https:\/\/psol50.org.br\/a-limpeza-etnica-dos-palestinos-ou-israel-democratico-em-accao\/#breadcrumb","itemListElement":[{"@type":"ListItem","position":1,"name":"In\u00edcio","item":"https:\/\/psol50.org.br\/"},{"@type":"ListItem","position":2,"name":"A limpeza \u00e9tnica dos palestinos, ou Israel democr\u00e1tico em ac\u00e7\u00e3o"}]},{"@type":"WebSite","@id":"https:\/\/psol50.org.br\/#website","url":"https:\/\/psol50.org.br\/","name":"PSOL 50","description":"Site oficial do Partido Socialismo e Liberdade","publisher":{"@id":"https:\/\/psol50.org.br\/#organization"},"alternateName":"PSOL50","potentialAction":[{"@type":"SearchAction","target":{"@type":"EntryPoint","urlTemplate":"https:\/\/psol50.org.br\/?s={search_term_string}"},"query-input":{"@type":"PropertyValueSpecification","valueRequired":true,"valueName":"search_term_string"}}],"inLanguage":"pt-BR"},{"@type":"Organization","@id":"https:\/\/psol50.org.br\/#organization","name":"PSOL 50","alternateName":"PSOL 50","url":"https:\/\/psol50.org.br\/","logo":{"@type":"ImageObject","inLanguage":"pt-BR","@id":"https:\/\/psol50.org.br\/#\/schema\/logo\/image\/","url":"https:\/\/psol50.org.br\/inc\/uploads\/2018\/07\/capa.png","contentUrl":"https:\/\/psol50.org.br\/inc\/uploads\/2018\/07\/capa.png","width":1350,"height":900,"caption":"PSOL 50"},"image":{"@id":"https:\/\/psol50.org.br\/#\/schema\/logo\/image\/"},"sameAs":["https:\/\/www.facebook.com\/psol50","https:\/\/x.com\/psol50","https:\/\/www.instagram.com\/psol50\/","https:\/\/www.youtube.com\/channel\/UC7SnJS5o1os7a6CaiNabzcg"]},{"@type":"Person","@id":"https:\/\/psol50.org.br\/#\/schema\/person\/475dfa57d0b815993c714c2e96491fcd","name":"Comunica\u00e7\u00e3o PSOL","image":{"@type":"ImageObject","inLanguage":"pt-BR","@id":"https:\/\/psol50.org.br\/#\/schema\/person\/image\/","url":"https:\/\/secure.gravatar.com\/avatar\/b34fc4f4e468a4e51785917065a3db57b841f5c95dba6ad8c73aaf8f66f8f9bf?s=96&d=mm&r=g","contentUrl":"https:\/\/secure.gravatar.com\/avatar\/b34fc4f4e468a4e51785917065a3db57b841f5c95dba6ad8c73aaf8f66f8f9bf?s=96&d=mm&r=g","caption":"Comunica\u00e7\u00e3o PSOL"}}]}},"_links":{"self":[{"href":"https:\/\/psol50.org.br\/rest\/wp\/v2\/posts\/435","targetHints":{"allow":["GET"]}}],"collection":[{"href":"https:\/\/psol50.org.br\/rest\/wp\/v2\/posts"}],"about":[{"href":"https:\/\/psol50.org.br\/rest\/wp\/v2\/types\/post"}],"author":[{"embeddable":true,"href":"https:\/\/psol50.org.br\/rest\/wp\/v2\/users\/2"}],"replies":[{"embeddable":true,"href":"https:\/\/psol50.org.br\/rest\/wp\/v2\/comments?post=435"}],"version-history":[{"count":0,"href":"https:\/\/psol50.org.br\/rest\/wp\/v2\/posts\/435\/revisions"}],"wp:attachment":[{"href":"https:\/\/psol50.org.br\/rest\/wp\/v2\/media?parent=435"}],"wp:term":[{"taxonomy":"category","embeddable":true,"href":"https:\/\/psol50.org.br\/rest\/wp\/v2\/categories?post=435"},{"taxonomy":"post_tag","embeddable":true,"href":"https:\/\/psol50.org.br\/rest\/wp\/v2\/tags?post=435"}],"curies":[{"name":"wp","href":"https:\/\/api.w.org\/{rel}","templated":true}]}}