{"id":4353,"date":"2015-03-09T04:11:48","date_gmt":"2015-03-09T04:11:48","guid":{"rendered":"http:\/\/179.190.55.146\/~psol5185\/?p=4353"},"modified":"2015-03-09T04:11:48","modified_gmt":"2015-03-09T04:11:48","slug":"8-de-marco-decadas-de-luta-feminista","status":"publish","type":"post","link":"https:\/\/psol50.org.br\/8-de-marco-decadas-de-luta-feminista\/","title":{"rendered":"8 de mar\u00e7o: D\u00e9cadas de luta feminista"},"content":{"rendered":"<div id=\"blocoDadosPrint\"><span id=\"Texto\">As primeiras comemora\u00e7\u00f5es voltadas unicamente \u00e0 luta das mulheres datam do come\u00e7o do s\u00e9culo passado. Nos Estados Unidos, o \u201cWomen&#8217;s Day\u201d, organizado pelas socialistas e dedicado \u00e0 luta pelo direito ao voto remonta a 1908. Em 1910, durante a Confer\u00eancia das Mulheres Socialistas realizada na Dinamarca, a revolucion\u00e1ria alem\u00e3 Clara Zetkin levou a proposta de instituir um dia internacional para celebrar as lutas das mulheres. A primeira comemora\u00e7\u00e3o do Dia Socialista das Mulheres na Europa ocorreu em 1911, para lembrar o levante realizado por prolet\u00e1rias na Pr\u00fassia que reivindicavam o direito ao voto.<br \/>\nH\u00e1 muitas hist\u00f3rias acerca da defini\u00e7\u00e3o da data do 8 de mar\u00e7o como o Dia Internacional de Luta das Mulheres. A mais famosa, talvez, seja a refer\u00eancia ao inc\u00eandio em uma f\u00e1brica t\u00eaxtil que teria matado mais de uma centena de oper\u00e1rias grevistas no final do s\u00e9culo XIX na cidade de Nova York.<br \/>\nEstudos realizados pela historiadora espanhola Ana Isabel \u00c1lvarez Gonz\u00e1lez, autora do livro As Origens e a Comemora\u00e7\u00e3o do Dia Internacional das Mulheres, apontam que tal evento n\u00e3o ocorreu. H\u00e1 registros j\u00e1 no s\u00e9culo XX de um inc\u00eandio em f\u00e1brica que teria vitimado 125 tecel\u00e3s, e de diversas greves e manifesta\u00e7\u00f5es de mulheres oper\u00e1rias em Nova York. Mas segundo a pesquisadora, a escolha do dia 8 de mar\u00e7o se deve a uma manifesta\u00e7\u00e3o de oper\u00e1rias russas contra a guerra e a fome ocorrida em 1917, possivelmente um dos primeiros eventos da Revolu\u00e7\u00e3o Russa.<br \/>\nDefinida em 1921, na Confer\u00eancia das Mulheres Comunistas realizada em Moscou, a data foi impulsionada pela 3\u00aa Internacional Socialista como momento de real\u00e7ar o protagonismo pol\u00edtico e as pautas espec\u00edficas das mulheres. J\u00e1 nos anos 70, a Organiza\u00e7\u00e3o das Na\u00e7\u00f5es Unidas (ONU) adota a data em seu calend\u00e1rio e consolida o 8 de mar\u00e7o como dia de luta das mulheres por autonomia e igualdade em todo o mundo.<br \/>\nApesar da ofensiva do mercado, tentando transformar a data em uma exalta\u00e7\u00e3o comercial do &#8220;feminino&#8221;, conceito que refor\u00e7a a desigualdade de g\u00eanero, remetendo a condi\u00e7\u00e3o de mulher a componentes biologizantes e atrelados ao \u00e2mbito privado &#8211; tais quais a maternidade (compuls\u00f3ria) e os trabalhos n\u00e3o-remunerados dom\u00e9sticos e de cuidados &#8211; as for\u00e7as progressistas resistem relembrando sua origem hist\u00f3rica e impondo sua agenda neste dia que muitas vezes abre o calend\u00e1rio de lutas da esquerda.<br \/>\n<strong>Nosso feminismo \u00e9 classista!<\/strong><br \/>\nO machismo atinge todas as classes sociais em diferentes modula\u00e7\u00f5es. Afirmar um feminismo comprometido com a classe trabalhadora significa dizer, por um lado, que s\u00e3o as mulheres que vivem do trabalho aquelas que nos interessa organizar e fortalecer sua atua\u00e7\u00e3o pol\u00edtica.<br \/>\nN\u00f3s, mulheres, somos metade da for\u00e7a de trabalho no Brasil. Apesar de desde os anos 90 muitas categorias e centrais sindicais passarem a adotar cotas em suas dire\u00e7\u00f5es, como forma de equacionar a discrep\u00e2ncia entre a composi\u00e7\u00e3o das bases e das inst\u00e2ncias decis\u00f3rias, a baixa representatividade das mulheres e suas pautas espec\u00edficas nos sindicatos de forma geral faz de n\u00f3s um elo mais fr\u00e1gil no mundo do trabalho.\u00a0N\u00f3s, mulheres, somos maioria nos trabalhos mais precarizados, entre terceirizadas e trabalhadoras informais; al\u00e9m daquelas quase que completamente exclu\u00eddas do mercado de trabalho, caso das mulheres trans.<br \/>\nEm m\u00e9dia, uma mulher brasileira recebe 51% do sal\u00e1rio de um homem para desempenhar uma mesma fun\u00e7\u00e3o. Disparidade salarial que bate na casa dos 60% ao se comparar o sal\u00e1rio de um homem branco ao de uma mulher negra, de acordo com pesquisa realizada pelo Banco Interamericano de Desenvolvimento em 2009. Categorias majoritariamente femininas, como as dom\u00e9sticas, somente nos \u00faltimos anos t\u00eam visto avan\u00e7ar seu acesso a direitos trabalhistas, buscando se equiparar a outras categorias profissionais, enfrentando enorme resist\u00eancia e o \u00f3dio de classe dos setores mais reacion\u00e1rios da elite. O trabalho dom\u00e9stico e relacionado aos cuidados \u00e9, em nossa sociedade, imputado \u00e0s mulheres como algo &#8220;natural&#8221; (quando n\u00e3o um dever), o que justificaria sua injustific\u00e1vel baixa ou inexistente remunera\u00e7\u00e3o.<br \/>\nEste elemento nos leva a um segundo aspecto de um feminismo com lado na luta de classes: a percep\u00e7\u00e3o de que opress\u00f5es como o machismo e o racismo n\u00e3o s\u00e3o simplesmente objeto de uma disputa cultural e ideol\u00f3gica, mas que est\u00e3o entranhados na estrutura da sociedade de classes. E, portanto, a estrat\u00e9gia daqueles que lutam por um outro modelo de sociedade, socialista e libert\u00e1ria, deve abra\u00e7ar essas reivindica\u00e7\u00f5es.<br \/>\nN\u00e3o existe avan\u00e7o poss\u00edvel na luta social sem o fortalecimento das mulheres, assim como n\u00e3o h\u00e1 emancipa\u00e7\u00e3o poss\u00edvel para as mulheres que n\u00e3o seja coletiva. Diante da massifica\u00e7\u00e3o &#8211; no limite positiva &#8211; da palavra Feminismo e das reivindica\u00e7\u00f5es por igualdade de sal\u00e1rio, direitos e de tratamento na sociedade, \u00e9 necess\u00e1rio contrapor a fal\u00e1cia liberal e reafirmar que n\u00e3o existe liberta\u00e7\u00e3o poss\u00edvel no plano individual. Como disse a comunista Pagu: n\u00e3o sou mulher, sou mulheres. O empoderamento de uma mulher \u00e0s custas da explora\u00e7\u00e3o de trabalhadoras tamb\u00e9m mulheres; ou a condu\u00e7\u00e3o de pol\u00edticas de retirada de direitos por primeiras-ministras e presidentas n\u00e3o nos interessa ou representa.<br \/>\n<strong>Investida conservadora e a resist\u00eancia das trabalhadoras<\/strong><br \/>\nNa campanha presidencial de 2014, as figuras mais conservadoras no plano dos costumes foram tamb\u00e9m as que de forma mais enf\u00e1tica aderiram \u00e0s bandeiras de privatiza\u00e7\u00e3o e o enxugamento do Estado, cortando \u00e1reas sociais; e de encarceramento da popula\u00e7\u00e3o perif\u00e9rica e negra, um &#8220;excedente&#8221; do capitalismo brasileiro que necessita ser removido, sob o risco de se revoltar e desestabilizar o sistema.<br \/>\nOutro exemplo \u00e9 Eduardo Cunha, investigado pela Opera\u00e7\u00e3o Lava Jato por envolvimento em desvios e lavagem de dinheiro, e al\u00e7ado \u00e0 presid\u00eancia da C\u00e2mara dos Deputados por negocia\u00e7\u00f5es escusas e a fragilidade da base aliada que assegura uma governabilidade conservadora ao PT.\u00a0Ao mesmo tempo em que Cunha usa da prerrogativa de presidente para travar avan\u00e7os no campo dos direitos individuais, em particular a legaliza\u00e7\u00e3o do aborto e das conquistas das fam\u00edlias homoafetivas; impulsiona o PL 4330, projeto que visa ampliar a terceiriza\u00e7\u00e3o no pa\u00eds, garantindo lucros cada vez mais altos para os grandes empres\u00e1rios, e reduzindo os direitos conquistados pela classe trabalhadora.<br \/>\nEm vers\u00e3o menos caricata, a liberal Folha de S\u00e3o Paulo publicou editorial no dia seguinte \u00e0 aprova\u00e7\u00e3o da Lei do Feminic\u00eddio, comparando a tipifica\u00e7\u00e3o de um crime cometido contra mulheres, simplesmente por serem mulheres e portanto consideradas objeto e propriedade de seus maridos, namorados e companheiros, a uma forma de sexismo. Chegou ao c\u00famulo de afirmar que tal mudan\u00e7a no C\u00f3digo Penal era equivalente a afirmar juridicamente que a vida dos homens valeria menos. Valeria menos em um pa\u00eds onde os assassinatos de mulheres por parceiros cresceram 230% nos \u00faltimos 30 anos, nos levando ao s\u00e9timo lugar em um ranking de 84 pa\u00edses sobre esse tipo de crime. A quem interessa travar as conquistas das mulheres?<br \/>\nNestes \u00faltimos dias, as feministas identificadas com a esquerda revolucion\u00e1ria ocuparam as ruas para celebrar a mem\u00f3ria das lutas das mulheres que nos trouxeram avan\u00e7os, e tamb\u00e9m para lutar contra retrocessos. A\u00a0revoga\u00e7\u00e3o das medidas provis\u00f3rias 664 e 665, forma encontrada pelo governo Dilma de descontar a crise econ\u00f4mica nas costas de trabalhadoras e trabalhadores, ao inv\u00e9s de cobrar dos bancos, que afetam em particular as mulheres, maioria das dependentes de pens\u00f5es, foi uma reivindica\u00e7\u00e3o nossa. Da mesma forma, derrotar o Estatuto do Nascituro e descriminalizar o aborto, procedimento realizado por cerca de um milh\u00e3o de brasileiras todos os anos, e que mata milhares de mulheres pobres submetidas \u00e0 clandestinidade.<br \/>\nAssim como o fundamentalismo e o empresariado mant\u00eam rela\u00e7\u00e3o org\u00e2nica, a luta dos trabalhadores e das mulheres deve andar lado a lado, com a compreens\u00e3o de que s\u00e3o batalhas conjuntas. A compreens\u00e3o das mulheres como sujeitos pol\u00edticos, aut\u00f4nomos, \u00e9 fundamental para fortalecer a classe trabalhadora; de que a restri\u00e7\u00e3o de direitos \u00e0s mulheres, o controle sobre nossos corpos e nossas vidas, tamb\u00e9m tem papel na acumula\u00e7\u00e3o de capital.<br \/>\nQuando as lutas das mulheres avan\u00e7am, avan\u00e7a toda a classe trabalhadora.<br \/>\n<\/span><\/div>\n","protected":false},"excerpt":{"rendered":"<p>As primeiras comemora\u00e7\u00f5es voltadas unicamente \u00e0 luta das mulheres datam do come\u00e7o do s\u00e9culo passado. Nos Estados Unidos, o \u201cWomen&#8217;s Day\u201d, organizado pelas socialistas e dedicado \u00e0 luta pelo direito ao voto remonta a 1908. Em 1910, durante a Confer\u00eancia das Mulheres Socialistas realizada na Dinamarca, a revolucion\u00e1ria alem\u00e3 Clara Zetkin levou a proposta de [&hellip;]<\/p>\n","protected":false},"author":2,"featured_media":0,"comment_status":"open","ping_status":"open","sticky":false,"template":"","format":"standard","meta":{"_acf_changed":false,"footnotes":""},"categories":[3,1104],"tags":[294,2943,30,4],"class_list":{"0":"post-4353","1":"post","2":"type-post","3":"status-publish","4":"format-standard","6":"category-artigos-e-entrevistas","7":"category-movimento","8":"tag-8-de-marco","9":"tag-carolina-peters","10":"tag-feminismo","11":"tag-mulheres"},"acf":[],"yoast_head":"<!-- This site is optimized with the Yoast SEO plugin v26.5 - https:\/\/yoast.com\/wordpress\/plugins\/seo\/ -->\n<title>8 de mar\u00e7o: D\u00e9cadas de luta feminista - PSOL 50<\/title>\n<meta name=\"robots\" content=\"index, follow, max-snippet:-1, max-image-preview:large, max-video-preview:-1\" \/>\n<link rel=\"canonical\" href=\"https:\/\/psol50.org.br\/8-de-marco-decadas-de-luta-feminista\/\" \/>\n<meta property=\"og:locale\" content=\"pt_BR\" \/>\n<meta property=\"og:type\" content=\"article\" \/>\n<meta property=\"og:title\" content=\"8 de mar\u00e7o: D\u00e9cadas de luta feminista - PSOL 50\" \/>\n<meta property=\"og:description\" content=\"As primeiras comemora\u00e7\u00f5es voltadas unicamente \u00e0 luta das mulheres datam do come\u00e7o do s\u00e9culo passado. Nos Estados Unidos, o \u201cWomen&#8217;s Day\u201d, organizado pelas socialistas e dedicado \u00e0 luta pelo direito ao voto remonta a 1908. Em 1910, durante a Confer\u00eancia das Mulheres Socialistas realizada na Dinamarca, a revolucion\u00e1ria alem\u00e3 Clara Zetkin levou a proposta de [&hellip;]\" \/>\n<meta property=\"og:url\" content=\"https:\/\/psol50.org.br\/8-de-marco-decadas-de-luta-feminista\/\" \/>\n<meta property=\"og:site_name\" content=\"PSOL 50\" \/>\n<meta property=\"article:publisher\" content=\"https:\/\/www.facebook.com\/psol50\" \/>\n<meta property=\"article:published_time\" content=\"2015-03-09T04:11:48+00:00\" \/>\n<meta property=\"og:image\" content=\"https:\/\/psol50.org.br\/inc\/uploads\/2018\/07\/capa.png\" \/>\n\t<meta property=\"og:image:width\" content=\"1350\" \/>\n\t<meta property=\"og:image:height\" content=\"900\" \/>\n\t<meta property=\"og:image:type\" content=\"image\/png\" \/>\n<meta name=\"author\" content=\"Comunica\u00e7\u00e3o PSOL\" \/>\n<meta name=\"twitter:card\" content=\"summary_large_image\" \/>\n<meta name=\"twitter:creator\" content=\"@psol50\" \/>\n<meta name=\"twitter:site\" content=\"@psol50\" \/>\n<meta name=\"twitter:label1\" content=\"Escrito por\" \/>\n\t<meta name=\"twitter:data1\" content=\"Comunica\u00e7\u00e3o PSOL\" \/>\n\t<meta name=\"twitter:label2\" content=\"Est. tempo de leitura\" \/>\n\t<meta name=\"twitter:data2\" content=\"7 minutos\" \/>\n<script type=\"application\/ld+json\" class=\"yoast-schema-graph\">{\"@context\":\"https:\/\/schema.org\",\"@graph\":[{\"@type\":\"Article\",\"@id\":\"https:\/\/psol50.org.br\/8-de-marco-decadas-de-luta-feminista\/#article\",\"isPartOf\":{\"@id\":\"https:\/\/psol50.org.br\/8-de-marco-decadas-de-luta-feminista\/\"},\"author\":{\"name\":\"Comunica\u00e7\u00e3o PSOL\",\"@id\":\"https:\/\/psol50.org.br\/#\/schema\/person\/475dfa57d0b815993c714c2e96491fcd\"},\"headline\":\"8 de mar\u00e7o: D\u00e9cadas de luta feminista\",\"datePublished\":\"2015-03-09T04:11:48+00:00\",\"mainEntityOfPage\":{\"@id\":\"https:\/\/psol50.org.br\/8-de-marco-decadas-de-luta-feminista\/\"},\"wordCount\":1428,\"commentCount\":0,\"publisher\":{\"@id\":\"https:\/\/psol50.org.br\/#organization\"},\"keywords\":[\"8 de mar\u00e7o\",\"Carolina Peters\",\"feminismo\",\"mulheres\"],\"articleSection\":[\"Artigos\",\"Movimento\"],\"inLanguage\":\"pt-BR\",\"potentialAction\":[{\"@type\":\"CommentAction\",\"name\":\"Comment\",\"target\":[\"https:\/\/psol50.org.br\/8-de-marco-decadas-de-luta-feminista\/#respond\"]}]},{\"@type\":\"WebPage\",\"@id\":\"https:\/\/psol50.org.br\/8-de-marco-decadas-de-luta-feminista\/\",\"url\":\"https:\/\/psol50.org.br\/8-de-marco-decadas-de-luta-feminista\/\",\"name\":\"8 de mar\u00e7o: D\u00e9cadas de luta feminista - PSOL 50\",\"isPartOf\":{\"@id\":\"https:\/\/psol50.org.br\/#website\"},\"datePublished\":\"2015-03-09T04:11:48+00:00\",\"breadcrumb\":{\"@id\":\"https:\/\/psol50.org.br\/8-de-marco-decadas-de-luta-feminista\/#breadcrumb\"},\"inLanguage\":\"pt-BR\",\"potentialAction\":[{\"@type\":\"ReadAction\",\"target\":[\"https:\/\/psol50.org.br\/8-de-marco-decadas-de-luta-feminista\/\"]}]},{\"@type\":\"BreadcrumbList\",\"@id\":\"https:\/\/psol50.org.br\/8-de-marco-decadas-de-luta-feminista\/#breadcrumb\",\"itemListElement\":[{\"@type\":\"ListItem\",\"position\":1,\"name\":\"In\u00edcio\",\"item\":\"https:\/\/psol50.org.br\/\"},{\"@type\":\"ListItem\",\"position\":2,\"name\":\"8 de mar\u00e7o: D\u00e9cadas de luta feminista\"}]},{\"@type\":\"WebSite\",\"@id\":\"https:\/\/psol50.org.br\/#website\",\"url\":\"https:\/\/psol50.org.br\/\",\"name\":\"PSOL 50\",\"description\":\"Site oficial do Partido Socialismo e Liberdade\",\"publisher\":{\"@id\":\"https:\/\/psol50.org.br\/#organization\"},\"alternateName\":\"PSOL50\",\"potentialAction\":[{\"@type\":\"SearchAction\",\"target\":{\"@type\":\"EntryPoint\",\"urlTemplate\":\"https:\/\/psol50.org.br\/?s={search_term_string}\"},\"query-input\":{\"@type\":\"PropertyValueSpecification\",\"valueRequired\":true,\"valueName\":\"search_term_string\"}}],\"inLanguage\":\"pt-BR\"},{\"@type\":\"Organization\",\"@id\":\"https:\/\/psol50.org.br\/#organization\",\"name\":\"PSOL 50\",\"alternateName\":\"PSOL 50\",\"url\":\"https:\/\/psol50.org.br\/\",\"logo\":{\"@type\":\"ImageObject\",\"inLanguage\":\"pt-BR\",\"@id\":\"https:\/\/psol50.org.br\/#\/schema\/logo\/image\/\",\"url\":\"https:\/\/psol50.org.br\/inc\/uploads\/2018\/07\/capa.png\",\"contentUrl\":\"https:\/\/psol50.org.br\/inc\/uploads\/2018\/07\/capa.png\",\"width\":1350,\"height\":900,\"caption\":\"PSOL 50\"},\"image\":{\"@id\":\"https:\/\/psol50.org.br\/#\/schema\/logo\/image\/\"},\"sameAs\":[\"https:\/\/www.facebook.com\/psol50\",\"https:\/\/x.com\/psol50\",\"https:\/\/www.instagram.com\/psol50\/\",\"https:\/\/www.youtube.com\/channel\/UC7SnJS5o1os7a6CaiNabzcg\"]},{\"@type\":\"Person\",\"@id\":\"https:\/\/psol50.org.br\/#\/schema\/person\/475dfa57d0b815993c714c2e96491fcd\",\"name\":\"Comunica\u00e7\u00e3o PSOL\",\"image\":{\"@type\":\"ImageObject\",\"inLanguage\":\"pt-BR\",\"@id\":\"https:\/\/psol50.org.br\/#\/schema\/person\/image\/\",\"url\":\"https:\/\/secure.gravatar.com\/avatar\/b34fc4f4e468a4e51785917065a3db57b841f5c95dba6ad8c73aaf8f66f8f9bf?s=96&d=mm&r=g\",\"contentUrl\":\"https:\/\/secure.gravatar.com\/avatar\/b34fc4f4e468a4e51785917065a3db57b841f5c95dba6ad8c73aaf8f66f8f9bf?s=96&d=mm&r=g\",\"caption\":\"Comunica\u00e7\u00e3o PSOL\"}}]}<\/script>\n<!-- \/ Yoast SEO plugin. -->","yoast_head_json":{"title":"8 de mar\u00e7o: D\u00e9cadas de luta feminista - PSOL 50","robots":{"index":"index","follow":"follow","max-snippet":"max-snippet:-1","max-image-preview":"max-image-preview:large","max-video-preview":"max-video-preview:-1"},"canonical":"https:\/\/psol50.org.br\/8-de-marco-decadas-de-luta-feminista\/","og_locale":"pt_BR","og_type":"article","og_title":"8 de mar\u00e7o: D\u00e9cadas de luta feminista - PSOL 50","og_description":"As primeiras comemora\u00e7\u00f5es voltadas unicamente \u00e0 luta das mulheres datam do come\u00e7o do s\u00e9culo passado. Nos Estados Unidos, o \u201cWomen&#8217;s Day\u201d, organizado pelas socialistas e dedicado \u00e0 luta pelo direito ao voto remonta a 1908. Em 1910, durante a Confer\u00eancia das Mulheres Socialistas realizada na Dinamarca, a revolucion\u00e1ria alem\u00e3 Clara Zetkin levou a proposta de [&hellip;]","og_url":"https:\/\/psol50.org.br\/8-de-marco-decadas-de-luta-feminista\/","og_site_name":"PSOL 50","article_publisher":"https:\/\/www.facebook.com\/psol50","article_published_time":"2015-03-09T04:11:48+00:00","og_image":[{"width":1350,"height":900,"url":"https:\/\/psol50.org.br\/inc\/uploads\/2018\/07\/capa.png","type":"image\/png"}],"author":"Comunica\u00e7\u00e3o PSOL","twitter_card":"summary_large_image","twitter_creator":"@psol50","twitter_site":"@psol50","twitter_misc":{"Escrito por":"Comunica\u00e7\u00e3o PSOL","Est. tempo de leitura":"7 minutos"},"schema":{"@context":"https:\/\/schema.org","@graph":[{"@type":"Article","@id":"https:\/\/psol50.org.br\/8-de-marco-decadas-de-luta-feminista\/#article","isPartOf":{"@id":"https:\/\/psol50.org.br\/8-de-marco-decadas-de-luta-feminista\/"},"author":{"name":"Comunica\u00e7\u00e3o PSOL","@id":"https:\/\/psol50.org.br\/#\/schema\/person\/475dfa57d0b815993c714c2e96491fcd"},"headline":"8 de mar\u00e7o: D\u00e9cadas de luta feminista","datePublished":"2015-03-09T04:11:48+00:00","mainEntityOfPage":{"@id":"https:\/\/psol50.org.br\/8-de-marco-decadas-de-luta-feminista\/"},"wordCount":1428,"commentCount":0,"publisher":{"@id":"https:\/\/psol50.org.br\/#organization"},"keywords":["8 de mar\u00e7o","Carolina Peters","feminismo","mulheres"],"articleSection":["Artigos","Movimento"],"inLanguage":"pt-BR","potentialAction":[{"@type":"CommentAction","name":"Comment","target":["https:\/\/psol50.org.br\/8-de-marco-decadas-de-luta-feminista\/#respond"]}]},{"@type":"WebPage","@id":"https:\/\/psol50.org.br\/8-de-marco-decadas-de-luta-feminista\/","url":"https:\/\/psol50.org.br\/8-de-marco-decadas-de-luta-feminista\/","name":"8 de mar\u00e7o: D\u00e9cadas de luta feminista - PSOL 50","isPartOf":{"@id":"https:\/\/psol50.org.br\/#website"},"datePublished":"2015-03-09T04:11:48+00:00","breadcrumb":{"@id":"https:\/\/psol50.org.br\/8-de-marco-decadas-de-luta-feminista\/#breadcrumb"},"inLanguage":"pt-BR","potentialAction":[{"@type":"ReadAction","target":["https:\/\/psol50.org.br\/8-de-marco-decadas-de-luta-feminista\/"]}]},{"@type":"BreadcrumbList","@id":"https:\/\/psol50.org.br\/8-de-marco-decadas-de-luta-feminista\/#breadcrumb","itemListElement":[{"@type":"ListItem","position":1,"name":"In\u00edcio","item":"https:\/\/psol50.org.br\/"},{"@type":"ListItem","position":2,"name":"8 de mar\u00e7o: D\u00e9cadas de luta feminista"}]},{"@type":"WebSite","@id":"https:\/\/psol50.org.br\/#website","url":"https:\/\/psol50.org.br\/","name":"PSOL 50","description":"Site oficial do Partido Socialismo e Liberdade","publisher":{"@id":"https:\/\/psol50.org.br\/#organization"},"alternateName":"PSOL50","potentialAction":[{"@type":"SearchAction","target":{"@type":"EntryPoint","urlTemplate":"https:\/\/psol50.org.br\/?s={search_term_string}"},"query-input":{"@type":"PropertyValueSpecification","valueRequired":true,"valueName":"search_term_string"}}],"inLanguage":"pt-BR"},{"@type":"Organization","@id":"https:\/\/psol50.org.br\/#organization","name":"PSOL 50","alternateName":"PSOL 50","url":"https:\/\/psol50.org.br\/","logo":{"@type":"ImageObject","inLanguage":"pt-BR","@id":"https:\/\/psol50.org.br\/#\/schema\/logo\/image\/","url":"https:\/\/psol50.org.br\/inc\/uploads\/2018\/07\/capa.png","contentUrl":"https:\/\/psol50.org.br\/inc\/uploads\/2018\/07\/capa.png","width":1350,"height":900,"caption":"PSOL 50"},"image":{"@id":"https:\/\/psol50.org.br\/#\/schema\/logo\/image\/"},"sameAs":["https:\/\/www.facebook.com\/psol50","https:\/\/x.com\/psol50","https:\/\/www.instagram.com\/psol50\/","https:\/\/www.youtube.com\/channel\/UC7SnJS5o1os7a6CaiNabzcg"]},{"@type":"Person","@id":"https:\/\/psol50.org.br\/#\/schema\/person\/475dfa57d0b815993c714c2e96491fcd","name":"Comunica\u00e7\u00e3o PSOL","image":{"@type":"ImageObject","inLanguage":"pt-BR","@id":"https:\/\/psol50.org.br\/#\/schema\/person\/image\/","url":"https:\/\/secure.gravatar.com\/avatar\/b34fc4f4e468a4e51785917065a3db57b841f5c95dba6ad8c73aaf8f66f8f9bf?s=96&d=mm&r=g","contentUrl":"https:\/\/secure.gravatar.com\/avatar\/b34fc4f4e468a4e51785917065a3db57b841f5c95dba6ad8c73aaf8f66f8f9bf?s=96&d=mm&r=g","caption":"Comunica\u00e7\u00e3o PSOL"}}]}},"_links":{"self":[{"href":"https:\/\/psol50.org.br\/rest\/wp\/v2\/posts\/4353","targetHints":{"allow":["GET"]}}],"collection":[{"href":"https:\/\/psol50.org.br\/rest\/wp\/v2\/posts"}],"about":[{"href":"https:\/\/psol50.org.br\/rest\/wp\/v2\/types\/post"}],"author":[{"embeddable":true,"href":"https:\/\/psol50.org.br\/rest\/wp\/v2\/users\/2"}],"replies":[{"embeddable":true,"href":"https:\/\/psol50.org.br\/rest\/wp\/v2\/comments?post=4353"}],"version-history":[{"count":0,"href":"https:\/\/psol50.org.br\/rest\/wp\/v2\/posts\/4353\/revisions"}],"wp:attachment":[{"href":"https:\/\/psol50.org.br\/rest\/wp\/v2\/media?parent=4353"}],"wp:term":[{"taxonomy":"category","embeddable":true,"href":"https:\/\/psol50.org.br\/rest\/wp\/v2\/categories?post=4353"},{"taxonomy":"post_tag","embeddable":true,"href":"https:\/\/psol50.org.br\/rest\/wp\/v2\/tags?post=4353"}],"curies":[{"name":"wp","href":"https:\/\/api.w.org\/{rel}","templated":true}]}}