{"id":4356,"date":"2015-02-24T04:14:06","date_gmt":"2015-02-24T04:14:06","guid":{"rendered":"http:\/\/179.190.55.146\/~psol5185\/?p=4356"},"modified":"2015-02-24T04:14:06","modified_gmt":"2015-02-24T04:14:06","slug":"entre-o-direito-ao-voto-e-a-conquista-do-espaco-publico","status":"publish","type":"post","link":"https:\/\/psol50.org.br\/entre-o-direito-ao-voto-e-a-conquista-do-espaco-publico\/","title":{"rendered":"Entre o direito ao voto e a conquista do espa\u00e7o p\u00fablico"},"content":{"rendered":"<div id=\"blocoDadosPrint\"><span id=\"Data\" class=\"dataPrint\"><\/span>H\u00e1 83 anos, em 24 de fevereiro de 1932, ap\u00f3s intensa campanha nacional, as mulheres brasileiras conquistaram o direito a votar e serem votadas. Verdade seja dita, parte das brasileiras: aquelas que contavam com a coniv\u00eancia do marido para votar, as vi\u00favas e as solteiras que comprovassem renda pr\u00f3pria m\u00ednima.<br \/>\nA extens\u00e3o do direito a todas as mulheres se deu dois anos depois, em 1934, por\u00e9m seu exerc\u00edcio manteve-se facultativo at\u00e9 1946. Ali\u00e1s, quando dizemos \u201ctodas\u201d, queremos dizer todas dentre a reduzida parcela letrada da popula\u00e7\u00e3o. Analfabetas e analfabetos somente conquistaram o direito ao voto em 1985 atrav\u00e9s de emenda constitucional, posteriormente assegurado pela constitui\u00e7\u00e3o de 1988.<br \/>\nH\u00e1 mais de dez anos as mulheres passaram a configurar maioria do eleitorado. \u00c9 uma mulher quem ocupa hoje o posto mais alto da Rep\u00fablica, a presid\u00eancia. Por\u00e9m, entre esses dados e a ocupa\u00e7\u00e3o real dos espa\u00e7os pol\u00edticos pelas mulheres brasileiras, em p\u00e9 de igualdade com os homens, h\u00e1 um abismo gigantesco.<br \/>\nAlguns dispositivos foram desenvolvidos para buscar superar a sub-representa\u00e7\u00e3o pol\u00edtica das mulheres, como a lei 9.504\/1997, que prev\u00ea reserva m\u00ednima de 30% das vagas para mulheres nas chapas proporcionais. Nas elei\u00e7\u00f5es de 2014, primeiras nas quais as cotas foram cumpridas, registrou-se um aumento t\u00edmido da bancada feminina na C\u00e2mara, passando de 45 para 51 deputadas federais, o que nos eleva ao modesto patamar de 10% desta casa.<br \/>\nA presen\u00e7a pontual de mulheres em altos cargos nem de longe caracteriza o acesso sistem\u00e1tico das mulheres aos espa\u00e7os de poder. Sobretudo quando as ocupantes de tal cargo n\u00e3o se comprometem com a defesa da autonomia e liberdade das mulheres, promovendo cortes or\u00e7ament\u00e1rios em \u00e1reas sociais, travando pautas hist\u00f3ricas do movimento feminista, como a legaliza\u00e7\u00e3o do aborto e demais direitos sexuais e reprodutivos.<br \/>\nO que buscamos n\u00e3o \u00e9 um s\u00edmbolo para dizer que podemos eventualmente chegar l\u00e1, mas romper com a condi\u00e7\u00e3o de opress\u00e3o. Como pensar em aumentar a representa\u00e7\u00e3o institucional das mulheres brasileiras sem promover mudan\u00e7as profundas no nosso sistema pol\u00edtico? Como chegar \u00e0 paridade sem privilegiar o voto ideol\u00f3gico, em lista, com altern\u00e2ncia de g\u00eanero? Ou sem impedir que interesses de grupos econ\u00f4micos (inclusive aqueles que se escondem sob a f\u00e9), atrav\u00e9s do financiamento privado de campanha, dominem o cen\u00e1rio pol\u00edtico?<br \/>\nPara al\u00e9m dos cargos eletivos e da pol\u00edtica institucional, assegurar o direito \u00e0 livre manifesta\u00e7\u00e3o \u00e9 imprescind\u00edvel. As mulheres, que fomos maioria nas ruas durante as grandes manifesta\u00e7\u00f5es de junho de 2013, se tornaram vis\u00edvel minoria no ano seguinte, quando os atos contra as arbitrariedades da Fifa e gastos com a Copa foram duramente reprimidas em todo o pa\u00eds. Os diversos relatos de abordagem policial machista e a ofensiva contra os manifestantes afastam das ruas principalmente aquelas que n\u00e3o s\u00e3o socializadas ao longo da vida para os espa\u00e7os p\u00fablicos.<br \/>\nMas n\u00e3o v\u00e3o nos deter. Nossa luta coletiva por espa\u00e7o pol\u00edtico, por voz, por ocupar cargos p\u00fablicos, dire\u00e7\u00f5es de partidos, sindicatos, movimentos, continua todos os dias.\n<\/div>\n<div class=\"txtPrint\"><span id=\"Texto\">\u00a0<\/span><\/div>\n","protected":false},"excerpt":{"rendered":"<p>H\u00e1 83 anos, em 24 de fevereiro de 1932, ap\u00f3s intensa campanha nacional, as mulheres brasileiras conquistaram o direito a votar e serem votadas. Verdade seja dita, parte das brasileiras: aquelas que contavam com a coniv\u00eancia do marido para votar, as vi\u00favas e as solteiras que comprovassem renda pr\u00f3pria m\u00ednima. A extens\u00e3o do direito a [&hellip;]<\/p>\n","protected":false},"author":2,"featured_media":0,"comment_status":"open","ping_status":"open","sticky":false,"template":"","format":"standard","meta":{"_acf_changed":false,"footnotes":""},"categories":[3],"tags":[294,2943,30,4],"class_list":{"0":"post-4356","1":"post","2":"type-post","3":"status-publish","4":"format-standard","6":"category-artigos-e-entrevistas","7":"tag-8-de-marco","8":"tag-carolina-peters","9":"tag-feminismo","10":"tag-mulheres"},"acf":[],"yoast_head":"<!-- This site is optimized with the Yoast SEO plugin v26.5 - https:\/\/yoast.com\/wordpress\/plugins\/seo\/ -->\n<title>Entre o direito ao voto e a conquista do espa\u00e7o p\u00fablico - PSOL 50<\/title>\n<meta name=\"robots\" content=\"index, follow, max-snippet:-1, max-image-preview:large, max-video-preview:-1\" \/>\n<link rel=\"canonical\" href=\"https:\/\/psol50.org.br\/entre-o-direito-ao-voto-e-a-conquista-do-espaco-publico\/\" \/>\n<meta property=\"og:locale\" content=\"pt_BR\" \/>\n<meta property=\"og:type\" content=\"article\" \/>\n<meta property=\"og:title\" content=\"Entre o direito ao voto e a conquista do espa\u00e7o p\u00fablico - PSOL 50\" \/>\n<meta property=\"og:description\" content=\"H\u00e1 83 anos, em 24 de fevereiro de 1932, ap\u00f3s intensa campanha nacional, as mulheres brasileiras conquistaram o direito a votar e serem votadas. Verdade seja dita, parte das brasileiras: aquelas que contavam com a coniv\u00eancia do marido para votar, as vi\u00favas e as solteiras que comprovassem renda pr\u00f3pria m\u00ednima. A extens\u00e3o do direito a [&hellip;]\" \/>\n<meta property=\"og:url\" content=\"https:\/\/psol50.org.br\/entre-o-direito-ao-voto-e-a-conquista-do-espaco-publico\/\" \/>\n<meta property=\"og:site_name\" content=\"PSOL 50\" \/>\n<meta property=\"article:publisher\" content=\"https:\/\/www.facebook.com\/psol50\" \/>\n<meta property=\"article:published_time\" content=\"2015-02-24T04:14:06+00:00\" \/>\n<meta property=\"og:image\" content=\"https:\/\/psol50.org.br\/inc\/uploads\/2018\/07\/capa.png\" \/>\n\t<meta property=\"og:image:width\" content=\"1350\" \/>\n\t<meta property=\"og:image:height\" content=\"900\" \/>\n\t<meta property=\"og:image:type\" content=\"image\/png\" \/>\n<meta name=\"author\" content=\"Comunica\u00e7\u00e3o PSOL\" \/>\n<meta name=\"twitter:card\" content=\"summary_large_image\" \/>\n<meta name=\"twitter:creator\" content=\"@psol50\" \/>\n<meta name=\"twitter:site\" content=\"@psol50\" \/>\n<meta name=\"twitter:label1\" content=\"Escrito por\" \/>\n\t<meta name=\"twitter:data1\" content=\"Comunica\u00e7\u00e3o PSOL\" \/>\n\t<meta name=\"twitter:label2\" content=\"Est. tempo de leitura\" \/>\n\t<meta name=\"twitter:data2\" content=\"3 minutos\" \/>\n<script type=\"application\/ld+json\" class=\"yoast-schema-graph\">{\"@context\":\"https:\/\/schema.org\",\"@graph\":[{\"@type\":\"Article\",\"@id\":\"https:\/\/psol50.org.br\/entre-o-direito-ao-voto-e-a-conquista-do-espaco-publico\/#article\",\"isPartOf\":{\"@id\":\"https:\/\/psol50.org.br\/entre-o-direito-ao-voto-e-a-conquista-do-espaco-publico\/\"},\"author\":{\"name\":\"Comunica\u00e7\u00e3o PSOL\",\"@id\":\"https:\/\/psol50.org.br\/#\/schema\/person\/475dfa57d0b815993c714c2e96491fcd\"},\"headline\":\"Entre o direito ao voto e a conquista do espa\u00e7o p\u00fablico\",\"datePublished\":\"2015-02-24T04:14:06+00:00\",\"mainEntityOfPage\":{\"@id\":\"https:\/\/psol50.org.br\/entre-o-direito-ao-voto-e-a-conquista-do-espaco-publico\/\"},\"wordCount\":541,\"commentCount\":0,\"publisher\":{\"@id\":\"https:\/\/psol50.org.br\/#organization\"},\"keywords\":[\"8 de mar\u00e7o\",\"Carolina Peters\",\"feminismo\",\"mulheres\"],\"articleSection\":[\"Artigos\"],\"inLanguage\":\"pt-BR\",\"potentialAction\":[{\"@type\":\"CommentAction\",\"name\":\"Comment\",\"target\":[\"https:\/\/psol50.org.br\/entre-o-direito-ao-voto-e-a-conquista-do-espaco-publico\/#respond\"]}]},{\"@type\":\"WebPage\",\"@id\":\"https:\/\/psol50.org.br\/entre-o-direito-ao-voto-e-a-conquista-do-espaco-publico\/\",\"url\":\"https:\/\/psol50.org.br\/entre-o-direito-ao-voto-e-a-conquista-do-espaco-publico\/\",\"name\":\"Entre o direito ao voto e a conquista do espa\u00e7o p\u00fablico - PSOL 50\",\"isPartOf\":{\"@id\":\"https:\/\/psol50.org.br\/#website\"},\"datePublished\":\"2015-02-24T04:14:06+00:00\",\"breadcrumb\":{\"@id\":\"https:\/\/psol50.org.br\/entre-o-direito-ao-voto-e-a-conquista-do-espaco-publico\/#breadcrumb\"},\"inLanguage\":\"pt-BR\",\"potentialAction\":[{\"@type\":\"ReadAction\",\"target\":[\"https:\/\/psol50.org.br\/entre-o-direito-ao-voto-e-a-conquista-do-espaco-publico\/\"]}]},{\"@type\":\"BreadcrumbList\",\"@id\":\"https:\/\/psol50.org.br\/entre-o-direito-ao-voto-e-a-conquista-do-espaco-publico\/#breadcrumb\",\"itemListElement\":[{\"@type\":\"ListItem\",\"position\":1,\"name\":\"In\u00edcio\",\"item\":\"https:\/\/psol50.org.br\/\"},{\"@type\":\"ListItem\",\"position\":2,\"name\":\"Entre o direito ao voto e a conquista do espa\u00e7o p\u00fablico\"}]},{\"@type\":\"WebSite\",\"@id\":\"https:\/\/psol50.org.br\/#website\",\"url\":\"https:\/\/psol50.org.br\/\",\"name\":\"PSOL 50\",\"description\":\"Site oficial do Partido Socialismo e Liberdade\",\"publisher\":{\"@id\":\"https:\/\/psol50.org.br\/#organization\"},\"alternateName\":\"PSOL50\",\"potentialAction\":[{\"@type\":\"SearchAction\",\"target\":{\"@type\":\"EntryPoint\",\"urlTemplate\":\"https:\/\/psol50.org.br\/?s={search_term_string}\"},\"query-input\":{\"@type\":\"PropertyValueSpecification\",\"valueRequired\":true,\"valueName\":\"search_term_string\"}}],\"inLanguage\":\"pt-BR\"},{\"@type\":\"Organization\",\"@id\":\"https:\/\/psol50.org.br\/#organization\",\"name\":\"PSOL 50\",\"alternateName\":\"PSOL 50\",\"url\":\"https:\/\/psol50.org.br\/\",\"logo\":{\"@type\":\"ImageObject\",\"inLanguage\":\"pt-BR\",\"@id\":\"https:\/\/psol50.org.br\/#\/schema\/logo\/image\/\",\"url\":\"https:\/\/psol50.org.br\/inc\/uploads\/2018\/07\/capa.png\",\"contentUrl\":\"https:\/\/psol50.org.br\/inc\/uploads\/2018\/07\/capa.png\",\"width\":1350,\"height\":900,\"caption\":\"PSOL 50\"},\"image\":{\"@id\":\"https:\/\/psol50.org.br\/#\/schema\/logo\/image\/\"},\"sameAs\":[\"https:\/\/www.facebook.com\/psol50\",\"https:\/\/x.com\/psol50\",\"https:\/\/www.instagram.com\/psol50\/\",\"https:\/\/www.youtube.com\/channel\/UC7SnJS5o1os7a6CaiNabzcg\"]},{\"@type\":\"Person\",\"@id\":\"https:\/\/psol50.org.br\/#\/schema\/person\/475dfa57d0b815993c714c2e96491fcd\",\"name\":\"Comunica\u00e7\u00e3o PSOL\",\"image\":{\"@type\":\"ImageObject\",\"inLanguage\":\"pt-BR\",\"@id\":\"https:\/\/psol50.org.br\/#\/schema\/person\/image\/\",\"url\":\"https:\/\/secure.gravatar.com\/avatar\/b34fc4f4e468a4e51785917065a3db57b841f5c95dba6ad8c73aaf8f66f8f9bf?s=96&d=mm&r=g\",\"contentUrl\":\"https:\/\/secure.gravatar.com\/avatar\/b34fc4f4e468a4e51785917065a3db57b841f5c95dba6ad8c73aaf8f66f8f9bf?s=96&d=mm&r=g\",\"caption\":\"Comunica\u00e7\u00e3o PSOL\"}}]}<\/script>\n<!-- \/ Yoast SEO plugin. -->","yoast_head_json":{"title":"Entre o direito ao voto e a conquista do espa\u00e7o p\u00fablico - PSOL 50","robots":{"index":"index","follow":"follow","max-snippet":"max-snippet:-1","max-image-preview":"max-image-preview:large","max-video-preview":"max-video-preview:-1"},"canonical":"https:\/\/psol50.org.br\/entre-o-direito-ao-voto-e-a-conquista-do-espaco-publico\/","og_locale":"pt_BR","og_type":"article","og_title":"Entre o direito ao voto e a conquista do espa\u00e7o p\u00fablico - PSOL 50","og_description":"H\u00e1 83 anos, em 24 de fevereiro de 1932, ap\u00f3s intensa campanha nacional, as mulheres brasileiras conquistaram o direito a votar e serem votadas. Verdade seja dita, parte das brasileiras: aquelas que contavam com a coniv\u00eancia do marido para votar, as vi\u00favas e as solteiras que comprovassem renda pr\u00f3pria m\u00ednima. A extens\u00e3o do direito a [&hellip;]","og_url":"https:\/\/psol50.org.br\/entre-o-direito-ao-voto-e-a-conquista-do-espaco-publico\/","og_site_name":"PSOL 50","article_publisher":"https:\/\/www.facebook.com\/psol50","article_published_time":"2015-02-24T04:14:06+00:00","og_image":[{"width":1350,"height":900,"url":"https:\/\/psol50.org.br\/inc\/uploads\/2018\/07\/capa.png","type":"image\/png"}],"author":"Comunica\u00e7\u00e3o PSOL","twitter_card":"summary_large_image","twitter_creator":"@psol50","twitter_site":"@psol50","twitter_misc":{"Escrito por":"Comunica\u00e7\u00e3o PSOL","Est. tempo de leitura":"3 minutos"},"schema":{"@context":"https:\/\/schema.org","@graph":[{"@type":"Article","@id":"https:\/\/psol50.org.br\/entre-o-direito-ao-voto-e-a-conquista-do-espaco-publico\/#article","isPartOf":{"@id":"https:\/\/psol50.org.br\/entre-o-direito-ao-voto-e-a-conquista-do-espaco-publico\/"},"author":{"name":"Comunica\u00e7\u00e3o PSOL","@id":"https:\/\/psol50.org.br\/#\/schema\/person\/475dfa57d0b815993c714c2e96491fcd"},"headline":"Entre o direito ao voto e a conquista do espa\u00e7o p\u00fablico","datePublished":"2015-02-24T04:14:06+00:00","mainEntityOfPage":{"@id":"https:\/\/psol50.org.br\/entre-o-direito-ao-voto-e-a-conquista-do-espaco-publico\/"},"wordCount":541,"commentCount":0,"publisher":{"@id":"https:\/\/psol50.org.br\/#organization"},"keywords":["8 de mar\u00e7o","Carolina Peters","feminismo","mulheres"],"articleSection":["Artigos"],"inLanguage":"pt-BR","potentialAction":[{"@type":"CommentAction","name":"Comment","target":["https:\/\/psol50.org.br\/entre-o-direito-ao-voto-e-a-conquista-do-espaco-publico\/#respond"]}]},{"@type":"WebPage","@id":"https:\/\/psol50.org.br\/entre-o-direito-ao-voto-e-a-conquista-do-espaco-publico\/","url":"https:\/\/psol50.org.br\/entre-o-direito-ao-voto-e-a-conquista-do-espaco-publico\/","name":"Entre o direito ao voto e a conquista do espa\u00e7o p\u00fablico - PSOL 50","isPartOf":{"@id":"https:\/\/psol50.org.br\/#website"},"datePublished":"2015-02-24T04:14:06+00:00","breadcrumb":{"@id":"https:\/\/psol50.org.br\/entre-o-direito-ao-voto-e-a-conquista-do-espaco-publico\/#breadcrumb"},"inLanguage":"pt-BR","potentialAction":[{"@type":"ReadAction","target":["https:\/\/psol50.org.br\/entre-o-direito-ao-voto-e-a-conquista-do-espaco-publico\/"]}]},{"@type":"BreadcrumbList","@id":"https:\/\/psol50.org.br\/entre-o-direito-ao-voto-e-a-conquista-do-espaco-publico\/#breadcrumb","itemListElement":[{"@type":"ListItem","position":1,"name":"In\u00edcio","item":"https:\/\/psol50.org.br\/"},{"@type":"ListItem","position":2,"name":"Entre o direito ao voto e a conquista do espa\u00e7o p\u00fablico"}]},{"@type":"WebSite","@id":"https:\/\/psol50.org.br\/#website","url":"https:\/\/psol50.org.br\/","name":"PSOL 50","description":"Site oficial do Partido Socialismo e Liberdade","publisher":{"@id":"https:\/\/psol50.org.br\/#organization"},"alternateName":"PSOL50","potentialAction":[{"@type":"SearchAction","target":{"@type":"EntryPoint","urlTemplate":"https:\/\/psol50.org.br\/?s={search_term_string}"},"query-input":{"@type":"PropertyValueSpecification","valueRequired":true,"valueName":"search_term_string"}}],"inLanguage":"pt-BR"},{"@type":"Organization","@id":"https:\/\/psol50.org.br\/#organization","name":"PSOL 50","alternateName":"PSOL 50","url":"https:\/\/psol50.org.br\/","logo":{"@type":"ImageObject","inLanguage":"pt-BR","@id":"https:\/\/psol50.org.br\/#\/schema\/logo\/image\/","url":"https:\/\/psol50.org.br\/inc\/uploads\/2018\/07\/capa.png","contentUrl":"https:\/\/psol50.org.br\/inc\/uploads\/2018\/07\/capa.png","width":1350,"height":900,"caption":"PSOL 50"},"image":{"@id":"https:\/\/psol50.org.br\/#\/schema\/logo\/image\/"},"sameAs":["https:\/\/www.facebook.com\/psol50","https:\/\/x.com\/psol50","https:\/\/www.instagram.com\/psol50\/","https:\/\/www.youtube.com\/channel\/UC7SnJS5o1os7a6CaiNabzcg"]},{"@type":"Person","@id":"https:\/\/psol50.org.br\/#\/schema\/person\/475dfa57d0b815993c714c2e96491fcd","name":"Comunica\u00e7\u00e3o PSOL","image":{"@type":"ImageObject","inLanguage":"pt-BR","@id":"https:\/\/psol50.org.br\/#\/schema\/person\/image\/","url":"https:\/\/secure.gravatar.com\/avatar\/b34fc4f4e468a4e51785917065a3db57b841f5c95dba6ad8c73aaf8f66f8f9bf?s=96&d=mm&r=g","contentUrl":"https:\/\/secure.gravatar.com\/avatar\/b34fc4f4e468a4e51785917065a3db57b841f5c95dba6ad8c73aaf8f66f8f9bf?s=96&d=mm&r=g","caption":"Comunica\u00e7\u00e3o PSOL"}}]}},"_links":{"self":[{"href":"https:\/\/psol50.org.br\/rest\/wp\/v2\/posts\/4356","targetHints":{"allow":["GET"]}}],"collection":[{"href":"https:\/\/psol50.org.br\/rest\/wp\/v2\/posts"}],"about":[{"href":"https:\/\/psol50.org.br\/rest\/wp\/v2\/types\/post"}],"author":[{"embeddable":true,"href":"https:\/\/psol50.org.br\/rest\/wp\/v2\/users\/2"}],"replies":[{"embeddable":true,"href":"https:\/\/psol50.org.br\/rest\/wp\/v2\/comments?post=4356"}],"version-history":[{"count":0,"href":"https:\/\/psol50.org.br\/rest\/wp\/v2\/posts\/4356\/revisions"}],"wp:attachment":[{"href":"https:\/\/psol50.org.br\/rest\/wp\/v2\/media?parent=4356"}],"wp:term":[{"taxonomy":"category","embeddable":true,"href":"https:\/\/psol50.org.br\/rest\/wp\/v2\/categories?post=4356"},{"taxonomy":"post_tag","embeddable":true,"href":"https:\/\/psol50.org.br\/rest\/wp\/v2\/tags?post=4356"}],"curies":[{"name":"wp","href":"https:\/\/api.w.org\/{rel}","templated":true}]}}