{"id":4358,"date":"2014-11-25T04:16:26","date_gmt":"2014-11-25T04:16:26","guid":{"rendered":"http:\/\/179.190.55.146\/~psol5185\/?p=4358"},"modified":"2014-11-25T04:16:26","modified_gmt":"2014-11-25T04:16:26","slug":"25-de-novembro-espaco-para-convergir-agendas","status":"publish","type":"post","link":"https:\/\/psol50.org.br\/25-de-novembro-espaco-para-convergir-agendas\/","title":{"rendered":"25 de novembro: espa\u00e7o para convergir agendas"},"content":{"rendered":"<div id=\"blocoDadosPrint\"><span id=\"Data\" class=\"dataPrint\"><\/span>A cada doze segundos uma mulher \u00e9 violentada no Brasil. \u00c9 o tempo de ler esta frase.<\/p>\n<p>Uma desconhecida, uma amiga, eu ou voc\u00ea. Mais uma de n\u00f3s.<\/p>\n<p>Em um ranking de 84 pa\u00edses, apresentamos a s\u00e9tima maior taxa de femic\u00eddios: o assassinato de mulheres por raz\u00f5es de g\u00eanero, muitas vezes levados a cabo por seus pr\u00f3prios companheiros. Por aqui, ainda se fala em \u201ccrimes passionais\u201d, uma triste alus\u00e3o \u00e0s no\u00e7\u00f5es de afeto e hist\u00f3rias de \u201camor\u201d ainda hegem\u00f4nicas em nossa sociedade, e que formam meninas para a depend\u00eancia emocional e econ\u00f4mica, a submiss\u00e3o, o medo.<\/p>\n<p>Engana-se quem pensa que agressores de mulheres sejam monstros ou seres de outro planeta. Passam despercebidos nas ruas, alguns jogam futebol aos domingos e, eventualmente, \u00e9 at\u00e9 aquele seu amigo muito af\u00e1vel, que nunca imaginaria que bate na mulher. Mas bate.<\/p>\n<p>Parece uma contradi\u00e7\u00e3o gigantesca que um quase consenso na sociedade seja t\u00e3o pr\u00f3ximo e corriqueiro. N\u00e3o \u00e9 preciso ser de esquerda para se incomodar e repudiar a viol\u00eancia f\u00edsica contra as mulheres. At\u00e9 o Banco Mundial endossa campanhas publicit\u00e1rias de grande alcance sobre o tema. Ali\u00e1s, \u00e9 not\u00f3rio que a viol\u00eancia dom\u00e9stica seja um dos principais motivos de afastamento das mulheres de seu ambiente de trabalho.<\/p>\n<p>Mas o significado do 25 de novembro \u00e9 maior do que a reivindica\u00e7\u00e3o estrita de nossa integridade f\u00edsica e emocional. Lutar por uma vida sem viol\u00eancia \u00e9 lutar pelo nosso direito de existir enquanto seres aut\u00f4nomos. Por isso, ao redor do globo, sa\u00edmos \u00e0s ruas para afirmar que somos donas de nosso pr\u00f3prio destino e capazes de escrever nossas hist\u00f3rias.<\/p>\n<p>A afirma\u00e7\u00e3o de que \u201co pessoal \u00e9 pol\u00edtico\u201d \u00e9 possivelmente o grande trunfo do feminismo e contribui\u00e7\u00e3o fundamental dos movimentos de mulheres latino-americanos \u00e0 cr\u00edtica do modelo de democracia liberal. Pautar a viol\u00eancia dom\u00e9stica e o controle sobre a vida e a sexualidade das mulheres como problemas coletivos e n\u00e3o individuais, de ordem pol\u00edtica, \u00e9 demonstrar como o contrato social que permite as liberdades p\u00fablicas para uns necessita da submiss\u00e3o de outras no espa\u00e7o privado.<\/p>\n<p>Dentro de um sistema onde o exerc\u00edcio da cidadania depende da autonomia individual, quem \u00e9 privada (ou privado) dos espa\u00e7os de poder e direitos sociais est\u00e1 sempre alguns passos atr\u00e1s.<\/p>\n<p>Como pensar em democracia pol\u00edtica sem inclus\u00e3o social? Sem amplia\u00e7\u00e3o de direitos? E indo um pouco mais al\u00e9m, como pensar em ativismo pol\u00edtico sem que metade da classe trabalhadora se reconhe\u00e7a enquanto indiv\u00edduo e sujeito pol\u00edtico?<\/p>\n<p>Chegando ao fim do primeiro mandato da primeira mulher presidenta do Brasil; passados 50 anos do golpe que instaurou a ditadura civil-militar no Brasil, ainda damos passos t\u00edmidos rumo \u00e0 democracia e \u00e0 igualdade entre os g\u00eaneros.<\/p>\n<p>Que o 25 de novembro seja tamb\u00e9m uma data para que as esquerdas reflitam sobre o lugar da pauta das mulheres na agenda pol\u00edtica e sobre a impossibilidade de avan\u00e7o de qualquer luta sem o engajamento militante das mulheres.<\/p><\/div>\n<div class=\"txtPrint\"><span id=\"Texto\">\u00a0<\/span><\/div>\n","protected":false},"excerpt":{"rendered":"<p>A cada doze segundos uma mulher \u00e9 violentada no Brasil. \u00c9 o tempo de ler esta frase. Uma desconhecida, uma amiga, eu ou voc\u00ea. Mais uma de n\u00f3s. Em um ranking de 84 pa\u00edses, apresentamos a s\u00e9tima maior taxa de femic\u00eddios: o assassinato de mulheres por raz\u00f5es de g\u00eanero, muitas vezes levados a cabo por [&hellip;]<\/p>\n","protected":false},"author":2,"featured_media":0,"comment_status":"open","ping_status":"open","sticky":false,"template":"","format":"standard","meta":{"_acf_changed":false,"footnotes":""},"categories":[3],"tags":[294,2943,30,4],"class_list":{"0":"post-4358","1":"post","2":"type-post","3":"status-publish","4":"format-standard","6":"category-artigos-e-entrevistas","7":"tag-8-de-marco","8":"tag-carolina-peters","9":"tag-feminismo","10":"tag-mulheres"},"acf":[],"yoast_head":"<!-- This site is optimized with the Yoast SEO plugin v26.5 - https:\/\/yoast.com\/wordpress\/plugins\/seo\/ -->\n<title>25 de novembro: espa\u00e7o para convergir agendas - PSOL 50<\/title>\n<meta name=\"robots\" content=\"index, follow, max-snippet:-1, max-image-preview:large, max-video-preview:-1\" \/>\n<link rel=\"canonical\" href=\"https:\/\/psol50.org.br\/25-de-novembro-espaco-para-convergir-agendas\/\" \/>\n<meta property=\"og:locale\" content=\"pt_BR\" \/>\n<meta property=\"og:type\" content=\"article\" \/>\n<meta property=\"og:title\" content=\"25 de novembro: espa\u00e7o para convergir agendas - PSOL 50\" \/>\n<meta property=\"og:description\" content=\"A cada doze segundos uma mulher \u00e9 violentada no Brasil. \u00c9 o tempo de ler esta frase. Uma desconhecida, uma amiga, eu ou voc\u00ea. Mais uma de n\u00f3s. Em um ranking de 84 pa\u00edses, apresentamos a s\u00e9tima maior taxa de femic\u00eddios: o assassinato de mulheres por raz\u00f5es de g\u00eanero, muitas vezes levados a cabo por [&hellip;]\" \/>\n<meta property=\"og:url\" content=\"https:\/\/psol50.org.br\/25-de-novembro-espaco-para-convergir-agendas\/\" \/>\n<meta property=\"og:site_name\" content=\"PSOL 50\" \/>\n<meta property=\"article:publisher\" content=\"https:\/\/www.facebook.com\/psol50\" \/>\n<meta property=\"article:published_time\" content=\"2014-11-25T04:16:26+00:00\" \/>\n<meta property=\"og:image\" content=\"https:\/\/psol50.org.br\/inc\/uploads\/2018\/07\/capa.png\" \/>\n\t<meta property=\"og:image:width\" content=\"1350\" \/>\n\t<meta property=\"og:image:height\" content=\"900\" \/>\n\t<meta property=\"og:image:type\" content=\"image\/png\" \/>\n<meta name=\"author\" content=\"Comunica\u00e7\u00e3o PSOL\" \/>\n<meta name=\"twitter:card\" content=\"summary_large_image\" \/>\n<meta name=\"twitter:creator\" content=\"@psol50\" \/>\n<meta name=\"twitter:site\" content=\"@psol50\" \/>\n<meta name=\"twitter:label1\" content=\"Escrito por\" \/>\n\t<meta name=\"twitter:data1\" content=\"Comunica\u00e7\u00e3o PSOL\" \/>\n\t<meta name=\"twitter:label2\" content=\"Est. tempo de leitura\" \/>\n\t<meta name=\"twitter:data2\" content=\"3 minutos\" \/>\n<script type=\"application\/ld+json\" class=\"yoast-schema-graph\">{\"@context\":\"https:\/\/schema.org\",\"@graph\":[{\"@type\":\"Article\",\"@id\":\"https:\/\/psol50.org.br\/25-de-novembro-espaco-para-convergir-agendas\/#article\",\"isPartOf\":{\"@id\":\"https:\/\/psol50.org.br\/25-de-novembro-espaco-para-convergir-agendas\/\"},\"author\":{\"name\":\"Comunica\u00e7\u00e3o PSOL\",\"@id\":\"https:\/\/psol50.org.br\/#\/schema\/person\/475dfa57d0b815993c714c2e96491fcd\"},\"headline\":\"25 de novembro: espa\u00e7o para convergir agendas\",\"datePublished\":\"2014-11-25T04:16:26+00:00\",\"mainEntityOfPage\":{\"@id\":\"https:\/\/psol50.org.br\/25-de-novembro-espaco-para-convergir-agendas\/\"},\"wordCount\":529,\"commentCount\":0,\"publisher\":{\"@id\":\"https:\/\/psol50.org.br\/#organization\"},\"keywords\":[\"8 de mar\u00e7o\",\"Carolina Peters\",\"feminismo\",\"mulheres\"],\"articleSection\":[\"Artigos\"],\"inLanguage\":\"pt-BR\",\"potentialAction\":[{\"@type\":\"CommentAction\",\"name\":\"Comment\",\"target\":[\"https:\/\/psol50.org.br\/25-de-novembro-espaco-para-convergir-agendas\/#respond\"]}]},{\"@type\":\"WebPage\",\"@id\":\"https:\/\/psol50.org.br\/25-de-novembro-espaco-para-convergir-agendas\/\",\"url\":\"https:\/\/psol50.org.br\/25-de-novembro-espaco-para-convergir-agendas\/\",\"name\":\"25 de novembro: espa\u00e7o para convergir agendas - PSOL 50\",\"isPartOf\":{\"@id\":\"https:\/\/psol50.org.br\/#website\"},\"datePublished\":\"2014-11-25T04:16:26+00:00\",\"breadcrumb\":{\"@id\":\"https:\/\/psol50.org.br\/25-de-novembro-espaco-para-convergir-agendas\/#breadcrumb\"},\"inLanguage\":\"pt-BR\",\"potentialAction\":[{\"@type\":\"ReadAction\",\"target\":[\"https:\/\/psol50.org.br\/25-de-novembro-espaco-para-convergir-agendas\/\"]}]},{\"@type\":\"BreadcrumbList\",\"@id\":\"https:\/\/psol50.org.br\/25-de-novembro-espaco-para-convergir-agendas\/#breadcrumb\",\"itemListElement\":[{\"@type\":\"ListItem\",\"position\":1,\"name\":\"In\u00edcio\",\"item\":\"https:\/\/psol50.org.br\/\"},{\"@type\":\"ListItem\",\"position\":2,\"name\":\"25 de novembro: espa\u00e7o para convergir agendas\"}]},{\"@type\":\"WebSite\",\"@id\":\"https:\/\/psol50.org.br\/#website\",\"url\":\"https:\/\/psol50.org.br\/\",\"name\":\"PSOL 50\",\"description\":\"Site oficial do Partido Socialismo e Liberdade\",\"publisher\":{\"@id\":\"https:\/\/psol50.org.br\/#organization\"},\"alternateName\":\"PSOL50\",\"potentialAction\":[{\"@type\":\"SearchAction\",\"target\":{\"@type\":\"EntryPoint\",\"urlTemplate\":\"https:\/\/psol50.org.br\/?s={search_term_string}\"},\"query-input\":{\"@type\":\"PropertyValueSpecification\",\"valueRequired\":true,\"valueName\":\"search_term_string\"}}],\"inLanguage\":\"pt-BR\"},{\"@type\":\"Organization\",\"@id\":\"https:\/\/psol50.org.br\/#organization\",\"name\":\"PSOL 50\",\"alternateName\":\"PSOL 50\",\"url\":\"https:\/\/psol50.org.br\/\",\"logo\":{\"@type\":\"ImageObject\",\"inLanguage\":\"pt-BR\",\"@id\":\"https:\/\/psol50.org.br\/#\/schema\/logo\/image\/\",\"url\":\"https:\/\/psol50.org.br\/inc\/uploads\/2018\/07\/capa.png\",\"contentUrl\":\"https:\/\/psol50.org.br\/inc\/uploads\/2018\/07\/capa.png\",\"width\":1350,\"height\":900,\"caption\":\"PSOL 50\"},\"image\":{\"@id\":\"https:\/\/psol50.org.br\/#\/schema\/logo\/image\/\"},\"sameAs\":[\"https:\/\/www.facebook.com\/psol50\",\"https:\/\/x.com\/psol50\",\"https:\/\/www.instagram.com\/psol50\/\",\"https:\/\/www.youtube.com\/channel\/UC7SnJS5o1os7a6CaiNabzcg\"]},{\"@type\":\"Person\",\"@id\":\"https:\/\/psol50.org.br\/#\/schema\/person\/475dfa57d0b815993c714c2e96491fcd\",\"name\":\"Comunica\u00e7\u00e3o PSOL\",\"image\":{\"@type\":\"ImageObject\",\"inLanguage\":\"pt-BR\",\"@id\":\"https:\/\/psol50.org.br\/#\/schema\/person\/image\/\",\"url\":\"https:\/\/secure.gravatar.com\/avatar\/b34fc4f4e468a4e51785917065a3db57b841f5c95dba6ad8c73aaf8f66f8f9bf?s=96&d=mm&r=g\",\"contentUrl\":\"https:\/\/secure.gravatar.com\/avatar\/b34fc4f4e468a4e51785917065a3db57b841f5c95dba6ad8c73aaf8f66f8f9bf?s=96&d=mm&r=g\",\"caption\":\"Comunica\u00e7\u00e3o PSOL\"}}]}<\/script>\n<!-- \/ Yoast SEO plugin. -->","yoast_head_json":{"title":"25 de novembro: espa\u00e7o para convergir agendas - PSOL 50","robots":{"index":"index","follow":"follow","max-snippet":"max-snippet:-1","max-image-preview":"max-image-preview:large","max-video-preview":"max-video-preview:-1"},"canonical":"https:\/\/psol50.org.br\/25-de-novembro-espaco-para-convergir-agendas\/","og_locale":"pt_BR","og_type":"article","og_title":"25 de novembro: espa\u00e7o para convergir agendas - PSOL 50","og_description":"A cada doze segundos uma mulher \u00e9 violentada no Brasil. \u00c9 o tempo de ler esta frase. Uma desconhecida, uma amiga, eu ou voc\u00ea. Mais uma de n\u00f3s. Em um ranking de 84 pa\u00edses, apresentamos a s\u00e9tima maior taxa de femic\u00eddios: o assassinato de mulheres por raz\u00f5es de g\u00eanero, muitas vezes levados a cabo por [&hellip;]","og_url":"https:\/\/psol50.org.br\/25-de-novembro-espaco-para-convergir-agendas\/","og_site_name":"PSOL 50","article_publisher":"https:\/\/www.facebook.com\/psol50","article_published_time":"2014-11-25T04:16:26+00:00","og_image":[{"width":1350,"height":900,"url":"https:\/\/psol50.org.br\/inc\/uploads\/2018\/07\/capa.png","type":"image\/png"}],"author":"Comunica\u00e7\u00e3o PSOL","twitter_card":"summary_large_image","twitter_creator":"@psol50","twitter_site":"@psol50","twitter_misc":{"Escrito por":"Comunica\u00e7\u00e3o PSOL","Est. tempo de leitura":"3 minutos"},"schema":{"@context":"https:\/\/schema.org","@graph":[{"@type":"Article","@id":"https:\/\/psol50.org.br\/25-de-novembro-espaco-para-convergir-agendas\/#article","isPartOf":{"@id":"https:\/\/psol50.org.br\/25-de-novembro-espaco-para-convergir-agendas\/"},"author":{"name":"Comunica\u00e7\u00e3o PSOL","@id":"https:\/\/psol50.org.br\/#\/schema\/person\/475dfa57d0b815993c714c2e96491fcd"},"headline":"25 de novembro: espa\u00e7o para convergir agendas","datePublished":"2014-11-25T04:16:26+00:00","mainEntityOfPage":{"@id":"https:\/\/psol50.org.br\/25-de-novembro-espaco-para-convergir-agendas\/"},"wordCount":529,"commentCount":0,"publisher":{"@id":"https:\/\/psol50.org.br\/#organization"},"keywords":["8 de mar\u00e7o","Carolina Peters","feminismo","mulheres"],"articleSection":["Artigos"],"inLanguage":"pt-BR","potentialAction":[{"@type":"CommentAction","name":"Comment","target":["https:\/\/psol50.org.br\/25-de-novembro-espaco-para-convergir-agendas\/#respond"]}]},{"@type":"WebPage","@id":"https:\/\/psol50.org.br\/25-de-novembro-espaco-para-convergir-agendas\/","url":"https:\/\/psol50.org.br\/25-de-novembro-espaco-para-convergir-agendas\/","name":"25 de novembro: espa\u00e7o para convergir agendas - PSOL 50","isPartOf":{"@id":"https:\/\/psol50.org.br\/#website"},"datePublished":"2014-11-25T04:16:26+00:00","breadcrumb":{"@id":"https:\/\/psol50.org.br\/25-de-novembro-espaco-para-convergir-agendas\/#breadcrumb"},"inLanguage":"pt-BR","potentialAction":[{"@type":"ReadAction","target":["https:\/\/psol50.org.br\/25-de-novembro-espaco-para-convergir-agendas\/"]}]},{"@type":"BreadcrumbList","@id":"https:\/\/psol50.org.br\/25-de-novembro-espaco-para-convergir-agendas\/#breadcrumb","itemListElement":[{"@type":"ListItem","position":1,"name":"In\u00edcio","item":"https:\/\/psol50.org.br\/"},{"@type":"ListItem","position":2,"name":"25 de novembro: espa\u00e7o para convergir agendas"}]},{"@type":"WebSite","@id":"https:\/\/psol50.org.br\/#website","url":"https:\/\/psol50.org.br\/","name":"PSOL 50","description":"Site oficial do Partido Socialismo e Liberdade","publisher":{"@id":"https:\/\/psol50.org.br\/#organization"},"alternateName":"PSOL50","potentialAction":[{"@type":"SearchAction","target":{"@type":"EntryPoint","urlTemplate":"https:\/\/psol50.org.br\/?s={search_term_string}"},"query-input":{"@type":"PropertyValueSpecification","valueRequired":true,"valueName":"search_term_string"}}],"inLanguage":"pt-BR"},{"@type":"Organization","@id":"https:\/\/psol50.org.br\/#organization","name":"PSOL 50","alternateName":"PSOL 50","url":"https:\/\/psol50.org.br\/","logo":{"@type":"ImageObject","inLanguage":"pt-BR","@id":"https:\/\/psol50.org.br\/#\/schema\/logo\/image\/","url":"https:\/\/psol50.org.br\/inc\/uploads\/2018\/07\/capa.png","contentUrl":"https:\/\/psol50.org.br\/inc\/uploads\/2018\/07\/capa.png","width":1350,"height":900,"caption":"PSOL 50"},"image":{"@id":"https:\/\/psol50.org.br\/#\/schema\/logo\/image\/"},"sameAs":["https:\/\/www.facebook.com\/psol50","https:\/\/x.com\/psol50","https:\/\/www.instagram.com\/psol50\/","https:\/\/www.youtube.com\/channel\/UC7SnJS5o1os7a6CaiNabzcg"]},{"@type":"Person","@id":"https:\/\/psol50.org.br\/#\/schema\/person\/475dfa57d0b815993c714c2e96491fcd","name":"Comunica\u00e7\u00e3o PSOL","image":{"@type":"ImageObject","inLanguage":"pt-BR","@id":"https:\/\/psol50.org.br\/#\/schema\/person\/image\/","url":"https:\/\/secure.gravatar.com\/avatar\/b34fc4f4e468a4e51785917065a3db57b841f5c95dba6ad8c73aaf8f66f8f9bf?s=96&d=mm&r=g","contentUrl":"https:\/\/secure.gravatar.com\/avatar\/b34fc4f4e468a4e51785917065a3db57b841f5c95dba6ad8c73aaf8f66f8f9bf?s=96&d=mm&r=g","caption":"Comunica\u00e7\u00e3o PSOL"}}]}},"_links":{"self":[{"href":"https:\/\/psol50.org.br\/rest\/wp\/v2\/posts\/4358","targetHints":{"allow":["GET"]}}],"collection":[{"href":"https:\/\/psol50.org.br\/rest\/wp\/v2\/posts"}],"about":[{"href":"https:\/\/psol50.org.br\/rest\/wp\/v2\/types\/post"}],"author":[{"embeddable":true,"href":"https:\/\/psol50.org.br\/rest\/wp\/v2\/users\/2"}],"replies":[{"embeddable":true,"href":"https:\/\/psol50.org.br\/rest\/wp\/v2\/comments?post=4358"}],"version-history":[{"count":0,"href":"https:\/\/psol50.org.br\/rest\/wp\/v2\/posts\/4358\/revisions"}],"wp:attachment":[{"href":"https:\/\/psol50.org.br\/rest\/wp\/v2\/media?parent=4358"}],"wp:term":[{"taxonomy":"category","embeddable":true,"href":"https:\/\/psol50.org.br\/rest\/wp\/v2\/categories?post=4358"},{"taxonomy":"post_tag","embeddable":true,"href":"https:\/\/psol50.org.br\/rest\/wp\/v2\/tags?post=4358"}],"curies":[{"name":"wp","href":"https:\/\/api.w.org\/{rel}","templated":true}]}}