{"id":4364,"date":"2014-06-16T04:20:21","date_gmt":"2014-06-16T04:20:21","guid":{"rendered":"http:\/\/179.190.55.146\/~psol5185\/?p=4364"},"modified":"2014-06-16T04:20:21","modified_gmt":"2014-06-16T04:20:21","slug":"qual-a-parte-do-poder-publico","status":"publish","type":"post","link":"https:\/\/psol50.org.br\/qual-a-parte-do-poder-publico\/","title":{"rendered":"Qual a parte do poder p\u00fablico?"},"content":{"rendered":"<div id=\"blocoDadosPrint\">Na v\u00e9spera da abertura da Copa do Mundo, e do primeiro feriado devido ao evento na C\u00e2mara Municipal de Fortaleza, os nobres vereadores mostraram-se muito preocupados com a possibilidade \u2013 ou antes, a imin\u00eancia \u2013 do aumento dos casos de explora\u00e7\u00e3o sexual de crian\u00e7as e adolescentes na capital. Fortaleza \u00e9 um not\u00f3rio destino de turismo sexual, e como uma das cidades-sede do mundial de futebol tem merecido, infelizmente, destaque na m\u00eddia internacional, que problematiza a brutal desigualdade que leva mulheres e crian\u00e7as a ter seus corpos mercantilizados.<\/div>\n<div class=\"txtPrint\">\n<div>\nA rela\u00e7\u00e3o entre a realiza\u00e7\u00e3o de megaeventos esportivos e aumento da prostitui\u00e7\u00e3o \u00e9 uma constante no mundo todo. Exacerba a ocupa\u00e7\u00e3o do espa\u00e7o p\u00fablico pelos homens, a celebra\u00e7\u00e3o da masculinidade e a submiss\u00e3o feminina a esses desejos. No Brasil, em particular, carrega consigo toda a narrativa constru\u00edda desde a coloniza\u00e7\u00e3o portuguesa acerca da sexualidade pulsante de nossas mulheres; imagem recorrente em materiais promocionais e produtos relacionados \u00e0 Copa, a exemplo das vexat\u00f3rias camisetas da Adidas que ap\u00f3s press\u00e3o dos movimentos de mulheres foram retiradas do mercado.<\/p>\n<p>\u201cFizemos nossa parte\u201d, afirmou na tribuna um nobre vereador da situa\u00e7\u00e3o. Verbo no passado, anistiando o poder p\u00fablico de sua responsabilidade, ainda presente, de inibir a viola\u00e7\u00e3o de meninas e mulheres. N\u00e3o \u00e9 o que dizem os n\u00fameros. Lan\u00e7ada no \u00faltimo 10 de junho, nota t\u00e9cnica elaborada pelo CEDECA (Centro de Defesa da Crian\u00e7a e do Adolescente) e pelo F\u00f3rum DCA (f\u00f3rum que re\u00fane entidades ligadas \u00e0 defesa dos direitos de crian\u00e7as e adolescentes), aponta a queda nas dota\u00e7\u00f5es para projetos\/a\u00e7\u00f5es espec\u00edficos para o enfrentamento \u00e0 explora\u00e7\u00e3o sexual em Fortaleza, e mais grave: a baixa ou nenhuma aplica\u00e7\u00e3o dos recursos reservados a esses programas.<\/p>\n<p>A nota t\u00e9cnica \u00e9 resultado de um estudo sobre as pol\u00edticas p\u00fablicas e referentes investimentos no combate \u00e0 viol\u00eancia sexual no \u00e2mbito da inf\u00e2ncia e adolesc\u00eancia, entre os anos de 2010 e 2014. Contamos na capital cearense com uma \u00fanica delegacia especializada em crimes contra crian\u00e7as e adolescentes. Durante a Copa das Confedera\u00e7\u00f5es, no ano passado, funcionou apenas em hor\u00e1rio comercial. Este ano, durante a Copa, est\u00e3o previstos plant\u00f5es compartilhados com a Delegacia da Mulher, o que dificulta o atendimento de ambas as ocorr\u00eancias. Mas talvez uma das maiores fragilidades seja o fato de que as delegacias trabalham apenas com den\u00fancias, quando se faz necess\u00e1ria a investiga\u00e7\u00e3o das redes de turismo sexual para efetivamente combater a explora\u00e7\u00e3o de mulheres e crian\u00e7as e o tr\u00e1fico de pessoas. A nota j\u00e1 est\u00e1 dispon\u00edvel no site da entidade, podendo ser acessada em\u00a0<a href=\"http:\/\/www.cedecaceara.org.br\/?q=noticias\/862\" target=\"_blank\" rel=\"noopener\">http:\/\/www.cedecaceara.org.br\/?q=noticias\/862<\/a>.<\/p>\n<p>Outra grave quest\u00e3o aqui na capital cearense \u00e9 a falta de atendimento espec\u00edfico \u00e0s v\u00edtimas de viol\u00eancia sexual, n\u00e3o sendo sequer poss\u00edvel realizar os procedimentos de profilaxia de gesta\u00e7\u00e3o (contracep\u00e7\u00e3o de emerg\u00eancia) e de DSTs no mesmo equipamento de sa\u00fade. O que nos traz \u00e0 lembran\u00e7a que h\u00e1 poucas semanas, perdemos, por press\u00e3o do conservadorismo, uma importante conquista para os direitos sexuais e reprodutivos das mulheres: a portaria 415\/2014, assinada pela presidenta, que assegurava o atendimento aos casos de abortamento legal (casos de anencefalia do feto, risco de vida \u00e0 m\u00e3e e gesta\u00e7\u00e3o proveniente de estupro) em toda a rede SUS. Trata-se de um procedimento cir\u00fargico simples, por\u00e9m que conta com 65 servi\u00e7os p\u00fablicos de atendimento dispon\u00edveis em 26 estados, n\u00e3o divulgados e dos quais nem todos funcionam. \u00c9 o caso de Fortaleza, onde apesar de listado, o servi\u00e7o de atendimento especializado n\u00e3o existe. 80% das crian\u00e7as que engravidam de abuso sexual n\u00e3o acessam o aborto legal, seja por falta de informa\u00e7\u00e3o, de oferecimento do servi\u00e7o, ou pela press\u00e3o de lideran\u00e7as religiosas sobre suas comunidades e representantes legais. S\u00e3o as mais vulner\u00e1veis, f\u00edsica, emocional e juridicamente. S\u00e3o meninas sem direito aos seus corpos e \u00e0 sua inf\u00e2ncia. O pr\u00f3ximo alvo dos setores fundamentalistas agora \u00e9 a Lei 12.845, sancionada em 2013, que assegura atendimento integral e de urg\u00eancia \u00e0s mulheres e meninas v\u00edtimas de viol\u00eancia, sem necessidade de apresenta\u00e7\u00e3o de boletim de ocorr\u00eancia.<\/p>\n<p>Em ano de Copa do Mundo e elei\u00e7\u00f5es, capital internacional e fundamentalismo fazem dobradinha. Nosso time que j\u00e1 se mobilizam por todo o pa\u00eds contra as remo\u00e7\u00f5es, os gastos do evento e a submiss\u00e3o do governo brasileiro aos ditames da Fifa precisa acumular for\u00e7a social para chegar \u00e0s finais e n\u00e3o deixar que o conservadorismo ven\u00e7a no seio do povo.<\/p><\/div>\n<\/div>\n","protected":false},"excerpt":{"rendered":"<p>Na v\u00e9spera da abertura da Copa do Mundo, e do primeiro feriado devido ao evento na C\u00e2mara Municipal de Fortaleza, os nobres vereadores mostraram-se muito preocupados com a possibilidade \u2013 ou antes, a imin\u00eancia \u2013 do aumento dos casos de explora\u00e7\u00e3o sexual de crian\u00e7as e adolescentes na capital. Fortaleza \u00e9 um not\u00f3rio destino de turismo [&hellip;]<\/p>\n","protected":false},"author":2,"featured_media":0,"comment_status":"open","ping_status":"open","sticky":false,"template":"","format":"standard","meta":{"_acf_changed":false,"footnotes":""},"categories":[3],"tags":[294,2943,30,4],"class_list":{"0":"post-4364","1":"post","2":"type-post","3":"status-publish","4":"format-standard","6":"category-artigos-e-entrevistas","7":"tag-8-de-marco","8":"tag-carolina-peters","9":"tag-feminismo","10":"tag-mulheres"},"acf":[],"yoast_head":"<!-- This site is optimized with the Yoast SEO plugin v26.5 - https:\/\/yoast.com\/wordpress\/plugins\/seo\/ -->\n<title>Qual a parte do poder p\u00fablico? - PSOL 50<\/title>\n<meta name=\"robots\" content=\"index, follow, max-snippet:-1, max-image-preview:large, max-video-preview:-1\" \/>\n<link rel=\"canonical\" href=\"https:\/\/psol50.org.br\/qual-a-parte-do-poder-publico\/\" \/>\n<meta property=\"og:locale\" content=\"pt_BR\" \/>\n<meta property=\"og:type\" content=\"article\" \/>\n<meta property=\"og:title\" content=\"Qual a parte do poder p\u00fablico? - PSOL 50\" \/>\n<meta property=\"og:description\" content=\"Na v\u00e9spera da abertura da Copa do Mundo, e do primeiro feriado devido ao evento na C\u00e2mara Municipal de Fortaleza, os nobres vereadores mostraram-se muito preocupados com a possibilidade \u2013 ou antes, a imin\u00eancia \u2013 do aumento dos casos de explora\u00e7\u00e3o sexual de crian\u00e7as e adolescentes na capital. Fortaleza \u00e9 um not\u00f3rio destino de turismo [&hellip;]\" \/>\n<meta property=\"og:url\" content=\"https:\/\/psol50.org.br\/qual-a-parte-do-poder-publico\/\" \/>\n<meta property=\"og:site_name\" content=\"PSOL 50\" \/>\n<meta property=\"article:publisher\" content=\"https:\/\/www.facebook.com\/psol50\" \/>\n<meta property=\"article:published_time\" content=\"2014-06-16T04:20:21+00:00\" \/>\n<meta property=\"og:image\" content=\"https:\/\/psol50.org.br\/inc\/uploads\/2018\/07\/capa.png\" \/>\n\t<meta property=\"og:image:width\" content=\"1350\" \/>\n\t<meta property=\"og:image:height\" content=\"900\" \/>\n\t<meta property=\"og:image:type\" content=\"image\/png\" \/>\n<meta name=\"author\" content=\"Comunica\u00e7\u00e3o PSOL\" \/>\n<meta name=\"twitter:card\" content=\"summary_large_image\" \/>\n<meta name=\"twitter:creator\" content=\"@psol50\" \/>\n<meta name=\"twitter:site\" content=\"@psol50\" \/>\n<meta name=\"twitter:label1\" content=\"Escrito por\" \/>\n\t<meta name=\"twitter:data1\" content=\"Comunica\u00e7\u00e3o PSOL\" \/>\n\t<meta name=\"twitter:label2\" content=\"Est. tempo de leitura\" \/>\n\t<meta name=\"twitter:data2\" content=\"4 minutos\" \/>\n<script type=\"application\/ld+json\" class=\"yoast-schema-graph\">{\"@context\":\"https:\/\/schema.org\",\"@graph\":[{\"@type\":\"Article\",\"@id\":\"https:\/\/psol50.org.br\/qual-a-parte-do-poder-publico\/#article\",\"isPartOf\":{\"@id\":\"https:\/\/psol50.org.br\/qual-a-parte-do-poder-publico\/\"},\"author\":{\"name\":\"Comunica\u00e7\u00e3o PSOL\",\"@id\":\"https:\/\/psol50.org.br\/#\/schema\/person\/475dfa57d0b815993c714c2e96491fcd\"},\"headline\":\"Qual a parte do poder p\u00fablico?\",\"datePublished\":\"2014-06-16T04:20:21+00:00\",\"mainEntityOfPage\":{\"@id\":\"https:\/\/psol50.org.br\/qual-a-parte-do-poder-publico\/\"},\"wordCount\":802,\"commentCount\":0,\"publisher\":{\"@id\":\"https:\/\/psol50.org.br\/#organization\"},\"keywords\":[\"8 de mar\u00e7o\",\"Carolina Peters\",\"feminismo\",\"mulheres\"],\"articleSection\":[\"Artigos\"],\"inLanguage\":\"pt-BR\",\"potentialAction\":[{\"@type\":\"CommentAction\",\"name\":\"Comment\",\"target\":[\"https:\/\/psol50.org.br\/qual-a-parte-do-poder-publico\/#respond\"]}]},{\"@type\":\"WebPage\",\"@id\":\"https:\/\/psol50.org.br\/qual-a-parte-do-poder-publico\/\",\"url\":\"https:\/\/psol50.org.br\/qual-a-parte-do-poder-publico\/\",\"name\":\"Qual a parte do poder p\u00fablico? - PSOL 50\",\"isPartOf\":{\"@id\":\"https:\/\/psol50.org.br\/#website\"},\"datePublished\":\"2014-06-16T04:20:21+00:00\",\"breadcrumb\":{\"@id\":\"https:\/\/psol50.org.br\/qual-a-parte-do-poder-publico\/#breadcrumb\"},\"inLanguage\":\"pt-BR\",\"potentialAction\":[{\"@type\":\"ReadAction\",\"target\":[\"https:\/\/psol50.org.br\/qual-a-parte-do-poder-publico\/\"]}]},{\"@type\":\"BreadcrumbList\",\"@id\":\"https:\/\/psol50.org.br\/qual-a-parte-do-poder-publico\/#breadcrumb\",\"itemListElement\":[{\"@type\":\"ListItem\",\"position\":1,\"name\":\"In\u00edcio\",\"item\":\"https:\/\/psol50.org.br\/\"},{\"@type\":\"ListItem\",\"position\":2,\"name\":\"Qual a parte do poder p\u00fablico?\"}]},{\"@type\":\"WebSite\",\"@id\":\"https:\/\/psol50.org.br\/#website\",\"url\":\"https:\/\/psol50.org.br\/\",\"name\":\"PSOL 50\",\"description\":\"Site oficial do Partido Socialismo e Liberdade\",\"publisher\":{\"@id\":\"https:\/\/psol50.org.br\/#organization\"},\"alternateName\":\"PSOL50\",\"potentialAction\":[{\"@type\":\"SearchAction\",\"target\":{\"@type\":\"EntryPoint\",\"urlTemplate\":\"https:\/\/psol50.org.br\/?s={search_term_string}\"},\"query-input\":{\"@type\":\"PropertyValueSpecification\",\"valueRequired\":true,\"valueName\":\"search_term_string\"}}],\"inLanguage\":\"pt-BR\"},{\"@type\":\"Organization\",\"@id\":\"https:\/\/psol50.org.br\/#organization\",\"name\":\"PSOL 50\",\"alternateName\":\"PSOL 50\",\"url\":\"https:\/\/psol50.org.br\/\",\"logo\":{\"@type\":\"ImageObject\",\"inLanguage\":\"pt-BR\",\"@id\":\"https:\/\/psol50.org.br\/#\/schema\/logo\/image\/\",\"url\":\"https:\/\/psol50.org.br\/inc\/uploads\/2018\/07\/capa.png\",\"contentUrl\":\"https:\/\/psol50.org.br\/inc\/uploads\/2018\/07\/capa.png\",\"width\":1350,\"height\":900,\"caption\":\"PSOL 50\"},\"image\":{\"@id\":\"https:\/\/psol50.org.br\/#\/schema\/logo\/image\/\"},\"sameAs\":[\"https:\/\/www.facebook.com\/psol50\",\"https:\/\/x.com\/psol50\",\"https:\/\/www.instagram.com\/psol50\/\",\"https:\/\/www.youtube.com\/channel\/UC7SnJS5o1os7a6CaiNabzcg\"]},{\"@type\":\"Person\",\"@id\":\"https:\/\/psol50.org.br\/#\/schema\/person\/475dfa57d0b815993c714c2e96491fcd\",\"name\":\"Comunica\u00e7\u00e3o PSOL\",\"image\":{\"@type\":\"ImageObject\",\"inLanguage\":\"pt-BR\",\"@id\":\"https:\/\/psol50.org.br\/#\/schema\/person\/image\/\",\"url\":\"https:\/\/secure.gravatar.com\/avatar\/b34fc4f4e468a4e51785917065a3db57b841f5c95dba6ad8c73aaf8f66f8f9bf?s=96&d=mm&r=g\",\"contentUrl\":\"https:\/\/secure.gravatar.com\/avatar\/b34fc4f4e468a4e51785917065a3db57b841f5c95dba6ad8c73aaf8f66f8f9bf?s=96&d=mm&r=g\",\"caption\":\"Comunica\u00e7\u00e3o PSOL\"}}]}<\/script>\n<!-- \/ Yoast SEO plugin. -->","yoast_head_json":{"title":"Qual a parte do poder p\u00fablico? - PSOL 50","robots":{"index":"index","follow":"follow","max-snippet":"max-snippet:-1","max-image-preview":"max-image-preview:large","max-video-preview":"max-video-preview:-1"},"canonical":"https:\/\/psol50.org.br\/qual-a-parte-do-poder-publico\/","og_locale":"pt_BR","og_type":"article","og_title":"Qual a parte do poder p\u00fablico? - PSOL 50","og_description":"Na v\u00e9spera da abertura da Copa do Mundo, e do primeiro feriado devido ao evento na C\u00e2mara Municipal de Fortaleza, os nobres vereadores mostraram-se muito preocupados com a possibilidade \u2013 ou antes, a imin\u00eancia \u2013 do aumento dos casos de explora\u00e7\u00e3o sexual de crian\u00e7as e adolescentes na capital. Fortaleza \u00e9 um not\u00f3rio destino de turismo [&hellip;]","og_url":"https:\/\/psol50.org.br\/qual-a-parte-do-poder-publico\/","og_site_name":"PSOL 50","article_publisher":"https:\/\/www.facebook.com\/psol50","article_published_time":"2014-06-16T04:20:21+00:00","og_image":[{"width":1350,"height":900,"url":"https:\/\/psol50.org.br\/inc\/uploads\/2018\/07\/capa.png","type":"image\/png"}],"author":"Comunica\u00e7\u00e3o PSOL","twitter_card":"summary_large_image","twitter_creator":"@psol50","twitter_site":"@psol50","twitter_misc":{"Escrito por":"Comunica\u00e7\u00e3o PSOL","Est. tempo de leitura":"4 minutos"},"schema":{"@context":"https:\/\/schema.org","@graph":[{"@type":"Article","@id":"https:\/\/psol50.org.br\/qual-a-parte-do-poder-publico\/#article","isPartOf":{"@id":"https:\/\/psol50.org.br\/qual-a-parte-do-poder-publico\/"},"author":{"name":"Comunica\u00e7\u00e3o PSOL","@id":"https:\/\/psol50.org.br\/#\/schema\/person\/475dfa57d0b815993c714c2e96491fcd"},"headline":"Qual a parte do poder p\u00fablico?","datePublished":"2014-06-16T04:20:21+00:00","mainEntityOfPage":{"@id":"https:\/\/psol50.org.br\/qual-a-parte-do-poder-publico\/"},"wordCount":802,"commentCount":0,"publisher":{"@id":"https:\/\/psol50.org.br\/#organization"},"keywords":["8 de mar\u00e7o","Carolina Peters","feminismo","mulheres"],"articleSection":["Artigos"],"inLanguage":"pt-BR","potentialAction":[{"@type":"CommentAction","name":"Comment","target":["https:\/\/psol50.org.br\/qual-a-parte-do-poder-publico\/#respond"]}]},{"@type":"WebPage","@id":"https:\/\/psol50.org.br\/qual-a-parte-do-poder-publico\/","url":"https:\/\/psol50.org.br\/qual-a-parte-do-poder-publico\/","name":"Qual a parte do poder p\u00fablico? - PSOL 50","isPartOf":{"@id":"https:\/\/psol50.org.br\/#website"},"datePublished":"2014-06-16T04:20:21+00:00","breadcrumb":{"@id":"https:\/\/psol50.org.br\/qual-a-parte-do-poder-publico\/#breadcrumb"},"inLanguage":"pt-BR","potentialAction":[{"@type":"ReadAction","target":["https:\/\/psol50.org.br\/qual-a-parte-do-poder-publico\/"]}]},{"@type":"BreadcrumbList","@id":"https:\/\/psol50.org.br\/qual-a-parte-do-poder-publico\/#breadcrumb","itemListElement":[{"@type":"ListItem","position":1,"name":"In\u00edcio","item":"https:\/\/psol50.org.br\/"},{"@type":"ListItem","position":2,"name":"Qual a parte do poder p\u00fablico?"}]},{"@type":"WebSite","@id":"https:\/\/psol50.org.br\/#website","url":"https:\/\/psol50.org.br\/","name":"PSOL 50","description":"Site oficial do Partido Socialismo e Liberdade","publisher":{"@id":"https:\/\/psol50.org.br\/#organization"},"alternateName":"PSOL50","potentialAction":[{"@type":"SearchAction","target":{"@type":"EntryPoint","urlTemplate":"https:\/\/psol50.org.br\/?s={search_term_string}"},"query-input":{"@type":"PropertyValueSpecification","valueRequired":true,"valueName":"search_term_string"}}],"inLanguage":"pt-BR"},{"@type":"Organization","@id":"https:\/\/psol50.org.br\/#organization","name":"PSOL 50","alternateName":"PSOL 50","url":"https:\/\/psol50.org.br\/","logo":{"@type":"ImageObject","inLanguage":"pt-BR","@id":"https:\/\/psol50.org.br\/#\/schema\/logo\/image\/","url":"https:\/\/psol50.org.br\/inc\/uploads\/2018\/07\/capa.png","contentUrl":"https:\/\/psol50.org.br\/inc\/uploads\/2018\/07\/capa.png","width":1350,"height":900,"caption":"PSOL 50"},"image":{"@id":"https:\/\/psol50.org.br\/#\/schema\/logo\/image\/"},"sameAs":["https:\/\/www.facebook.com\/psol50","https:\/\/x.com\/psol50","https:\/\/www.instagram.com\/psol50\/","https:\/\/www.youtube.com\/channel\/UC7SnJS5o1os7a6CaiNabzcg"]},{"@type":"Person","@id":"https:\/\/psol50.org.br\/#\/schema\/person\/475dfa57d0b815993c714c2e96491fcd","name":"Comunica\u00e7\u00e3o PSOL","image":{"@type":"ImageObject","inLanguage":"pt-BR","@id":"https:\/\/psol50.org.br\/#\/schema\/person\/image\/","url":"https:\/\/secure.gravatar.com\/avatar\/b34fc4f4e468a4e51785917065a3db57b841f5c95dba6ad8c73aaf8f66f8f9bf?s=96&d=mm&r=g","contentUrl":"https:\/\/secure.gravatar.com\/avatar\/b34fc4f4e468a4e51785917065a3db57b841f5c95dba6ad8c73aaf8f66f8f9bf?s=96&d=mm&r=g","caption":"Comunica\u00e7\u00e3o PSOL"}}]}},"_links":{"self":[{"href":"https:\/\/psol50.org.br\/rest\/wp\/v2\/posts\/4364","targetHints":{"allow":["GET"]}}],"collection":[{"href":"https:\/\/psol50.org.br\/rest\/wp\/v2\/posts"}],"about":[{"href":"https:\/\/psol50.org.br\/rest\/wp\/v2\/types\/post"}],"author":[{"embeddable":true,"href":"https:\/\/psol50.org.br\/rest\/wp\/v2\/users\/2"}],"replies":[{"embeddable":true,"href":"https:\/\/psol50.org.br\/rest\/wp\/v2\/comments?post=4364"}],"version-history":[{"count":0,"href":"https:\/\/psol50.org.br\/rest\/wp\/v2\/posts\/4364\/revisions"}],"wp:attachment":[{"href":"https:\/\/psol50.org.br\/rest\/wp\/v2\/media?parent=4364"}],"wp:term":[{"taxonomy":"category","embeddable":true,"href":"https:\/\/psol50.org.br\/rest\/wp\/v2\/categories?post=4364"},{"taxonomy":"post_tag","embeddable":true,"href":"https:\/\/psol50.org.br\/rest\/wp\/v2\/tags?post=4364"}],"curies":[{"name":"wp","href":"https:\/\/api.w.org\/{rel}","templated":true}]}}