{"id":4366,"date":"2013-11-27T04:21:14","date_gmt":"2013-11-27T04:21:14","guid":{"rendered":"http:\/\/179.190.55.146\/~psol5185\/?p=4366"},"modified":"2013-11-27T04:21:14","modified_gmt":"2013-11-27T04:21:14","slug":"a-luta-por-autonomia-e-o-caso-brasileiro","status":"publish","type":"post","link":"https:\/\/psol50.org.br\/a-luta-por-autonomia-e-o-caso-brasileiro\/","title":{"rendered":"A luta por autonomia e o caso brasileiro"},"content":{"rendered":"<div id=\"blocoDadosPrint\">H\u00e1 algumas semanas, Rafael Correa &#8212; o mesmo presidente equatoriano eleito pelos movimentos sociais; que enfrentou o mercado financeiro pedindo a auditoria da d\u00edvida p\u00fablica; que conduziu um processo constituinte cujo texto final foi redigido no masculino e feminino e divulgou campanhas governamentais de combate ao machismo &#8212; amea\u00e7ou renunciar ao posto caso fosse aprovada a descriminaliza\u00e7\u00e3o do aborto em caso de estupro. A proposta foi feita pela deputada Paola Pab\u00f3n, de seu pr\u00f3prio partido. O argumento contr\u00e1rio do presidente era a defesa constitucional da &#8220;vida&#8221; (do feto) desde a concep\u00e7\u00e3o.<\/div>\n<div><\/div>\n<div><\/div>\n<div class=\"txtPrint\">\n<div>\n<p>O que torna t\u00e3o dif\u00edcil o debate do aborto, inclusive dentro da pr\u00f3pria esquerda? Parece insuficiente alegar que esta se d\u00ea em raz\u00e3o da influ\u00eancia da igreja progressista na constru\u00e7\u00e3o de organiza\u00e7\u00f5es de esquerda e nos movimentos de massa, caso comum na Am\u00e9rica Latina: outras tradi\u00e7\u00f5es pol\u00edticas, se n\u00e3o titubeiam na defesa de pautas feministas, por vezes concebem a luta das mulheres como uma quest\u00e3o puramente t\u00e1tica, quando n\u00e3o meramente instrumental.O controle sobre os corpos e a sexualidade das mulheres, a imposi\u00e7\u00e3o da maternidade, responde a um modelo pautado pela divis\u00e3o sexual do trabalho, dentro do qual o trabalho dom\u00e9stico n\u00e3o reconhecido e n\u00e3o remunerado realizado pelas mulheres gera, ainda que indiretamente, mais-valia. Tamb\u00e9m no campo do trabalho remunerado, as trabalhadoras recebem sal\u00e1rios menores que os de homens no exerc\u00edcio da mesma fun\u00e7\u00e3o, diferen\u00e7a que chega, no Brasil, a uma remunera\u00e7\u00e3o 60% menor quando comparado o sal\u00e1rio do homem branco ao da mulher negra. A defesa do aborto legal, garantido pelo sistema p\u00fablico de sa\u00fade; a defesa da autonomia das mulheres sobre seus corpos e da maternidade como uma escolha consciente e compartilhada; \u00e9 uma quest\u00e3o de classe.<\/p>\n<p>&nbsp;<\/p>\n<p>Estima-se que ocorram no Brasil 1 milh\u00e3o de abortos por ano. Um dos maiores \u00edndices de mortalidade materna no pa\u00eds se d\u00e1 em decorr\u00eancia de procedimentos abortivos inseguros, afetando sobretudo as mulheres pobres, majoritariamente negras. Esses n\u00fameros se associam \u00e0s taxas de homic\u00eddio crescentes entre a juventude negra e perif\u00e9rica levada a cabo pela intensa militariza\u00e7\u00e3o das cidades; uma verdadeira Faxina \u00c9tnica. Com o avan\u00e7o das pol\u00edticas neoliberais privatistas e a transfer\u00eancia da gest\u00e3o da sa\u00fade p\u00fablica para Organiza\u00e7\u00f5es Sociais de Sa\u00fade (OSS), muitas das quais institui\u00e7\u00f5es religiosas, o atendimento m\u00e9dico aos casos de complica\u00e7\u00f5es decorrentes de abortos clandestinos, bem como abortamentos espont\u00e2neos, \u00e9 negligenciado. H\u00e1 relatos numerosos de procedimentos realizados sem anestesia, constrangimento moral das mulheres e dela\u00e7\u00e3o \u00e0s autoridades policiais por parte dos profissionais de sa\u00fade. A intensa judicializa\u00e7\u00e3o e penaliza\u00e7\u00e3o das mulheres tamb\u00e9m s\u00e3o marca da proibi\u00e7\u00e3o do aborto no Brasil.<\/p>\n<p>&nbsp;<\/p>\n<p>A defesa do aborto legal \u00e9 parte da luta em defesa da sa\u00fade p\u00fablica, contra as privatiza\u00e7\u00f5es e a interven\u00e7\u00e3o de entidades religiosas sobre o Estado supostamente laico. A privatiza\u00e7\u00e3o via OSS e o sucateamento do Sistema \u00danico de Sa\u00fade (SUS) imp\u00f5e ainda entraves para a garantia da interrup\u00e7\u00e3o volunt\u00e1ria da gesta\u00e7\u00e3o nos casos previstos por lei, tais as resultantes de estupro, gravidez ect\u00f3pica (fora do \u00fatero) ou de feto anenc\u00e9falo e nos casos em que esta represente risco \u00e0 vida da m\u00e3e. Atualmente, h\u00e1 apenas 65 hospitais aptos a realizar o procedimento em todo o territ\u00f3rio brasileiro.<\/p>\n<p>&nbsp;<\/p>\n<p>Do lado de c\u00e1 do Atl\u00e2ntico, antes de avan\u00e7ar na conquista de direitos, o movimento feminista e a esquerda socialista se organizam para evitar retrocessos. Na contram\u00e3o de nosso vizinho Uruguai, que legalizou o aborto at\u00e9 a d\u00e9cima segunda semana e viu zerar o \u00edndice de mortalidade, tramita no Congresso Nacional um projeto de &#8220;Estatuto do Nascituro&#8221;, que prev\u00ea direitos plenos ao feto desde a concep\u00e7\u00e3o, retrocedendo na lei atual em detrimento dos direitos da mulher. Este projeto de lei prop\u00f5e, entre outras coisas, a dota\u00e7\u00e3o de uma &#8220;bolsa estupro&#8221; para as v\u00edtimas prosseguirem com a gesta\u00e7\u00e3o e a garantia de direitos de paternidade aos estupradores. Pa\u00edses como Nicar\u00e1gua e El Salvador, onde se adota uma legisla\u00e7\u00e3o semelhante a esta proposta, de criminaliza\u00e7\u00e3o irrestrita do aborto (tipificado, inclusive, como crime hediondo), registram aumento na taxa de mortalidade materna, sobretudo em consequ\u00eancia de neglig\u00eancia m\u00e9dica diante da amea\u00e7a de processos criminais caso um tratamento resulte em risco para o feto.<\/p>\n<p>&nbsp;<\/p>\n<p>O projeto em quest\u00e3o n\u00e3o simboliza uma iniciativa isolada de parlamentares conservadores, mas \u00e9 express\u00e3o de uma bancada organizada no Congresso Nacional brasileiro, que em rela\u00e7\u00e3o org\u00e2nica com os setores do agroneg\u00f3cio e peso na base do governo impulsionam a agenda conservadora no Planalto. Vale recordar que o aborto (ou antes, sua criminaliza\u00e7\u00e3o) foi o grande tema da disputa presidencial passada, sendo o segundo turno das elei\u00e7\u00f5es de 2010 marcado pela busca de ades\u00e3o dos setores conservadores por parte de ambas as candidaturas.<\/p>\n<p>&nbsp;<\/p>\n<p>Se por um lado as jornadas de junho representaram um destravamento das lutas sociais no Brasil, como se viu posteriormente pela mobiliza\u00e7\u00e3o nacional dos povos ind\u00edgenas entre setembro e outubro, a greve massiva dos professores no Rio de Janeiro e tantas outras manifesta\u00e7\u00f5es que seguem tomando as ruas por todo o pa\u00eds; por outro, as for\u00e7as conservadoras continuam articuladas e em ofensiva. Nas ruas e no processo eleitoral que se abre no pr\u00f3ximo ano, cabe \u00e0 esquerda organizada se apropriar da pauta feminista e disput\u00e1-la no seio do povo, acumulando for\u00e7as para garantirmos o que j\u00e1 conquistamos e podermos avan\u00e7ar.<\/p>\n<\/div>\n<\/div>\n","protected":false},"excerpt":{"rendered":"<p>H\u00e1 algumas semanas, Rafael Correa &#8212; o mesmo presidente equatoriano eleito pelos movimentos sociais; que enfrentou o mercado financeiro pedindo a auditoria da d\u00edvida p\u00fablica; que conduziu um processo constituinte cujo texto final foi redigido no masculino e feminino e divulgou campanhas governamentais de combate ao machismo &#8212; amea\u00e7ou renunciar ao posto caso fosse aprovada [&hellip;]<\/p>\n","protected":false},"author":2,"featured_media":0,"comment_status":"open","ping_status":"open","sticky":false,"template":"","format":"standard","meta":{"_acf_changed":false,"footnotes":""},"categories":[3],"tags":[294,2943,30,4],"class_list":{"0":"post-4366","1":"post","2":"type-post","3":"status-publish","4":"format-standard","6":"category-artigos-e-entrevistas","7":"tag-8-de-marco","8":"tag-carolina-peters","9":"tag-feminismo","10":"tag-mulheres"},"acf":[],"yoast_head":"<!-- This site is optimized with the Yoast SEO plugin v26.5 - https:\/\/yoast.com\/wordpress\/plugins\/seo\/ -->\n<title>A luta por autonomia e o caso brasileiro - PSOL 50<\/title>\n<meta name=\"robots\" content=\"index, follow, max-snippet:-1, max-image-preview:large, max-video-preview:-1\" \/>\n<link rel=\"canonical\" href=\"https:\/\/psol50.org.br\/a-luta-por-autonomia-e-o-caso-brasileiro\/\" \/>\n<meta property=\"og:locale\" content=\"pt_BR\" \/>\n<meta property=\"og:type\" content=\"article\" \/>\n<meta property=\"og:title\" content=\"A luta por autonomia e o caso brasileiro - PSOL 50\" \/>\n<meta property=\"og:description\" content=\"H\u00e1 algumas semanas, Rafael Correa &#8212; o mesmo presidente equatoriano eleito pelos movimentos sociais; que enfrentou o mercado financeiro pedindo a auditoria da d\u00edvida p\u00fablica; que conduziu um processo constituinte cujo texto final foi redigido no masculino e feminino e divulgou campanhas governamentais de combate ao machismo &#8212; amea\u00e7ou renunciar ao posto caso fosse aprovada [&hellip;]\" \/>\n<meta property=\"og:url\" content=\"https:\/\/psol50.org.br\/a-luta-por-autonomia-e-o-caso-brasileiro\/\" \/>\n<meta property=\"og:site_name\" content=\"PSOL 50\" \/>\n<meta property=\"article:publisher\" content=\"https:\/\/www.facebook.com\/psol50\" \/>\n<meta property=\"article:published_time\" content=\"2013-11-27T04:21:14+00:00\" \/>\n<meta property=\"og:image\" content=\"https:\/\/psol50.org.br\/inc\/uploads\/2018\/07\/capa.png\" \/>\n\t<meta property=\"og:image:width\" content=\"1350\" \/>\n\t<meta property=\"og:image:height\" content=\"900\" \/>\n\t<meta property=\"og:image:type\" content=\"image\/png\" \/>\n<meta name=\"author\" content=\"Comunica\u00e7\u00e3o PSOL\" \/>\n<meta name=\"twitter:card\" content=\"summary_large_image\" \/>\n<meta name=\"twitter:creator\" content=\"@psol50\" \/>\n<meta name=\"twitter:site\" content=\"@psol50\" \/>\n<meta name=\"twitter:label1\" content=\"Escrito por\" \/>\n\t<meta name=\"twitter:data1\" content=\"Comunica\u00e7\u00e3o PSOL\" \/>\n\t<meta name=\"twitter:label2\" content=\"Est. tempo de leitura\" \/>\n\t<meta name=\"twitter:data2\" content=\"5 minutos\" \/>\n<script type=\"application\/ld+json\" class=\"yoast-schema-graph\">{\"@context\":\"https:\/\/schema.org\",\"@graph\":[{\"@type\":\"Article\",\"@id\":\"https:\/\/psol50.org.br\/a-luta-por-autonomia-e-o-caso-brasileiro\/#article\",\"isPartOf\":{\"@id\":\"https:\/\/psol50.org.br\/a-luta-por-autonomia-e-o-caso-brasileiro\/\"},\"author\":{\"name\":\"Comunica\u00e7\u00e3o PSOL\",\"@id\":\"https:\/\/psol50.org.br\/#\/schema\/person\/475dfa57d0b815993c714c2e96491fcd\"},\"headline\":\"A luta por autonomia e o caso brasileiro\",\"datePublished\":\"2013-11-27T04:21:14+00:00\",\"mainEntityOfPage\":{\"@id\":\"https:\/\/psol50.org.br\/a-luta-por-autonomia-e-o-caso-brasileiro\/\"},\"wordCount\":979,\"commentCount\":0,\"publisher\":{\"@id\":\"https:\/\/psol50.org.br\/#organization\"},\"keywords\":[\"8 de mar\u00e7o\",\"Carolina Peters\",\"feminismo\",\"mulheres\"],\"articleSection\":[\"Artigos\"],\"inLanguage\":\"pt-BR\",\"potentialAction\":[{\"@type\":\"CommentAction\",\"name\":\"Comment\",\"target\":[\"https:\/\/psol50.org.br\/a-luta-por-autonomia-e-o-caso-brasileiro\/#respond\"]}]},{\"@type\":\"WebPage\",\"@id\":\"https:\/\/psol50.org.br\/a-luta-por-autonomia-e-o-caso-brasileiro\/\",\"url\":\"https:\/\/psol50.org.br\/a-luta-por-autonomia-e-o-caso-brasileiro\/\",\"name\":\"A luta por autonomia e o caso brasileiro - PSOL 50\",\"isPartOf\":{\"@id\":\"https:\/\/psol50.org.br\/#website\"},\"datePublished\":\"2013-11-27T04:21:14+00:00\",\"breadcrumb\":{\"@id\":\"https:\/\/psol50.org.br\/a-luta-por-autonomia-e-o-caso-brasileiro\/#breadcrumb\"},\"inLanguage\":\"pt-BR\",\"potentialAction\":[{\"@type\":\"ReadAction\",\"target\":[\"https:\/\/psol50.org.br\/a-luta-por-autonomia-e-o-caso-brasileiro\/\"]}]},{\"@type\":\"BreadcrumbList\",\"@id\":\"https:\/\/psol50.org.br\/a-luta-por-autonomia-e-o-caso-brasileiro\/#breadcrumb\",\"itemListElement\":[{\"@type\":\"ListItem\",\"position\":1,\"name\":\"In\u00edcio\",\"item\":\"https:\/\/psol50.org.br\/\"},{\"@type\":\"ListItem\",\"position\":2,\"name\":\"A luta por autonomia e o caso brasileiro\"}]},{\"@type\":\"WebSite\",\"@id\":\"https:\/\/psol50.org.br\/#website\",\"url\":\"https:\/\/psol50.org.br\/\",\"name\":\"PSOL 50\",\"description\":\"Site oficial do Partido Socialismo e Liberdade\",\"publisher\":{\"@id\":\"https:\/\/psol50.org.br\/#organization\"},\"alternateName\":\"PSOL50\",\"potentialAction\":[{\"@type\":\"SearchAction\",\"target\":{\"@type\":\"EntryPoint\",\"urlTemplate\":\"https:\/\/psol50.org.br\/?s={search_term_string}\"},\"query-input\":{\"@type\":\"PropertyValueSpecification\",\"valueRequired\":true,\"valueName\":\"search_term_string\"}}],\"inLanguage\":\"pt-BR\"},{\"@type\":\"Organization\",\"@id\":\"https:\/\/psol50.org.br\/#organization\",\"name\":\"PSOL 50\",\"alternateName\":\"PSOL 50\",\"url\":\"https:\/\/psol50.org.br\/\",\"logo\":{\"@type\":\"ImageObject\",\"inLanguage\":\"pt-BR\",\"@id\":\"https:\/\/psol50.org.br\/#\/schema\/logo\/image\/\",\"url\":\"https:\/\/psol50.org.br\/inc\/uploads\/2018\/07\/capa.png\",\"contentUrl\":\"https:\/\/psol50.org.br\/inc\/uploads\/2018\/07\/capa.png\",\"width\":1350,\"height\":900,\"caption\":\"PSOL 50\"},\"image\":{\"@id\":\"https:\/\/psol50.org.br\/#\/schema\/logo\/image\/\"},\"sameAs\":[\"https:\/\/www.facebook.com\/psol50\",\"https:\/\/x.com\/psol50\",\"https:\/\/www.instagram.com\/psol50\/\",\"https:\/\/www.youtube.com\/channel\/UC7SnJS5o1os7a6CaiNabzcg\"]},{\"@type\":\"Person\",\"@id\":\"https:\/\/psol50.org.br\/#\/schema\/person\/475dfa57d0b815993c714c2e96491fcd\",\"name\":\"Comunica\u00e7\u00e3o PSOL\",\"image\":{\"@type\":\"ImageObject\",\"inLanguage\":\"pt-BR\",\"@id\":\"https:\/\/psol50.org.br\/#\/schema\/person\/image\/\",\"url\":\"https:\/\/secure.gravatar.com\/avatar\/b34fc4f4e468a4e51785917065a3db57b841f5c95dba6ad8c73aaf8f66f8f9bf?s=96&d=mm&r=g\",\"contentUrl\":\"https:\/\/secure.gravatar.com\/avatar\/b34fc4f4e468a4e51785917065a3db57b841f5c95dba6ad8c73aaf8f66f8f9bf?s=96&d=mm&r=g\",\"caption\":\"Comunica\u00e7\u00e3o PSOL\"}}]}<\/script>\n<!-- \/ Yoast SEO plugin. -->","yoast_head_json":{"title":"A luta por autonomia e o caso brasileiro - PSOL 50","robots":{"index":"index","follow":"follow","max-snippet":"max-snippet:-1","max-image-preview":"max-image-preview:large","max-video-preview":"max-video-preview:-1"},"canonical":"https:\/\/psol50.org.br\/a-luta-por-autonomia-e-o-caso-brasileiro\/","og_locale":"pt_BR","og_type":"article","og_title":"A luta por autonomia e o caso brasileiro - PSOL 50","og_description":"H\u00e1 algumas semanas, Rafael Correa &#8212; o mesmo presidente equatoriano eleito pelos movimentos sociais; que enfrentou o mercado financeiro pedindo a auditoria da d\u00edvida p\u00fablica; que conduziu um processo constituinte cujo texto final foi redigido no masculino e feminino e divulgou campanhas governamentais de combate ao machismo &#8212; amea\u00e7ou renunciar ao posto caso fosse aprovada [&hellip;]","og_url":"https:\/\/psol50.org.br\/a-luta-por-autonomia-e-o-caso-brasileiro\/","og_site_name":"PSOL 50","article_publisher":"https:\/\/www.facebook.com\/psol50","article_published_time":"2013-11-27T04:21:14+00:00","og_image":[{"width":1350,"height":900,"url":"https:\/\/psol50.org.br\/inc\/uploads\/2018\/07\/capa.png","type":"image\/png"}],"author":"Comunica\u00e7\u00e3o PSOL","twitter_card":"summary_large_image","twitter_creator":"@psol50","twitter_site":"@psol50","twitter_misc":{"Escrito por":"Comunica\u00e7\u00e3o PSOL","Est. tempo de leitura":"5 minutos"},"schema":{"@context":"https:\/\/schema.org","@graph":[{"@type":"Article","@id":"https:\/\/psol50.org.br\/a-luta-por-autonomia-e-o-caso-brasileiro\/#article","isPartOf":{"@id":"https:\/\/psol50.org.br\/a-luta-por-autonomia-e-o-caso-brasileiro\/"},"author":{"name":"Comunica\u00e7\u00e3o PSOL","@id":"https:\/\/psol50.org.br\/#\/schema\/person\/475dfa57d0b815993c714c2e96491fcd"},"headline":"A luta por autonomia e o caso brasileiro","datePublished":"2013-11-27T04:21:14+00:00","mainEntityOfPage":{"@id":"https:\/\/psol50.org.br\/a-luta-por-autonomia-e-o-caso-brasileiro\/"},"wordCount":979,"commentCount":0,"publisher":{"@id":"https:\/\/psol50.org.br\/#organization"},"keywords":["8 de mar\u00e7o","Carolina Peters","feminismo","mulheres"],"articleSection":["Artigos"],"inLanguage":"pt-BR","potentialAction":[{"@type":"CommentAction","name":"Comment","target":["https:\/\/psol50.org.br\/a-luta-por-autonomia-e-o-caso-brasileiro\/#respond"]}]},{"@type":"WebPage","@id":"https:\/\/psol50.org.br\/a-luta-por-autonomia-e-o-caso-brasileiro\/","url":"https:\/\/psol50.org.br\/a-luta-por-autonomia-e-o-caso-brasileiro\/","name":"A luta por autonomia e o caso brasileiro - PSOL 50","isPartOf":{"@id":"https:\/\/psol50.org.br\/#website"},"datePublished":"2013-11-27T04:21:14+00:00","breadcrumb":{"@id":"https:\/\/psol50.org.br\/a-luta-por-autonomia-e-o-caso-brasileiro\/#breadcrumb"},"inLanguage":"pt-BR","potentialAction":[{"@type":"ReadAction","target":["https:\/\/psol50.org.br\/a-luta-por-autonomia-e-o-caso-brasileiro\/"]}]},{"@type":"BreadcrumbList","@id":"https:\/\/psol50.org.br\/a-luta-por-autonomia-e-o-caso-brasileiro\/#breadcrumb","itemListElement":[{"@type":"ListItem","position":1,"name":"In\u00edcio","item":"https:\/\/psol50.org.br\/"},{"@type":"ListItem","position":2,"name":"A luta por autonomia e o caso brasileiro"}]},{"@type":"WebSite","@id":"https:\/\/psol50.org.br\/#website","url":"https:\/\/psol50.org.br\/","name":"PSOL 50","description":"Site oficial do Partido Socialismo e Liberdade","publisher":{"@id":"https:\/\/psol50.org.br\/#organization"},"alternateName":"PSOL50","potentialAction":[{"@type":"SearchAction","target":{"@type":"EntryPoint","urlTemplate":"https:\/\/psol50.org.br\/?s={search_term_string}"},"query-input":{"@type":"PropertyValueSpecification","valueRequired":true,"valueName":"search_term_string"}}],"inLanguage":"pt-BR"},{"@type":"Organization","@id":"https:\/\/psol50.org.br\/#organization","name":"PSOL 50","alternateName":"PSOL 50","url":"https:\/\/psol50.org.br\/","logo":{"@type":"ImageObject","inLanguage":"pt-BR","@id":"https:\/\/psol50.org.br\/#\/schema\/logo\/image\/","url":"https:\/\/psol50.org.br\/inc\/uploads\/2018\/07\/capa.png","contentUrl":"https:\/\/psol50.org.br\/inc\/uploads\/2018\/07\/capa.png","width":1350,"height":900,"caption":"PSOL 50"},"image":{"@id":"https:\/\/psol50.org.br\/#\/schema\/logo\/image\/"},"sameAs":["https:\/\/www.facebook.com\/psol50","https:\/\/x.com\/psol50","https:\/\/www.instagram.com\/psol50\/","https:\/\/www.youtube.com\/channel\/UC7SnJS5o1os7a6CaiNabzcg"]},{"@type":"Person","@id":"https:\/\/psol50.org.br\/#\/schema\/person\/475dfa57d0b815993c714c2e96491fcd","name":"Comunica\u00e7\u00e3o PSOL","image":{"@type":"ImageObject","inLanguage":"pt-BR","@id":"https:\/\/psol50.org.br\/#\/schema\/person\/image\/","url":"https:\/\/secure.gravatar.com\/avatar\/b34fc4f4e468a4e51785917065a3db57b841f5c95dba6ad8c73aaf8f66f8f9bf?s=96&d=mm&r=g","contentUrl":"https:\/\/secure.gravatar.com\/avatar\/b34fc4f4e468a4e51785917065a3db57b841f5c95dba6ad8c73aaf8f66f8f9bf?s=96&d=mm&r=g","caption":"Comunica\u00e7\u00e3o PSOL"}}]}},"_links":{"self":[{"href":"https:\/\/psol50.org.br\/rest\/wp\/v2\/posts\/4366","targetHints":{"allow":["GET"]}}],"collection":[{"href":"https:\/\/psol50.org.br\/rest\/wp\/v2\/posts"}],"about":[{"href":"https:\/\/psol50.org.br\/rest\/wp\/v2\/types\/post"}],"author":[{"embeddable":true,"href":"https:\/\/psol50.org.br\/rest\/wp\/v2\/users\/2"}],"replies":[{"embeddable":true,"href":"https:\/\/psol50.org.br\/rest\/wp\/v2\/comments?post=4366"}],"version-history":[{"count":0,"href":"https:\/\/psol50.org.br\/rest\/wp\/v2\/posts\/4366\/revisions"}],"wp:attachment":[{"href":"https:\/\/psol50.org.br\/rest\/wp\/v2\/media?parent=4366"}],"wp:term":[{"taxonomy":"category","embeddable":true,"href":"https:\/\/psol50.org.br\/rest\/wp\/v2\/categories?post=4366"},{"taxonomy":"post_tag","embeddable":true,"href":"https:\/\/psol50.org.br\/rest\/wp\/v2\/tags?post=4366"}],"curies":[{"name":"wp","href":"https:\/\/api.w.org\/{rel}","templated":true}]}}