{"id":4370,"date":"2013-03-08T04:24:29","date_gmt":"2013-03-08T04:24:29","guid":{"rendered":"http:\/\/179.190.55.146\/~psol5185\/?p=4370"},"modified":"2013-03-08T04:24:29","modified_gmt":"2013-03-08T04:24:29","slug":"feminismo-socialista-socialismo-feminista","status":"publish","type":"post","link":"https:\/\/psol50.org.br\/feminismo-socialista-socialismo-feminista\/","title":{"rendered":"Feminismo socialista, socialismo feminista"},"content":{"rendered":"<div id=\"blocoDadosPrint\">Diante da polui\u00e7\u00e3o visual das vitrines, das flores distribu\u00eddas pelas ruas e da torrente de comerciais e an\u00fancios euf\u00f3ricos que n\u00e3o homenageiam as mulheres \u2014 setor sistematicamente oprimido da nossa sociedade \u2013, mas que exaltam o \u201cfeminino\u201d \u2014 constru\u00e7\u00e3o ideol\u00f3gica de nossa posi\u00e7\u00e3o de delicadeza fr\u00e1gil e submiss\u00e3o \u2013, \u00e9 necess\u00e1rio lembrar que o 8 de mar\u00e7o \u00e9 uma data nossa, das e dos socialistas: O dia internacional de luta das mulheres foi proposto por Clara Zetkin em mem\u00f3ria \u00e0 greve das oper\u00e1rias t\u00eaxteis russas, um dos primeiros eventos da Revolu\u00e7\u00e3o de 1917. As lutas ao longo da hist\u00f3ria permitiram avan\u00e7os, mas o feminismo segue atual e urgente.<\/div>\n<div class=\"txtPrint\">\n<p class=\"western\">O machismo n\u00e3o \u00e9 uma mera ideia que permeia um inconsciente coletivo; tem base material. A Divis\u00e3o Sexual do Trabalho, que relega a mulher ao espa\u00e7o privado, do trabalho dom\u00e9stico invisibilizado e sem remunera\u00e7\u00e3o, \u00e9 fundamental para a manuten\u00e7\u00e3o da sociedade e a partir dele se gera indiretamente mais-valia. Mesmo com a entrada massiva das mulheres no mercado de trabalho, ainda lutamos por equipara\u00e7\u00e3o salarial aos homens. Desempenhando a mesma fun\u00e7\u00e3o, ganhamos em m\u00e9dia 70% dos sal\u00e1rios masculinos, chegando a menos da metade quando confrontamos o sal\u00e1rios do homem branco com o da mulher negra. Somos hoje maioria nas universidades, embora ainda muito restritas a profiss\u00f5es menos prestigiadas.<\/p>\n<p>As estat\u00edsticas apontam que pobreza \u00e9 feminina e negra. Nosso feminismo tem cor e classe, mas mais que isso, \u00e9 fundamental que a estrat\u00e9gia revolucion\u00e1ria d\u00ea conta da complexidade das rela\u00e7\u00f5es de opress\u00e3o-explora\u00e7\u00e3o, que dentro da nossa concep\u00e7\u00e3o s\u00e3o indissoci\u00e1veis<\/p>\n<p>O espa\u00e7o p\u00fablico, onde se opera a pol\u00edtica, \u00e9 historicamente o territ\u00f3rio dos homens. Mesmo nos ambientes de esquerda nos deparamos com o machismo, seja no extremo da trucul\u00eancia com uma companheira, seja na reprodu\u00e7\u00e3o mec\u00e2nica da divis\u00e3o sexual do trabalho, designando as mulheres para fun\u00e7\u00f5es \u201cmenores\u201d e mais burocr\u00e1ticas, como secretariado e organiza\u00e7\u00e3o (no que se inclui o cafezinho das reuni\u00f5es), enquanto os companheiros tendem a monopolizar as falas e tarefas mais estritamente pol\u00edticas. H\u00e1 tamb\u00e9m um outro aspecto mais involunt\u00e1rio, mas ao qual devemos nos atentar: a predomin\u00e2ncia absoluta de homens nos espa\u00e7os, tornando-os hostis \u00e0s mulheres, cuja cria\u00e7\u00e3o cultural sempre as afastou da participa\u00e7\u00e3o pol\u00edtica.<\/p>\n<p>A implementa\u00e7\u00e3o de cotas para mulheres nas dire\u00e7\u00f5es partid\u00e1rias, conforme aprovamos no III Congresso do PSOL, foi um grande passo no sentido de dar uma cara mais feminina ao partido na qual as mulheres se reconhe\u00e7am e referenciem, de forma a incentivar seu protagonismo militante. Medida acertada tamb\u00e9m para formar novas dirigentes, pois deve-se considerar que boa parte da forma\u00e7\u00e3o pol\u00edtica se d\u00e1 na pr\u00e1tica cotidiana, no conv\u00edvio com a experi\u00eancia, na luta concreta e assumindo tarefas. \u00c9 uma conquista coletiva das mulheres do PSOL e fortalece o partido como um todo.<\/p>\n<p>Se \u00e9 certo que a auto organiza\u00e7\u00e3o \u00e9 imprescind\u00edvel, que deve partir de n\u00f3s mesmas, enquanto sujeitos de nossa emancipa\u00e7\u00e3o, levantar nossas pautas e organizar as reivindica\u00e7\u00f5es, aponte-se que, se estas n\u00e3o forem assumidas coletivamente, tanto o combate ao machismo se fragiliza, quanto se fragiliza a luta socialista. E parte tamb\u00e9m do nosso entendimento que n\u00e3o h\u00e1 outra forma poss\u00edvel para o avan\u00e7o de uma pol\u00edtica socialista e feminista sen\u00e3o que n\u00f3s, mulheres, atuemos n\u00e3o apenas nos setoriais, mas sejamos feministas em todas as esferas. Pois esse \u00e9 nosso objetivo \u00faltimo: uma sociedade em que sejamos \u201csocialmente iguais, humanamente diferentes e totalmente livres\u201d.<\/p>\n<p class=\"western\">\n<\/div>\n","protected":false},"excerpt":{"rendered":"<p>Diante da polui\u00e7\u00e3o visual das vitrines, das flores distribu\u00eddas pelas ruas e da torrente de comerciais e an\u00fancios euf\u00f3ricos que n\u00e3o homenageiam as mulheres \u2014 setor sistematicamente oprimido da nossa sociedade \u2013, mas que exaltam o \u201cfeminino\u201d \u2014 constru\u00e7\u00e3o ideol\u00f3gica de nossa posi\u00e7\u00e3o de delicadeza fr\u00e1gil e submiss\u00e3o \u2013, \u00e9 necess\u00e1rio lembrar que o 8 [&hellip;]<\/p>\n","protected":false},"author":2,"featured_media":0,"comment_status":"open","ping_status":"open","sticky":false,"template":"","format":"standard","meta":{"_acf_changed":false,"footnotes":""},"categories":[3],"tags":[294,2943,30,4],"class_list":{"0":"post-4370","1":"post","2":"type-post","3":"status-publish","4":"format-standard","6":"category-artigos-e-entrevistas","7":"tag-8-de-marco","8":"tag-carolina-peters","9":"tag-feminismo","10":"tag-mulheres"},"acf":[],"yoast_head":"<!-- This site is optimized with the Yoast SEO plugin v26.5 - https:\/\/yoast.com\/wordpress\/plugins\/seo\/ -->\n<title>Feminismo socialista, socialismo feminista - PSOL 50<\/title>\n<meta name=\"robots\" content=\"index, follow, max-snippet:-1, max-image-preview:large, max-video-preview:-1\" \/>\n<link rel=\"canonical\" href=\"https:\/\/psol50.org.br\/feminismo-socialista-socialismo-feminista\/\" \/>\n<meta property=\"og:locale\" content=\"pt_BR\" \/>\n<meta property=\"og:type\" content=\"article\" \/>\n<meta property=\"og:title\" content=\"Feminismo socialista, socialismo feminista - PSOL 50\" \/>\n<meta property=\"og:description\" content=\"Diante da polui\u00e7\u00e3o visual das vitrines, das flores distribu\u00eddas pelas ruas e da torrente de comerciais e an\u00fancios euf\u00f3ricos que n\u00e3o homenageiam as mulheres \u2014 setor sistematicamente oprimido da nossa sociedade \u2013, mas que exaltam o \u201cfeminino\u201d \u2014 constru\u00e7\u00e3o ideol\u00f3gica de nossa posi\u00e7\u00e3o de delicadeza fr\u00e1gil e submiss\u00e3o \u2013, \u00e9 necess\u00e1rio lembrar que o 8 [&hellip;]\" \/>\n<meta property=\"og:url\" content=\"https:\/\/psol50.org.br\/feminismo-socialista-socialismo-feminista\/\" \/>\n<meta property=\"og:site_name\" content=\"PSOL 50\" \/>\n<meta property=\"article:publisher\" content=\"https:\/\/www.facebook.com\/psol50\" \/>\n<meta property=\"article:published_time\" content=\"2013-03-08T04:24:29+00:00\" \/>\n<meta property=\"og:image\" content=\"https:\/\/psol50.org.br\/inc\/uploads\/2018\/07\/capa.png\" \/>\n\t<meta property=\"og:image:width\" content=\"1350\" \/>\n\t<meta property=\"og:image:height\" content=\"900\" \/>\n\t<meta property=\"og:image:type\" content=\"image\/png\" \/>\n<meta name=\"author\" content=\"Comunica\u00e7\u00e3o PSOL\" \/>\n<meta name=\"twitter:card\" content=\"summary_large_image\" \/>\n<meta name=\"twitter:creator\" content=\"@psol50\" \/>\n<meta name=\"twitter:site\" content=\"@psol50\" \/>\n<meta name=\"twitter:label1\" content=\"Escrito por\" \/>\n\t<meta name=\"twitter:data1\" content=\"Comunica\u00e7\u00e3o PSOL\" \/>\n\t<meta name=\"twitter:label2\" content=\"Est. tempo de leitura\" \/>\n\t<meta name=\"twitter:data2\" content=\"3 minutos\" \/>\n<script type=\"application\/ld+json\" class=\"yoast-schema-graph\">{\"@context\":\"https:\/\/schema.org\",\"@graph\":[{\"@type\":\"Article\",\"@id\":\"https:\/\/psol50.org.br\/feminismo-socialista-socialismo-feminista\/#article\",\"isPartOf\":{\"@id\":\"https:\/\/psol50.org.br\/feminismo-socialista-socialismo-feminista\/\"},\"author\":{\"name\":\"Comunica\u00e7\u00e3o PSOL\",\"@id\":\"https:\/\/psol50.org.br\/#\/schema\/person\/475dfa57d0b815993c714c2e96491fcd\"},\"headline\":\"Feminismo socialista, socialismo feminista\",\"datePublished\":\"2013-03-08T04:24:29+00:00\",\"mainEntityOfPage\":{\"@id\":\"https:\/\/psol50.org.br\/feminismo-socialista-socialismo-feminista\/\"},\"wordCount\":627,\"commentCount\":0,\"publisher\":{\"@id\":\"https:\/\/psol50.org.br\/#organization\"},\"keywords\":[\"8 de mar\u00e7o\",\"Carolina Peters\",\"feminismo\",\"mulheres\"],\"articleSection\":[\"Artigos\"],\"inLanguage\":\"pt-BR\",\"potentialAction\":[{\"@type\":\"CommentAction\",\"name\":\"Comment\",\"target\":[\"https:\/\/psol50.org.br\/feminismo-socialista-socialismo-feminista\/#respond\"]}]},{\"@type\":\"WebPage\",\"@id\":\"https:\/\/psol50.org.br\/feminismo-socialista-socialismo-feminista\/\",\"url\":\"https:\/\/psol50.org.br\/feminismo-socialista-socialismo-feminista\/\",\"name\":\"Feminismo socialista, socialismo feminista - PSOL 50\",\"isPartOf\":{\"@id\":\"https:\/\/psol50.org.br\/#website\"},\"datePublished\":\"2013-03-08T04:24:29+00:00\",\"breadcrumb\":{\"@id\":\"https:\/\/psol50.org.br\/feminismo-socialista-socialismo-feminista\/#breadcrumb\"},\"inLanguage\":\"pt-BR\",\"potentialAction\":[{\"@type\":\"ReadAction\",\"target\":[\"https:\/\/psol50.org.br\/feminismo-socialista-socialismo-feminista\/\"]}]},{\"@type\":\"BreadcrumbList\",\"@id\":\"https:\/\/psol50.org.br\/feminismo-socialista-socialismo-feminista\/#breadcrumb\",\"itemListElement\":[{\"@type\":\"ListItem\",\"position\":1,\"name\":\"In\u00edcio\",\"item\":\"https:\/\/psol50.org.br\/\"},{\"@type\":\"ListItem\",\"position\":2,\"name\":\"Feminismo socialista, socialismo feminista\"}]},{\"@type\":\"WebSite\",\"@id\":\"https:\/\/psol50.org.br\/#website\",\"url\":\"https:\/\/psol50.org.br\/\",\"name\":\"PSOL 50\",\"description\":\"Site oficial do Partido Socialismo e Liberdade\",\"publisher\":{\"@id\":\"https:\/\/psol50.org.br\/#organization\"},\"alternateName\":\"PSOL50\",\"potentialAction\":[{\"@type\":\"SearchAction\",\"target\":{\"@type\":\"EntryPoint\",\"urlTemplate\":\"https:\/\/psol50.org.br\/?s={search_term_string}\"},\"query-input\":{\"@type\":\"PropertyValueSpecification\",\"valueRequired\":true,\"valueName\":\"search_term_string\"}}],\"inLanguage\":\"pt-BR\"},{\"@type\":\"Organization\",\"@id\":\"https:\/\/psol50.org.br\/#organization\",\"name\":\"PSOL 50\",\"alternateName\":\"PSOL 50\",\"url\":\"https:\/\/psol50.org.br\/\",\"logo\":{\"@type\":\"ImageObject\",\"inLanguage\":\"pt-BR\",\"@id\":\"https:\/\/psol50.org.br\/#\/schema\/logo\/image\/\",\"url\":\"https:\/\/psol50.org.br\/inc\/uploads\/2018\/07\/capa.png\",\"contentUrl\":\"https:\/\/psol50.org.br\/inc\/uploads\/2018\/07\/capa.png\",\"width\":1350,\"height\":900,\"caption\":\"PSOL 50\"},\"image\":{\"@id\":\"https:\/\/psol50.org.br\/#\/schema\/logo\/image\/\"},\"sameAs\":[\"https:\/\/www.facebook.com\/psol50\",\"https:\/\/x.com\/psol50\",\"https:\/\/www.instagram.com\/psol50\/\",\"https:\/\/www.youtube.com\/channel\/UC7SnJS5o1os7a6CaiNabzcg\"]},{\"@type\":\"Person\",\"@id\":\"https:\/\/psol50.org.br\/#\/schema\/person\/475dfa57d0b815993c714c2e96491fcd\",\"name\":\"Comunica\u00e7\u00e3o PSOL\",\"image\":{\"@type\":\"ImageObject\",\"inLanguage\":\"pt-BR\",\"@id\":\"https:\/\/psol50.org.br\/#\/schema\/person\/image\/\",\"url\":\"https:\/\/secure.gravatar.com\/avatar\/b34fc4f4e468a4e51785917065a3db57b841f5c95dba6ad8c73aaf8f66f8f9bf?s=96&d=mm&r=g\",\"contentUrl\":\"https:\/\/secure.gravatar.com\/avatar\/b34fc4f4e468a4e51785917065a3db57b841f5c95dba6ad8c73aaf8f66f8f9bf?s=96&d=mm&r=g\",\"caption\":\"Comunica\u00e7\u00e3o PSOL\"}}]}<\/script>\n<!-- \/ Yoast SEO plugin. -->","yoast_head_json":{"title":"Feminismo socialista, socialismo feminista - PSOL 50","robots":{"index":"index","follow":"follow","max-snippet":"max-snippet:-1","max-image-preview":"max-image-preview:large","max-video-preview":"max-video-preview:-1"},"canonical":"https:\/\/psol50.org.br\/feminismo-socialista-socialismo-feminista\/","og_locale":"pt_BR","og_type":"article","og_title":"Feminismo socialista, socialismo feminista - PSOL 50","og_description":"Diante da polui\u00e7\u00e3o visual das vitrines, das flores distribu\u00eddas pelas ruas e da torrente de comerciais e an\u00fancios euf\u00f3ricos que n\u00e3o homenageiam as mulheres \u2014 setor sistematicamente oprimido da nossa sociedade \u2013, mas que exaltam o \u201cfeminino\u201d \u2014 constru\u00e7\u00e3o ideol\u00f3gica de nossa posi\u00e7\u00e3o de delicadeza fr\u00e1gil e submiss\u00e3o \u2013, \u00e9 necess\u00e1rio lembrar que o 8 [&hellip;]","og_url":"https:\/\/psol50.org.br\/feminismo-socialista-socialismo-feminista\/","og_site_name":"PSOL 50","article_publisher":"https:\/\/www.facebook.com\/psol50","article_published_time":"2013-03-08T04:24:29+00:00","og_image":[{"width":1350,"height":900,"url":"https:\/\/psol50.org.br\/inc\/uploads\/2018\/07\/capa.png","type":"image\/png"}],"author":"Comunica\u00e7\u00e3o PSOL","twitter_card":"summary_large_image","twitter_creator":"@psol50","twitter_site":"@psol50","twitter_misc":{"Escrito por":"Comunica\u00e7\u00e3o PSOL","Est. tempo de leitura":"3 minutos"},"schema":{"@context":"https:\/\/schema.org","@graph":[{"@type":"Article","@id":"https:\/\/psol50.org.br\/feminismo-socialista-socialismo-feminista\/#article","isPartOf":{"@id":"https:\/\/psol50.org.br\/feminismo-socialista-socialismo-feminista\/"},"author":{"name":"Comunica\u00e7\u00e3o PSOL","@id":"https:\/\/psol50.org.br\/#\/schema\/person\/475dfa57d0b815993c714c2e96491fcd"},"headline":"Feminismo socialista, socialismo feminista","datePublished":"2013-03-08T04:24:29+00:00","mainEntityOfPage":{"@id":"https:\/\/psol50.org.br\/feminismo-socialista-socialismo-feminista\/"},"wordCount":627,"commentCount":0,"publisher":{"@id":"https:\/\/psol50.org.br\/#organization"},"keywords":["8 de mar\u00e7o","Carolina Peters","feminismo","mulheres"],"articleSection":["Artigos"],"inLanguage":"pt-BR","potentialAction":[{"@type":"CommentAction","name":"Comment","target":["https:\/\/psol50.org.br\/feminismo-socialista-socialismo-feminista\/#respond"]}]},{"@type":"WebPage","@id":"https:\/\/psol50.org.br\/feminismo-socialista-socialismo-feminista\/","url":"https:\/\/psol50.org.br\/feminismo-socialista-socialismo-feminista\/","name":"Feminismo socialista, socialismo feminista - PSOL 50","isPartOf":{"@id":"https:\/\/psol50.org.br\/#website"},"datePublished":"2013-03-08T04:24:29+00:00","breadcrumb":{"@id":"https:\/\/psol50.org.br\/feminismo-socialista-socialismo-feminista\/#breadcrumb"},"inLanguage":"pt-BR","potentialAction":[{"@type":"ReadAction","target":["https:\/\/psol50.org.br\/feminismo-socialista-socialismo-feminista\/"]}]},{"@type":"BreadcrumbList","@id":"https:\/\/psol50.org.br\/feminismo-socialista-socialismo-feminista\/#breadcrumb","itemListElement":[{"@type":"ListItem","position":1,"name":"In\u00edcio","item":"https:\/\/psol50.org.br\/"},{"@type":"ListItem","position":2,"name":"Feminismo socialista, socialismo feminista"}]},{"@type":"WebSite","@id":"https:\/\/psol50.org.br\/#website","url":"https:\/\/psol50.org.br\/","name":"PSOL 50","description":"Site oficial do Partido Socialismo e Liberdade","publisher":{"@id":"https:\/\/psol50.org.br\/#organization"},"alternateName":"PSOL50","potentialAction":[{"@type":"SearchAction","target":{"@type":"EntryPoint","urlTemplate":"https:\/\/psol50.org.br\/?s={search_term_string}"},"query-input":{"@type":"PropertyValueSpecification","valueRequired":true,"valueName":"search_term_string"}}],"inLanguage":"pt-BR"},{"@type":"Organization","@id":"https:\/\/psol50.org.br\/#organization","name":"PSOL 50","alternateName":"PSOL 50","url":"https:\/\/psol50.org.br\/","logo":{"@type":"ImageObject","inLanguage":"pt-BR","@id":"https:\/\/psol50.org.br\/#\/schema\/logo\/image\/","url":"https:\/\/psol50.org.br\/inc\/uploads\/2018\/07\/capa.png","contentUrl":"https:\/\/psol50.org.br\/inc\/uploads\/2018\/07\/capa.png","width":1350,"height":900,"caption":"PSOL 50"},"image":{"@id":"https:\/\/psol50.org.br\/#\/schema\/logo\/image\/"},"sameAs":["https:\/\/www.facebook.com\/psol50","https:\/\/x.com\/psol50","https:\/\/www.instagram.com\/psol50\/","https:\/\/www.youtube.com\/channel\/UC7SnJS5o1os7a6CaiNabzcg"]},{"@type":"Person","@id":"https:\/\/psol50.org.br\/#\/schema\/person\/475dfa57d0b815993c714c2e96491fcd","name":"Comunica\u00e7\u00e3o PSOL","image":{"@type":"ImageObject","inLanguage":"pt-BR","@id":"https:\/\/psol50.org.br\/#\/schema\/person\/image\/","url":"https:\/\/secure.gravatar.com\/avatar\/b34fc4f4e468a4e51785917065a3db57b841f5c95dba6ad8c73aaf8f66f8f9bf?s=96&d=mm&r=g","contentUrl":"https:\/\/secure.gravatar.com\/avatar\/b34fc4f4e468a4e51785917065a3db57b841f5c95dba6ad8c73aaf8f66f8f9bf?s=96&d=mm&r=g","caption":"Comunica\u00e7\u00e3o PSOL"}}]}},"_links":{"self":[{"href":"https:\/\/psol50.org.br\/rest\/wp\/v2\/posts\/4370","targetHints":{"allow":["GET"]}}],"collection":[{"href":"https:\/\/psol50.org.br\/rest\/wp\/v2\/posts"}],"about":[{"href":"https:\/\/psol50.org.br\/rest\/wp\/v2\/types\/post"}],"author":[{"embeddable":true,"href":"https:\/\/psol50.org.br\/rest\/wp\/v2\/users\/2"}],"replies":[{"embeddable":true,"href":"https:\/\/psol50.org.br\/rest\/wp\/v2\/comments?post=4370"}],"version-history":[{"count":0,"href":"https:\/\/psol50.org.br\/rest\/wp\/v2\/posts\/4370\/revisions"}],"wp:attachment":[{"href":"https:\/\/psol50.org.br\/rest\/wp\/v2\/media?parent=4370"}],"wp:term":[{"taxonomy":"category","embeddable":true,"href":"https:\/\/psol50.org.br\/rest\/wp\/v2\/categories?post=4370"},{"taxonomy":"post_tag","embeddable":true,"href":"https:\/\/psol50.org.br\/rest\/wp\/v2\/tags?post=4370"}],"curies":[{"name":"wp","href":"https:\/\/api.w.org\/{rel}","templated":true}]}}