{"id":4373,"date":"2015-08-31T04:44:38","date_gmt":"2015-08-31T04:44:38","guid":{"rendered":"http:\/\/179.190.55.146\/~psol5185\/?p=4373"},"modified":"2015-08-31T04:44:38","modified_gmt":"2015-08-31T04:44:38","slug":"acrisia-hipocrisia-e-democracia","status":"publish","type":"post","link":"https:\/\/psol50.org.br\/acrisia-hipocrisia-e-democracia\/","title":{"rendered":"Acrisia, hipocrisia e democracia*"},"content":{"rendered":"<div id=\"blocoDadosPrint\">Acrisia \u00e9 um termo m\u00e9dico do s\u00e9culo XIX, usado quando o diagn\u00f3stico de um paciente est\u00e1 impreciso. Vem do grego e, no sentido etimol\u00f3gico, quer dizer \u201cconfus\u00e3o, falta de discernimento, car\u00e1ter indeciso de uma doen\u00e7a\u201d. Tudo a ver com a realidade brasileira atual.<\/div>\n<div><\/div>\n<div class=\"txtPrint\">Por outro lado, ainda no campo sem\u00e2ntico, vale lembrar que toda crise \u2013 de ordem pessoal ou social \u2013 demanda um acrisolamento, isto \u00e9, uma depura\u00e7\u00e3o. Pede que, no cadinho dos conflitos em ebuli\u00e7\u00e3o, os agentes pol\u00edticos consigam tirar as sujeiras do \u201cmetal precioso\u201d da nossa institucionalidade.Valiosa \u00e9 a nossa constru\u00e7\u00e3o democr\u00e1tica, que necessita, nesta quadra cr\u00edtica, de qualidades superiores. De avan\u00e7os e n\u00e3o retrocessos. Isto s\u00f3 vir\u00e1 com uma refunda\u00e7\u00e3o da Rep\u00fablica. Que \u00e9 bem mais que impedimento da presidenta, assun\u00e7\u00e3o do vice ou novas elei\u00e7\u00f5es presidenciais com as mesmas regras do jogo da governabilidade fisiol\u00f3gica que aprofundou a degrada\u00e7\u00e3o.<br \/>\nS\u00f3 uma cidadania ativa e horizontal impulsionaria uma reforma pol\u00edtica que libertasse os partidos e o sistema eleitoral da pris\u00e3o dos conglomerados econ\u00f4micos; uma reforma tribut\u00e1ria progressiva, que de fato gravasse os mais ricos; uma auditoria da d\u00edvida p\u00fablica, como prev\u00ea a Constitui\u00e7\u00e3o; uma constituinte, eleita com normas que assegurassem a igualdade de condi\u00e7\u00f5es. Trata-se de redesenhar o molde institucional do pa\u00eds, democratizando os poderes, a cultura, a comunica\u00e7\u00e3o de massa.<br \/>\nMas a hist\u00f3ria n\u00e3o tem o ritmo das nossas ansiedades. Sua din\u00e2mica varia de acordo com as conjunturas e as for\u00e7as sociais em confronto. S\u00e9rgio Buarque de Holanda falava do\u00a0<em>modus paulatim<\/em>\u00a0e do\u00a0<em>modus saltantim<\/em>\u00a0desta s\u00e1bia senhora&#8230;<br \/>\nPaci\u00eancia \u00e9 preciso: reconhe\u00e7amos que o melhor acrisolamento, o passo adiante para a nossa democracia ainda n\u00e3o tem ac\u00famulo pol\u00edtico que o torne alternativa imediata \u00e0 crise. Ainda carecemos de ampla consci\u00eancia, organiza\u00e7\u00e3o e mobiliza\u00e7\u00e3o populares para tanto. O cen\u00e1rio mais prov\u00e1vel \u00e9 termos mais do mesmo, na tradi\u00e7\u00e3o continu\u00edsta do pacto pelo alto das oligarquias no poder.<br \/>\nEstamos vivendo uma transi\u00e7\u00e3o entre o velho n\u00e3o sepultado e o novo que ainda n\u00e3o nasceu. Nesses intervalos turbulentos, de grande imprevisibilidade, surgem atores inconsistentes e oportunistas de todo o tipo. Delineia-se o costumeiro: mudar alguma coisa para que tudo, na ess\u00eancia, permane\u00e7a como est\u00e1.<br \/>\nPor\u00e9m, ainda que aqu\u00e9m do necess\u00e1rio horizonte hist\u00f3rico de um novo modelo pol\u00edtico e econ\u00f4mico, atitudes imediatas devem ser tomadas. Elas exigem que se abandone o mar polu\u00eddo de cumplicidades e hipocrisia em que se afogam as for\u00e7as pol\u00edticas dominantes \u2013 a\u00ed inclu\u00edda a oposi\u00e7\u00e3o conservadora, \u00e1vida por ter \u201ca chave do cofre e a caneta de volta\u201d, como proclamou um l\u00edder da minoria que tem sido maioria na C\u00e2mara dos Deputados.<br \/>\nPara j\u00e1, os partidos e as inst\u00e2ncias p\u00fablicas precisam afastar de seus quadros e fun\u00e7\u00f5es os acusados da Lava Jato. N\u00e3o \u00e9 poss\u00edvel tergiversar, sob pena de se consolidar a c\u00ednica gangsteriza\u00e7\u00e3o da pol\u00edtica nacional. Os denunciados n\u00e3o podem ser ministros nem ocupar fun\u00e7\u00f5es de mando no Parlamento, em mesas diretoras ou comiss\u00f5es. Como \u00e9 not\u00f3rio, mesmo fora dos meios jur\u00eddicos, a situa\u00e7\u00e3o de um investigado em inqu\u00e9rito \u00e9 distinta da de um denunciado ou de um r\u00e9u. Nesse caso, ele est\u00e1 formalmente acusado de ter praticado um crime, como o presidente da C\u00e2mara dos Deputados. O respeito \u00e0 fun\u00e7\u00e3o p\u00fablica imp\u00f5e que n\u00e3o prossiga ali, at\u00e9 que todo o processo seja conclu\u00eddo.<br \/>\nSe nem esse pequeno passo de depura\u00e7\u00e3o for dado, estaremos condenando as institui\u00e7\u00f5es republicanas ao descr\u00e9dito total.<br \/>\n*<em>Artigo originalmente publicado no jornal\u00a0<a href=\"http:\/\/www1.folha.uol.com.br\/paywall\/login-colunista.shtml?http:\/\/www1.folha.uol.com.br\/opiniao\/2015\/08\/1675227-acrisia-hipocrisia-e-democracia.shtml\">Folha de S\u00e3o Paulo.<\/a><\/em>\n<\/div>\n","protected":false},"excerpt":{"rendered":"<p>Acrisia \u00e9 um termo m\u00e9dico do s\u00e9culo XIX, usado quando o diagn\u00f3stico de um paciente est\u00e1 impreciso. Vem do grego e, no sentido etimol\u00f3gico, quer dizer \u201cconfus\u00e3o, falta de discernimento, car\u00e1ter indeciso de uma doen\u00e7a\u201d. Tudo a ver com a realidade brasileira atual. Por outro lado, ainda no campo sem\u00e2ntico, vale lembrar que toda crise [&hellip;]<\/p>\n","protected":false},"author":2,"featured_media":0,"comment_status":"open","ping_status":"open","sticky":false,"template":"","format":"standard","meta":{"_acf_changed":false,"footnotes":""},"categories":[10,3],"tags":[1680,162],"class_list":{"0":"post-4373","1":"post","2":"type-post","3":"status-publish","4":"format-standard","6":"category-acao-parlamentares","7":"category-artigos-e-entrevistas","8":"tag-chico-alencar","9":"tag-rio-de-janeiro"},"acf":[],"yoast_head":"<!-- This site is optimized with the Yoast SEO plugin v26.5 - https:\/\/yoast.com\/wordpress\/plugins\/seo\/ -->\n<title>Acrisia, hipocrisia e democracia* - PSOL 50<\/title>\n<meta name=\"robots\" content=\"index, follow, max-snippet:-1, max-image-preview:large, max-video-preview:-1\" \/>\n<link rel=\"canonical\" href=\"https:\/\/psol50.org.br\/acrisia-hipocrisia-e-democracia\/\" \/>\n<meta property=\"og:locale\" content=\"pt_BR\" \/>\n<meta property=\"og:type\" content=\"article\" \/>\n<meta property=\"og:title\" content=\"Acrisia, hipocrisia e democracia* - PSOL 50\" \/>\n<meta property=\"og:description\" content=\"Acrisia \u00e9 um termo m\u00e9dico do s\u00e9culo XIX, usado quando o diagn\u00f3stico de um paciente est\u00e1 impreciso. Vem do grego e, no sentido etimol\u00f3gico, quer dizer \u201cconfus\u00e3o, falta de discernimento, car\u00e1ter indeciso de uma doen\u00e7a\u201d. Tudo a ver com a realidade brasileira atual. Por outro lado, ainda no campo sem\u00e2ntico, vale lembrar que toda crise [&hellip;]\" \/>\n<meta property=\"og:url\" content=\"https:\/\/psol50.org.br\/acrisia-hipocrisia-e-democracia\/\" \/>\n<meta property=\"og:site_name\" content=\"PSOL 50\" \/>\n<meta property=\"article:publisher\" content=\"https:\/\/www.facebook.com\/psol50\" \/>\n<meta property=\"article:published_time\" content=\"2015-08-31T04:44:38+00:00\" \/>\n<meta property=\"og:image\" content=\"https:\/\/psol50.org.br\/inc\/uploads\/2018\/07\/capa.png\" \/>\n\t<meta property=\"og:image:width\" content=\"1350\" \/>\n\t<meta property=\"og:image:height\" content=\"900\" \/>\n\t<meta property=\"og:image:type\" content=\"image\/png\" \/>\n<meta name=\"author\" content=\"Comunica\u00e7\u00e3o PSOL\" \/>\n<meta name=\"twitter:card\" content=\"summary_large_image\" \/>\n<meta name=\"twitter:creator\" content=\"@psol50\" \/>\n<meta name=\"twitter:site\" content=\"@psol50\" \/>\n<meta name=\"twitter:label1\" content=\"Escrito por\" \/>\n\t<meta name=\"twitter:data1\" content=\"Comunica\u00e7\u00e3o PSOL\" \/>\n\t<meta name=\"twitter:label2\" content=\"Est. tempo de leitura\" \/>\n\t<meta name=\"twitter:data2\" content=\"3 minutos\" \/>\n<script type=\"application\/ld+json\" class=\"yoast-schema-graph\">{\"@context\":\"https:\/\/schema.org\",\"@graph\":[{\"@type\":\"Article\",\"@id\":\"https:\/\/psol50.org.br\/acrisia-hipocrisia-e-democracia\/#article\",\"isPartOf\":{\"@id\":\"https:\/\/psol50.org.br\/acrisia-hipocrisia-e-democracia\/\"},\"author\":{\"name\":\"Comunica\u00e7\u00e3o PSOL\",\"@id\":\"https:\/\/psol50.org.br\/#\/schema\/person\/475dfa57d0b815993c714c2e96491fcd\"},\"headline\":\"Acrisia, hipocrisia e democracia*\",\"datePublished\":\"2015-08-31T04:44:38+00:00\",\"mainEntityOfPage\":{\"@id\":\"https:\/\/psol50.org.br\/acrisia-hipocrisia-e-democracia\/\"},\"wordCount\":653,\"commentCount\":0,\"publisher\":{\"@id\":\"https:\/\/psol50.org.br\/#organization\"},\"keywords\":[\"Chico Alencar\",\"Rio de Janeiro\"],\"articleSection\":[\"A\u00e7\u00e3o Parlamentar\",\"Artigos\"],\"inLanguage\":\"pt-BR\",\"potentialAction\":[{\"@type\":\"CommentAction\",\"name\":\"Comment\",\"target\":[\"https:\/\/psol50.org.br\/acrisia-hipocrisia-e-democracia\/#respond\"]}]},{\"@type\":\"WebPage\",\"@id\":\"https:\/\/psol50.org.br\/acrisia-hipocrisia-e-democracia\/\",\"url\":\"https:\/\/psol50.org.br\/acrisia-hipocrisia-e-democracia\/\",\"name\":\"Acrisia, hipocrisia e democracia* - PSOL 50\",\"isPartOf\":{\"@id\":\"https:\/\/psol50.org.br\/#website\"},\"datePublished\":\"2015-08-31T04:44:38+00:00\",\"breadcrumb\":{\"@id\":\"https:\/\/psol50.org.br\/acrisia-hipocrisia-e-democracia\/#breadcrumb\"},\"inLanguage\":\"pt-BR\",\"potentialAction\":[{\"@type\":\"ReadAction\",\"target\":[\"https:\/\/psol50.org.br\/acrisia-hipocrisia-e-democracia\/\"]}]},{\"@type\":\"BreadcrumbList\",\"@id\":\"https:\/\/psol50.org.br\/acrisia-hipocrisia-e-democracia\/#breadcrumb\",\"itemListElement\":[{\"@type\":\"ListItem\",\"position\":1,\"name\":\"In\u00edcio\",\"item\":\"https:\/\/psol50.org.br\/\"},{\"@type\":\"ListItem\",\"position\":2,\"name\":\"Acrisia, hipocrisia e democracia*\"}]},{\"@type\":\"WebSite\",\"@id\":\"https:\/\/psol50.org.br\/#website\",\"url\":\"https:\/\/psol50.org.br\/\",\"name\":\"PSOL 50\",\"description\":\"Site oficial do Partido Socialismo e Liberdade\",\"publisher\":{\"@id\":\"https:\/\/psol50.org.br\/#organization\"},\"alternateName\":\"PSOL50\",\"potentialAction\":[{\"@type\":\"SearchAction\",\"target\":{\"@type\":\"EntryPoint\",\"urlTemplate\":\"https:\/\/psol50.org.br\/?s={search_term_string}\"},\"query-input\":{\"@type\":\"PropertyValueSpecification\",\"valueRequired\":true,\"valueName\":\"search_term_string\"}}],\"inLanguage\":\"pt-BR\"},{\"@type\":\"Organization\",\"@id\":\"https:\/\/psol50.org.br\/#organization\",\"name\":\"PSOL 50\",\"alternateName\":\"PSOL 50\",\"url\":\"https:\/\/psol50.org.br\/\",\"logo\":{\"@type\":\"ImageObject\",\"inLanguage\":\"pt-BR\",\"@id\":\"https:\/\/psol50.org.br\/#\/schema\/logo\/image\/\",\"url\":\"https:\/\/psol50.org.br\/inc\/uploads\/2018\/07\/capa.png\",\"contentUrl\":\"https:\/\/psol50.org.br\/inc\/uploads\/2018\/07\/capa.png\",\"width\":1350,\"height\":900,\"caption\":\"PSOL 50\"},\"image\":{\"@id\":\"https:\/\/psol50.org.br\/#\/schema\/logo\/image\/\"},\"sameAs\":[\"https:\/\/www.facebook.com\/psol50\",\"https:\/\/x.com\/psol50\",\"https:\/\/www.instagram.com\/psol50\/\",\"https:\/\/www.youtube.com\/channel\/UC7SnJS5o1os7a6CaiNabzcg\"]},{\"@type\":\"Person\",\"@id\":\"https:\/\/psol50.org.br\/#\/schema\/person\/475dfa57d0b815993c714c2e96491fcd\",\"name\":\"Comunica\u00e7\u00e3o PSOL\",\"image\":{\"@type\":\"ImageObject\",\"inLanguage\":\"pt-BR\",\"@id\":\"https:\/\/psol50.org.br\/#\/schema\/person\/image\/\",\"url\":\"https:\/\/secure.gravatar.com\/avatar\/b34fc4f4e468a4e51785917065a3db57b841f5c95dba6ad8c73aaf8f66f8f9bf?s=96&d=mm&r=g\",\"contentUrl\":\"https:\/\/secure.gravatar.com\/avatar\/b34fc4f4e468a4e51785917065a3db57b841f5c95dba6ad8c73aaf8f66f8f9bf?s=96&d=mm&r=g\",\"caption\":\"Comunica\u00e7\u00e3o PSOL\"}}]}<\/script>\n<!-- \/ Yoast SEO plugin. -->","yoast_head_json":{"title":"Acrisia, hipocrisia e democracia* - PSOL 50","robots":{"index":"index","follow":"follow","max-snippet":"max-snippet:-1","max-image-preview":"max-image-preview:large","max-video-preview":"max-video-preview:-1"},"canonical":"https:\/\/psol50.org.br\/acrisia-hipocrisia-e-democracia\/","og_locale":"pt_BR","og_type":"article","og_title":"Acrisia, hipocrisia e democracia* - PSOL 50","og_description":"Acrisia \u00e9 um termo m\u00e9dico do s\u00e9culo XIX, usado quando o diagn\u00f3stico de um paciente est\u00e1 impreciso. Vem do grego e, no sentido etimol\u00f3gico, quer dizer \u201cconfus\u00e3o, falta de discernimento, car\u00e1ter indeciso de uma doen\u00e7a\u201d. Tudo a ver com a realidade brasileira atual. Por outro lado, ainda no campo sem\u00e2ntico, vale lembrar que toda crise [&hellip;]","og_url":"https:\/\/psol50.org.br\/acrisia-hipocrisia-e-democracia\/","og_site_name":"PSOL 50","article_publisher":"https:\/\/www.facebook.com\/psol50","article_published_time":"2015-08-31T04:44:38+00:00","og_image":[{"width":1350,"height":900,"url":"https:\/\/psol50.org.br\/inc\/uploads\/2018\/07\/capa.png","type":"image\/png"}],"author":"Comunica\u00e7\u00e3o PSOL","twitter_card":"summary_large_image","twitter_creator":"@psol50","twitter_site":"@psol50","twitter_misc":{"Escrito por":"Comunica\u00e7\u00e3o PSOL","Est. tempo de leitura":"3 minutos"},"schema":{"@context":"https:\/\/schema.org","@graph":[{"@type":"Article","@id":"https:\/\/psol50.org.br\/acrisia-hipocrisia-e-democracia\/#article","isPartOf":{"@id":"https:\/\/psol50.org.br\/acrisia-hipocrisia-e-democracia\/"},"author":{"name":"Comunica\u00e7\u00e3o PSOL","@id":"https:\/\/psol50.org.br\/#\/schema\/person\/475dfa57d0b815993c714c2e96491fcd"},"headline":"Acrisia, hipocrisia e democracia*","datePublished":"2015-08-31T04:44:38+00:00","mainEntityOfPage":{"@id":"https:\/\/psol50.org.br\/acrisia-hipocrisia-e-democracia\/"},"wordCount":653,"commentCount":0,"publisher":{"@id":"https:\/\/psol50.org.br\/#organization"},"keywords":["Chico Alencar","Rio de Janeiro"],"articleSection":["A\u00e7\u00e3o Parlamentar","Artigos"],"inLanguage":"pt-BR","potentialAction":[{"@type":"CommentAction","name":"Comment","target":["https:\/\/psol50.org.br\/acrisia-hipocrisia-e-democracia\/#respond"]}]},{"@type":"WebPage","@id":"https:\/\/psol50.org.br\/acrisia-hipocrisia-e-democracia\/","url":"https:\/\/psol50.org.br\/acrisia-hipocrisia-e-democracia\/","name":"Acrisia, hipocrisia e democracia* - PSOL 50","isPartOf":{"@id":"https:\/\/psol50.org.br\/#website"},"datePublished":"2015-08-31T04:44:38+00:00","breadcrumb":{"@id":"https:\/\/psol50.org.br\/acrisia-hipocrisia-e-democracia\/#breadcrumb"},"inLanguage":"pt-BR","potentialAction":[{"@type":"ReadAction","target":["https:\/\/psol50.org.br\/acrisia-hipocrisia-e-democracia\/"]}]},{"@type":"BreadcrumbList","@id":"https:\/\/psol50.org.br\/acrisia-hipocrisia-e-democracia\/#breadcrumb","itemListElement":[{"@type":"ListItem","position":1,"name":"In\u00edcio","item":"https:\/\/psol50.org.br\/"},{"@type":"ListItem","position":2,"name":"Acrisia, hipocrisia e democracia*"}]},{"@type":"WebSite","@id":"https:\/\/psol50.org.br\/#website","url":"https:\/\/psol50.org.br\/","name":"PSOL 50","description":"Site oficial do Partido Socialismo e Liberdade","publisher":{"@id":"https:\/\/psol50.org.br\/#organization"},"alternateName":"PSOL50","potentialAction":[{"@type":"SearchAction","target":{"@type":"EntryPoint","urlTemplate":"https:\/\/psol50.org.br\/?s={search_term_string}"},"query-input":{"@type":"PropertyValueSpecification","valueRequired":true,"valueName":"search_term_string"}}],"inLanguage":"pt-BR"},{"@type":"Organization","@id":"https:\/\/psol50.org.br\/#organization","name":"PSOL 50","alternateName":"PSOL 50","url":"https:\/\/psol50.org.br\/","logo":{"@type":"ImageObject","inLanguage":"pt-BR","@id":"https:\/\/psol50.org.br\/#\/schema\/logo\/image\/","url":"https:\/\/psol50.org.br\/inc\/uploads\/2018\/07\/capa.png","contentUrl":"https:\/\/psol50.org.br\/inc\/uploads\/2018\/07\/capa.png","width":1350,"height":900,"caption":"PSOL 50"},"image":{"@id":"https:\/\/psol50.org.br\/#\/schema\/logo\/image\/"},"sameAs":["https:\/\/www.facebook.com\/psol50","https:\/\/x.com\/psol50","https:\/\/www.instagram.com\/psol50\/","https:\/\/www.youtube.com\/channel\/UC7SnJS5o1os7a6CaiNabzcg"]},{"@type":"Person","@id":"https:\/\/psol50.org.br\/#\/schema\/person\/475dfa57d0b815993c714c2e96491fcd","name":"Comunica\u00e7\u00e3o PSOL","image":{"@type":"ImageObject","inLanguage":"pt-BR","@id":"https:\/\/psol50.org.br\/#\/schema\/person\/image\/","url":"https:\/\/secure.gravatar.com\/avatar\/b34fc4f4e468a4e51785917065a3db57b841f5c95dba6ad8c73aaf8f66f8f9bf?s=96&d=mm&r=g","contentUrl":"https:\/\/secure.gravatar.com\/avatar\/b34fc4f4e468a4e51785917065a3db57b841f5c95dba6ad8c73aaf8f66f8f9bf?s=96&d=mm&r=g","caption":"Comunica\u00e7\u00e3o PSOL"}}]}},"_links":{"self":[{"href":"https:\/\/psol50.org.br\/rest\/wp\/v2\/posts\/4373","targetHints":{"allow":["GET"]}}],"collection":[{"href":"https:\/\/psol50.org.br\/rest\/wp\/v2\/posts"}],"about":[{"href":"https:\/\/psol50.org.br\/rest\/wp\/v2\/types\/post"}],"author":[{"embeddable":true,"href":"https:\/\/psol50.org.br\/rest\/wp\/v2\/users\/2"}],"replies":[{"embeddable":true,"href":"https:\/\/psol50.org.br\/rest\/wp\/v2\/comments?post=4373"}],"version-history":[{"count":0,"href":"https:\/\/psol50.org.br\/rest\/wp\/v2\/posts\/4373\/revisions"}],"wp:attachment":[{"href":"https:\/\/psol50.org.br\/rest\/wp\/v2\/media?parent=4373"}],"wp:term":[{"taxonomy":"category","embeddable":true,"href":"https:\/\/psol50.org.br\/rest\/wp\/v2\/categories?post=4373"},{"taxonomy":"post_tag","embeddable":true,"href":"https:\/\/psol50.org.br\/rest\/wp\/v2\/tags?post=4373"}],"curies":[{"name":"wp","href":"https:\/\/api.w.org\/{rel}","templated":true}]}}