{"id":4384,"date":"2014-12-04T12:19:24","date_gmt":"2014-12-04T12:19:24","guid":{"rendered":"http:\/\/179.190.55.146\/~psol5185\/?p=4384"},"modified":"2014-12-04T12:19:24","modified_gmt":"2014-12-04T12:19:24","slug":"para-nao-ter-deficit-de-informacao-sobre-a-alteracao-do-superavit-na-ldo","status":"publish","type":"post","link":"https:\/\/psol50.org.br\/para-nao-ter-deficit-de-informacao-sobre-a-alteracao-do-superavit-na-ldo\/","title":{"rendered":"Para n\u00e3o ter d\u00e9ficit de informa\u00e7\u00e3o sobre a altera\u00e7\u00e3o do super\u00e1vit na LDO"},"content":{"rendered":"<div id=\"blocoDadosPrint\">\n<p><span id=\"Texto\">A longa sess\u00e3o do Congresso Nacional, que foi de 3 a 4 de dezembro de 2014, teve dois \u2018defeitos cong\u00eanitos\u2019: aconteceu com as galerias fechadas e sob a \u2018moldura\u2019 do Decreto 8367 da presidenta Dilma, que no art. 4\u00ba condiciona desembolso de mais de R$ 10 bilh\u00f5es \u2013 a\u00ed contabilizadas emendas parlamentares \u2013 \u00e0 aprova\u00e7\u00e3o do Projeto de Lei do Congresso Nacional 36, que altera a Lei de Diretrizes Or\u00e7ament\u00e1rias para reduzir a margem do \u2018super\u00e1vit prim\u00e1rio\u2019.<\/span><\/p>\n<p>N\u00f3s, do PSOL, cobramos \u00e0 exaust\u00e3o, como sempre, a abertura das galerias, e apresentamos um Projeto de Decreto Legislativo, o 1616, para revogar este artigo inusitado, rebaixado e fisiol\u00f3gico do Decreto presidencial. Oferecemos o PDC ao apoio de outros l\u00edderes, bem como pedimos que todos os partidos assinassem a urg\u00eancia de sua vota\u00e7\u00e3o. Em v\u00e3o!<\/p>\n<p>A quest\u00e3o de fundo, de conte\u00fado, objeto do PLN 36\/2014, que era uma das mat\u00e9rias a serem apreciadas naquela sess\u00e3o, \u00e9 a da altera\u00e7\u00e3o da LDO. Os dois lados que, pela for\u00e7a num\u00e9rica, travaram o embate ret\u00f3rico aqui \u2013 PT\/governo e PSDB\/oposi\u00e7\u00e3o conservadora \u2013 concordam com o dogma do messianismo de mercado, imposto aos pa\u00edses perif\u00e9ricos: a garantia do \u2018super\u00e1vit prim\u00e1rio\u2019. Esse \u201cmoderno\u201d c\u00e1lculo econ\u00f4mico (que n\u00e3o existe na Europa e nos EUA) deriva de metodologia do FMI engendrada para pa\u00edses tidos como subdesenvolvidos. O super\u00e1vit envolve apenas uma parcela do or\u00e7amento: \u00e9 o resultado da diferen\u00e7a entre as chamadas \u201creceitas prim\u00e1rias\u201d (principalmente tributos e receitas de privatiza\u00e7\u00f5es) e as \u201cdespesas prim\u00e1rias\u201d (os gastos sociais), para fazer parecer \u00e0 sociedade que o problema das contas p\u00fablicas seria um suposto excesso de gastos com aposentadorias, pens\u00f5es, pol\u00edticas p\u00fablicas etc, ocultando completamente os gastos com a d\u00edvida.<\/p>\n<p>Isso de rever a meta do super\u00e1vit, que se fez agora, n\u00e3o \u00e9 in\u00e9dito. Em 2001 o governo FHC tamb\u00e9m cometeu o \u2018pecado\u2019 de reduzir a meta do super\u00e1vit prim\u00e1rio, e nem a meta mitigada conseguiu cumprir. Mais uma vez, trata-se aqui do sujo falando do mal lavado.<\/p>\n<p>Ressalta o economista Rodrigo \u00c1vila que \u201ch\u00e1 uma \u2018parcela oculta\u2019 do or\u00e7amento, de bilh\u00f5es de reais, que \u00e9 financiada pelas receitas ditas \u2018n\u00e3o-prim\u00e1rias\u2019, ou seja, a emiss\u00e3o de novos t\u00edtulos da d\u00edvida, o recebimento de juros e amortiza\u00e7\u00f5es das d\u00edvidas de estados e munic\u00edpios com a Uni\u00e3o, os eventuais lucros do Banco Central, e at\u00e9 mesmo o rendimento da Conta \u00danica do Tesouro, dentre outras. Estas receitas \u2018n\u00e3o-prim\u00e1rias\u2019 servem principalmente para viabilizar o pagamento da d\u00edvida p\u00fablica, e n\u00e3o s\u00e3o sequer arranhadas pelo Projeto de Lei do Poder Executivo\u201d.<\/p>\n<p>S\u00f3 o PSOL, dissonante da ideologia econ\u00f4mica dominante, traz a esse debate a quest\u00e3o essencial, o verdadeiro problema das contas p\u00fablicas brasileiras: a d\u00edvida p\u00fablica, repleta de ilegalidades, como a aplica\u00e7\u00e3o de juros sobre juros e o sobrepre\u00e7o de at\u00e9 70% no pagamento antecipado de t\u00edtulos da d\u00edvida externa, que jamais foi objeto da auditoria determinada pela Constitui\u00e7\u00e3o de 1988. D\u00edvida cujo pagamento de juros e amortiza\u00e7\u00f5es consumiu, neste 2014, R$ 910 bilh\u00f5es, nada menos que a metade de todos os gastos da Uni\u00e3o at\u00e9 esta data!<\/p>\n<p>A readequa\u00e7\u00e3o da LDO \u00e0 realiza\u00e7\u00e3o rebaixada ou zerada do \u2018super\u00e1vit\u2019, que j\u00e1 aconteceu outras vezes, \u00e9, conforme o pr\u00f3prio governo explica, um \u2018ponto fora da curva\u2019, uma adequa\u00e7\u00e3o \u00e0 conjuntura de menor arrecada\u00e7\u00e3o. Esta deriva, em boa parte, das sucessivas desonera\u00e7\u00f5es a setores econ\u00f4micos \u2013 que tamb\u00e9m apenas o PSOL questionou, quando foram aprovadas aqui.<\/p>\n<p>Diz-se, com certo cinismo e hipocrisia, que a aprova\u00e7\u00e3o do PLN seria \u2018o fim da Lei de Responsabilidade Fiscal\u2019. N\u00e3o foi, n\u00e3o ser\u00e1. Se houvesse cren\u00e7a aut\u00eantica nesta \u201cirresponsabilidade\u201d e \u201cquebradeira do pa\u00eds\u201d t\u00e3o denunciada, seria bom, de imediato, os arautos da cat\u00e1strofe abrirem m\u00e3o de suas emendas e de reajustes remunerat\u00f3rios que j\u00e1 se anunciam para a c\u00fapula do Poder P\u00fablico.<\/p>\n<p>Ali\u00e1s, o pr\u00f3prio sentido profundo da LRF n\u00e3o \u00e9 mais analisado, pois ela virou outro \u2018dogma inquestion\u00e1vel\u2019. Usar recursos p\u00fablicos prioritariamente para pagar juros ao sistema financeiro, em preju\u00edzo de todos os demais gastos do Estado, a come\u00e7ar pelos da \u00e1rea social, virou cl\u00e1usula p\u00e9trea! \u00c9 preciso dizer, ainda como Rodrigo \u00c1vila, na contracorrente do senso comum, que \u201ca LRF n\u00e3o serve para ordenar os gastos p\u00fablicos no Brasil, uma vez que ela apenas limita os gastos sociais, n\u00e3o estabelecendo nenhum limite ao gasto respons\u00e1vel pelo verdadeiro rombo nas contas p\u00fablicas brasileiras: a question\u00e1vel d\u00edvida p\u00fablica\u201d.<\/p>\n<p>Travou-se uma batalha \u2018naval\u2019 de superf\u00edcie, de \u00e1guas rasas, nesta quest\u00e3o da modifica\u00e7\u00e3o da LDO. Isso me fez lembrar M\u00e1rio de Andrade, que dizia que no Brasil \u201cas pessoas n\u00e3o pensam as coisas, pensam os r\u00f3tulos\u201d. J\u00e1 em 2005 alertava o economista e editor C\u00e9sar Benjamin que \u201cos meios de comunica\u00e7\u00e3o difundem esses chav\u00f5es e, pela repeti\u00e7\u00e3o, os incorporam \u00e0 linguagem comum.<\/p>\n<p>Feito isso, n\u00e3o h\u00e1 mais debate poss\u00edvel. Quem pode ser contra &#8220;responsabilidade&#8221;, &#8220;disciplina&#8221;, &#8220;austeridade&#8221;, &#8220;abertura&#8221;, &#8220;super\u00e1vit&#8221;, coisas evidentemente t\u00e3o boas? Quem se habilita a defender, a s\u00e9rio, &#8220;irresponsabilidade&#8221;, &#8220;indisciplina&#8221;, &#8220;gastan\u00e7a&#8221;, &#8220;fechamento&#8221; e &#8220;d\u00e9ficit&#8221;? Os r\u00f3tulos bloqueiam o pensamento.<\/p>\n<p>Nossa miss\u00e3o, ao argumentarmos na tribuna, nas comiss\u00f5es e nas audi\u00eancias, \u00e9 ir al\u00e9m do senso comum, norteados pelo que acreditamos ser o interesse p\u00fablico e uma economia humanizada.<\/p>\n<\/div>\n","protected":false},"excerpt":{"rendered":"<p>A longa sess\u00e3o do Congresso Nacional, que foi de 3 a 4 de dezembro de 2014, teve dois \u2018defeitos cong\u00eanitos\u2019: aconteceu com as galerias fechadas e sob a \u2018moldura\u2019 do Decreto 8367 da presidenta Dilma, que no art. 4\u00ba condiciona desembolso de mais de R$ 10 bilh\u00f5es \u2013 a\u00ed contabilizadas emendas parlamentares \u2013 \u00e0 aprova\u00e7\u00e3o [&hellip;]<\/p>\n","protected":false},"author":2,"featured_media":0,"comment_status":"open","ping_status":"open","sticky":false,"template":"","format":"standard","meta":{"_acf_changed":false,"footnotes":""},"categories":[3],"tags":[1680,162],"class_list":{"0":"post-4384","1":"post","2":"type-post","3":"status-publish","4":"format-standard","6":"category-artigos-e-entrevistas","7":"tag-chico-alencar","8":"tag-rio-de-janeiro"},"acf":[],"yoast_head":"<!-- This site is optimized with the Yoast SEO plugin v26.5 - https:\/\/yoast.com\/wordpress\/plugins\/seo\/ -->\n<title>Para n\u00e3o ter d\u00e9ficit de informa\u00e7\u00e3o sobre a altera\u00e7\u00e3o do super\u00e1vit na LDO - PSOL 50<\/title>\n<meta name=\"robots\" content=\"index, follow, max-snippet:-1, max-image-preview:large, max-video-preview:-1\" \/>\n<link rel=\"canonical\" href=\"https:\/\/psol50.org.br\/para-nao-ter-deficit-de-informacao-sobre-a-alteracao-do-superavit-na-ldo\/\" \/>\n<meta property=\"og:locale\" content=\"pt_BR\" \/>\n<meta property=\"og:type\" content=\"article\" \/>\n<meta property=\"og:title\" content=\"Para n\u00e3o ter d\u00e9ficit de informa\u00e7\u00e3o sobre a altera\u00e7\u00e3o do super\u00e1vit na LDO - PSOL 50\" \/>\n<meta property=\"og:description\" content=\"A longa sess\u00e3o do Congresso Nacional, que foi de 3 a 4 de dezembro de 2014, teve dois \u2018defeitos cong\u00eanitos\u2019: aconteceu com as galerias fechadas e sob a \u2018moldura\u2019 do Decreto 8367 da presidenta Dilma, que no art. 4\u00ba condiciona desembolso de mais de R$ 10 bilh\u00f5es \u2013 a\u00ed contabilizadas emendas parlamentares \u2013 \u00e0 aprova\u00e7\u00e3o [&hellip;]\" \/>\n<meta property=\"og:url\" content=\"https:\/\/psol50.org.br\/para-nao-ter-deficit-de-informacao-sobre-a-alteracao-do-superavit-na-ldo\/\" \/>\n<meta property=\"og:site_name\" content=\"PSOL 50\" \/>\n<meta property=\"article:publisher\" content=\"https:\/\/www.facebook.com\/psol50\" \/>\n<meta property=\"article:published_time\" content=\"2014-12-04T12:19:24+00:00\" \/>\n<meta property=\"og:image\" content=\"https:\/\/psol50.org.br\/inc\/uploads\/2018\/07\/capa.png\" \/>\n\t<meta property=\"og:image:width\" content=\"1350\" \/>\n\t<meta property=\"og:image:height\" content=\"900\" \/>\n\t<meta property=\"og:image:type\" content=\"image\/png\" \/>\n<meta name=\"author\" content=\"Comunica\u00e7\u00e3o PSOL\" \/>\n<meta name=\"twitter:card\" content=\"summary_large_image\" \/>\n<meta name=\"twitter:creator\" content=\"@psol50\" \/>\n<meta name=\"twitter:site\" content=\"@psol50\" \/>\n<meta name=\"twitter:label1\" content=\"Escrito por\" \/>\n\t<meta name=\"twitter:data1\" content=\"Comunica\u00e7\u00e3o PSOL\" \/>\n\t<meta name=\"twitter:label2\" content=\"Est. tempo de leitura\" \/>\n\t<meta name=\"twitter:data2\" content=\"5 minutos\" \/>\n<script type=\"application\/ld+json\" class=\"yoast-schema-graph\">{\"@context\":\"https:\/\/schema.org\",\"@graph\":[{\"@type\":\"Article\",\"@id\":\"https:\/\/psol50.org.br\/para-nao-ter-deficit-de-informacao-sobre-a-alteracao-do-superavit-na-ldo\/#article\",\"isPartOf\":{\"@id\":\"https:\/\/psol50.org.br\/para-nao-ter-deficit-de-informacao-sobre-a-alteracao-do-superavit-na-ldo\/\"},\"author\":{\"name\":\"Comunica\u00e7\u00e3o PSOL\",\"@id\":\"https:\/\/psol50.org.br\/#\/schema\/person\/475dfa57d0b815993c714c2e96491fcd\"},\"headline\":\"Para n\u00e3o ter d\u00e9ficit de informa\u00e7\u00e3o sobre a altera\u00e7\u00e3o do super\u00e1vit na LDO\",\"datePublished\":\"2014-12-04T12:19:24+00:00\",\"mainEntityOfPage\":{\"@id\":\"https:\/\/psol50.org.br\/para-nao-ter-deficit-de-informacao-sobre-a-alteracao-do-superavit-na-ldo\/\"},\"wordCount\":971,\"commentCount\":0,\"publisher\":{\"@id\":\"https:\/\/psol50.org.br\/#organization\"},\"keywords\":[\"Chico Alencar\",\"Rio de Janeiro\"],\"articleSection\":[\"Artigos\"],\"inLanguage\":\"pt-BR\",\"potentialAction\":[{\"@type\":\"CommentAction\",\"name\":\"Comment\",\"target\":[\"https:\/\/psol50.org.br\/para-nao-ter-deficit-de-informacao-sobre-a-alteracao-do-superavit-na-ldo\/#respond\"]}]},{\"@type\":\"WebPage\",\"@id\":\"https:\/\/psol50.org.br\/para-nao-ter-deficit-de-informacao-sobre-a-alteracao-do-superavit-na-ldo\/\",\"url\":\"https:\/\/psol50.org.br\/para-nao-ter-deficit-de-informacao-sobre-a-alteracao-do-superavit-na-ldo\/\",\"name\":\"Para n\u00e3o ter d\u00e9ficit de informa\u00e7\u00e3o sobre a altera\u00e7\u00e3o do super\u00e1vit na LDO - PSOL 50\",\"isPartOf\":{\"@id\":\"https:\/\/psol50.org.br\/#website\"},\"datePublished\":\"2014-12-04T12:19:24+00:00\",\"breadcrumb\":{\"@id\":\"https:\/\/psol50.org.br\/para-nao-ter-deficit-de-informacao-sobre-a-alteracao-do-superavit-na-ldo\/#breadcrumb\"},\"inLanguage\":\"pt-BR\",\"potentialAction\":[{\"@type\":\"ReadAction\",\"target\":[\"https:\/\/psol50.org.br\/para-nao-ter-deficit-de-informacao-sobre-a-alteracao-do-superavit-na-ldo\/\"]}]},{\"@type\":\"BreadcrumbList\",\"@id\":\"https:\/\/psol50.org.br\/para-nao-ter-deficit-de-informacao-sobre-a-alteracao-do-superavit-na-ldo\/#breadcrumb\",\"itemListElement\":[{\"@type\":\"ListItem\",\"position\":1,\"name\":\"In\u00edcio\",\"item\":\"https:\/\/psol50.org.br\/\"},{\"@type\":\"ListItem\",\"position\":2,\"name\":\"Para n\u00e3o ter d\u00e9ficit de informa\u00e7\u00e3o sobre a altera\u00e7\u00e3o do super\u00e1vit na LDO\"}]},{\"@type\":\"WebSite\",\"@id\":\"https:\/\/psol50.org.br\/#website\",\"url\":\"https:\/\/psol50.org.br\/\",\"name\":\"PSOL 50\",\"description\":\"Site oficial do Partido Socialismo e Liberdade\",\"publisher\":{\"@id\":\"https:\/\/psol50.org.br\/#organization\"},\"alternateName\":\"PSOL50\",\"potentialAction\":[{\"@type\":\"SearchAction\",\"target\":{\"@type\":\"EntryPoint\",\"urlTemplate\":\"https:\/\/psol50.org.br\/?s={search_term_string}\"},\"query-input\":{\"@type\":\"PropertyValueSpecification\",\"valueRequired\":true,\"valueName\":\"search_term_string\"}}],\"inLanguage\":\"pt-BR\"},{\"@type\":\"Organization\",\"@id\":\"https:\/\/psol50.org.br\/#organization\",\"name\":\"PSOL 50\",\"alternateName\":\"PSOL 50\",\"url\":\"https:\/\/psol50.org.br\/\",\"logo\":{\"@type\":\"ImageObject\",\"inLanguage\":\"pt-BR\",\"@id\":\"https:\/\/psol50.org.br\/#\/schema\/logo\/image\/\",\"url\":\"https:\/\/psol50.org.br\/inc\/uploads\/2018\/07\/capa.png\",\"contentUrl\":\"https:\/\/psol50.org.br\/inc\/uploads\/2018\/07\/capa.png\",\"width\":1350,\"height\":900,\"caption\":\"PSOL 50\"},\"image\":{\"@id\":\"https:\/\/psol50.org.br\/#\/schema\/logo\/image\/\"},\"sameAs\":[\"https:\/\/www.facebook.com\/psol50\",\"https:\/\/x.com\/psol50\",\"https:\/\/www.instagram.com\/psol50\/\",\"https:\/\/www.youtube.com\/channel\/UC7SnJS5o1os7a6CaiNabzcg\"]},{\"@type\":\"Person\",\"@id\":\"https:\/\/psol50.org.br\/#\/schema\/person\/475dfa57d0b815993c714c2e96491fcd\",\"name\":\"Comunica\u00e7\u00e3o PSOL\",\"image\":{\"@type\":\"ImageObject\",\"inLanguage\":\"pt-BR\",\"@id\":\"https:\/\/psol50.org.br\/#\/schema\/person\/image\/\",\"url\":\"https:\/\/secure.gravatar.com\/avatar\/b34fc4f4e468a4e51785917065a3db57b841f5c95dba6ad8c73aaf8f66f8f9bf?s=96&d=mm&r=g\",\"contentUrl\":\"https:\/\/secure.gravatar.com\/avatar\/b34fc4f4e468a4e51785917065a3db57b841f5c95dba6ad8c73aaf8f66f8f9bf?s=96&d=mm&r=g\",\"caption\":\"Comunica\u00e7\u00e3o PSOL\"}}]}<\/script>\n<!-- \/ Yoast SEO plugin. -->","yoast_head_json":{"title":"Para n\u00e3o ter d\u00e9ficit de informa\u00e7\u00e3o sobre a altera\u00e7\u00e3o do super\u00e1vit na LDO - PSOL 50","robots":{"index":"index","follow":"follow","max-snippet":"max-snippet:-1","max-image-preview":"max-image-preview:large","max-video-preview":"max-video-preview:-1"},"canonical":"https:\/\/psol50.org.br\/para-nao-ter-deficit-de-informacao-sobre-a-alteracao-do-superavit-na-ldo\/","og_locale":"pt_BR","og_type":"article","og_title":"Para n\u00e3o ter d\u00e9ficit de informa\u00e7\u00e3o sobre a altera\u00e7\u00e3o do super\u00e1vit na LDO - PSOL 50","og_description":"A longa sess\u00e3o do Congresso Nacional, que foi de 3 a 4 de dezembro de 2014, teve dois \u2018defeitos cong\u00eanitos\u2019: aconteceu com as galerias fechadas e sob a \u2018moldura\u2019 do Decreto 8367 da presidenta Dilma, que no art. 4\u00ba condiciona desembolso de mais de R$ 10 bilh\u00f5es \u2013 a\u00ed contabilizadas emendas parlamentares \u2013 \u00e0 aprova\u00e7\u00e3o [&hellip;]","og_url":"https:\/\/psol50.org.br\/para-nao-ter-deficit-de-informacao-sobre-a-alteracao-do-superavit-na-ldo\/","og_site_name":"PSOL 50","article_publisher":"https:\/\/www.facebook.com\/psol50","article_published_time":"2014-12-04T12:19:24+00:00","og_image":[{"width":1350,"height":900,"url":"https:\/\/psol50.org.br\/inc\/uploads\/2018\/07\/capa.png","type":"image\/png"}],"author":"Comunica\u00e7\u00e3o PSOL","twitter_card":"summary_large_image","twitter_creator":"@psol50","twitter_site":"@psol50","twitter_misc":{"Escrito por":"Comunica\u00e7\u00e3o PSOL","Est. tempo de leitura":"5 minutos"},"schema":{"@context":"https:\/\/schema.org","@graph":[{"@type":"Article","@id":"https:\/\/psol50.org.br\/para-nao-ter-deficit-de-informacao-sobre-a-alteracao-do-superavit-na-ldo\/#article","isPartOf":{"@id":"https:\/\/psol50.org.br\/para-nao-ter-deficit-de-informacao-sobre-a-alteracao-do-superavit-na-ldo\/"},"author":{"name":"Comunica\u00e7\u00e3o PSOL","@id":"https:\/\/psol50.org.br\/#\/schema\/person\/475dfa57d0b815993c714c2e96491fcd"},"headline":"Para n\u00e3o ter d\u00e9ficit de informa\u00e7\u00e3o sobre a altera\u00e7\u00e3o do super\u00e1vit na LDO","datePublished":"2014-12-04T12:19:24+00:00","mainEntityOfPage":{"@id":"https:\/\/psol50.org.br\/para-nao-ter-deficit-de-informacao-sobre-a-alteracao-do-superavit-na-ldo\/"},"wordCount":971,"commentCount":0,"publisher":{"@id":"https:\/\/psol50.org.br\/#organization"},"keywords":["Chico Alencar","Rio de Janeiro"],"articleSection":["Artigos"],"inLanguage":"pt-BR","potentialAction":[{"@type":"CommentAction","name":"Comment","target":["https:\/\/psol50.org.br\/para-nao-ter-deficit-de-informacao-sobre-a-alteracao-do-superavit-na-ldo\/#respond"]}]},{"@type":"WebPage","@id":"https:\/\/psol50.org.br\/para-nao-ter-deficit-de-informacao-sobre-a-alteracao-do-superavit-na-ldo\/","url":"https:\/\/psol50.org.br\/para-nao-ter-deficit-de-informacao-sobre-a-alteracao-do-superavit-na-ldo\/","name":"Para n\u00e3o ter d\u00e9ficit de informa\u00e7\u00e3o sobre a altera\u00e7\u00e3o do super\u00e1vit na LDO - PSOL 50","isPartOf":{"@id":"https:\/\/psol50.org.br\/#website"},"datePublished":"2014-12-04T12:19:24+00:00","breadcrumb":{"@id":"https:\/\/psol50.org.br\/para-nao-ter-deficit-de-informacao-sobre-a-alteracao-do-superavit-na-ldo\/#breadcrumb"},"inLanguage":"pt-BR","potentialAction":[{"@type":"ReadAction","target":["https:\/\/psol50.org.br\/para-nao-ter-deficit-de-informacao-sobre-a-alteracao-do-superavit-na-ldo\/"]}]},{"@type":"BreadcrumbList","@id":"https:\/\/psol50.org.br\/para-nao-ter-deficit-de-informacao-sobre-a-alteracao-do-superavit-na-ldo\/#breadcrumb","itemListElement":[{"@type":"ListItem","position":1,"name":"In\u00edcio","item":"https:\/\/psol50.org.br\/"},{"@type":"ListItem","position":2,"name":"Para n\u00e3o ter d\u00e9ficit de informa\u00e7\u00e3o sobre a altera\u00e7\u00e3o do super\u00e1vit na LDO"}]},{"@type":"WebSite","@id":"https:\/\/psol50.org.br\/#website","url":"https:\/\/psol50.org.br\/","name":"PSOL 50","description":"Site oficial do Partido Socialismo e Liberdade","publisher":{"@id":"https:\/\/psol50.org.br\/#organization"},"alternateName":"PSOL50","potentialAction":[{"@type":"SearchAction","target":{"@type":"EntryPoint","urlTemplate":"https:\/\/psol50.org.br\/?s={search_term_string}"},"query-input":{"@type":"PropertyValueSpecification","valueRequired":true,"valueName":"search_term_string"}}],"inLanguage":"pt-BR"},{"@type":"Organization","@id":"https:\/\/psol50.org.br\/#organization","name":"PSOL 50","alternateName":"PSOL 50","url":"https:\/\/psol50.org.br\/","logo":{"@type":"ImageObject","inLanguage":"pt-BR","@id":"https:\/\/psol50.org.br\/#\/schema\/logo\/image\/","url":"https:\/\/psol50.org.br\/inc\/uploads\/2018\/07\/capa.png","contentUrl":"https:\/\/psol50.org.br\/inc\/uploads\/2018\/07\/capa.png","width":1350,"height":900,"caption":"PSOL 50"},"image":{"@id":"https:\/\/psol50.org.br\/#\/schema\/logo\/image\/"},"sameAs":["https:\/\/www.facebook.com\/psol50","https:\/\/x.com\/psol50","https:\/\/www.instagram.com\/psol50\/","https:\/\/www.youtube.com\/channel\/UC7SnJS5o1os7a6CaiNabzcg"]},{"@type":"Person","@id":"https:\/\/psol50.org.br\/#\/schema\/person\/475dfa57d0b815993c714c2e96491fcd","name":"Comunica\u00e7\u00e3o PSOL","image":{"@type":"ImageObject","inLanguage":"pt-BR","@id":"https:\/\/psol50.org.br\/#\/schema\/person\/image\/","url":"https:\/\/secure.gravatar.com\/avatar\/b34fc4f4e468a4e51785917065a3db57b841f5c95dba6ad8c73aaf8f66f8f9bf?s=96&d=mm&r=g","contentUrl":"https:\/\/secure.gravatar.com\/avatar\/b34fc4f4e468a4e51785917065a3db57b841f5c95dba6ad8c73aaf8f66f8f9bf?s=96&d=mm&r=g","caption":"Comunica\u00e7\u00e3o PSOL"}}]}},"_links":{"self":[{"href":"https:\/\/psol50.org.br\/rest\/wp\/v2\/posts\/4384","targetHints":{"allow":["GET"]}}],"collection":[{"href":"https:\/\/psol50.org.br\/rest\/wp\/v2\/posts"}],"about":[{"href":"https:\/\/psol50.org.br\/rest\/wp\/v2\/types\/post"}],"author":[{"embeddable":true,"href":"https:\/\/psol50.org.br\/rest\/wp\/v2\/users\/2"}],"replies":[{"embeddable":true,"href":"https:\/\/psol50.org.br\/rest\/wp\/v2\/comments?post=4384"}],"version-history":[{"count":0,"href":"https:\/\/psol50.org.br\/rest\/wp\/v2\/posts\/4384\/revisions"}],"wp:attachment":[{"href":"https:\/\/psol50.org.br\/rest\/wp\/v2\/media?parent=4384"}],"wp:term":[{"taxonomy":"category","embeddable":true,"href":"https:\/\/psol50.org.br\/rest\/wp\/v2\/categories?post=4384"},{"taxonomy":"post_tag","embeddable":true,"href":"https:\/\/psol50.org.br\/rest\/wp\/v2\/tags?post=4384"}],"curies":[{"name":"wp","href":"https:\/\/api.w.org\/{rel}","templated":true}]}}