{"id":4387,"date":"2014-10-30T12:20:51","date_gmt":"2014-10-30T12:20:51","guid":{"rendered":"http:\/\/179.190.55.146\/~psol5185\/?p=4387"},"modified":"2014-10-30T12:20:51","modified_gmt":"2014-10-30T12:20:51","slug":"os-anos-recentes-tem-sido-generosos-com-os-acionistas-da-sabesp","status":"publish","type":"post","link":"https:\/\/psol50.org.br\/os-anos-recentes-tem-sido-generosos-com-os-acionistas-da-sabesp\/","title":{"rendered":"Os anos recentes t\u00eam sido generosos com os acionistas da Sabesp*"},"content":{"rendered":"<div id=\"blocoDadosPrint\"><span id=\"Texto\">A grave crise de abastecimento h\u00eddrico atravessada atualmente pelo estado de S\u00e3o Paulo merece aten\u00e7\u00e3o de todo o pa\u00eds, bem como esfor\u00e7o amplo para a supera\u00e7\u00e3o do problema.<\/p>\n<p>O baixo n\u00edvel dos reservat\u00f3rios do sistema Cantareira amea\u00e7a o fornecimento de \u00e1gua para cerca de 14 milh\u00f5es de pessoas da regi\u00e3o metropolitana da capital e de outros 12 munic\u00edpios, como Campinas, Piracicaba e Itu.<br \/>\nPor mais que devamos nos preocupar com o aquecimento global e adotar pol\u00edticas ousadas para seu enfrentamento, n\u00e3o \u00e9 essa \u2013 nem meramente a falta de chuvas \u2013 a principal raz\u00e3o para a pane no sistema de abastecimento de \u00e1gua.<\/p>\n<p>A Relatora das Na\u00e7\u00f5es Unidas para a quest\u00e3o da \u00e1gua, Catarina de Albuquerque, \u00e9 categ\u00f3rica: a crise h\u00eddrica em S\u00e3o Paulo \u00e9 de responsabilidade direta do governo estadual.<\/p>\n<p>A avalia\u00e7\u00e3o do Minist\u00e9rio P\u00fablico \u00e9 semelhante. A promotora Alexandra Facciolio afirma: \u201cEstamos passando por esta situa\u00e7\u00e3o porque o planejamento falhou. N\u00e3o foi feito o que era necess\u00e1rio\u201d.<\/p>\n<p>Segundo diversos especialistas, os vinte anos de gest\u00e3o estadual do PSDB n\u00e3o providenciaram os investimentos necess\u00e1rios para garantir o equil\u00edbrio do sistema de abastecimento de \u00e1gua, com capacidade de suportar per\u00edodos de estiagem.<\/p>\n<p>A privatiza\u00e7\u00e3o da gest\u00e3o, controle e distribui\u00e7\u00e3o da \u00e1gua, transformada em ativo financeiro e objeto de especula\u00e7\u00e3o nas bolsas de valores, \u00e9 uma das maiores raz\u00f5es para isso.<\/p>\n<p>Para a Relatora da ONU, \u201cos recursos deveriam estar sendo investidos para garantir a sustentabilidade do sistema e o acesso de todos a esse direito\u201d, ao inv\u00e9s de remunerarem lucros de acionistas da Sabesp, empresa mista respons\u00e1vel pela gest\u00e3o do sistema, e que tem quase 50% de suas a\u00e7\u00f5es distribu\u00eddas entre bolsas de SP e de Nova Iorque.<\/p>\n<p>Segundo o economista Bruno Peregrina Puga, \u201cos anos recentes t\u00eam sido generosos com os acionistas da Sabesp, sempre pagando um payout elevado, ao passo que o investimento n\u00e3o tem acompanhado a mesma intensidade crescente do lucro\u201d.<\/p>\n<p>Al\u00e9m disso, estudo da Funda\u00e7\u00e3o SOS Mata Atl\u00e2ntica mostra que o desmatamento intenso de quase 80% da vegeta\u00e7\u00e3o nativa da bacia hidrogr\u00e1fica da Cantareira \u00e9 um dos respons\u00e1veis diretos pela crise de abastecimento.<\/p>\n<p>Com pouca vegeta\u00e7\u00e3o, a floresta n\u00e3o consegue desempenhar o seu papel, de reabastecer os len\u00e7\u00f3is fre\u00e1ticos e impedir a eros\u00e3o do solo e o assoreamento de rios, protegendo as nascentes e todo o fluxo h\u00eddrico. Mais uma grave omiss\u00e3o do poder p\u00fablico \u2013 inclusive deste Congresso Nacional, que produziu grave retrocesso ambiental nesta Legislatura, ao aprovar, em 2012 (com a nossa oposi\u00e7\u00e3o), o novo C\u00f3digo Florestal, que criou condi\u00e7\u00f5es mais favor\u00e1veis ao desmatamento e assoreamento de rios.<\/p>\n<p>Al\u00e9m da instrumentaliza\u00e7\u00e3o mercantil e financeira, h\u00e1 evid\u00eancia de grave e ilegal inger\u00eancia pol\u00edtica eleitoreira sobre a Sabesp, em preju\u00edzo da transpar\u00eancia da gest\u00e3o p\u00fablica.<\/p>\n<p>Diante dos \u00e1udios em que a diretora-presidente da SABESP, Dilma Pena, declara ter recebido ordens do governo do estado para esconder a grave crise de abastecimento de \u00e1gua em S\u00e3o Paulo, fica claro que o governo do PSDB colocou seus interesses eleitorais acima do interesse p\u00fablico.<\/p>\n<p>Com esse fundamento, o Deputado Carlos Giannazi, l\u00edder da bancada do PSOL na Assembleia Legislativa do Estado de SP, protocolou, no dia 24, pedido de cassa\u00e7\u00e3o do mandato do governador Geraldo Alckmin por crime de responsabilidade, com base na legisla\u00e7\u00e3o federal e estadual, al\u00e9m de Representa\u00e7\u00e3o no Minist\u00e9rio P\u00fablico Estadual, pedindo que o \u00f3rg\u00e3o responsabilize criminalmente, e por prevarica\u00e7\u00e3o, a presidente da SABESP e o pr\u00f3prio governador.<\/p>\n<p>Por mais que o governo tucano tenha tentado esconder, a falta de \u00e1gua j\u00e1 era sentida h\u00e1 tempos, em especial na periferia, em bairros como Itaquera, Carapicu\u00edba e Campo Limpo, conforme denuncia Guilherme Boulos, da coordena\u00e7\u00e3o nacional do Movimento dos Trabalhadores Sem-Teto (MTST).<\/p>\n<p>A popula\u00e7\u00e3o de Itu, no interior, foi a primeira a sofrer com o problema, desde setembro do ano passado, enfrentando racionamentos prolongados e imprevis\u00edveis, que afetam da merenda escolar \u00e0 ida de estudantes ao banheiro nas escolas, da dificuldade de lavar roupas e tomar banho \u00e0s filas enormes e ininterruptas na bica de \u00e1gua da cidade.<\/p>\n<p>Na raiz da escassez, a falta de transpar\u00eancia e de investimentos do poder p\u00fablico e da empresa privada que \u00e9 concession\u00e1ria do servi\u00e7o de abastecimento de \u00e1guas na cidade desde 2007.<\/p>\n<p>Como infelizmente tem sido praxe, os governantes t\u00eam respondido com viol\u00eancia, e n\u00e3o com pol\u00edticas p\u00fablicas adequadas, \u00e0 revolta popular que ocorre em Itu pelo direito \u00e0 \u00e1gua.<\/p>\n<p>V\u00e1rias pessoas foram presas nos protestos, e h\u00e1 casos de ativistas que t\u00eam sofrido amea\u00e7as e agress\u00f5es f\u00edsicas e psicol\u00f3gicas da pol\u00edcia militar e da guarda municipal de Itu. Foi o caso de Everson Guarnieri J\u00fanior, 20 anos de idade, membro do movimento \u201cItu Vai Parar\u201d, v\u00edtima de golpes de cacetete por parte da PM e que teve seus piercings arrancados com alicate no centro de deten\u00e7\u00e3o provis\u00f3ria de Sorocaba, do qual saiu com diversos ferimentos.<\/p>\n<p>Nesse cen\u00e1rio, manifesto todo apoio \u00e0 representa\u00e7\u00e3o do Deputado Carlos Giannazi contra a c\u00fapula do governo de SP e da Sabesp, e toda solidariedade ao movimento \u201cItu vai parar\u201d, que apresenta demandas cobertas de justi\u00e7a e urg\u00eancia:<\/p>\n<p>i. O decreto do estado de calamidade p\u00fablica em Itu;<br \/>\nii. O rompimento do contrato com a empresa concession\u00e1ria e o fim da concess\u00e3o;<br \/>\niii. O fim da explora\u00e7\u00e3o da \u00e1gua para o lucro;<br \/>\ne iv. A participa\u00e7\u00e3o popular no Comit\u00ea de Crise formado pela prefeitura e Estado de S\u00e3o Paulo para a gest\u00e3o da \u00e1gua em Itu.<\/p>\n<p>\u00c1gua \u00e9 direito humano, essencial \u00e0 vida, n\u00e3o pode ser mercadoria!<\/p>\n<p>*<em>Artigo publicado originalmente no site\u00a0<a href=\"http:\/\/www.viomundo.com.br\/\">Viomundo<\/a><\/em>.<\/p>\n<p><\/span><\/div>\n","protected":false},"excerpt":{"rendered":"<p>A grave crise de abastecimento h\u00eddrico atravessada atualmente pelo estado de S\u00e3o Paulo merece aten\u00e7\u00e3o de todo o pa\u00eds, bem como esfor\u00e7o amplo para a supera\u00e7\u00e3o do problema. O baixo n\u00edvel dos reservat\u00f3rios do sistema Cantareira amea\u00e7a o fornecimento de \u00e1gua para cerca de 14 milh\u00f5es de pessoas da regi\u00e3o metropolitana da capital e de [&hellip;]<\/p>\n","protected":false},"author":2,"featured_media":0,"comment_status":"open","ping_status":"open","sticky":false,"template":"","format":"standard","meta":{"_acf_changed":false,"footnotes":""},"categories":[3],"tags":[1680,162],"class_list":{"0":"post-4387","1":"post","2":"type-post","3":"status-publish","4":"format-standard","6":"category-artigos-e-entrevistas","7":"tag-chico-alencar","8":"tag-rio-de-janeiro"},"acf":[],"yoast_head":"<!-- This site is optimized with the Yoast SEO plugin v26.5 - https:\/\/yoast.com\/wordpress\/plugins\/seo\/ -->\n<title>Os anos recentes t\u00eam sido generosos com os acionistas da Sabesp* - PSOL 50<\/title>\n<meta name=\"robots\" content=\"index, follow, max-snippet:-1, max-image-preview:large, max-video-preview:-1\" \/>\n<link rel=\"canonical\" href=\"https:\/\/psol50.org.br\/os-anos-recentes-tem-sido-generosos-com-os-acionistas-da-sabesp\/\" \/>\n<meta property=\"og:locale\" content=\"pt_BR\" \/>\n<meta property=\"og:type\" content=\"article\" \/>\n<meta property=\"og:title\" content=\"Os anos recentes t\u00eam sido generosos com os acionistas da Sabesp* - PSOL 50\" \/>\n<meta property=\"og:description\" content=\"A grave crise de abastecimento h\u00eddrico atravessada atualmente pelo estado de S\u00e3o Paulo merece aten\u00e7\u00e3o de todo o pa\u00eds, bem como esfor\u00e7o amplo para a supera\u00e7\u00e3o do problema. O baixo n\u00edvel dos reservat\u00f3rios do sistema Cantareira amea\u00e7a o fornecimento de \u00e1gua para cerca de 14 milh\u00f5es de pessoas da regi\u00e3o metropolitana da capital e de [&hellip;]\" \/>\n<meta property=\"og:url\" content=\"https:\/\/psol50.org.br\/os-anos-recentes-tem-sido-generosos-com-os-acionistas-da-sabesp\/\" \/>\n<meta property=\"og:site_name\" content=\"PSOL 50\" \/>\n<meta property=\"article:publisher\" content=\"https:\/\/www.facebook.com\/psol50\" \/>\n<meta property=\"article:published_time\" content=\"2014-10-30T12:20:51+00:00\" \/>\n<meta property=\"og:image\" content=\"https:\/\/psol50.org.br\/inc\/uploads\/2018\/07\/capa.png\" \/>\n\t<meta property=\"og:image:width\" content=\"1350\" \/>\n\t<meta property=\"og:image:height\" content=\"900\" \/>\n\t<meta property=\"og:image:type\" content=\"image\/png\" \/>\n<meta name=\"author\" content=\"Comunica\u00e7\u00e3o PSOL\" \/>\n<meta name=\"twitter:card\" content=\"summary_large_image\" \/>\n<meta name=\"twitter:creator\" content=\"@psol50\" \/>\n<meta name=\"twitter:site\" content=\"@psol50\" \/>\n<meta name=\"twitter:label1\" content=\"Escrito por\" \/>\n\t<meta name=\"twitter:data1\" content=\"Comunica\u00e7\u00e3o PSOL\" \/>\n\t<meta name=\"twitter:label2\" content=\"Est. tempo de leitura\" \/>\n\t<meta name=\"twitter:data2\" content=\"5 minutos\" \/>\n<script type=\"application\/ld+json\" class=\"yoast-schema-graph\">{\"@context\":\"https:\/\/schema.org\",\"@graph\":[{\"@type\":\"Article\",\"@id\":\"https:\/\/psol50.org.br\/os-anos-recentes-tem-sido-generosos-com-os-acionistas-da-sabesp\/#article\",\"isPartOf\":{\"@id\":\"https:\/\/psol50.org.br\/os-anos-recentes-tem-sido-generosos-com-os-acionistas-da-sabesp\/\"},\"author\":{\"name\":\"Comunica\u00e7\u00e3o PSOL\",\"@id\":\"https:\/\/psol50.org.br\/#\/schema\/person\/475dfa57d0b815993c714c2e96491fcd\"},\"headline\":\"Os anos recentes t\u00eam sido generosos com os acionistas da Sabesp*\",\"datePublished\":\"2014-10-30T12:20:51+00:00\",\"mainEntityOfPage\":{\"@id\":\"https:\/\/psol50.org.br\/os-anos-recentes-tem-sido-generosos-com-os-acionistas-da-sabesp\/\"},\"wordCount\":1015,\"commentCount\":0,\"publisher\":{\"@id\":\"https:\/\/psol50.org.br\/#organization\"},\"keywords\":[\"Chico Alencar\",\"Rio de Janeiro\"],\"articleSection\":[\"Artigos\"],\"inLanguage\":\"pt-BR\",\"potentialAction\":[{\"@type\":\"CommentAction\",\"name\":\"Comment\",\"target\":[\"https:\/\/psol50.org.br\/os-anos-recentes-tem-sido-generosos-com-os-acionistas-da-sabesp\/#respond\"]}]},{\"@type\":\"WebPage\",\"@id\":\"https:\/\/psol50.org.br\/os-anos-recentes-tem-sido-generosos-com-os-acionistas-da-sabesp\/\",\"url\":\"https:\/\/psol50.org.br\/os-anos-recentes-tem-sido-generosos-com-os-acionistas-da-sabesp\/\",\"name\":\"Os anos recentes t\u00eam sido generosos com os acionistas da Sabesp* - PSOL 50\",\"isPartOf\":{\"@id\":\"https:\/\/psol50.org.br\/#website\"},\"datePublished\":\"2014-10-30T12:20:51+00:00\",\"breadcrumb\":{\"@id\":\"https:\/\/psol50.org.br\/os-anos-recentes-tem-sido-generosos-com-os-acionistas-da-sabesp\/#breadcrumb\"},\"inLanguage\":\"pt-BR\",\"potentialAction\":[{\"@type\":\"ReadAction\",\"target\":[\"https:\/\/psol50.org.br\/os-anos-recentes-tem-sido-generosos-com-os-acionistas-da-sabesp\/\"]}]},{\"@type\":\"BreadcrumbList\",\"@id\":\"https:\/\/psol50.org.br\/os-anos-recentes-tem-sido-generosos-com-os-acionistas-da-sabesp\/#breadcrumb\",\"itemListElement\":[{\"@type\":\"ListItem\",\"position\":1,\"name\":\"In\u00edcio\",\"item\":\"https:\/\/psol50.org.br\/\"},{\"@type\":\"ListItem\",\"position\":2,\"name\":\"Os anos recentes t\u00eam sido generosos com os acionistas da Sabesp*\"}]},{\"@type\":\"WebSite\",\"@id\":\"https:\/\/psol50.org.br\/#website\",\"url\":\"https:\/\/psol50.org.br\/\",\"name\":\"PSOL 50\",\"description\":\"Site oficial do Partido Socialismo e Liberdade\",\"publisher\":{\"@id\":\"https:\/\/psol50.org.br\/#organization\"},\"alternateName\":\"PSOL50\",\"potentialAction\":[{\"@type\":\"SearchAction\",\"target\":{\"@type\":\"EntryPoint\",\"urlTemplate\":\"https:\/\/psol50.org.br\/?s={search_term_string}\"},\"query-input\":{\"@type\":\"PropertyValueSpecification\",\"valueRequired\":true,\"valueName\":\"search_term_string\"}}],\"inLanguage\":\"pt-BR\"},{\"@type\":\"Organization\",\"@id\":\"https:\/\/psol50.org.br\/#organization\",\"name\":\"PSOL 50\",\"alternateName\":\"PSOL 50\",\"url\":\"https:\/\/psol50.org.br\/\",\"logo\":{\"@type\":\"ImageObject\",\"inLanguage\":\"pt-BR\",\"@id\":\"https:\/\/psol50.org.br\/#\/schema\/logo\/image\/\",\"url\":\"https:\/\/psol50.org.br\/inc\/uploads\/2018\/07\/capa.png\",\"contentUrl\":\"https:\/\/psol50.org.br\/inc\/uploads\/2018\/07\/capa.png\",\"width\":1350,\"height\":900,\"caption\":\"PSOL 50\"},\"image\":{\"@id\":\"https:\/\/psol50.org.br\/#\/schema\/logo\/image\/\"},\"sameAs\":[\"https:\/\/www.facebook.com\/psol50\",\"https:\/\/x.com\/psol50\",\"https:\/\/www.instagram.com\/psol50\/\",\"https:\/\/www.youtube.com\/channel\/UC7SnJS5o1os7a6CaiNabzcg\"]},{\"@type\":\"Person\",\"@id\":\"https:\/\/psol50.org.br\/#\/schema\/person\/475dfa57d0b815993c714c2e96491fcd\",\"name\":\"Comunica\u00e7\u00e3o PSOL\",\"image\":{\"@type\":\"ImageObject\",\"inLanguage\":\"pt-BR\",\"@id\":\"https:\/\/psol50.org.br\/#\/schema\/person\/image\/\",\"url\":\"https:\/\/secure.gravatar.com\/avatar\/b34fc4f4e468a4e51785917065a3db57b841f5c95dba6ad8c73aaf8f66f8f9bf?s=96&d=mm&r=g\",\"contentUrl\":\"https:\/\/secure.gravatar.com\/avatar\/b34fc4f4e468a4e51785917065a3db57b841f5c95dba6ad8c73aaf8f66f8f9bf?s=96&d=mm&r=g\",\"caption\":\"Comunica\u00e7\u00e3o PSOL\"}}]}<\/script>\n<!-- \/ Yoast SEO plugin. -->","yoast_head_json":{"title":"Os anos recentes t\u00eam sido generosos com os acionistas da Sabesp* - PSOL 50","robots":{"index":"index","follow":"follow","max-snippet":"max-snippet:-1","max-image-preview":"max-image-preview:large","max-video-preview":"max-video-preview:-1"},"canonical":"https:\/\/psol50.org.br\/os-anos-recentes-tem-sido-generosos-com-os-acionistas-da-sabesp\/","og_locale":"pt_BR","og_type":"article","og_title":"Os anos recentes t\u00eam sido generosos com os acionistas da Sabesp* - PSOL 50","og_description":"A grave crise de abastecimento h\u00eddrico atravessada atualmente pelo estado de S\u00e3o Paulo merece aten\u00e7\u00e3o de todo o pa\u00eds, bem como esfor\u00e7o amplo para a supera\u00e7\u00e3o do problema. O baixo n\u00edvel dos reservat\u00f3rios do sistema Cantareira amea\u00e7a o fornecimento de \u00e1gua para cerca de 14 milh\u00f5es de pessoas da regi\u00e3o metropolitana da capital e de [&hellip;]","og_url":"https:\/\/psol50.org.br\/os-anos-recentes-tem-sido-generosos-com-os-acionistas-da-sabesp\/","og_site_name":"PSOL 50","article_publisher":"https:\/\/www.facebook.com\/psol50","article_published_time":"2014-10-30T12:20:51+00:00","og_image":[{"width":1350,"height":900,"url":"https:\/\/psol50.org.br\/inc\/uploads\/2018\/07\/capa.png","type":"image\/png"}],"author":"Comunica\u00e7\u00e3o PSOL","twitter_card":"summary_large_image","twitter_creator":"@psol50","twitter_site":"@psol50","twitter_misc":{"Escrito por":"Comunica\u00e7\u00e3o PSOL","Est. tempo de leitura":"5 minutos"},"schema":{"@context":"https:\/\/schema.org","@graph":[{"@type":"Article","@id":"https:\/\/psol50.org.br\/os-anos-recentes-tem-sido-generosos-com-os-acionistas-da-sabesp\/#article","isPartOf":{"@id":"https:\/\/psol50.org.br\/os-anos-recentes-tem-sido-generosos-com-os-acionistas-da-sabesp\/"},"author":{"name":"Comunica\u00e7\u00e3o PSOL","@id":"https:\/\/psol50.org.br\/#\/schema\/person\/475dfa57d0b815993c714c2e96491fcd"},"headline":"Os anos recentes t\u00eam sido generosos com os acionistas da Sabesp*","datePublished":"2014-10-30T12:20:51+00:00","mainEntityOfPage":{"@id":"https:\/\/psol50.org.br\/os-anos-recentes-tem-sido-generosos-com-os-acionistas-da-sabesp\/"},"wordCount":1015,"commentCount":0,"publisher":{"@id":"https:\/\/psol50.org.br\/#organization"},"keywords":["Chico Alencar","Rio de Janeiro"],"articleSection":["Artigos"],"inLanguage":"pt-BR","potentialAction":[{"@type":"CommentAction","name":"Comment","target":["https:\/\/psol50.org.br\/os-anos-recentes-tem-sido-generosos-com-os-acionistas-da-sabesp\/#respond"]}]},{"@type":"WebPage","@id":"https:\/\/psol50.org.br\/os-anos-recentes-tem-sido-generosos-com-os-acionistas-da-sabesp\/","url":"https:\/\/psol50.org.br\/os-anos-recentes-tem-sido-generosos-com-os-acionistas-da-sabesp\/","name":"Os anos recentes t\u00eam sido generosos com os acionistas da Sabesp* - PSOL 50","isPartOf":{"@id":"https:\/\/psol50.org.br\/#website"},"datePublished":"2014-10-30T12:20:51+00:00","breadcrumb":{"@id":"https:\/\/psol50.org.br\/os-anos-recentes-tem-sido-generosos-com-os-acionistas-da-sabesp\/#breadcrumb"},"inLanguage":"pt-BR","potentialAction":[{"@type":"ReadAction","target":["https:\/\/psol50.org.br\/os-anos-recentes-tem-sido-generosos-com-os-acionistas-da-sabesp\/"]}]},{"@type":"BreadcrumbList","@id":"https:\/\/psol50.org.br\/os-anos-recentes-tem-sido-generosos-com-os-acionistas-da-sabesp\/#breadcrumb","itemListElement":[{"@type":"ListItem","position":1,"name":"In\u00edcio","item":"https:\/\/psol50.org.br\/"},{"@type":"ListItem","position":2,"name":"Os anos recentes t\u00eam sido generosos com os acionistas da Sabesp*"}]},{"@type":"WebSite","@id":"https:\/\/psol50.org.br\/#website","url":"https:\/\/psol50.org.br\/","name":"PSOL 50","description":"Site oficial do Partido Socialismo e Liberdade","publisher":{"@id":"https:\/\/psol50.org.br\/#organization"},"alternateName":"PSOL50","potentialAction":[{"@type":"SearchAction","target":{"@type":"EntryPoint","urlTemplate":"https:\/\/psol50.org.br\/?s={search_term_string}"},"query-input":{"@type":"PropertyValueSpecification","valueRequired":true,"valueName":"search_term_string"}}],"inLanguage":"pt-BR"},{"@type":"Organization","@id":"https:\/\/psol50.org.br\/#organization","name":"PSOL 50","alternateName":"PSOL 50","url":"https:\/\/psol50.org.br\/","logo":{"@type":"ImageObject","inLanguage":"pt-BR","@id":"https:\/\/psol50.org.br\/#\/schema\/logo\/image\/","url":"https:\/\/psol50.org.br\/inc\/uploads\/2018\/07\/capa.png","contentUrl":"https:\/\/psol50.org.br\/inc\/uploads\/2018\/07\/capa.png","width":1350,"height":900,"caption":"PSOL 50"},"image":{"@id":"https:\/\/psol50.org.br\/#\/schema\/logo\/image\/"},"sameAs":["https:\/\/www.facebook.com\/psol50","https:\/\/x.com\/psol50","https:\/\/www.instagram.com\/psol50\/","https:\/\/www.youtube.com\/channel\/UC7SnJS5o1os7a6CaiNabzcg"]},{"@type":"Person","@id":"https:\/\/psol50.org.br\/#\/schema\/person\/475dfa57d0b815993c714c2e96491fcd","name":"Comunica\u00e7\u00e3o PSOL","image":{"@type":"ImageObject","inLanguage":"pt-BR","@id":"https:\/\/psol50.org.br\/#\/schema\/person\/image\/","url":"https:\/\/secure.gravatar.com\/avatar\/b34fc4f4e468a4e51785917065a3db57b841f5c95dba6ad8c73aaf8f66f8f9bf?s=96&d=mm&r=g","contentUrl":"https:\/\/secure.gravatar.com\/avatar\/b34fc4f4e468a4e51785917065a3db57b841f5c95dba6ad8c73aaf8f66f8f9bf?s=96&d=mm&r=g","caption":"Comunica\u00e7\u00e3o PSOL"}}]}},"_links":{"self":[{"href":"https:\/\/psol50.org.br\/rest\/wp\/v2\/posts\/4387","targetHints":{"allow":["GET"]}}],"collection":[{"href":"https:\/\/psol50.org.br\/rest\/wp\/v2\/posts"}],"about":[{"href":"https:\/\/psol50.org.br\/rest\/wp\/v2\/types\/post"}],"author":[{"embeddable":true,"href":"https:\/\/psol50.org.br\/rest\/wp\/v2\/users\/2"}],"replies":[{"embeddable":true,"href":"https:\/\/psol50.org.br\/rest\/wp\/v2\/comments?post=4387"}],"version-history":[{"count":0,"href":"https:\/\/psol50.org.br\/rest\/wp\/v2\/posts\/4387\/revisions"}],"wp:attachment":[{"href":"https:\/\/psol50.org.br\/rest\/wp\/v2\/media?parent=4387"}],"wp:term":[{"taxonomy":"category","embeddable":true,"href":"https:\/\/psol50.org.br\/rest\/wp\/v2\/categories?post=4387"},{"taxonomy":"post_tag","embeddable":true,"href":"https:\/\/psol50.org.br\/rest\/wp\/v2\/tags?post=4387"}],"curies":[{"name":"wp","href":"https:\/\/api.w.org\/{rel}","templated":true}]}}