{"id":4393,"date":"2014-02-14T12:23:52","date_gmt":"2014-02-14T12:23:52","guid":{"rendered":"http:\/\/179.190.55.146\/~psol5185\/?p=4393"},"modified":"2014-02-14T12:23:52","modified_gmt":"2014-02-14T12:23:52","slug":"o-psol-as-mentiras-e-o-poder-por-chico-alencar","status":"publish","type":"post","link":"https:\/\/psol50.org.br\/o-psol-as-mentiras-e-o-poder-por-chico-alencar\/","title":{"rendered":"O PSOL, as mentiras e o poder, por Chico Alencar"},"content":{"rendered":"<div id=\"blocoDadosPrint\">O artigo de Noblat publicado em O Globo (13.2, p. 15) imp\u00f5e esclarecimentos urgentes: para o PSOL, poder \u00e9 uma rela\u00e7\u00e3o que se estabelece, e n\u00e3o um lugar que se ocupa. Como partido pol\u00edtico atuante na vida brasileira, defendemos os valores da democracia representativa, na qual j\u00e1 conquistamos mandatos que nos orgulham.<\/div>\n<div class=\"txtPrint\">\n<div>\nAfirmamos tamb\u00e9m que nossa combalida Rep\u00fablica necessita da seiva da democracia participativa, com a organiza\u00e7\u00e3o consciente da popula\u00e7\u00e3o na luta por seus direitos, e da energia vivificadora das ruas: os partidos j\u00e1 n\u00e3o incorporam as muitas demandas da sociedade, que tamb\u00e9m quer se fazer ouvir por outros canais.<\/p>\n<p>Isso est\u00e1 a anos-luz de &#8220;querer chegar ao poder a qualquer pre\u00e7o&#8221;. Essa \u00e9, isso sim, a pr\u00e1tica de algumas grandes legendas, com seus financiamentos milion\u00e1rios e seus esquemas empresariais tantas vezes mascarados.<\/p>\n<p>\u00c9 absolutamente improcedente afirmar, como foi feito, que nos interessa &#8220;a a\u00e7\u00e3o de v\u00e2ndalos que destroem o que encontram pela frente e at\u00e9 matam de prop\u00f3sito ou sem querer&#8221; ou que &#8220;alguns dos nossos integrantes chegam ao ponto de financiar&#8221; essas iniciativas.<\/p>\n<p>O fato de defendermos, com entusiasmo, as mobiliza\u00e7\u00f5es populares, n\u00e3o nos coloca em patamar de concord\u00e2ncia com tudo o que nelas ocorre. Por diversas vezes j\u00e1 manifestamos nossa diverg\u00eancia com essas t\u00e1ticas que, costumeiramente, refor\u00e7am o que supostamente dizem combater, e que t\u00eam esvaziado os pr\u00f3prios atos p\u00fablicos, para alegria dos conservadores, negocistas e benefici\u00e1rios do conformismo geral.<\/p>\n<p>Por dever de racionalidade, o PSOL s\u00f3 estabelece acordos com aqueles com quem pode dialogar, cara a cara, em torno de princ\u00edpios, ideias e causas. Com grupos que rejeitam partidos, ritualizam a agressividade e n\u00e3o aceitam diretrizes coletiva e democraticamente debatidas, n\u00e3o temos qualquer interlocu\u00e7\u00e3o.<\/p>\n<p>A quem interessa esse jogo pol\u00edtico baixo, eivado de acusa\u00e7\u00f5es levianas destitu\u00eddas de qualquer fundamento, que desrespeitam a pr\u00f3pria dor da fam\u00edlia de Santiago Andrade e das de outros vitimados &#8211; inclusive em decorr\u00eancia de trucul\u00eancia policial &#8211; desde junho do ano passado?<\/p>\n<p>Certamente aos que querem o imobilismo, a aceita\u00e7\u00e3o passiva de &#8216;tenebrosas transa\u00e7\u00f5es&#8217; que os megaeventos propiciam e a rotina de patrimonialismo, caciquismo, hipocrisia e mentira que as for\u00e7as dominantes na pol\u00edtica brasileira reproduzem.<\/p><\/div>\n<p><span id=\"Texto\"><br \/>\n<\/span><\/div>\n","protected":false},"excerpt":{"rendered":"<p>O artigo de Noblat publicado em O Globo (13.2, p. 15) imp\u00f5e esclarecimentos urgentes: para o PSOL, poder \u00e9 uma rela\u00e7\u00e3o que se estabelece, e n\u00e3o um lugar que se ocupa. Como partido pol\u00edtico atuante na vida brasileira, defendemos os valores da democracia representativa, na qual j\u00e1 conquistamos mandatos que nos orgulham. Afirmamos tamb\u00e9m que [&hellip;]<\/p>\n","protected":false},"author":2,"featured_media":0,"comment_status":"open","ping_status":"open","sticky":false,"template":"","format":"standard","meta":{"_acf_changed":false,"footnotes":""},"categories":[10,3],"tags":[1680,22,162],"class_list":{"0":"post-4393","1":"post","2":"type-post","3":"status-publish","4":"format-standard","6":"category-acao-parlamentares","7":"category-artigos-e-entrevistas","8":"tag-chico-alencar","9":"tag-psol","10":"tag-rio-de-janeiro"},"acf":[],"yoast_head":"<!-- This site is optimized with the Yoast SEO plugin v26.5 - https:\/\/yoast.com\/wordpress\/plugins\/seo\/ -->\n<title>O PSOL, as mentiras e o poder, por Chico Alencar - PSOL 50<\/title>\n<meta name=\"robots\" content=\"index, follow, max-snippet:-1, max-image-preview:large, max-video-preview:-1\" \/>\n<link rel=\"canonical\" href=\"https:\/\/psol50.org.br\/o-psol-as-mentiras-e-o-poder-por-chico-alencar\/\" \/>\n<meta property=\"og:locale\" content=\"pt_BR\" \/>\n<meta property=\"og:type\" content=\"article\" \/>\n<meta property=\"og:title\" content=\"O PSOL, as mentiras e o poder, por Chico Alencar - PSOL 50\" \/>\n<meta property=\"og:description\" content=\"O artigo de Noblat publicado em O Globo (13.2, p. 15) imp\u00f5e esclarecimentos urgentes: para o PSOL, poder \u00e9 uma rela\u00e7\u00e3o que se estabelece, e n\u00e3o um lugar que se ocupa. Como partido pol\u00edtico atuante na vida brasileira, defendemos os valores da democracia representativa, na qual j\u00e1 conquistamos mandatos que nos orgulham. Afirmamos tamb\u00e9m que [&hellip;]\" \/>\n<meta property=\"og:url\" content=\"https:\/\/psol50.org.br\/o-psol-as-mentiras-e-o-poder-por-chico-alencar\/\" \/>\n<meta property=\"og:site_name\" content=\"PSOL 50\" \/>\n<meta property=\"article:publisher\" content=\"https:\/\/www.facebook.com\/psol50\" \/>\n<meta property=\"article:published_time\" content=\"2014-02-14T12:23:52+00:00\" \/>\n<meta property=\"og:image\" content=\"https:\/\/psol50.org.br\/inc\/uploads\/2018\/07\/capa.png\" \/>\n\t<meta property=\"og:image:width\" content=\"1350\" \/>\n\t<meta property=\"og:image:height\" content=\"900\" \/>\n\t<meta property=\"og:image:type\" content=\"image\/png\" \/>\n<meta name=\"author\" content=\"Comunica\u00e7\u00e3o PSOL\" \/>\n<meta name=\"twitter:card\" content=\"summary_large_image\" \/>\n<meta name=\"twitter:creator\" content=\"@psol50\" \/>\n<meta name=\"twitter:site\" content=\"@psol50\" \/>\n<meta name=\"twitter:label1\" content=\"Escrito por\" \/>\n\t<meta name=\"twitter:data1\" content=\"Comunica\u00e7\u00e3o PSOL\" \/>\n\t<meta name=\"twitter:label2\" content=\"Est. tempo de leitura\" \/>\n\t<meta name=\"twitter:data2\" content=\"2 minutos\" \/>\n<script type=\"application\/ld+json\" class=\"yoast-schema-graph\">{\"@context\":\"https:\/\/schema.org\",\"@graph\":[{\"@type\":\"Article\",\"@id\":\"https:\/\/psol50.org.br\/o-psol-as-mentiras-e-o-poder-por-chico-alencar\/#article\",\"isPartOf\":{\"@id\":\"https:\/\/psol50.org.br\/o-psol-as-mentiras-e-o-poder-por-chico-alencar\/\"},\"author\":{\"name\":\"Comunica\u00e7\u00e3o PSOL\",\"@id\":\"https:\/\/psol50.org.br\/#\/schema\/person\/475dfa57d0b815993c714c2e96491fcd\"},\"headline\":\"O PSOL, as mentiras e o poder, por Chico Alencar\",\"datePublished\":\"2014-02-14T12:23:52+00:00\",\"mainEntityOfPage\":{\"@id\":\"https:\/\/psol50.org.br\/o-psol-as-mentiras-e-o-poder-por-chico-alencar\/\"},\"wordCount\":400,\"commentCount\":0,\"publisher\":{\"@id\":\"https:\/\/psol50.org.br\/#organization\"},\"keywords\":[\"Chico Alencar\",\"PSOL\",\"Rio de Janeiro\"],\"articleSection\":[\"A\u00e7\u00e3o Parlamentar\",\"Artigos\"],\"inLanguage\":\"pt-BR\",\"potentialAction\":[{\"@type\":\"CommentAction\",\"name\":\"Comment\",\"target\":[\"https:\/\/psol50.org.br\/o-psol-as-mentiras-e-o-poder-por-chico-alencar\/#respond\"]}]},{\"@type\":\"WebPage\",\"@id\":\"https:\/\/psol50.org.br\/o-psol-as-mentiras-e-o-poder-por-chico-alencar\/\",\"url\":\"https:\/\/psol50.org.br\/o-psol-as-mentiras-e-o-poder-por-chico-alencar\/\",\"name\":\"O PSOL, as mentiras e o poder, por Chico Alencar - PSOL 50\",\"isPartOf\":{\"@id\":\"https:\/\/psol50.org.br\/#website\"},\"datePublished\":\"2014-02-14T12:23:52+00:00\",\"breadcrumb\":{\"@id\":\"https:\/\/psol50.org.br\/o-psol-as-mentiras-e-o-poder-por-chico-alencar\/#breadcrumb\"},\"inLanguage\":\"pt-BR\",\"potentialAction\":[{\"@type\":\"ReadAction\",\"target\":[\"https:\/\/psol50.org.br\/o-psol-as-mentiras-e-o-poder-por-chico-alencar\/\"]}]},{\"@type\":\"BreadcrumbList\",\"@id\":\"https:\/\/psol50.org.br\/o-psol-as-mentiras-e-o-poder-por-chico-alencar\/#breadcrumb\",\"itemListElement\":[{\"@type\":\"ListItem\",\"position\":1,\"name\":\"In\u00edcio\",\"item\":\"https:\/\/psol50.org.br\/\"},{\"@type\":\"ListItem\",\"position\":2,\"name\":\"O PSOL, as mentiras e o poder, por Chico Alencar\"}]},{\"@type\":\"WebSite\",\"@id\":\"https:\/\/psol50.org.br\/#website\",\"url\":\"https:\/\/psol50.org.br\/\",\"name\":\"PSOL 50\",\"description\":\"Site oficial do Partido Socialismo e Liberdade\",\"publisher\":{\"@id\":\"https:\/\/psol50.org.br\/#organization\"},\"alternateName\":\"PSOL50\",\"potentialAction\":[{\"@type\":\"SearchAction\",\"target\":{\"@type\":\"EntryPoint\",\"urlTemplate\":\"https:\/\/psol50.org.br\/?s={search_term_string}\"},\"query-input\":{\"@type\":\"PropertyValueSpecification\",\"valueRequired\":true,\"valueName\":\"search_term_string\"}}],\"inLanguage\":\"pt-BR\"},{\"@type\":\"Organization\",\"@id\":\"https:\/\/psol50.org.br\/#organization\",\"name\":\"PSOL 50\",\"alternateName\":\"PSOL 50\",\"url\":\"https:\/\/psol50.org.br\/\",\"logo\":{\"@type\":\"ImageObject\",\"inLanguage\":\"pt-BR\",\"@id\":\"https:\/\/psol50.org.br\/#\/schema\/logo\/image\/\",\"url\":\"https:\/\/psol50.org.br\/inc\/uploads\/2018\/07\/capa.png\",\"contentUrl\":\"https:\/\/psol50.org.br\/inc\/uploads\/2018\/07\/capa.png\",\"width\":1350,\"height\":900,\"caption\":\"PSOL 50\"},\"image\":{\"@id\":\"https:\/\/psol50.org.br\/#\/schema\/logo\/image\/\"},\"sameAs\":[\"https:\/\/www.facebook.com\/psol50\",\"https:\/\/x.com\/psol50\",\"https:\/\/www.instagram.com\/psol50\/\",\"https:\/\/www.youtube.com\/channel\/UC7SnJS5o1os7a6CaiNabzcg\"]},{\"@type\":\"Person\",\"@id\":\"https:\/\/psol50.org.br\/#\/schema\/person\/475dfa57d0b815993c714c2e96491fcd\",\"name\":\"Comunica\u00e7\u00e3o PSOL\",\"image\":{\"@type\":\"ImageObject\",\"inLanguage\":\"pt-BR\",\"@id\":\"https:\/\/psol50.org.br\/#\/schema\/person\/image\/\",\"url\":\"https:\/\/secure.gravatar.com\/avatar\/b34fc4f4e468a4e51785917065a3db57b841f5c95dba6ad8c73aaf8f66f8f9bf?s=96&d=mm&r=g\",\"contentUrl\":\"https:\/\/secure.gravatar.com\/avatar\/b34fc4f4e468a4e51785917065a3db57b841f5c95dba6ad8c73aaf8f66f8f9bf?s=96&d=mm&r=g\",\"caption\":\"Comunica\u00e7\u00e3o PSOL\"}}]}<\/script>\n<!-- \/ Yoast SEO plugin. -->","yoast_head_json":{"title":"O PSOL, as mentiras e o poder, por Chico Alencar - PSOL 50","robots":{"index":"index","follow":"follow","max-snippet":"max-snippet:-1","max-image-preview":"max-image-preview:large","max-video-preview":"max-video-preview:-1"},"canonical":"https:\/\/psol50.org.br\/o-psol-as-mentiras-e-o-poder-por-chico-alencar\/","og_locale":"pt_BR","og_type":"article","og_title":"O PSOL, as mentiras e o poder, por Chico Alencar - PSOL 50","og_description":"O artigo de Noblat publicado em O Globo (13.2, p. 15) imp\u00f5e esclarecimentos urgentes: para o PSOL, poder \u00e9 uma rela\u00e7\u00e3o que se estabelece, e n\u00e3o um lugar que se ocupa. Como partido pol\u00edtico atuante na vida brasileira, defendemos os valores da democracia representativa, na qual j\u00e1 conquistamos mandatos que nos orgulham. Afirmamos tamb\u00e9m que [&hellip;]","og_url":"https:\/\/psol50.org.br\/o-psol-as-mentiras-e-o-poder-por-chico-alencar\/","og_site_name":"PSOL 50","article_publisher":"https:\/\/www.facebook.com\/psol50","article_published_time":"2014-02-14T12:23:52+00:00","og_image":[{"width":1350,"height":900,"url":"https:\/\/psol50.org.br\/inc\/uploads\/2018\/07\/capa.png","type":"image\/png"}],"author":"Comunica\u00e7\u00e3o PSOL","twitter_card":"summary_large_image","twitter_creator":"@psol50","twitter_site":"@psol50","twitter_misc":{"Escrito por":"Comunica\u00e7\u00e3o PSOL","Est. tempo de leitura":"2 minutos"},"schema":{"@context":"https:\/\/schema.org","@graph":[{"@type":"Article","@id":"https:\/\/psol50.org.br\/o-psol-as-mentiras-e-o-poder-por-chico-alencar\/#article","isPartOf":{"@id":"https:\/\/psol50.org.br\/o-psol-as-mentiras-e-o-poder-por-chico-alencar\/"},"author":{"name":"Comunica\u00e7\u00e3o PSOL","@id":"https:\/\/psol50.org.br\/#\/schema\/person\/475dfa57d0b815993c714c2e96491fcd"},"headline":"O PSOL, as mentiras e o poder, por Chico Alencar","datePublished":"2014-02-14T12:23:52+00:00","mainEntityOfPage":{"@id":"https:\/\/psol50.org.br\/o-psol-as-mentiras-e-o-poder-por-chico-alencar\/"},"wordCount":400,"commentCount":0,"publisher":{"@id":"https:\/\/psol50.org.br\/#organization"},"keywords":["Chico Alencar","PSOL","Rio de Janeiro"],"articleSection":["A\u00e7\u00e3o Parlamentar","Artigos"],"inLanguage":"pt-BR","potentialAction":[{"@type":"CommentAction","name":"Comment","target":["https:\/\/psol50.org.br\/o-psol-as-mentiras-e-o-poder-por-chico-alencar\/#respond"]}]},{"@type":"WebPage","@id":"https:\/\/psol50.org.br\/o-psol-as-mentiras-e-o-poder-por-chico-alencar\/","url":"https:\/\/psol50.org.br\/o-psol-as-mentiras-e-o-poder-por-chico-alencar\/","name":"O PSOL, as mentiras e o poder, por Chico Alencar - PSOL 50","isPartOf":{"@id":"https:\/\/psol50.org.br\/#website"},"datePublished":"2014-02-14T12:23:52+00:00","breadcrumb":{"@id":"https:\/\/psol50.org.br\/o-psol-as-mentiras-e-o-poder-por-chico-alencar\/#breadcrumb"},"inLanguage":"pt-BR","potentialAction":[{"@type":"ReadAction","target":["https:\/\/psol50.org.br\/o-psol-as-mentiras-e-o-poder-por-chico-alencar\/"]}]},{"@type":"BreadcrumbList","@id":"https:\/\/psol50.org.br\/o-psol-as-mentiras-e-o-poder-por-chico-alencar\/#breadcrumb","itemListElement":[{"@type":"ListItem","position":1,"name":"In\u00edcio","item":"https:\/\/psol50.org.br\/"},{"@type":"ListItem","position":2,"name":"O PSOL, as mentiras e o poder, por Chico Alencar"}]},{"@type":"WebSite","@id":"https:\/\/psol50.org.br\/#website","url":"https:\/\/psol50.org.br\/","name":"PSOL 50","description":"Site oficial do Partido Socialismo e Liberdade","publisher":{"@id":"https:\/\/psol50.org.br\/#organization"},"alternateName":"PSOL50","potentialAction":[{"@type":"SearchAction","target":{"@type":"EntryPoint","urlTemplate":"https:\/\/psol50.org.br\/?s={search_term_string}"},"query-input":{"@type":"PropertyValueSpecification","valueRequired":true,"valueName":"search_term_string"}}],"inLanguage":"pt-BR"},{"@type":"Organization","@id":"https:\/\/psol50.org.br\/#organization","name":"PSOL 50","alternateName":"PSOL 50","url":"https:\/\/psol50.org.br\/","logo":{"@type":"ImageObject","inLanguage":"pt-BR","@id":"https:\/\/psol50.org.br\/#\/schema\/logo\/image\/","url":"https:\/\/psol50.org.br\/inc\/uploads\/2018\/07\/capa.png","contentUrl":"https:\/\/psol50.org.br\/inc\/uploads\/2018\/07\/capa.png","width":1350,"height":900,"caption":"PSOL 50"},"image":{"@id":"https:\/\/psol50.org.br\/#\/schema\/logo\/image\/"},"sameAs":["https:\/\/www.facebook.com\/psol50","https:\/\/x.com\/psol50","https:\/\/www.instagram.com\/psol50\/","https:\/\/www.youtube.com\/channel\/UC7SnJS5o1os7a6CaiNabzcg"]},{"@type":"Person","@id":"https:\/\/psol50.org.br\/#\/schema\/person\/475dfa57d0b815993c714c2e96491fcd","name":"Comunica\u00e7\u00e3o PSOL","image":{"@type":"ImageObject","inLanguage":"pt-BR","@id":"https:\/\/psol50.org.br\/#\/schema\/person\/image\/","url":"https:\/\/secure.gravatar.com\/avatar\/b34fc4f4e468a4e51785917065a3db57b841f5c95dba6ad8c73aaf8f66f8f9bf?s=96&d=mm&r=g","contentUrl":"https:\/\/secure.gravatar.com\/avatar\/b34fc4f4e468a4e51785917065a3db57b841f5c95dba6ad8c73aaf8f66f8f9bf?s=96&d=mm&r=g","caption":"Comunica\u00e7\u00e3o PSOL"}}]}},"_links":{"self":[{"href":"https:\/\/psol50.org.br\/rest\/wp\/v2\/posts\/4393","targetHints":{"allow":["GET"]}}],"collection":[{"href":"https:\/\/psol50.org.br\/rest\/wp\/v2\/posts"}],"about":[{"href":"https:\/\/psol50.org.br\/rest\/wp\/v2\/types\/post"}],"author":[{"embeddable":true,"href":"https:\/\/psol50.org.br\/rest\/wp\/v2\/users\/2"}],"replies":[{"embeddable":true,"href":"https:\/\/psol50.org.br\/rest\/wp\/v2\/comments?post=4393"}],"version-history":[{"count":0,"href":"https:\/\/psol50.org.br\/rest\/wp\/v2\/posts\/4393\/revisions"}],"wp:attachment":[{"href":"https:\/\/psol50.org.br\/rest\/wp\/v2\/media?parent=4393"}],"wp:term":[{"taxonomy":"category","embeddable":true,"href":"https:\/\/psol50.org.br\/rest\/wp\/v2\/categories?post=4393"},{"taxonomy":"post_tag","embeddable":true,"href":"https:\/\/psol50.org.br\/rest\/wp\/v2\/tags?post=4393"}],"curies":[{"name":"wp","href":"https:\/\/api.w.org\/{rel}","templated":true}]}}