{"id":4397,"date":"2013-10-09T12:25:38","date_gmt":"2013-10-09T12:25:38","guid":{"rendered":"http:\/\/179.190.55.146\/~psol5185\/?p=4397"},"modified":"2013-10-09T12:25:38","modified_gmt":"2013-10-09T12:25:38","slug":"o-futuro-no-passado","status":"publish","type":"post","link":"https:\/\/psol50.org.br\/o-futuro-no-passado\/","title":{"rendered":"O futuro no passado"},"content":{"rendered":"<div id=\"blocoDadosPrint\">As refer\u00eancias hist\u00f3ricas no Brasil t\u00eam fasc\u00ednio pelo \u2018novo\u2019. A conquista e coloniza\u00e7\u00e3o portuguesas come\u00e7aram com o \u201cDescobrimento\u201d, que foi o cobrimento de culturas nativas diversas e antiqu\u00edssimas.<\/div>\n<div><\/div>\n<div class=\"txtPrint\">\n<div>A \u201cnova\u201d Na\u00e7\u00e3o empinou pelas r\u00e9deas de um pr\u00edncipe portugu\u00eas, que regressou mais tarde para a Metr\u00f3pole e l\u00e1 \u00e9 louvado: Pedro I do Brasil e IV de Portugal.O \u201cnovo\u201d regime republicano, proclamado por um general simp\u00e1tico \u00e0 Monarquia, foi o das oligarquias. A Rep\u00fablica \u201cNova\u201d de Vargas incorporou a aristocracia do caf\u00e9, de cujo capital veio, em boa parte, a f\u00e1brica.<\/p>\n<p>A \u201cdemocratiza\u00e7\u00e3o\u201d do p\u00f3s 2\u00aa Guerra cassou os comunistas, cuja persegui\u00e7\u00e3o n\u00e3o era nada nova. O golpe civil-militar de 1964, de quase meio s\u00e9culo, veio para \u201crenovar\u201d o Brasil, livrando-o \u201cdo populismo e da corrup\u00e7\u00e3o\u201d. Mergulhou o pa\u00eds em \u201ctenebrosas transa\u00e7\u00f5es\u201d.<\/p>\n<p>A Rep\u00fablica \u201cNova\u201d de Sarney marcou uma transi\u00e7\u00e3o democr\u00e1tica um tanto intransitiva, tutelada pelos militares, que at\u00e9 hoje resistem \u00e0 revela\u00e7\u00e3o da verdade inteira das pris\u00f5es, torturas e mortes de opositores do regime.<\/p>\n<p>Por tudo isso, soa como enganoso o discurso da \u201cnovidade\u201d no encontro de Marina Silva com Eduardo Campos, institucionalizada pelo desmanche tempor\u00e1rio dos n\u00f3s da Rede Sustentabilidade no PSB, que nunca teve identidade maior com o discurso e a pr\u00e1tica ambientalista.<\/p>\n<p>Ambos proclamam a urg\u00eancia de uma \u201cnova forma de fazer pol\u00edtica\u201d, mas o central parece ser, na dissid\u00eancia do lulopetismo, deslocar \u201co chavismo do PT do centro do poder \u201c, como disse Marina, sem maiores cuidados conceituais. Ali\u00e1s, parece que os cuidados s\u00e3o mais com o capital de votos, e por causa deles se faz a aproxima\u00e7\u00e3o &#8211; e n\u00e3o por ideias e causas.<\/p>\n<p>O PSB, na cruzada presidencial de seu l\u00edder maior, abre-se a figuras que est\u00e3o t\u00e3o pr\u00f3ximas do ide\u00e1rio socialista quanto o diabo da cruz: Her\u00e1clito Fortes, Bonhausen, ruralistas, fundamentalistas. Ampliar \u00e9 o que importa, e para tanto n\u00e3o podem existir portas fechadas. Ser\u00e1 esta alian\u00e7a sustent\u00e1vel? Como \u00e9 sabido, ecologia \u00e9 tema central nos discursos, \u00e0 direita e \u00e0 esquerda, mas perif\u00e9rico nas pr\u00e1ticas de quem conquista espa\u00e7os de poder.<\/p>\n<p>Apesar do rep\u00fadio das ruas \u00e0s formas rebaixadas de se fazer pol\u00edtica no Brasil, fundadas no patrimonialismo, no eleitoralismo e no clientelismo, quase nada se move. O intenso troca-troca partid\u00e1rio dos \u00faltimos dias, sem raz\u00f5es de princ\u00edpio e doutrina por parte dos que participaram da \u2018dan\u00e7a das cadeiras\u2019, confirma algo grave: os partidos, os parlamentos e a pr\u00f3pria pol\u00edtica, no sentido lato, tornaram-se \u201cinstitui\u00e7\u00f5es totais\u201d, fins em si mesmas, eles pr\u00f3prias sua \u201cclasse\u201d.<\/p>\n<p>Na realidade, s\u00e3o castas com interesses espec\u00edficos, corporativos, com movimentos de acomoda\u00e7\u00e3o interna \u2013 da\u00ed as \u2018novelhas\u2019 agremia\u00e7\u00f5es indefinidas pol\u00edtica e ideologicamente. Ou melhor, bem definidas: s\u00e3o partidos do sistema, que abrigam descontentes conjunturais. O PROS tende a ser pr\u00f3-governo, o Solidariedade pretende ser solid\u00e1rio a uma oposi\u00e7\u00e3o amena, e entre A\u00e9cio e Campos seu cora\u00e7\u00e3o, que mal come\u00e7ou a palpitar, agora balan\u00e7a.<\/p>\n<p>Cazuza, o compositor, em \u2018Ideologia\u2019, via \u2018o futuro repetir o passado (&#8230;) um museu de grandes novidades\u2019. Assim continuamos: o program\u00e1tico cedendo vez ao pragm\u00e1tico, o sonh\u00e1tico com cara de err\u00e1tico.<\/p>\n<\/div>\n<p><span id=\"Texto\"><br \/>\n<\/span><\/p>\n<\/div>\n","protected":false},"excerpt":{"rendered":"<p>As refer\u00eancias hist\u00f3ricas no Brasil t\u00eam fasc\u00ednio pelo \u2018novo\u2019. A conquista e coloniza\u00e7\u00e3o portuguesas come\u00e7aram com o \u201cDescobrimento\u201d, que foi o cobrimento de culturas nativas diversas e antiqu\u00edssimas. A \u201cnova\u201d Na\u00e7\u00e3o empinou pelas r\u00e9deas de um pr\u00edncipe portugu\u00eas, que regressou mais tarde para a Metr\u00f3pole e l\u00e1 \u00e9 louvado: Pedro I do Brasil e IV [&hellip;]<\/p>\n","protected":false},"author":2,"featured_media":0,"comment_status":"open","ping_status":"open","sticky":false,"template":"","format":"standard","meta":{"_acf_changed":false,"footnotes":""},"categories":[3,4956],"tags":[515,1680,1216,491,162],"class_list":{"0":"post-4397","1":"post","2":"type-post","3":"status-publish","4":"format-standard","6":"category-artigos-e-entrevistas","7":"category-portugal","8":"tag-bloco-de-esquerda","9":"tag-chico-alencar","10":"tag-internacional","11":"tag-portugal","12":"tag-rio-de-janeiro"},"acf":[],"yoast_head":"<!-- This site is optimized with the Yoast SEO plugin v26.5 - https:\/\/yoast.com\/wordpress\/plugins\/seo\/ -->\n<title>O futuro no passado - PSOL 50<\/title>\n<meta name=\"robots\" content=\"index, follow, max-snippet:-1, max-image-preview:large, max-video-preview:-1\" \/>\n<link rel=\"canonical\" href=\"https:\/\/psol50.org.br\/o-futuro-no-passado\/\" \/>\n<meta property=\"og:locale\" content=\"pt_BR\" \/>\n<meta property=\"og:type\" content=\"article\" \/>\n<meta property=\"og:title\" content=\"O futuro no passado - PSOL 50\" \/>\n<meta property=\"og:description\" content=\"As refer\u00eancias hist\u00f3ricas no Brasil t\u00eam fasc\u00ednio pelo \u2018novo\u2019. A conquista e coloniza\u00e7\u00e3o portuguesas come\u00e7aram com o \u201cDescobrimento\u201d, que foi o cobrimento de culturas nativas diversas e antiqu\u00edssimas. A \u201cnova\u201d Na\u00e7\u00e3o empinou pelas r\u00e9deas de um pr\u00edncipe portugu\u00eas, que regressou mais tarde para a Metr\u00f3pole e l\u00e1 \u00e9 louvado: Pedro I do Brasil e IV [&hellip;]\" \/>\n<meta property=\"og:url\" content=\"https:\/\/psol50.org.br\/o-futuro-no-passado\/\" \/>\n<meta property=\"og:site_name\" content=\"PSOL 50\" \/>\n<meta property=\"article:publisher\" content=\"https:\/\/www.facebook.com\/psol50\" \/>\n<meta property=\"article:published_time\" content=\"2013-10-09T12:25:38+00:00\" \/>\n<meta property=\"og:image\" content=\"https:\/\/psol50.org.br\/inc\/uploads\/2018\/07\/capa.png\" \/>\n\t<meta property=\"og:image:width\" content=\"1350\" \/>\n\t<meta property=\"og:image:height\" content=\"900\" \/>\n\t<meta property=\"og:image:type\" content=\"image\/png\" \/>\n<meta name=\"author\" content=\"Comunica\u00e7\u00e3o PSOL\" \/>\n<meta name=\"twitter:card\" content=\"summary_large_image\" \/>\n<meta name=\"twitter:creator\" content=\"@psol50\" \/>\n<meta name=\"twitter:site\" content=\"@psol50\" \/>\n<meta name=\"twitter:label1\" content=\"Escrito por\" \/>\n\t<meta name=\"twitter:data1\" content=\"Comunica\u00e7\u00e3o PSOL\" \/>\n\t<meta name=\"twitter:label2\" content=\"Est. tempo de leitura\" \/>\n\t<meta name=\"twitter:data2\" content=\"3 minutos\" \/>\n<script type=\"application\/ld+json\" class=\"yoast-schema-graph\">{\"@context\":\"https:\/\/schema.org\",\"@graph\":[{\"@type\":\"Article\",\"@id\":\"https:\/\/psol50.org.br\/o-futuro-no-passado\/#article\",\"isPartOf\":{\"@id\":\"https:\/\/psol50.org.br\/o-futuro-no-passado\/\"},\"author\":{\"name\":\"Comunica\u00e7\u00e3o PSOL\",\"@id\":\"https:\/\/psol50.org.br\/#\/schema\/person\/475dfa57d0b815993c714c2e96491fcd\"},\"headline\":\"O futuro no passado\",\"datePublished\":\"2013-10-09T12:25:38+00:00\",\"mainEntityOfPage\":{\"@id\":\"https:\/\/psol50.org.br\/o-futuro-no-passado\/\"},\"wordCount\":575,\"commentCount\":0,\"publisher\":{\"@id\":\"https:\/\/psol50.org.br\/#organization\"},\"keywords\":[\"Bloco de Esquerda\",\"Chico Alencar\",\"Internacional\",\"Portugal\",\"Rio de Janeiro\"],\"articleSection\":[\"Artigos\",\"Portugal\"],\"inLanguage\":\"pt-BR\",\"potentialAction\":[{\"@type\":\"CommentAction\",\"name\":\"Comment\",\"target\":[\"https:\/\/psol50.org.br\/o-futuro-no-passado\/#respond\"]}]},{\"@type\":\"WebPage\",\"@id\":\"https:\/\/psol50.org.br\/o-futuro-no-passado\/\",\"url\":\"https:\/\/psol50.org.br\/o-futuro-no-passado\/\",\"name\":\"O futuro no passado - PSOL 50\",\"isPartOf\":{\"@id\":\"https:\/\/psol50.org.br\/#website\"},\"datePublished\":\"2013-10-09T12:25:38+00:00\",\"breadcrumb\":{\"@id\":\"https:\/\/psol50.org.br\/o-futuro-no-passado\/#breadcrumb\"},\"inLanguage\":\"pt-BR\",\"potentialAction\":[{\"@type\":\"ReadAction\",\"target\":[\"https:\/\/psol50.org.br\/o-futuro-no-passado\/\"]}]},{\"@type\":\"BreadcrumbList\",\"@id\":\"https:\/\/psol50.org.br\/o-futuro-no-passado\/#breadcrumb\",\"itemListElement\":[{\"@type\":\"ListItem\",\"position\":1,\"name\":\"In\u00edcio\",\"item\":\"https:\/\/psol50.org.br\/\"},{\"@type\":\"ListItem\",\"position\":2,\"name\":\"O futuro no passado\"}]},{\"@type\":\"WebSite\",\"@id\":\"https:\/\/psol50.org.br\/#website\",\"url\":\"https:\/\/psol50.org.br\/\",\"name\":\"PSOL 50\",\"description\":\"Site oficial do Partido Socialismo e Liberdade\",\"publisher\":{\"@id\":\"https:\/\/psol50.org.br\/#organization\"},\"alternateName\":\"PSOL50\",\"potentialAction\":[{\"@type\":\"SearchAction\",\"target\":{\"@type\":\"EntryPoint\",\"urlTemplate\":\"https:\/\/psol50.org.br\/?s={search_term_string}\"},\"query-input\":{\"@type\":\"PropertyValueSpecification\",\"valueRequired\":true,\"valueName\":\"search_term_string\"}}],\"inLanguage\":\"pt-BR\"},{\"@type\":\"Organization\",\"@id\":\"https:\/\/psol50.org.br\/#organization\",\"name\":\"PSOL 50\",\"alternateName\":\"PSOL 50\",\"url\":\"https:\/\/psol50.org.br\/\",\"logo\":{\"@type\":\"ImageObject\",\"inLanguage\":\"pt-BR\",\"@id\":\"https:\/\/psol50.org.br\/#\/schema\/logo\/image\/\",\"url\":\"https:\/\/psol50.org.br\/inc\/uploads\/2018\/07\/capa.png\",\"contentUrl\":\"https:\/\/psol50.org.br\/inc\/uploads\/2018\/07\/capa.png\",\"width\":1350,\"height\":900,\"caption\":\"PSOL 50\"},\"image\":{\"@id\":\"https:\/\/psol50.org.br\/#\/schema\/logo\/image\/\"},\"sameAs\":[\"https:\/\/www.facebook.com\/psol50\",\"https:\/\/x.com\/psol50\",\"https:\/\/www.instagram.com\/psol50\/\",\"https:\/\/www.youtube.com\/channel\/UC7SnJS5o1os7a6CaiNabzcg\"]},{\"@type\":\"Person\",\"@id\":\"https:\/\/psol50.org.br\/#\/schema\/person\/475dfa57d0b815993c714c2e96491fcd\",\"name\":\"Comunica\u00e7\u00e3o PSOL\",\"image\":{\"@type\":\"ImageObject\",\"inLanguage\":\"pt-BR\",\"@id\":\"https:\/\/psol50.org.br\/#\/schema\/person\/image\/\",\"url\":\"https:\/\/secure.gravatar.com\/avatar\/b34fc4f4e468a4e51785917065a3db57b841f5c95dba6ad8c73aaf8f66f8f9bf?s=96&d=mm&r=g\",\"contentUrl\":\"https:\/\/secure.gravatar.com\/avatar\/b34fc4f4e468a4e51785917065a3db57b841f5c95dba6ad8c73aaf8f66f8f9bf?s=96&d=mm&r=g\",\"caption\":\"Comunica\u00e7\u00e3o PSOL\"}}]}<\/script>\n<!-- \/ Yoast SEO plugin. -->","yoast_head_json":{"title":"O futuro no passado - PSOL 50","robots":{"index":"index","follow":"follow","max-snippet":"max-snippet:-1","max-image-preview":"max-image-preview:large","max-video-preview":"max-video-preview:-1"},"canonical":"https:\/\/psol50.org.br\/o-futuro-no-passado\/","og_locale":"pt_BR","og_type":"article","og_title":"O futuro no passado - PSOL 50","og_description":"As refer\u00eancias hist\u00f3ricas no Brasil t\u00eam fasc\u00ednio pelo \u2018novo\u2019. A conquista e coloniza\u00e7\u00e3o portuguesas come\u00e7aram com o \u201cDescobrimento\u201d, que foi o cobrimento de culturas nativas diversas e antiqu\u00edssimas. A \u201cnova\u201d Na\u00e7\u00e3o empinou pelas r\u00e9deas de um pr\u00edncipe portugu\u00eas, que regressou mais tarde para a Metr\u00f3pole e l\u00e1 \u00e9 louvado: Pedro I do Brasil e IV [&hellip;]","og_url":"https:\/\/psol50.org.br\/o-futuro-no-passado\/","og_site_name":"PSOL 50","article_publisher":"https:\/\/www.facebook.com\/psol50","article_published_time":"2013-10-09T12:25:38+00:00","og_image":[{"width":1350,"height":900,"url":"https:\/\/psol50.org.br\/inc\/uploads\/2018\/07\/capa.png","type":"image\/png"}],"author":"Comunica\u00e7\u00e3o PSOL","twitter_card":"summary_large_image","twitter_creator":"@psol50","twitter_site":"@psol50","twitter_misc":{"Escrito por":"Comunica\u00e7\u00e3o PSOL","Est. tempo de leitura":"3 minutos"},"schema":{"@context":"https:\/\/schema.org","@graph":[{"@type":"Article","@id":"https:\/\/psol50.org.br\/o-futuro-no-passado\/#article","isPartOf":{"@id":"https:\/\/psol50.org.br\/o-futuro-no-passado\/"},"author":{"name":"Comunica\u00e7\u00e3o PSOL","@id":"https:\/\/psol50.org.br\/#\/schema\/person\/475dfa57d0b815993c714c2e96491fcd"},"headline":"O futuro no passado","datePublished":"2013-10-09T12:25:38+00:00","mainEntityOfPage":{"@id":"https:\/\/psol50.org.br\/o-futuro-no-passado\/"},"wordCount":575,"commentCount":0,"publisher":{"@id":"https:\/\/psol50.org.br\/#organization"},"keywords":["Bloco de Esquerda","Chico Alencar","Internacional","Portugal","Rio de Janeiro"],"articleSection":["Artigos","Portugal"],"inLanguage":"pt-BR","potentialAction":[{"@type":"CommentAction","name":"Comment","target":["https:\/\/psol50.org.br\/o-futuro-no-passado\/#respond"]}]},{"@type":"WebPage","@id":"https:\/\/psol50.org.br\/o-futuro-no-passado\/","url":"https:\/\/psol50.org.br\/o-futuro-no-passado\/","name":"O futuro no passado - PSOL 50","isPartOf":{"@id":"https:\/\/psol50.org.br\/#website"},"datePublished":"2013-10-09T12:25:38+00:00","breadcrumb":{"@id":"https:\/\/psol50.org.br\/o-futuro-no-passado\/#breadcrumb"},"inLanguage":"pt-BR","potentialAction":[{"@type":"ReadAction","target":["https:\/\/psol50.org.br\/o-futuro-no-passado\/"]}]},{"@type":"BreadcrumbList","@id":"https:\/\/psol50.org.br\/o-futuro-no-passado\/#breadcrumb","itemListElement":[{"@type":"ListItem","position":1,"name":"In\u00edcio","item":"https:\/\/psol50.org.br\/"},{"@type":"ListItem","position":2,"name":"O futuro no passado"}]},{"@type":"WebSite","@id":"https:\/\/psol50.org.br\/#website","url":"https:\/\/psol50.org.br\/","name":"PSOL 50","description":"Site oficial do Partido Socialismo e Liberdade","publisher":{"@id":"https:\/\/psol50.org.br\/#organization"},"alternateName":"PSOL50","potentialAction":[{"@type":"SearchAction","target":{"@type":"EntryPoint","urlTemplate":"https:\/\/psol50.org.br\/?s={search_term_string}"},"query-input":{"@type":"PropertyValueSpecification","valueRequired":true,"valueName":"search_term_string"}}],"inLanguage":"pt-BR"},{"@type":"Organization","@id":"https:\/\/psol50.org.br\/#organization","name":"PSOL 50","alternateName":"PSOL 50","url":"https:\/\/psol50.org.br\/","logo":{"@type":"ImageObject","inLanguage":"pt-BR","@id":"https:\/\/psol50.org.br\/#\/schema\/logo\/image\/","url":"https:\/\/psol50.org.br\/inc\/uploads\/2018\/07\/capa.png","contentUrl":"https:\/\/psol50.org.br\/inc\/uploads\/2018\/07\/capa.png","width":1350,"height":900,"caption":"PSOL 50"},"image":{"@id":"https:\/\/psol50.org.br\/#\/schema\/logo\/image\/"},"sameAs":["https:\/\/www.facebook.com\/psol50","https:\/\/x.com\/psol50","https:\/\/www.instagram.com\/psol50\/","https:\/\/www.youtube.com\/channel\/UC7SnJS5o1os7a6CaiNabzcg"]},{"@type":"Person","@id":"https:\/\/psol50.org.br\/#\/schema\/person\/475dfa57d0b815993c714c2e96491fcd","name":"Comunica\u00e7\u00e3o PSOL","image":{"@type":"ImageObject","inLanguage":"pt-BR","@id":"https:\/\/psol50.org.br\/#\/schema\/person\/image\/","url":"https:\/\/secure.gravatar.com\/avatar\/b34fc4f4e468a4e51785917065a3db57b841f5c95dba6ad8c73aaf8f66f8f9bf?s=96&d=mm&r=g","contentUrl":"https:\/\/secure.gravatar.com\/avatar\/b34fc4f4e468a4e51785917065a3db57b841f5c95dba6ad8c73aaf8f66f8f9bf?s=96&d=mm&r=g","caption":"Comunica\u00e7\u00e3o PSOL"}}]}},"_links":{"self":[{"href":"https:\/\/psol50.org.br\/rest\/wp\/v2\/posts\/4397","targetHints":{"allow":["GET"]}}],"collection":[{"href":"https:\/\/psol50.org.br\/rest\/wp\/v2\/posts"}],"about":[{"href":"https:\/\/psol50.org.br\/rest\/wp\/v2\/types\/post"}],"author":[{"embeddable":true,"href":"https:\/\/psol50.org.br\/rest\/wp\/v2\/users\/2"}],"replies":[{"embeddable":true,"href":"https:\/\/psol50.org.br\/rest\/wp\/v2\/comments?post=4397"}],"version-history":[{"count":0,"href":"https:\/\/psol50.org.br\/rest\/wp\/v2\/posts\/4397\/revisions"}],"wp:attachment":[{"href":"https:\/\/psol50.org.br\/rest\/wp\/v2\/media?parent=4397"}],"wp:term":[{"taxonomy":"category","embeddable":true,"href":"https:\/\/psol50.org.br\/rest\/wp\/v2\/categories?post=4397"},{"taxonomy":"post_tag","embeddable":true,"href":"https:\/\/psol50.org.br\/rest\/wp\/v2\/tags?post=4397"}],"curies":[{"name":"wp","href":"https:\/\/api.w.org\/{rel}","templated":true}]}}