{"id":4405,"date":"2013-06-10T12:30:08","date_gmt":"2013-06-10T12:30:08","guid":{"rendered":"http:\/\/179.190.55.146\/~psol5185\/?p=4405"},"modified":"2013-06-10T12:30:08","modified_gmt":"2013-06-10T12:30:08","slug":"mais-alem-da-redivisao-politico-administrativa","status":"publish","type":"post","link":"https:\/\/psol50.org.br\/mais-alem-da-redivisao-politico-administrativa\/","title":{"rendered":"Mais al\u00e9m da redivis\u00e3o pol\u00edtico-administrativa"},"content":{"rendered":"<div id=\"blocoDadosPrint\">N\u00f3s temos 5.570 munic\u00edpios hoje no Brasil: 88% deles t\u00eam d\u00e9bito com a Previd\u00eancia; 40% deles conseguem levar os seus res\u00edduos s\u00f3lidos para aterros sanit\u00e1rios; 60%, n\u00e3o.<\/div>\n<div class=\"txtPrint\">\n<div>\nA nova Lei da Transpar\u00eancia, fundamental para o Brasil, deu quatro anos para que cada munic\u00edpio com menos de 50 mil habitantes apresentasse os seus dados: 37% n\u00e3o conseguiram faz\u00ea-lo, munic\u00edpios pequenos e m\u00e9dios. Portanto, \u00e9 preciso ter cuidado.<\/p>\n<p>O PSOL defende, sim, que haja a possibilidade de cria\u00e7\u00e3o de novos munic\u00edpios. Mas os crit\u00e9rios t\u00eam que ser absolutamente rigorosos, porque, na verdade, criou-se, no Brasil, muito munic\u00edpio apenas por interesse menor \u2014 por m\u00e1quina eleitoral, por montagem de estrutura administrativa que n\u00e3o vai l\u00e1 na ponta, na educa\u00e7\u00e3o, na sa\u00fade, no saneamento b\u00e1sico.<\/p>\n<p>Vejam, o estudo de viabilidade municipal, muito importante no projeto. Ao que sabemos, est\u00e1 dito a ser realizado preferencialmente por um \u00f3rg\u00e3o p\u00fablico qualificado. Preferencialmente n\u00e3o \u00e9 exclusivamente. Quantas empresas v\u00e3o poder se habilitar para fazer esse estudo e criar munic\u00edpios por interesses meramente geoecon\u00f4micos?<\/p>\n<p>N\u00f3s tamb\u00e9m n\u00e3o temos, no projeto, o que fazer com o passivo, com os d\u00e9bitos, com as d\u00edvidas de munic\u00edpios que venham a ser criados desmembrados de outros. O Fundo de Participa\u00e7\u00e3o dos Munic\u00edpios \u00e9 de recolhimento nacional, \u00e9 um fundo destinado, sim, a cada munic\u00edpio. Mas isso n\u00e3o necessariamente vai permitir uma arrecada\u00e7\u00e3o que viabilize todo e qualquer munic\u00edpio. Pode-se estar trocando seis por meia d\u00fazia, tirando de um bolso para colocar em outro.<\/p>\n<p>Portanto, para n\u00f3s do PSOL o problema central n\u00e3o \u00e9 simplesmente liberar, ainda com crit\u00e9rios que reconhecemos mais r\u00edgidos do que antes, a cria\u00e7\u00e3o de novos munic\u00edpios. Aquela farra dos anos 90, a cria\u00e7\u00e3o de mais de mil munic\u00edpios em 5 anos, n\u00e3o deve acontecer de novo. Entretanto, estudos dizem que j\u00e1 est\u00e3o prontos para o processo de cria\u00e7\u00e3o.<\/p>\n<p>N\u00f3s diz\u00edamos que os recursos n\u00e3o v\u00eam naturalmente com a mera distribui\u00e7\u00e3o. A nossa concep\u00e7\u00e3o vai mais do que a mera redivis\u00e3o pol\u00edtico-administrativa. Ela implica gest\u00e3o descentralizada, ela implica subprefeituras efetivas, e n\u00e3o de nomea\u00e7\u00e3o por mero interesse de curral eleitoral e de clientelismo para ter maioria na C\u00e2mara de Vereadores. Ela implica tamb\u00e9m fazer uma discuss\u00e3o da reforma tribut\u00e1ria mais importante do que esta lei. S\u00e3o 410 novos munic\u00edpios, e talvez, na nossa avalia\u00e7\u00e3o, 30 ou 40 sejam efetivamente necess\u00e1rios. Temos que pensar sobretudo, na popula\u00e7\u00e3o, e n\u00e3o num mandato futuro de vereador e de prefeito, cargo de servi\u00e7o honroso, sem d\u00favida, mas \u00e9 preciso meditar mais.<\/p>\n<p>O PSOL tem v\u00e1rias pondera\u00e7\u00f5es a fazer e uma vis\u00e3o cr\u00edtica, inclusive com o fim da possibilidade de discutir mais demoradamente, inclusive em Comiss\u00f5es, e com o IPEA, e com o BNDES, e com outros \u00f3rg\u00e3os, inclusive de governo, esse processo que agora se reabre. Ser\u00e1 aprovado, sem d\u00favida, mas n\u00f3s seremos fiadores do crit\u00e9rio da viabilidade e do que se vai fazer com cada novo munic\u00edpio, para que n\u00e3o tenhamos mais insufici\u00eancia, mais pobreza e mais cr\u00edtica aos agentes pol\u00edticos eleitos. N\u00e3o vamos nos iludir.<\/p><\/div>\n<\/div>\n","protected":false},"excerpt":{"rendered":"<p>N\u00f3s temos 5.570 munic\u00edpios hoje no Brasil: 88% deles t\u00eam d\u00e9bito com a Previd\u00eancia; 40% deles conseguem levar os seus res\u00edduos s\u00f3lidos para aterros sanit\u00e1rios; 60%, n\u00e3o. A nova Lei da Transpar\u00eancia, fundamental para o Brasil, deu quatro anos para que cada munic\u00edpio com menos de 50 mil habitantes apresentasse os seus dados: 37% n\u00e3o [&hellip;]<\/p>\n","protected":false},"author":2,"featured_media":0,"comment_status":"open","ping_status":"open","sticky":false,"template":"","format":"standard","meta":{"_acf_changed":false,"footnotes":""},"categories":[3],"tags":[1680,162],"class_list":{"0":"post-4405","1":"post","2":"type-post","3":"status-publish","4":"format-standard","6":"category-artigos-e-entrevistas","7":"tag-chico-alencar","8":"tag-rio-de-janeiro"},"acf":[],"yoast_head":"<!-- This site is optimized with the Yoast SEO plugin v26.5 - https:\/\/yoast.com\/wordpress\/plugins\/seo\/ -->\n<title>Mais al\u00e9m da redivis\u00e3o pol\u00edtico-administrativa - PSOL 50<\/title>\n<meta name=\"robots\" content=\"index, follow, max-snippet:-1, max-image-preview:large, max-video-preview:-1\" \/>\n<link rel=\"canonical\" href=\"https:\/\/psol50.org.br\/mais-alem-da-redivisao-politico-administrativa\/\" \/>\n<meta property=\"og:locale\" content=\"pt_BR\" \/>\n<meta property=\"og:type\" content=\"article\" \/>\n<meta property=\"og:title\" content=\"Mais al\u00e9m da redivis\u00e3o pol\u00edtico-administrativa - PSOL 50\" \/>\n<meta property=\"og:description\" content=\"N\u00f3s temos 5.570 munic\u00edpios hoje no Brasil: 88% deles t\u00eam d\u00e9bito com a Previd\u00eancia; 40% deles conseguem levar os seus res\u00edduos s\u00f3lidos para aterros sanit\u00e1rios; 60%, n\u00e3o. A nova Lei da Transpar\u00eancia, fundamental para o Brasil, deu quatro anos para que cada munic\u00edpio com menos de 50 mil habitantes apresentasse os seus dados: 37% n\u00e3o [&hellip;]\" \/>\n<meta property=\"og:url\" content=\"https:\/\/psol50.org.br\/mais-alem-da-redivisao-politico-administrativa\/\" \/>\n<meta property=\"og:site_name\" content=\"PSOL 50\" \/>\n<meta property=\"article:publisher\" content=\"https:\/\/www.facebook.com\/psol50\" \/>\n<meta property=\"article:published_time\" content=\"2013-06-10T12:30:08+00:00\" \/>\n<meta property=\"og:image\" content=\"https:\/\/psol50.org.br\/inc\/uploads\/2018\/07\/capa.png\" \/>\n\t<meta property=\"og:image:width\" content=\"1350\" \/>\n\t<meta property=\"og:image:height\" content=\"900\" \/>\n\t<meta property=\"og:image:type\" content=\"image\/png\" \/>\n<meta name=\"author\" content=\"Comunica\u00e7\u00e3o PSOL\" \/>\n<meta name=\"twitter:card\" content=\"summary_large_image\" \/>\n<meta name=\"twitter:creator\" content=\"@psol50\" \/>\n<meta name=\"twitter:site\" content=\"@psol50\" \/>\n<meta name=\"twitter:label1\" content=\"Escrito por\" \/>\n\t<meta name=\"twitter:data1\" content=\"Comunica\u00e7\u00e3o PSOL\" \/>\n\t<meta name=\"twitter:label2\" content=\"Est. tempo de leitura\" \/>\n\t<meta name=\"twitter:data2\" content=\"3 minutos\" \/>\n<script type=\"application\/ld+json\" class=\"yoast-schema-graph\">{\"@context\":\"https:\/\/schema.org\",\"@graph\":[{\"@type\":\"Article\",\"@id\":\"https:\/\/psol50.org.br\/mais-alem-da-redivisao-politico-administrativa\/#article\",\"isPartOf\":{\"@id\":\"https:\/\/psol50.org.br\/mais-alem-da-redivisao-politico-administrativa\/\"},\"author\":{\"name\":\"Comunica\u00e7\u00e3o PSOL\",\"@id\":\"https:\/\/psol50.org.br\/#\/schema\/person\/475dfa57d0b815993c714c2e96491fcd\"},\"headline\":\"Mais al\u00e9m da redivis\u00e3o pol\u00edtico-administrativa\",\"datePublished\":\"2013-06-10T12:30:08+00:00\",\"mainEntityOfPage\":{\"@id\":\"https:\/\/psol50.org.br\/mais-alem-da-redivisao-politico-administrativa\/\"},\"wordCount\":577,\"commentCount\":0,\"publisher\":{\"@id\":\"https:\/\/psol50.org.br\/#organization\"},\"keywords\":[\"Chico Alencar\",\"Rio de Janeiro\"],\"articleSection\":[\"Artigos\"],\"inLanguage\":\"pt-BR\",\"potentialAction\":[{\"@type\":\"CommentAction\",\"name\":\"Comment\",\"target\":[\"https:\/\/psol50.org.br\/mais-alem-da-redivisao-politico-administrativa\/#respond\"]}]},{\"@type\":\"WebPage\",\"@id\":\"https:\/\/psol50.org.br\/mais-alem-da-redivisao-politico-administrativa\/\",\"url\":\"https:\/\/psol50.org.br\/mais-alem-da-redivisao-politico-administrativa\/\",\"name\":\"Mais al\u00e9m da redivis\u00e3o pol\u00edtico-administrativa - PSOL 50\",\"isPartOf\":{\"@id\":\"https:\/\/psol50.org.br\/#website\"},\"datePublished\":\"2013-06-10T12:30:08+00:00\",\"breadcrumb\":{\"@id\":\"https:\/\/psol50.org.br\/mais-alem-da-redivisao-politico-administrativa\/#breadcrumb\"},\"inLanguage\":\"pt-BR\",\"potentialAction\":[{\"@type\":\"ReadAction\",\"target\":[\"https:\/\/psol50.org.br\/mais-alem-da-redivisao-politico-administrativa\/\"]}]},{\"@type\":\"BreadcrumbList\",\"@id\":\"https:\/\/psol50.org.br\/mais-alem-da-redivisao-politico-administrativa\/#breadcrumb\",\"itemListElement\":[{\"@type\":\"ListItem\",\"position\":1,\"name\":\"In\u00edcio\",\"item\":\"https:\/\/psol50.org.br\/\"},{\"@type\":\"ListItem\",\"position\":2,\"name\":\"Mais al\u00e9m da redivis\u00e3o pol\u00edtico-administrativa\"}]},{\"@type\":\"WebSite\",\"@id\":\"https:\/\/psol50.org.br\/#website\",\"url\":\"https:\/\/psol50.org.br\/\",\"name\":\"PSOL 50\",\"description\":\"Site oficial do Partido Socialismo e Liberdade\",\"publisher\":{\"@id\":\"https:\/\/psol50.org.br\/#organization\"},\"alternateName\":\"PSOL50\",\"potentialAction\":[{\"@type\":\"SearchAction\",\"target\":{\"@type\":\"EntryPoint\",\"urlTemplate\":\"https:\/\/psol50.org.br\/?s={search_term_string}\"},\"query-input\":{\"@type\":\"PropertyValueSpecification\",\"valueRequired\":true,\"valueName\":\"search_term_string\"}}],\"inLanguage\":\"pt-BR\"},{\"@type\":\"Organization\",\"@id\":\"https:\/\/psol50.org.br\/#organization\",\"name\":\"PSOL 50\",\"alternateName\":\"PSOL 50\",\"url\":\"https:\/\/psol50.org.br\/\",\"logo\":{\"@type\":\"ImageObject\",\"inLanguage\":\"pt-BR\",\"@id\":\"https:\/\/psol50.org.br\/#\/schema\/logo\/image\/\",\"url\":\"https:\/\/psol50.org.br\/inc\/uploads\/2018\/07\/capa.png\",\"contentUrl\":\"https:\/\/psol50.org.br\/inc\/uploads\/2018\/07\/capa.png\",\"width\":1350,\"height\":900,\"caption\":\"PSOL 50\"},\"image\":{\"@id\":\"https:\/\/psol50.org.br\/#\/schema\/logo\/image\/\"},\"sameAs\":[\"https:\/\/www.facebook.com\/psol50\",\"https:\/\/x.com\/psol50\",\"https:\/\/www.instagram.com\/psol50\/\",\"https:\/\/www.youtube.com\/channel\/UC7SnJS5o1os7a6CaiNabzcg\"]},{\"@type\":\"Person\",\"@id\":\"https:\/\/psol50.org.br\/#\/schema\/person\/475dfa57d0b815993c714c2e96491fcd\",\"name\":\"Comunica\u00e7\u00e3o PSOL\",\"image\":{\"@type\":\"ImageObject\",\"inLanguage\":\"pt-BR\",\"@id\":\"https:\/\/psol50.org.br\/#\/schema\/person\/image\/\",\"url\":\"https:\/\/secure.gravatar.com\/avatar\/b34fc4f4e468a4e51785917065a3db57b841f5c95dba6ad8c73aaf8f66f8f9bf?s=96&d=mm&r=g\",\"contentUrl\":\"https:\/\/secure.gravatar.com\/avatar\/b34fc4f4e468a4e51785917065a3db57b841f5c95dba6ad8c73aaf8f66f8f9bf?s=96&d=mm&r=g\",\"caption\":\"Comunica\u00e7\u00e3o PSOL\"}}]}<\/script>\n<!-- \/ Yoast SEO plugin. -->","yoast_head_json":{"title":"Mais al\u00e9m da redivis\u00e3o pol\u00edtico-administrativa - PSOL 50","robots":{"index":"index","follow":"follow","max-snippet":"max-snippet:-1","max-image-preview":"max-image-preview:large","max-video-preview":"max-video-preview:-1"},"canonical":"https:\/\/psol50.org.br\/mais-alem-da-redivisao-politico-administrativa\/","og_locale":"pt_BR","og_type":"article","og_title":"Mais al\u00e9m da redivis\u00e3o pol\u00edtico-administrativa - PSOL 50","og_description":"N\u00f3s temos 5.570 munic\u00edpios hoje no Brasil: 88% deles t\u00eam d\u00e9bito com a Previd\u00eancia; 40% deles conseguem levar os seus res\u00edduos s\u00f3lidos para aterros sanit\u00e1rios; 60%, n\u00e3o. A nova Lei da Transpar\u00eancia, fundamental para o Brasil, deu quatro anos para que cada munic\u00edpio com menos de 50 mil habitantes apresentasse os seus dados: 37% n\u00e3o [&hellip;]","og_url":"https:\/\/psol50.org.br\/mais-alem-da-redivisao-politico-administrativa\/","og_site_name":"PSOL 50","article_publisher":"https:\/\/www.facebook.com\/psol50","article_published_time":"2013-06-10T12:30:08+00:00","og_image":[{"width":1350,"height":900,"url":"https:\/\/psol50.org.br\/inc\/uploads\/2018\/07\/capa.png","type":"image\/png"}],"author":"Comunica\u00e7\u00e3o PSOL","twitter_card":"summary_large_image","twitter_creator":"@psol50","twitter_site":"@psol50","twitter_misc":{"Escrito por":"Comunica\u00e7\u00e3o PSOL","Est. tempo de leitura":"3 minutos"},"schema":{"@context":"https:\/\/schema.org","@graph":[{"@type":"Article","@id":"https:\/\/psol50.org.br\/mais-alem-da-redivisao-politico-administrativa\/#article","isPartOf":{"@id":"https:\/\/psol50.org.br\/mais-alem-da-redivisao-politico-administrativa\/"},"author":{"name":"Comunica\u00e7\u00e3o PSOL","@id":"https:\/\/psol50.org.br\/#\/schema\/person\/475dfa57d0b815993c714c2e96491fcd"},"headline":"Mais al\u00e9m da redivis\u00e3o pol\u00edtico-administrativa","datePublished":"2013-06-10T12:30:08+00:00","mainEntityOfPage":{"@id":"https:\/\/psol50.org.br\/mais-alem-da-redivisao-politico-administrativa\/"},"wordCount":577,"commentCount":0,"publisher":{"@id":"https:\/\/psol50.org.br\/#organization"},"keywords":["Chico Alencar","Rio de Janeiro"],"articleSection":["Artigos"],"inLanguage":"pt-BR","potentialAction":[{"@type":"CommentAction","name":"Comment","target":["https:\/\/psol50.org.br\/mais-alem-da-redivisao-politico-administrativa\/#respond"]}]},{"@type":"WebPage","@id":"https:\/\/psol50.org.br\/mais-alem-da-redivisao-politico-administrativa\/","url":"https:\/\/psol50.org.br\/mais-alem-da-redivisao-politico-administrativa\/","name":"Mais al\u00e9m da redivis\u00e3o pol\u00edtico-administrativa - PSOL 50","isPartOf":{"@id":"https:\/\/psol50.org.br\/#website"},"datePublished":"2013-06-10T12:30:08+00:00","breadcrumb":{"@id":"https:\/\/psol50.org.br\/mais-alem-da-redivisao-politico-administrativa\/#breadcrumb"},"inLanguage":"pt-BR","potentialAction":[{"@type":"ReadAction","target":["https:\/\/psol50.org.br\/mais-alem-da-redivisao-politico-administrativa\/"]}]},{"@type":"BreadcrumbList","@id":"https:\/\/psol50.org.br\/mais-alem-da-redivisao-politico-administrativa\/#breadcrumb","itemListElement":[{"@type":"ListItem","position":1,"name":"In\u00edcio","item":"https:\/\/psol50.org.br\/"},{"@type":"ListItem","position":2,"name":"Mais al\u00e9m da redivis\u00e3o pol\u00edtico-administrativa"}]},{"@type":"WebSite","@id":"https:\/\/psol50.org.br\/#website","url":"https:\/\/psol50.org.br\/","name":"PSOL 50","description":"Site oficial do Partido Socialismo e Liberdade","publisher":{"@id":"https:\/\/psol50.org.br\/#organization"},"alternateName":"PSOL50","potentialAction":[{"@type":"SearchAction","target":{"@type":"EntryPoint","urlTemplate":"https:\/\/psol50.org.br\/?s={search_term_string}"},"query-input":{"@type":"PropertyValueSpecification","valueRequired":true,"valueName":"search_term_string"}}],"inLanguage":"pt-BR"},{"@type":"Organization","@id":"https:\/\/psol50.org.br\/#organization","name":"PSOL 50","alternateName":"PSOL 50","url":"https:\/\/psol50.org.br\/","logo":{"@type":"ImageObject","inLanguage":"pt-BR","@id":"https:\/\/psol50.org.br\/#\/schema\/logo\/image\/","url":"https:\/\/psol50.org.br\/inc\/uploads\/2018\/07\/capa.png","contentUrl":"https:\/\/psol50.org.br\/inc\/uploads\/2018\/07\/capa.png","width":1350,"height":900,"caption":"PSOL 50"},"image":{"@id":"https:\/\/psol50.org.br\/#\/schema\/logo\/image\/"},"sameAs":["https:\/\/www.facebook.com\/psol50","https:\/\/x.com\/psol50","https:\/\/www.instagram.com\/psol50\/","https:\/\/www.youtube.com\/channel\/UC7SnJS5o1os7a6CaiNabzcg"]},{"@type":"Person","@id":"https:\/\/psol50.org.br\/#\/schema\/person\/475dfa57d0b815993c714c2e96491fcd","name":"Comunica\u00e7\u00e3o PSOL","image":{"@type":"ImageObject","inLanguage":"pt-BR","@id":"https:\/\/psol50.org.br\/#\/schema\/person\/image\/","url":"https:\/\/secure.gravatar.com\/avatar\/b34fc4f4e468a4e51785917065a3db57b841f5c95dba6ad8c73aaf8f66f8f9bf?s=96&d=mm&r=g","contentUrl":"https:\/\/secure.gravatar.com\/avatar\/b34fc4f4e468a4e51785917065a3db57b841f5c95dba6ad8c73aaf8f66f8f9bf?s=96&d=mm&r=g","caption":"Comunica\u00e7\u00e3o PSOL"}}]}},"_links":{"self":[{"href":"https:\/\/psol50.org.br\/rest\/wp\/v2\/posts\/4405","targetHints":{"allow":["GET"]}}],"collection":[{"href":"https:\/\/psol50.org.br\/rest\/wp\/v2\/posts"}],"about":[{"href":"https:\/\/psol50.org.br\/rest\/wp\/v2\/types\/post"}],"author":[{"embeddable":true,"href":"https:\/\/psol50.org.br\/rest\/wp\/v2\/users\/2"}],"replies":[{"embeddable":true,"href":"https:\/\/psol50.org.br\/rest\/wp\/v2\/comments?post=4405"}],"version-history":[{"count":0,"href":"https:\/\/psol50.org.br\/rest\/wp\/v2\/posts\/4405\/revisions"}],"wp:attachment":[{"href":"https:\/\/psol50.org.br\/rest\/wp\/v2\/media?parent=4405"}],"wp:term":[{"taxonomy":"category","embeddable":true,"href":"https:\/\/psol50.org.br\/rest\/wp\/v2\/categories?post=4405"},{"taxonomy":"post_tag","embeddable":true,"href":"https:\/\/psol50.org.br\/rest\/wp\/v2\/tags?post=4405"}],"curies":[{"name":"wp","href":"https:\/\/api.w.org\/{rel}","templated":true}]}}