{"id":4407,"date":"2013-04-18T12:30:41","date_gmt":"2013-04-18T12:30:41","guid":{"rendered":"http:\/\/179.190.55.146\/~psol5185\/?p=4407"},"modified":"2013-04-18T12:30:41","modified_gmt":"2013-04-18T12:30:41","slug":"a-privatizacao-do-maracana-e-um-escandalo","status":"publish","type":"post","link":"https:\/\/psol50.org.br\/a-privatizacao-do-maracana-e-um-escandalo\/","title":{"rendered":"A privatiza\u00e7\u00e3o do Maracan\u00e3 \u00e9 um esc\u00e2ndalo!"},"content":{"rendered":"<div id=\"blocoDadosPrint\"><em><em>A privatiza\u00e7\u00e3o do Maracan\u00e3, com a suspeita de favorecimento a empresa de Eike Batista e a destrui\u00e7\u00e3o de complexo esportivo, mostra como o Rio virou um mero e lucrativo neg\u00f3cio para poucos, gra\u00e7as \u00e0 Copa e \u00e0s Olimp\u00edadas.<\/em><\/em><\/p>\n<hr \/>\n<\/div>\n<div class=\"txtPrint\">\n<div>Aconteceu na \u00faltima semana, no Rio de Janeiro, uma importante manifesta\u00e7\u00e3o contra a privatiza\u00e7\u00e3o do est\u00e1dio do Maracan\u00e3. Os manifestantes marcharam do Largo do Machado ao Pal\u00e1cio Guanabara, onde foi iniciado o processo de concess\u00e3o a particulares desse que, h\u00e1 35 anos, \u00e9 patrim\u00f4nio do povo fluminense.<\/p>\n<p>Foi uma marcha da cidadania, com a presen\u00e7a de ativistas de movimentos sociais, sindicatos, partidos e cidad\u00e3os indignados com a privatiza\u00e7\u00e3o do Maracan\u00e3, com as demoli\u00e7\u00f5es arbitr\u00e1rias em seu entorno, como o Est\u00e1dio de Atletismo C\u00e9lio de Barros, o Parque Aqu\u00e1tico J\u00falio Delamare e a Escola Municipal Friedenreich. Trata-se da mercantiliza\u00e7\u00e3o de nossa cidade, baseada em rela\u00e7\u00f5es obscuras entre governo e empresas.<\/p>\n<p>Em nome da Copa e das Olimp\u00edadas, R$ 7 bilh\u00f5es est\u00e3o sendo desviados da sa\u00fade, da educa\u00e7\u00e3o, da moradia, do transporte e de outros servi\u00e7os p\u00fablicos fundamentais. Ao todo, estima-se que ser\u00e1 gasto na atual reforma do Maracan\u00e3 R$ 1 bilh\u00e3o. Ao menos quatro dos 12 est\u00e1dios de futebol reformados ou constru\u00eddos para o evento de neg\u00f3cio e futebol, a Copa da Fifa de 2014, tornar-se-\u00e3o &#8220;elefantes brancos&#8221;. O propalado &#8220;legado social&#8221; ser\u00e1 inexpressivo.<\/p>\n<p>E pasmem: o Maracan\u00e3, reformado em 2007 para o Pan, reformado agora para a Copa de 2014, ter\u00e1 de ser novamente reformado para as Olimp\u00edadas de 2016! Of\u00edcios enviados pelo Comit\u00ea Organizador dos Jogos Ol\u00edmpicos Rio 2016 ao governo do Estado do Rio pedem a altera\u00e7\u00e3o de 39 pontos, entre modifica\u00e7\u00f5es nas obras e mudan\u00e7as na licita\u00e7\u00e3o, para atender os crit\u00e9rios ol\u00edmpicos. Nova festa para as empreiteiras!<\/p>\n<p>As estimativas feitas pela empresa IMX, do empres\u00e1rio Eike Batista, revelam que a privatiza\u00e7\u00e3o do Maracan\u00e3 dever\u00e1 dar um lucro de R$ 1,4 bilh\u00e3o \u00e0 empresa que assumir o controle do est\u00e1dio. Durante esse per\u00edodo, por\u00e9m, o governo do Rio de Janeiro amargar\u00e1 uma perda de R$ 111 milh\u00f5es por ceder o espa\u00e7o \u00e0 iniciativa privada. Uma perda anual de R$ 7,9 milh\u00f5es nos 35 anos em que n\u00e3o ter\u00e1 o controle do Maracan\u00e3. Isso porque abrir\u00e1 m\u00e3o de um ganho de R$ 12,1 milh\u00f5es que o est\u00e1dio lhe d\u00e1 todo ano. Em troca, receber\u00e1 R$ 4,2 milh\u00f5es da empresa que ganhar a licita\u00e7\u00e3o do est\u00e1dio.<\/p>\n<p>No edital de privatiza\u00e7\u00e3o, est\u00e3o previstas interven\u00e7\u00f5es no Maracan\u00e3zinho, que receber\u00e1 jogos nas Olimp\u00edadas de 2016, a demoli\u00e7\u00e3o do C\u00e9lio de Barros, do J\u00falio Delamare, da Escola Municipal Friendenreich e a reforma do antigo Museu do \u00cdndio \u2013 conhecido como &#8220;Aldeia Maracan\u00e3&#8221;. Nestes locais, seriam constru\u00eddos edif\u00edcios-garagens e um centro de entretenimento com lojas e restaurantes.<\/p>\n<p>O Minist\u00e9rio P\u00fablico entrou com a\u00e7\u00e3o para barrar a privatiza\u00e7\u00e3o, aponta &#8220;irregularidades no edital&#8221; e impede a demoli\u00e7\u00e3o dos espa\u00e7os de atletismo e nata\u00e7\u00e3o.<\/p>\n<p>A ju\u00edza Roseli Nalin, da Comarca da Capital, acatou em medida liminar o pedido de suspens\u00e3o do processo licitat\u00f3rio do Complexo do Maracan\u00e3, anteontem (15) \u00e0 noite. Seu parecer considerou o projeto &#8220;desnecess\u00e1rio para a Copa do Mundo e prejudicial \u00e0 Olimp\u00edada, contrapresta\u00e7\u00e3o p\u00fablica lesiva ao er\u00e1rio, informa\u00e7\u00f5es sonegadas aos interessados, desnecessidade da contrapresta\u00e7\u00e3o p\u00fablica e direcionamento da licita\u00e7\u00e3o, em raz\u00e3o de privil\u00e9gio no acesso \u00e0s informa\u00e7\u00f5es; superfaturamento do estudo pr\u00e9vio; e restri\u00e7\u00e3o \u00e0 visita t\u00e9cnica&#8221;.<\/p>\n<p>A Justi\u00e7a entendeu que h\u00e1 ilegalidade no edital, porque a mesma empresa que elaborou o estudo base, a IMX, do empres\u00e1rio Eike Batista, teve acesso a informa\u00e7\u00f5es privilegiadas perante os outros concorrentes e n\u00e3o poderia participar. Al\u00e9m disso, os outros concorrentes teriam tido pouco tempo para fazer uma vistoria t\u00e9cnica no est\u00e1dio.<\/p>\n<p>Ainda na \u00faltima semana, a presidente do Tribunal de Justi\u00e7a (TJ), desembargadora Leila Mariano, cassou a liminar do Minist\u00e9rio P\u00fablico para suspender o processo de licita\u00e7\u00e3o para concess\u00e3o do Complexo do Maracan\u00e3.<\/p>\n<p>\u00c9 um esc\u00e2ndalo! Felizmente a cidadania ativa da nossa cidade, do nosso estado, e do nosso pa\u00eds est\u00e1 dizendo n\u00e3o a esse vergonhoso processo, no qual o interesse p\u00fablico \u00e9 engolido pelo mero neg\u00f3cio!<\/p><\/div>\n<p><span id=\"Texto\">\u00a0<\/span><\/div>\n","protected":false},"excerpt":{"rendered":"<p>A privatiza\u00e7\u00e3o do Maracan\u00e3, com a suspeita de favorecimento a empresa de Eike Batista e a destrui\u00e7\u00e3o de complexo esportivo, mostra como o Rio virou um mero e lucrativo neg\u00f3cio para poucos, gra\u00e7as \u00e0 Copa e \u00e0s Olimp\u00edadas. Aconteceu na \u00faltima semana, no Rio de Janeiro, uma importante manifesta\u00e7\u00e3o contra a privatiza\u00e7\u00e3o do est\u00e1dio do [&hellip;]<\/p>\n","protected":false},"author":2,"featured_media":0,"comment_status":"open","ping_status":"open","sticky":false,"template":"","format":"standard","meta":{"_acf_changed":false,"footnotes":""},"categories":[3],"tags":[1680,162],"class_list":{"0":"post-4407","1":"post","2":"type-post","3":"status-publish","4":"format-standard","6":"category-artigos-e-entrevistas","7":"tag-chico-alencar","8":"tag-rio-de-janeiro"},"acf":[],"yoast_head":"<!-- This site is optimized with the Yoast SEO plugin v26.5 - https:\/\/yoast.com\/wordpress\/plugins\/seo\/ -->\n<title>A privatiza\u00e7\u00e3o do Maracan\u00e3 \u00e9 um esc\u00e2ndalo! - PSOL 50<\/title>\n<meta name=\"robots\" content=\"index, follow, max-snippet:-1, max-image-preview:large, max-video-preview:-1\" \/>\n<link rel=\"canonical\" href=\"https:\/\/psol50.org.br\/a-privatizacao-do-maracana-e-um-escandalo\/\" \/>\n<meta property=\"og:locale\" content=\"pt_BR\" \/>\n<meta property=\"og:type\" content=\"article\" \/>\n<meta property=\"og:title\" content=\"A privatiza\u00e7\u00e3o do Maracan\u00e3 \u00e9 um esc\u00e2ndalo! - PSOL 50\" \/>\n<meta property=\"og:description\" content=\"A privatiza\u00e7\u00e3o do Maracan\u00e3, com a suspeita de favorecimento a empresa de Eike Batista e a destrui\u00e7\u00e3o de complexo esportivo, mostra como o Rio virou um mero e lucrativo neg\u00f3cio para poucos, gra\u00e7as \u00e0 Copa e \u00e0s Olimp\u00edadas. Aconteceu na \u00faltima semana, no Rio de Janeiro, uma importante manifesta\u00e7\u00e3o contra a privatiza\u00e7\u00e3o do est\u00e1dio do [&hellip;]\" \/>\n<meta property=\"og:url\" content=\"https:\/\/psol50.org.br\/a-privatizacao-do-maracana-e-um-escandalo\/\" \/>\n<meta property=\"og:site_name\" content=\"PSOL 50\" \/>\n<meta property=\"article:publisher\" content=\"https:\/\/www.facebook.com\/psol50\" \/>\n<meta property=\"article:published_time\" content=\"2013-04-18T12:30:41+00:00\" \/>\n<meta property=\"og:image\" content=\"https:\/\/psol50.org.br\/inc\/uploads\/2018\/07\/capa.png\" \/>\n\t<meta property=\"og:image:width\" content=\"1350\" \/>\n\t<meta property=\"og:image:height\" content=\"900\" \/>\n\t<meta property=\"og:image:type\" content=\"image\/png\" \/>\n<meta name=\"author\" content=\"Comunica\u00e7\u00e3o PSOL\" \/>\n<meta name=\"twitter:card\" content=\"summary_large_image\" \/>\n<meta name=\"twitter:creator\" content=\"@psol50\" \/>\n<meta name=\"twitter:site\" content=\"@psol50\" \/>\n<meta name=\"twitter:label1\" content=\"Escrito por\" \/>\n\t<meta name=\"twitter:data1\" content=\"Comunica\u00e7\u00e3o PSOL\" \/>\n\t<meta name=\"twitter:label2\" content=\"Est. tempo de leitura\" \/>\n\t<meta name=\"twitter:data2\" content=\"4 minutos\" \/>\n<script type=\"application\/ld+json\" class=\"yoast-schema-graph\">{\"@context\":\"https:\/\/schema.org\",\"@graph\":[{\"@type\":\"Article\",\"@id\":\"https:\/\/psol50.org.br\/a-privatizacao-do-maracana-e-um-escandalo\/#article\",\"isPartOf\":{\"@id\":\"https:\/\/psol50.org.br\/a-privatizacao-do-maracana-e-um-escandalo\/\"},\"author\":{\"name\":\"Comunica\u00e7\u00e3o PSOL\",\"@id\":\"https:\/\/psol50.org.br\/#\/schema\/person\/475dfa57d0b815993c714c2e96491fcd\"},\"headline\":\"A privatiza\u00e7\u00e3o do Maracan\u00e3 \u00e9 um esc\u00e2ndalo!\",\"datePublished\":\"2013-04-18T12:30:41+00:00\",\"mainEntityOfPage\":{\"@id\":\"https:\/\/psol50.org.br\/a-privatizacao-do-maracana-e-um-escandalo\/\"},\"wordCount\":759,\"commentCount\":0,\"publisher\":{\"@id\":\"https:\/\/psol50.org.br\/#organization\"},\"keywords\":[\"Chico Alencar\",\"Rio de Janeiro\"],\"articleSection\":[\"Artigos\"],\"inLanguage\":\"pt-BR\",\"potentialAction\":[{\"@type\":\"CommentAction\",\"name\":\"Comment\",\"target\":[\"https:\/\/psol50.org.br\/a-privatizacao-do-maracana-e-um-escandalo\/#respond\"]}]},{\"@type\":\"WebPage\",\"@id\":\"https:\/\/psol50.org.br\/a-privatizacao-do-maracana-e-um-escandalo\/\",\"url\":\"https:\/\/psol50.org.br\/a-privatizacao-do-maracana-e-um-escandalo\/\",\"name\":\"A privatiza\u00e7\u00e3o do Maracan\u00e3 \u00e9 um esc\u00e2ndalo! - PSOL 50\",\"isPartOf\":{\"@id\":\"https:\/\/psol50.org.br\/#website\"},\"datePublished\":\"2013-04-18T12:30:41+00:00\",\"breadcrumb\":{\"@id\":\"https:\/\/psol50.org.br\/a-privatizacao-do-maracana-e-um-escandalo\/#breadcrumb\"},\"inLanguage\":\"pt-BR\",\"potentialAction\":[{\"@type\":\"ReadAction\",\"target\":[\"https:\/\/psol50.org.br\/a-privatizacao-do-maracana-e-um-escandalo\/\"]}]},{\"@type\":\"BreadcrumbList\",\"@id\":\"https:\/\/psol50.org.br\/a-privatizacao-do-maracana-e-um-escandalo\/#breadcrumb\",\"itemListElement\":[{\"@type\":\"ListItem\",\"position\":1,\"name\":\"In\u00edcio\",\"item\":\"https:\/\/psol50.org.br\/\"},{\"@type\":\"ListItem\",\"position\":2,\"name\":\"A privatiza\u00e7\u00e3o do Maracan\u00e3 \u00e9 um esc\u00e2ndalo!\"}]},{\"@type\":\"WebSite\",\"@id\":\"https:\/\/psol50.org.br\/#website\",\"url\":\"https:\/\/psol50.org.br\/\",\"name\":\"PSOL 50\",\"description\":\"Site oficial do Partido Socialismo e Liberdade\",\"publisher\":{\"@id\":\"https:\/\/psol50.org.br\/#organization\"},\"alternateName\":\"PSOL50\",\"potentialAction\":[{\"@type\":\"SearchAction\",\"target\":{\"@type\":\"EntryPoint\",\"urlTemplate\":\"https:\/\/psol50.org.br\/?s={search_term_string}\"},\"query-input\":{\"@type\":\"PropertyValueSpecification\",\"valueRequired\":true,\"valueName\":\"search_term_string\"}}],\"inLanguage\":\"pt-BR\"},{\"@type\":\"Organization\",\"@id\":\"https:\/\/psol50.org.br\/#organization\",\"name\":\"PSOL 50\",\"alternateName\":\"PSOL 50\",\"url\":\"https:\/\/psol50.org.br\/\",\"logo\":{\"@type\":\"ImageObject\",\"inLanguage\":\"pt-BR\",\"@id\":\"https:\/\/psol50.org.br\/#\/schema\/logo\/image\/\",\"url\":\"https:\/\/psol50.org.br\/inc\/uploads\/2018\/07\/capa.png\",\"contentUrl\":\"https:\/\/psol50.org.br\/inc\/uploads\/2018\/07\/capa.png\",\"width\":1350,\"height\":900,\"caption\":\"PSOL 50\"},\"image\":{\"@id\":\"https:\/\/psol50.org.br\/#\/schema\/logo\/image\/\"},\"sameAs\":[\"https:\/\/www.facebook.com\/psol50\",\"https:\/\/x.com\/psol50\",\"https:\/\/www.instagram.com\/psol50\/\",\"https:\/\/www.youtube.com\/channel\/UC7SnJS5o1os7a6CaiNabzcg\"]},{\"@type\":\"Person\",\"@id\":\"https:\/\/psol50.org.br\/#\/schema\/person\/475dfa57d0b815993c714c2e96491fcd\",\"name\":\"Comunica\u00e7\u00e3o PSOL\",\"image\":{\"@type\":\"ImageObject\",\"inLanguage\":\"pt-BR\",\"@id\":\"https:\/\/psol50.org.br\/#\/schema\/person\/image\/\",\"url\":\"https:\/\/secure.gravatar.com\/avatar\/b34fc4f4e468a4e51785917065a3db57b841f5c95dba6ad8c73aaf8f66f8f9bf?s=96&d=mm&r=g\",\"contentUrl\":\"https:\/\/secure.gravatar.com\/avatar\/b34fc4f4e468a4e51785917065a3db57b841f5c95dba6ad8c73aaf8f66f8f9bf?s=96&d=mm&r=g\",\"caption\":\"Comunica\u00e7\u00e3o PSOL\"}}]}<\/script>\n<!-- \/ Yoast SEO plugin. -->","yoast_head_json":{"title":"A privatiza\u00e7\u00e3o do Maracan\u00e3 \u00e9 um esc\u00e2ndalo! - PSOL 50","robots":{"index":"index","follow":"follow","max-snippet":"max-snippet:-1","max-image-preview":"max-image-preview:large","max-video-preview":"max-video-preview:-1"},"canonical":"https:\/\/psol50.org.br\/a-privatizacao-do-maracana-e-um-escandalo\/","og_locale":"pt_BR","og_type":"article","og_title":"A privatiza\u00e7\u00e3o do Maracan\u00e3 \u00e9 um esc\u00e2ndalo! - PSOL 50","og_description":"A privatiza\u00e7\u00e3o do Maracan\u00e3, com a suspeita de favorecimento a empresa de Eike Batista e a destrui\u00e7\u00e3o de complexo esportivo, mostra como o Rio virou um mero e lucrativo neg\u00f3cio para poucos, gra\u00e7as \u00e0 Copa e \u00e0s Olimp\u00edadas. Aconteceu na \u00faltima semana, no Rio de Janeiro, uma importante manifesta\u00e7\u00e3o contra a privatiza\u00e7\u00e3o do est\u00e1dio do [&hellip;]","og_url":"https:\/\/psol50.org.br\/a-privatizacao-do-maracana-e-um-escandalo\/","og_site_name":"PSOL 50","article_publisher":"https:\/\/www.facebook.com\/psol50","article_published_time":"2013-04-18T12:30:41+00:00","og_image":[{"width":1350,"height":900,"url":"https:\/\/psol50.org.br\/inc\/uploads\/2018\/07\/capa.png","type":"image\/png"}],"author":"Comunica\u00e7\u00e3o PSOL","twitter_card":"summary_large_image","twitter_creator":"@psol50","twitter_site":"@psol50","twitter_misc":{"Escrito por":"Comunica\u00e7\u00e3o PSOL","Est. tempo de leitura":"4 minutos"},"schema":{"@context":"https:\/\/schema.org","@graph":[{"@type":"Article","@id":"https:\/\/psol50.org.br\/a-privatizacao-do-maracana-e-um-escandalo\/#article","isPartOf":{"@id":"https:\/\/psol50.org.br\/a-privatizacao-do-maracana-e-um-escandalo\/"},"author":{"name":"Comunica\u00e7\u00e3o PSOL","@id":"https:\/\/psol50.org.br\/#\/schema\/person\/475dfa57d0b815993c714c2e96491fcd"},"headline":"A privatiza\u00e7\u00e3o do Maracan\u00e3 \u00e9 um esc\u00e2ndalo!","datePublished":"2013-04-18T12:30:41+00:00","mainEntityOfPage":{"@id":"https:\/\/psol50.org.br\/a-privatizacao-do-maracana-e-um-escandalo\/"},"wordCount":759,"commentCount":0,"publisher":{"@id":"https:\/\/psol50.org.br\/#organization"},"keywords":["Chico Alencar","Rio de Janeiro"],"articleSection":["Artigos"],"inLanguage":"pt-BR","potentialAction":[{"@type":"CommentAction","name":"Comment","target":["https:\/\/psol50.org.br\/a-privatizacao-do-maracana-e-um-escandalo\/#respond"]}]},{"@type":"WebPage","@id":"https:\/\/psol50.org.br\/a-privatizacao-do-maracana-e-um-escandalo\/","url":"https:\/\/psol50.org.br\/a-privatizacao-do-maracana-e-um-escandalo\/","name":"A privatiza\u00e7\u00e3o do Maracan\u00e3 \u00e9 um esc\u00e2ndalo! - PSOL 50","isPartOf":{"@id":"https:\/\/psol50.org.br\/#website"},"datePublished":"2013-04-18T12:30:41+00:00","breadcrumb":{"@id":"https:\/\/psol50.org.br\/a-privatizacao-do-maracana-e-um-escandalo\/#breadcrumb"},"inLanguage":"pt-BR","potentialAction":[{"@type":"ReadAction","target":["https:\/\/psol50.org.br\/a-privatizacao-do-maracana-e-um-escandalo\/"]}]},{"@type":"BreadcrumbList","@id":"https:\/\/psol50.org.br\/a-privatizacao-do-maracana-e-um-escandalo\/#breadcrumb","itemListElement":[{"@type":"ListItem","position":1,"name":"In\u00edcio","item":"https:\/\/psol50.org.br\/"},{"@type":"ListItem","position":2,"name":"A privatiza\u00e7\u00e3o do Maracan\u00e3 \u00e9 um esc\u00e2ndalo!"}]},{"@type":"WebSite","@id":"https:\/\/psol50.org.br\/#website","url":"https:\/\/psol50.org.br\/","name":"PSOL 50","description":"Site oficial do Partido Socialismo e Liberdade","publisher":{"@id":"https:\/\/psol50.org.br\/#organization"},"alternateName":"PSOL50","potentialAction":[{"@type":"SearchAction","target":{"@type":"EntryPoint","urlTemplate":"https:\/\/psol50.org.br\/?s={search_term_string}"},"query-input":{"@type":"PropertyValueSpecification","valueRequired":true,"valueName":"search_term_string"}}],"inLanguage":"pt-BR"},{"@type":"Organization","@id":"https:\/\/psol50.org.br\/#organization","name":"PSOL 50","alternateName":"PSOL 50","url":"https:\/\/psol50.org.br\/","logo":{"@type":"ImageObject","inLanguage":"pt-BR","@id":"https:\/\/psol50.org.br\/#\/schema\/logo\/image\/","url":"https:\/\/psol50.org.br\/inc\/uploads\/2018\/07\/capa.png","contentUrl":"https:\/\/psol50.org.br\/inc\/uploads\/2018\/07\/capa.png","width":1350,"height":900,"caption":"PSOL 50"},"image":{"@id":"https:\/\/psol50.org.br\/#\/schema\/logo\/image\/"},"sameAs":["https:\/\/www.facebook.com\/psol50","https:\/\/x.com\/psol50","https:\/\/www.instagram.com\/psol50\/","https:\/\/www.youtube.com\/channel\/UC7SnJS5o1os7a6CaiNabzcg"]},{"@type":"Person","@id":"https:\/\/psol50.org.br\/#\/schema\/person\/475dfa57d0b815993c714c2e96491fcd","name":"Comunica\u00e7\u00e3o PSOL","image":{"@type":"ImageObject","inLanguage":"pt-BR","@id":"https:\/\/psol50.org.br\/#\/schema\/person\/image\/","url":"https:\/\/secure.gravatar.com\/avatar\/b34fc4f4e468a4e51785917065a3db57b841f5c95dba6ad8c73aaf8f66f8f9bf?s=96&d=mm&r=g","contentUrl":"https:\/\/secure.gravatar.com\/avatar\/b34fc4f4e468a4e51785917065a3db57b841f5c95dba6ad8c73aaf8f66f8f9bf?s=96&d=mm&r=g","caption":"Comunica\u00e7\u00e3o PSOL"}}]}},"_links":{"self":[{"href":"https:\/\/psol50.org.br\/rest\/wp\/v2\/posts\/4407","targetHints":{"allow":["GET"]}}],"collection":[{"href":"https:\/\/psol50.org.br\/rest\/wp\/v2\/posts"}],"about":[{"href":"https:\/\/psol50.org.br\/rest\/wp\/v2\/types\/post"}],"author":[{"embeddable":true,"href":"https:\/\/psol50.org.br\/rest\/wp\/v2\/users\/2"}],"replies":[{"embeddable":true,"href":"https:\/\/psol50.org.br\/rest\/wp\/v2\/comments?post=4407"}],"version-history":[{"count":0,"href":"https:\/\/psol50.org.br\/rest\/wp\/v2\/posts\/4407\/revisions"}],"wp:attachment":[{"href":"https:\/\/psol50.org.br\/rest\/wp\/v2\/media?parent=4407"}],"wp:term":[{"taxonomy":"category","embeddable":true,"href":"https:\/\/psol50.org.br\/rest\/wp\/v2\/categories?post=4407"},{"taxonomy":"post_tag","embeddable":true,"href":"https:\/\/psol50.org.br\/rest\/wp\/v2\/tags?post=4407"}],"curies":[{"name":"wp","href":"https:\/\/api.w.org\/{rel}","templated":true}]}}