{"id":445,"date":"2011-07-21T00:00:00","date_gmt":"2011-07-21T00:00:00","guid":{"rendered":"http:\/\/psol50.org.br\/arquivo\/2011\/07\/21\/portugal-nem-lhes-passa-pela-cabeca\/"},"modified":"2011-07-21T00:00:00","modified_gmt":"2011-07-21T00:00:00","slug":"portugal-nem-lhes-passa-pela-cabeca","status":"publish","type":"post","link":"https:\/\/psol50.org.br\/portugal-nem-lhes-passa-pela-cabeca\/","title":{"rendered":"Portugal: \u201cNem lhes passa pela cabe\u00e7a\u2026*\u201d"},"content":{"rendered":"<p><em><strong><a rel=\"attachment wp-att-9474\" href=\"http:\/\/psol50.org.br\/blog\/2011\/07\/21\/portugal-%e2%80%9cnem-lhes-passa-pela-cabeca%e2%80%a6%e2%80%9d\/anabelafino\/\"><img loading=\"lazy\" decoding=\"async\" class=\"alignleft size-full wp-image-9474\" src=\"http:\/\/psol50.org.br\/files\/2011\/07\/AnabelaFino.jpg\" alt=\"\" width=\"176\" height=\"235\" \/><\/a>*Por Anabela Fino<\/strong><\/em><\/p>\n<p>Chega a ser obsceno ver o presidente da Rede Europeia Anti-Pobreza em Portugal, padre Agostinho Jardim Moreira, afirmar que j\u00e1 ficaria \u00abcontente\u00bb se os actuais n\u00edveis de pobreza se mantivessem, enquanto manifesta o seu apoio ao roubo de metade do subs\u00eddio de Natal e diz n\u00e3o ver possibilidades de o Governo \u00abdiminuir a pobreza\u00bb.<\/p>\n<p>Sem as presta\u00e7\u00f5es sociais \u2013 subs\u00eddios de desemprego, pens\u00f5es, rendimento social de inser\u00e7\u00e3o ou complemento solid\u00e1rio para idosos \u2013 43,4 por cento dos portugueses estariam em risco de pobreza, revela o inqu\u00e9rito para os Indicadores da Europa 2020 divulgado esta segunda-feira, 11, pelo Instituto Nacional de Estat\u00edstica (INE). Grosso modo, isto significa metade da popula\u00e7\u00e3o do Pa\u00eds.<\/p>\n<p>Sabendo-se que os dados se reportam a 2010 e que de ent\u00e3o para c\u00e1 o desemprego n\u00e3o tem parado de subir; sabendo-se que o Governo se prepara para impor o aumento do IRS, do IVA, dos transportes, dos cuidados de Sa\u00fade, dos impostos sobre a habita\u00e7\u00e3o e de outros bens essenciais; sabendo-se que na agenda governativa est\u00e1 a revis\u00e3o das leis laborais para facilitar os despedimentos e embaratecer (ainda mais) o trabalho; sabendo-se que o Governo quer dificultar o acesso e reduzir o montante das presta\u00e7\u00f5es sociais \u2013 a quest\u00e3o que se coloca \u00e9 elementar: como podem dignit\u00e1rios pol\u00edticos como o Presidente da Rep\u00fablica Cavaco Silva, ou da Igreja como o Cardeal Patriarca Jos\u00e9 Policarpo falar de \u00absacrif\u00edcios justos\u00bb e pedir \u00abcompreens\u00e3o\u00bb aos portugueses?<\/p>\n<p>Chega a ser obsceno ver o presidente da Rede Europeia Anti-Pobreza em Portugal, padre Agostinho Jardim Moreira, afirmar que j\u00e1 ficaria \u00abcontente\u00bb se os actuais n\u00edveis de pobreza se mantivessem, enquanto manifesta o seu apoio ao roubo de metade do subs\u00eddio de Natal e diz n\u00e3o ver possibilidades de o Governo \u00abdiminuir a pobreza\u00bb (ag\u00eancia Ecclesia, 11 Julho 2011).<\/p>\n<p>N\u00e3o ocorre a nenhuma destas t\u00e3o cat\u00f3licas personalidades que o Governo podia impor uma taxa efectiva de 25% \u00e0 banca; tributar de forma agravada os bens de luxo; aplicar uma taxa, mesmo baixa \u00e0s transac\u00e7\u00f5es bolsistas; tributar as transfer\u00eancias para para\u00edsos fiscais que lesam o or\u00e7amento do Estado; impor uma taxa mais elevada \u00e0s empresas com mais de 50 milh\u00f5es de euros de lucros. N\u00e3o. Tais ideias s\u00f3 passam pela cabe\u00e7a dos comunistas, os tais que n\u00e3o se conformam com o facto de o rendimento dos 20% da popula\u00e7\u00e3o com maiores recursos corresponder a 5,6 vezes o rendimento dos 20% da popula\u00e7\u00e3o com mais baixos recursos, e por isso lutam pelo socialismo.<\/p>\n<p><a href=\"http:\/\/www.odiario.info\/?p=2143\">*Este artigo foi publicado no \u201cAvante!\u201d n\u00ba 1963 de 14.07.2011 <\/a><\/p>\n<p><em><strong>*Anabela Gon\u00e7alves Fino \u00e9 jornalista portuguesa<\/strong><\/em><\/p>\n","protected":false},"excerpt":{"rendered":"<p>*Por Anabela Fino Chega a ser obsceno ver o presidente da Rede Europeia Anti-Pobreza em Portugal, padre Agostinho Jardim Moreira, afirmar que j\u00e1 ficaria \u00abcontente\u00bb se os actuais n\u00edveis de pobreza se mantivessem, enquanto manifesta o seu apoio ao roubo de metade do subs\u00eddio de Natal e diz n\u00e3o ver possibilidades de o Governo \u00abdiminuir [&hellip;]<\/p>\n","protected":false},"author":2,"featured_media":0,"comment_status":"open","ping_status":"open","sticky":false,"template":"","format":"standard","meta":{"_acf_changed":false,"footnotes":""},"categories":[4766,4956],"tags":[515,1216,491],"class_list":{"0":"post-445","1":"post","2":"type-post","3":"status-publish","4":"format-standard","6":"category-arquivo","7":"category-portugal","8":"tag-bloco-de-esquerda","9":"tag-internacional","10":"tag-portugal"},"acf":[],"yoast_head":"<!-- This site is optimized with the Yoast SEO plugin v26.5 - https:\/\/yoast.com\/wordpress\/plugins\/seo\/ -->\n<title>Portugal: \u201cNem lhes passa pela cabe\u00e7a\u2026*\u201d - PSOL 50<\/title>\n<meta name=\"robots\" content=\"index, follow, max-snippet:-1, max-image-preview:large, max-video-preview:-1\" \/>\n<link rel=\"canonical\" href=\"https:\/\/psol50.org.br\/portugal-nem-lhes-passa-pela-cabeca\/\" \/>\n<meta property=\"og:locale\" content=\"pt_BR\" \/>\n<meta property=\"og:type\" content=\"article\" \/>\n<meta property=\"og:title\" content=\"Portugal: \u201cNem lhes passa pela cabe\u00e7a\u2026*\u201d - PSOL 50\" \/>\n<meta property=\"og:description\" content=\"*Por Anabela Fino Chega a ser obsceno ver o presidente da Rede Europeia Anti-Pobreza em Portugal, padre Agostinho Jardim Moreira, afirmar que j\u00e1 ficaria \u00abcontente\u00bb se os actuais n\u00edveis de pobreza se mantivessem, enquanto manifesta o seu apoio ao roubo de metade do subs\u00eddio de Natal e diz n\u00e3o ver possibilidades de o Governo \u00abdiminuir [&hellip;]\" \/>\n<meta property=\"og:url\" content=\"https:\/\/psol50.org.br\/portugal-nem-lhes-passa-pela-cabeca\/\" \/>\n<meta property=\"og:site_name\" content=\"PSOL 50\" \/>\n<meta property=\"article:publisher\" content=\"https:\/\/www.facebook.com\/psol50\" \/>\n<meta property=\"article:published_time\" content=\"2011-07-21T00:00:00+00:00\" \/>\n<meta property=\"og:image\" content=\"http:\/\/psol50.org.br\/files\/2011\/07\/AnabelaFino.jpg\" \/>\n<meta name=\"author\" content=\"Comunica\u00e7\u00e3o PSOL\" \/>\n<meta name=\"twitter:card\" content=\"summary_large_image\" \/>\n<meta name=\"twitter:creator\" content=\"@psol50\" \/>\n<meta name=\"twitter:site\" content=\"@psol50\" \/>\n<meta name=\"twitter:label1\" content=\"Escrito por\" \/>\n\t<meta name=\"twitter:data1\" content=\"Comunica\u00e7\u00e3o PSOL\" \/>\n\t<meta name=\"twitter:label2\" content=\"Est. tempo de leitura\" \/>\n\t<meta name=\"twitter:data2\" content=\"2 minutos\" \/>\n<script type=\"application\/ld+json\" class=\"yoast-schema-graph\">{\"@context\":\"https:\/\/schema.org\",\"@graph\":[{\"@type\":\"Article\",\"@id\":\"https:\/\/psol50.org.br\/portugal-nem-lhes-passa-pela-cabeca\/#article\",\"isPartOf\":{\"@id\":\"https:\/\/psol50.org.br\/portugal-nem-lhes-passa-pela-cabeca\/\"},\"author\":{\"name\":\"Comunica\u00e7\u00e3o PSOL\",\"@id\":\"https:\/\/psol50.org.br\/#\/schema\/person\/475dfa57d0b815993c714c2e96491fcd\"},\"headline\":\"Portugal: \u201cNem lhes passa pela cabe\u00e7a\u2026*\u201d\",\"datePublished\":\"2011-07-21T00:00:00+00:00\",\"mainEntityOfPage\":{\"@id\":\"https:\/\/psol50.org.br\/portugal-nem-lhes-passa-pela-cabeca\/\"},\"wordCount\":455,\"commentCount\":0,\"publisher\":{\"@id\":\"https:\/\/psol50.org.br\/#organization\"},\"image\":{\"@id\":\"https:\/\/psol50.org.br\/portugal-nem-lhes-passa-pela-cabeca\/#primaryimage\"},\"thumbnailUrl\":\"http:\/\/psol50.org.br\/files\/2011\/07\/AnabelaFino.jpg\",\"keywords\":[\"Bloco de Esquerda\",\"Internacional\",\"Portugal\"],\"articleSection\":[\"Arquivo\",\"Portugal\"],\"inLanguage\":\"pt-BR\",\"potentialAction\":[{\"@type\":\"CommentAction\",\"name\":\"Comment\",\"target\":[\"https:\/\/psol50.org.br\/portugal-nem-lhes-passa-pela-cabeca\/#respond\"]}]},{\"@type\":\"WebPage\",\"@id\":\"https:\/\/psol50.org.br\/portugal-nem-lhes-passa-pela-cabeca\/\",\"url\":\"https:\/\/psol50.org.br\/portugal-nem-lhes-passa-pela-cabeca\/\",\"name\":\"Portugal: \u201cNem lhes passa pela cabe\u00e7a\u2026*\u201d - PSOL 50\",\"isPartOf\":{\"@id\":\"https:\/\/psol50.org.br\/#website\"},\"primaryImageOfPage\":{\"@id\":\"https:\/\/psol50.org.br\/portugal-nem-lhes-passa-pela-cabeca\/#primaryimage\"},\"image\":{\"@id\":\"https:\/\/psol50.org.br\/portugal-nem-lhes-passa-pela-cabeca\/#primaryimage\"},\"thumbnailUrl\":\"http:\/\/psol50.org.br\/files\/2011\/07\/AnabelaFino.jpg\",\"datePublished\":\"2011-07-21T00:00:00+00:00\",\"breadcrumb\":{\"@id\":\"https:\/\/psol50.org.br\/portugal-nem-lhes-passa-pela-cabeca\/#breadcrumb\"},\"inLanguage\":\"pt-BR\",\"potentialAction\":[{\"@type\":\"ReadAction\",\"target\":[\"https:\/\/psol50.org.br\/portugal-nem-lhes-passa-pela-cabeca\/\"]}]},{\"@type\":\"ImageObject\",\"inLanguage\":\"pt-BR\",\"@id\":\"https:\/\/psol50.org.br\/portugal-nem-lhes-passa-pela-cabeca\/#primaryimage\",\"url\":\"http:\/\/psol50.org.br\/files\/2011\/07\/AnabelaFino.jpg\",\"contentUrl\":\"http:\/\/psol50.org.br\/files\/2011\/07\/AnabelaFino.jpg\"},{\"@type\":\"BreadcrumbList\",\"@id\":\"https:\/\/psol50.org.br\/portugal-nem-lhes-passa-pela-cabeca\/#breadcrumb\",\"itemListElement\":[{\"@type\":\"ListItem\",\"position\":1,\"name\":\"In\u00edcio\",\"item\":\"https:\/\/psol50.org.br\/\"},{\"@type\":\"ListItem\",\"position\":2,\"name\":\"Portugal: \u201cNem lhes passa pela cabe\u00e7a\u2026*\u201d\"}]},{\"@type\":\"WebSite\",\"@id\":\"https:\/\/psol50.org.br\/#website\",\"url\":\"https:\/\/psol50.org.br\/\",\"name\":\"PSOL 50\",\"description\":\"Site oficial do Partido Socialismo e Liberdade\",\"publisher\":{\"@id\":\"https:\/\/psol50.org.br\/#organization\"},\"alternateName\":\"PSOL50\",\"potentialAction\":[{\"@type\":\"SearchAction\",\"target\":{\"@type\":\"EntryPoint\",\"urlTemplate\":\"https:\/\/psol50.org.br\/?s={search_term_string}\"},\"query-input\":{\"@type\":\"PropertyValueSpecification\",\"valueRequired\":true,\"valueName\":\"search_term_string\"}}],\"inLanguage\":\"pt-BR\"},{\"@type\":\"Organization\",\"@id\":\"https:\/\/psol50.org.br\/#organization\",\"name\":\"PSOL 50\",\"alternateName\":\"PSOL 50\",\"url\":\"https:\/\/psol50.org.br\/\",\"logo\":{\"@type\":\"ImageObject\",\"inLanguage\":\"pt-BR\",\"@id\":\"https:\/\/psol50.org.br\/#\/schema\/logo\/image\/\",\"url\":\"https:\/\/psol50.org.br\/inc\/uploads\/2018\/07\/capa.png\",\"contentUrl\":\"https:\/\/psol50.org.br\/inc\/uploads\/2018\/07\/capa.png\",\"width\":1350,\"height\":900,\"caption\":\"PSOL 50\"},\"image\":{\"@id\":\"https:\/\/psol50.org.br\/#\/schema\/logo\/image\/\"},\"sameAs\":[\"https:\/\/www.facebook.com\/psol50\",\"https:\/\/x.com\/psol50\",\"https:\/\/www.instagram.com\/psol50\/\",\"https:\/\/www.youtube.com\/channel\/UC7SnJS5o1os7a6CaiNabzcg\"]},{\"@type\":\"Person\",\"@id\":\"https:\/\/psol50.org.br\/#\/schema\/person\/475dfa57d0b815993c714c2e96491fcd\",\"name\":\"Comunica\u00e7\u00e3o PSOL\",\"image\":{\"@type\":\"ImageObject\",\"inLanguage\":\"pt-BR\",\"@id\":\"https:\/\/psol50.org.br\/#\/schema\/person\/image\/\",\"url\":\"https:\/\/secure.gravatar.com\/avatar\/b34fc4f4e468a4e51785917065a3db57b841f5c95dba6ad8c73aaf8f66f8f9bf?s=96&d=mm&r=g\",\"contentUrl\":\"https:\/\/secure.gravatar.com\/avatar\/b34fc4f4e468a4e51785917065a3db57b841f5c95dba6ad8c73aaf8f66f8f9bf?s=96&d=mm&r=g\",\"caption\":\"Comunica\u00e7\u00e3o PSOL\"}}]}<\/script>\n<!-- \/ Yoast SEO plugin. -->","yoast_head_json":{"title":"Portugal: \u201cNem lhes passa pela cabe\u00e7a\u2026*\u201d - PSOL 50","robots":{"index":"index","follow":"follow","max-snippet":"max-snippet:-1","max-image-preview":"max-image-preview:large","max-video-preview":"max-video-preview:-1"},"canonical":"https:\/\/psol50.org.br\/portugal-nem-lhes-passa-pela-cabeca\/","og_locale":"pt_BR","og_type":"article","og_title":"Portugal: \u201cNem lhes passa pela cabe\u00e7a\u2026*\u201d - PSOL 50","og_description":"*Por Anabela Fino Chega a ser obsceno ver o presidente da Rede Europeia Anti-Pobreza em Portugal, padre Agostinho Jardim Moreira, afirmar que j\u00e1 ficaria \u00abcontente\u00bb se os actuais n\u00edveis de pobreza se mantivessem, enquanto manifesta o seu apoio ao roubo de metade do subs\u00eddio de Natal e diz n\u00e3o ver possibilidades de o Governo \u00abdiminuir [&hellip;]","og_url":"https:\/\/psol50.org.br\/portugal-nem-lhes-passa-pela-cabeca\/","og_site_name":"PSOL 50","article_publisher":"https:\/\/www.facebook.com\/psol50","article_published_time":"2011-07-21T00:00:00+00:00","og_image":[{"url":"http:\/\/psol50.org.br\/files\/2011\/07\/AnabelaFino.jpg","type":"","width":"","height":""}],"author":"Comunica\u00e7\u00e3o PSOL","twitter_card":"summary_large_image","twitter_creator":"@psol50","twitter_site":"@psol50","twitter_misc":{"Escrito por":"Comunica\u00e7\u00e3o PSOL","Est. tempo de leitura":"2 minutos"},"schema":{"@context":"https:\/\/schema.org","@graph":[{"@type":"Article","@id":"https:\/\/psol50.org.br\/portugal-nem-lhes-passa-pela-cabeca\/#article","isPartOf":{"@id":"https:\/\/psol50.org.br\/portugal-nem-lhes-passa-pela-cabeca\/"},"author":{"name":"Comunica\u00e7\u00e3o PSOL","@id":"https:\/\/psol50.org.br\/#\/schema\/person\/475dfa57d0b815993c714c2e96491fcd"},"headline":"Portugal: \u201cNem lhes passa pela cabe\u00e7a\u2026*\u201d","datePublished":"2011-07-21T00:00:00+00:00","mainEntityOfPage":{"@id":"https:\/\/psol50.org.br\/portugal-nem-lhes-passa-pela-cabeca\/"},"wordCount":455,"commentCount":0,"publisher":{"@id":"https:\/\/psol50.org.br\/#organization"},"image":{"@id":"https:\/\/psol50.org.br\/portugal-nem-lhes-passa-pela-cabeca\/#primaryimage"},"thumbnailUrl":"http:\/\/psol50.org.br\/files\/2011\/07\/AnabelaFino.jpg","keywords":["Bloco de Esquerda","Internacional","Portugal"],"articleSection":["Arquivo","Portugal"],"inLanguage":"pt-BR","potentialAction":[{"@type":"CommentAction","name":"Comment","target":["https:\/\/psol50.org.br\/portugal-nem-lhes-passa-pela-cabeca\/#respond"]}]},{"@type":"WebPage","@id":"https:\/\/psol50.org.br\/portugal-nem-lhes-passa-pela-cabeca\/","url":"https:\/\/psol50.org.br\/portugal-nem-lhes-passa-pela-cabeca\/","name":"Portugal: \u201cNem lhes passa pela cabe\u00e7a\u2026*\u201d - PSOL 50","isPartOf":{"@id":"https:\/\/psol50.org.br\/#website"},"primaryImageOfPage":{"@id":"https:\/\/psol50.org.br\/portugal-nem-lhes-passa-pela-cabeca\/#primaryimage"},"image":{"@id":"https:\/\/psol50.org.br\/portugal-nem-lhes-passa-pela-cabeca\/#primaryimage"},"thumbnailUrl":"http:\/\/psol50.org.br\/files\/2011\/07\/AnabelaFino.jpg","datePublished":"2011-07-21T00:00:00+00:00","breadcrumb":{"@id":"https:\/\/psol50.org.br\/portugal-nem-lhes-passa-pela-cabeca\/#breadcrumb"},"inLanguage":"pt-BR","potentialAction":[{"@type":"ReadAction","target":["https:\/\/psol50.org.br\/portugal-nem-lhes-passa-pela-cabeca\/"]}]},{"@type":"ImageObject","inLanguage":"pt-BR","@id":"https:\/\/psol50.org.br\/portugal-nem-lhes-passa-pela-cabeca\/#primaryimage","url":"http:\/\/psol50.org.br\/files\/2011\/07\/AnabelaFino.jpg","contentUrl":"http:\/\/psol50.org.br\/files\/2011\/07\/AnabelaFino.jpg"},{"@type":"BreadcrumbList","@id":"https:\/\/psol50.org.br\/portugal-nem-lhes-passa-pela-cabeca\/#breadcrumb","itemListElement":[{"@type":"ListItem","position":1,"name":"In\u00edcio","item":"https:\/\/psol50.org.br\/"},{"@type":"ListItem","position":2,"name":"Portugal: \u201cNem lhes passa pela cabe\u00e7a\u2026*\u201d"}]},{"@type":"WebSite","@id":"https:\/\/psol50.org.br\/#website","url":"https:\/\/psol50.org.br\/","name":"PSOL 50","description":"Site oficial do Partido Socialismo e Liberdade","publisher":{"@id":"https:\/\/psol50.org.br\/#organization"},"alternateName":"PSOL50","potentialAction":[{"@type":"SearchAction","target":{"@type":"EntryPoint","urlTemplate":"https:\/\/psol50.org.br\/?s={search_term_string}"},"query-input":{"@type":"PropertyValueSpecification","valueRequired":true,"valueName":"search_term_string"}}],"inLanguage":"pt-BR"},{"@type":"Organization","@id":"https:\/\/psol50.org.br\/#organization","name":"PSOL 50","alternateName":"PSOL 50","url":"https:\/\/psol50.org.br\/","logo":{"@type":"ImageObject","inLanguage":"pt-BR","@id":"https:\/\/psol50.org.br\/#\/schema\/logo\/image\/","url":"https:\/\/psol50.org.br\/inc\/uploads\/2018\/07\/capa.png","contentUrl":"https:\/\/psol50.org.br\/inc\/uploads\/2018\/07\/capa.png","width":1350,"height":900,"caption":"PSOL 50"},"image":{"@id":"https:\/\/psol50.org.br\/#\/schema\/logo\/image\/"},"sameAs":["https:\/\/www.facebook.com\/psol50","https:\/\/x.com\/psol50","https:\/\/www.instagram.com\/psol50\/","https:\/\/www.youtube.com\/channel\/UC7SnJS5o1os7a6CaiNabzcg"]},{"@type":"Person","@id":"https:\/\/psol50.org.br\/#\/schema\/person\/475dfa57d0b815993c714c2e96491fcd","name":"Comunica\u00e7\u00e3o PSOL","image":{"@type":"ImageObject","inLanguage":"pt-BR","@id":"https:\/\/psol50.org.br\/#\/schema\/person\/image\/","url":"https:\/\/secure.gravatar.com\/avatar\/b34fc4f4e468a4e51785917065a3db57b841f5c95dba6ad8c73aaf8f66f8f9bf?s=96&d=mm&r=g","contentUrl":"https:\/\/secure.gravatar.com\/avatar\/b34fc4f4e468a4e51785917065a3db57b841f5c95dba6ad8c73aaf8f66f8f9bf?s=96&d=mm&r=g","caption":"Comunica\u00e7\u00e3o PSOL"}}]}},"_links":{"self":[{"href":"https:\/\/psol50.org.br\/rest\/wp\/v2\/posts\/445","targetHints":{"allow":["GET"]}}],"collection":[{"href":"https:\/\/psol50.org.br\/rest\/wp\/v2\/posts"}],"about":[{"href":"https:\/\/psol50.org.br\/rest\/wp\/v2\/types\/post"}],"author":[{"embeddable":true,"href":"https:\/\/psol50.org.br\/rest\/wp\/v2\/users\/2"}],"replies":[{"embeddable":true,"href":"https:\/\/psol50.org.br\/rest\/wp\/v2\/comments?post=445"}],"version-history":[{"count":0,"href":"https:\/\/psol50.org.br\/rest\/wp\/v2\/posts\/445\/revisions"}],"wp:attachment":[{"href":"https:\/\/psol50.org.br\/rest\/wp\/v2\/media?parent=445"}],"wp:term":[{"taxonomy":"category","embeddable":true,"href":"https:\/\/psol50.org.br\/rest\/wp\/v2\/categories?post=445"},{"taxonomy":"post_tag","embeddable":true,"href":"https:\/\/psol50.org.br\/rest\/wp\/v2\/tags?post=445"}],"curies":[{"name":"wp","href":"https:\/\/api.w.org\/{rel}","templated":true}]}}