{"id":4458,"date":"2010-08-02T00:00:00","date_gmt":"2010-08-02T00:00:00","guid":{"rendered":"http:\/\/psol50.org.br\/arquivo\/2010\/08\/02\/jose-nery-e-homenageado-por-compromisso-com-a-educacao\/"},"modified":"2010-08-02T00:00:00","modified_gmt":"2010-08-02T00:00:00","slug":"jose-nery-e-homenageado-por-compromisso-com-a-educacao","status":"publish","type":"post","link":"https:\/\/psol50.org.br\/jose-nery-e-homenageado-por-compromisso-com-a-educacao\/","title":{"rendered":"Jos\u00e9 Nery \u00e9 homenageado por compromisso com a educa\u00e7\u00e3o"},"content":{"rendered":"<p>O Senador Jos\u00e9 Nery foi homenageado na \u00faltima quarta-feira (28) durante o 11\u00ba Encontro Nacional de Escolas T\u00e9cnica (ENET), em cerim\u00f4nia realizada no audit\u00f3rio da IFRN. <!--more-->O evento, organizado pela Uni\u00e3o Brasileira dos Estudantes Secundaristas (Ubes), homenageou os Senadores da Rep\u00fablica que contribu\u00edram de forma direta para a aprova\u00e7\u00e3o do projeto que visa destinar 50% do Fundo Social do Pr\u00e9-sal para a educa\u00e7\u00e3o. O ato foi marcado ainda pela apresenta\u00e7\u00e3o da carta do ENET e da entrega do \u201cProjeto Ubes Brasil\u201d.<\/p>\n<p>Estiveram presentes os senadores In\u00e1cio Arruda (PCdoB-CE), Juliano Medeiros, que representou o senador Jos\u00e9 Nery (PSOL-PA) e a deputada federal F\u00e1tima Bezerra (PT-CE). Compuseram a mesa ainda os presidentes da Uni\u00e3o Brasileira dos Estudantes Secundaristas (UBES), Yann Evanovick; da Uni\u00e3o Nacional dos Estudantes (UNE), Augusto Chagas; o vereador da cidade de Natal, George C\u00e2mara, al\u00e9m do reitor da IFRN, Belchior de Oliveira.<\/p>\n<p>Uma grande salva de palmas de cerca de 500 estudantes anunciou a entrada dos convidados na mesa. Yann Evanovick comentou sobre a import\u00e2ncia das escolas t\u00e9cnicas para a forma\u00e7\u00e3o profissional dos jovens. \u201cA UBES reafirma que o seu principal dever \u00e9 contribuir para ampliar e fazer com que as escolas t\u00e9cnicas a cada dia tenham a qualidade necess\u00e1ria para formar grandes profissionais\u201d.<\/p>\n<p>Em seguida, o presidente da UBES entregou ao representando do senador Jos\u00e9 Nery, a Deputada F\u00e1tima e o Senador In\u00e1cio Arruda, uma placa de agradecimento ao grande apoio \u00e0 aprova\u00e7\u00e3o da emenda que destina 50% do Fundo Social do P\u00e9-sal para a Educa\u00e7\u00e3o.<\/p>\n<p>Representando o Senador Jos\u00e9 Nery, o coordenador pol\u00edtico do mandato e ex-dirigente da UNE, Juliano Medeiros, lembrou as dificuldades que a educa\u00e7\u00e3o segue enfrentando, apesar das melhorias propagandeadas pelo governo Lula: \u201cN\u00e3o fosse o super\u00e1vit prim\u00e1rio, o pagamento dos juros da d\u00edvida p\u00fablica, o financiamento ao agroneg\u00f3cio, n\u00e3o seria necess\u00e1rio um fundo para a educa\u00e7\u00e3o. Garantir recursos para a educa\u00e7\u00e3o \u00e9 uma prioridade do PSOL e do Senador Nery\u201d, afirmou.<br \/>\n(Com informa\u00e7\u00f5es da Ubes)<\/p>\n","protected":false},"excerpt":{"rendered":"<p>O Senador Jos\u00e9 Nery foi homenageado na \u00faltima quarta-feira (28) durante o 11\u00ba Encontro Nacional de Escolas T\u00e9cnica (ENET), em cerim\u00f4nia realizada no audit\u00f3rio da IFRN.<\/p>\n","protected":false},"author":2,"featured_media":0,"comment_status":"open","ping_status":"open","sticky":false,"template":"","format":"standard","meta":{"_acf_changed":false,"footnotes":""},"categories":[4766],"tags":[],"class_list":{"0":"post-4458","1":"post","2":"type-post","3":"status-publish","4":"format-standard","6":"category-arquivo"},"acf":[],"yoast_head":"<!-- This site is optimized with the Yoast SEO plugin v26.5 - https:\/\/yoast.com\/wordpress\/plugins\/seo\/ -->\n<title>Jos\u00e9 Nery \u00e9 homenageado por compromisso com a educa\u00e7\u00e3o - PSOL 50<\/title>\n<meta name=\"robots\" content=\"index, follow, max-snippet:-1, max-image-preview:large, max-video-preview:-1\" \/>\n<link rel=\"canonical\" href=\"https:\/\/psol50.org.br\/jose-nery-e-homenageado-por-compromisso-com-a-educacao\/\" \/>\n<meta property=\"og:locale\" content=\"pt_BR\" \/>\n<meta property=\"og:type\" content=\"article\" \/>\n<meta property=\"og:title\" content=\"Jos\u00e9 Nery \u00e9 homenageado por compromisso com a educa\u00e7\u00e3o - PSOL 50\" \/>\n<meta property=\"og:description\" content=\"O Senador Jos\u00e9 Nery foi homenageado na \u00faltima quarta-feira (28) durante o 11\u00ba Encontro Nacional de Escolas T\u00e9cnica (ENET), em cerim\u00f4nia realizada no audit\u00f3rio da IFRN.\" \/>\n<meta property=\"og:url\" content=\"https:\/\/psol50.org.br\/jose-nery-e-homenageado-por-compromisso-com-a-educacao\/\" \/>\n<meta property=\"og:site_name\" content=\"PSOL 50\" \/>\n<meta property=\"article:publisher\" content=\"https:\/\/www.facebook.com\/psol50\" \/>\n<meta property=\"article:published_time\" content=\"2010-08-02T00:00:00+00:00\" \/>\n<meta property=\"og:image\" content=\"https:\/\/psol50.org.br\/inc\/uploads\/2018\/07\/capa.png\" \/>\n\t<meta property=\"og:image:width\" content=\"1350\" \/>\n\t<meta property=\"og:image:height\" content=\"900\" \/>\n\t<meta property=\"og:image:type\" content=\"image\/png\" \/>\n<meta name=\"author\" content=\"Comunica\u00e7\u00e3o PSOL\" \/>\n<meta name=\"twitter:card\" content=\"summary_large_image\" \/>\n<meta name=\"twitter:creator\" content=\"@psol50\" \/>\n<meta name=\"twitter:site\" content=\"@psol50\" \/>\n<meta name=\"twitter:label1\" content=\"Escrito por\" \/>\n\t<meta name=\"twitter:data1\" content=\"Comunica\u00e7\u00e3o PSOL\" \/>\n\t<meta name=\"twitter:label2\" content=\"Est. tempo de leitura\" \/>\n\t<meta name=\"twitter:data2\" content=\"2 minutos\" \/>\n<script type=\"application\/ld+json\" class=\"yoast-schema-graph\">{\"@context\":\"https:\/\/schema.org\",\"@graph\":[{\"@type\":\"Article\",\"@id\":\"https:\/\/psol50.org.br\/jose-nery-e-homenageado-por-compromisso-com-a-educacao\/#article\",\"isPartOf\":{\"@id\":\"https:\/\/psol50.org.br\/jose-nery-e-homenageado-por-compromisso-com-a-educacao\/\"},\"author\":{\"name\":\"Comunica\u00e7\u00e3o PSOL\",\"@id\":\"https:\/\/psol50.org.br\/#\/schema\/person\/475dfa57d0b815993c714c2e96491fcd\"},\"headline\":\"Jos\u00e9 Nery \u00e9 homenageado por compromisso com a educa\u00e7\u00e3o\",\"datePublished\":\"2010-08-02T00:00:00+00:00\",\"mainEntityOfPage\":{\"@id\":\"https:\/\/psol50.org.br\/jose-nery-e-homenageado-por-compromisso-com-a-educacao\/\"},\"wordCount\":362,\"commentCount\":0,\"publisher\":{\"@id\":\"https:\/\/psol50.org.br\/#organization\"},\"articleSection\":[\"Arquivo\"],\"inLanguage\":\"pt-BR\",\"potentialAction\":[{\"@type\":\"CommentAction\",\"name\":\"Comment\",\"target\":[\"https:\/\/psol50.org.br\/jose-nery-e-homenageado-por-compromisso-com-a-educacao\/#respond\"]}]},{\"@type\":\"WebPage\",\"@id\":\"https:\/\/psol50.org.br\/jose-nery-e-homenageado-por-compromisso-com-a-educacao\/\",\"url\":\"https:\/\/psol50.org.br\/jose-nery-e-homenageado-por-compromisso-com-a-educacao\/\",\"name\":\"Jos\u00e9 Nery \u00e9 homenageado por compromisso com a educa\u00e7\u00e3o - PSOL 50\",\"isPartOf\":{\"@id\":\"https:\/\/psol50.org.br\/#website\"},\"datePublished\":\"2010-08-02T00:00:00+00:00\",\"breadcrumb\":{\"@id\":\"https:\/\/psol50.org.br\/jose-nery-e-homenageado-por-compromisso-com-a-educacao\/#breadcrumb\"},\"inLanguage\":\"pt-BR\",\"potentialAction\":[{\"@type\":\"ReadAction\",\"target\":[\"https:\/\/psol50.org.br\/jose-nery-e-homenageado-por-compromisso-com-a-educacao\/\"]}]},{\"@type\":\"BreadcrumbList\",\"@id\":\"https:\/\/psol50.org.br\/jose-nery-e-homenageado-por-compromisso-com-a-educacao\/#breadcrumb\",\"itemListElement\":[{\"@type\":\"ListItem\",\"position\":1,\"name\":\"In\u00edcio\",\"item\":\"https:\/\/psol50.org.br\/\"},{\"@type\":\"ListItem\",\"position\":2,\"name\":\"Jos\u00e9 Nery \u00e9 homenageado por compromisso com a educa\u00e7\u00e3o\"}]},{\"@type\":\"WebSite\",\"@id\":\"https:\/\/psol50.org.br\/#website\",\"url\":\"https:\/\/psol50.org.br\/\",\"name\":\"PSOL 50\",\"description\":\"Site oficial do Partido Socialismo e Liberdade\",\"publisher\":{\"@id\":\"https:\/\/psol50.org.br\/#organization\"},\"alternateName\":\"PSOL50\",\"potentialAction\":[{\"@type\":\"SearchAction\",\"target\":{\"@type\":\"EntryPoint\",\"urlTemplate\":\"https:\/\/psol50.org.br\/?s={search_term_string}\"},\"query-input\":{\"@type\":\"PropertyValueSpecification\",\"valueRequired\":true,\"valueName\":\"search_term_string\"}}],\"inLanguage\":\"pt-BR\"},{\"@type\":\"Organization\",\"@id\":\"https:\/\/psol50.org.br\/#organization\",\"name\":\"PSOL 50\",\"alternateName\":\"PSOL 50\",\"url\":\"https:\/\/psol50.org.br\/\",\"logo\":{\"@type\":\"ImageObject\",\"inLanguage\":\"pt-BR\",\"@id\":\"https:\/\/psol50.org.br\/#\/schema\/logo\/image\/\",\"url\":\"https:\/\/psol50.org.br\/inc\/uploads\/2018\/07\/capa.png\",\"contentUrl\":\"https:\/\/psol50.org.br\/inc\/uploads\/2018\/07\/capa.png\",\"width\":1350,\"height\":900,\"caption\":\"PSOL 50\"},\"image\":{\"@id\":\"https:\/\/psol50.org.br\/#\/schema\/logo\/image\/\"},\"sameAs\":[\"https:\/\/www.facebook.com\/psol50\",\"https:\/\/x.com\/psol50\",\"https:\/\/www.instagram.com\/psol50\/\",\"https:\/\/www.youtube.com\/channel\/UC7SnJS5o1os7a6CaiNabzcg\"]},{\"@type\":\"Person\",\"@id\":\"https:\/\/psol50.org.br\/#\/schema\/person\/475dfa57d0b815993c714c2e96491fcd\",\"name\":\"Comunica\u00e7\u00e3o PSOL\",\"image\":{\"@type\":\"ImageObject\",\"inLanguage\":\"pt-BR\",\"@id\":\"https:\/\/psol50.org.br\/#\/schema\/person\/image\/\",\"url\":\"https:\/\/secure.gravatar.com\/avatar\/b34fc4f4e468a4e51785917065a3db57b841f5c95dba6ad8c73aaf8f66f8f9bf?s=96&d=mm&r=g\",\"contentUrl\":\"https:\/\/secure.gravatar.com\/avatar\/b34fc4f4e468a4e51785917065a3db57b841f5c95dba6ad8c73aaf8f66f8f9bf?s=96&d=mm&r=g\",\"caption\":\"Comunica\u00e7\u00e3o PSOL\"}}]}<\/script>\n<!-- \/ Yoast SEO plugin. -->","yoast_head_json":{"title":"Jos\u00e9 Nery \u00e9 homenageado por compromisso com a educa\u00e7\u00e3o - PSOL 50","robots":{"index":"index","follow":"follow","max-snippet":"max-snippet:-1","max-image-preview":"max-image-preview:large","max-video-preview":"max-video-preview:-1"},"canonical":"https:\/\/psol50.org.br\/jose-nery-e-homenageado-por-compromisso-com-a-educacao\/","og_locale":"pt_BR","og_type":"article","og_title":"Jos\u00e9 Nery \u00e9 homenageado por compromisso com a educa\u00e7\u00e3o - PSOL 50","og_description":"O Senador Jos\u00e9 Nery foi homenageado na \u00faltima quarta-feira (28) durante o 11\u00ba Encontro Nacional de Escolas T\u00e9cnica (ENET), em cerim\u00f4nia realizada no audit\u00f3rio da IFRN.","og_url":"https:\/\/psol50.org.br\/jose-nery-e-homenageado-por-compromisso-com-a-educacao\/","og_site_name":"PSOL 50","article_publisher":"https:\/\/www.facebook.com\/psol50","article_published_time":"2010-08-02T00:00:00+00:00","og_image":[{"width":1350,"height":900,"url":"https:\/\/psol50.org.br\/inc\/uploads\/2018\/07\/capa.png","type":"image\/png"}],"author":"Comunica\u00e7\u00e3o PSOL","twitter_card":"summary_large_image","twitter_creator":"@psol50","twitter_site":"@psol50","twitter_misc":{"Escrito por":"Comunica\u00e7\u00e3o PSOL","Est. tempo de leitura":"2 minutos"},"schema":{"@context":"https:\/\/schema.org","@graph":[{"@type":"Article","@id":"https:\/\/psol50.org.br\/jose-nery-e-homenageado-por-compromisso-com-a-educacao\/#article","isPartOf":{"@id":"https:\/\/psol50.org.br\/jose-nery-e-homenageado-por-compromisso-com-a-educacao\/"},"author":{"name":"Comunica\u00e7\u00e3o PSOL","@id":"https:\/\/psol50.org.br\/#\/schema\/person\/475dfa57d0b815993c714c2e96491fcd"},"headline":"Jos\u00e9 Nery \u00e9 homenageado por compromisso com a educa\u00e7\u00e3o","datePublished":"2010-08-02T00:00:00+00:00","mainEntityOfPage":{"@id":"https:\/\/psol50.org.br\/jose-nery-e-homenageado-por-compromisso-com-a-educacao\/"},"wordCount":362,"commentCount":0,"publisher":{"@id":"https:\/\/psol50.org.br\/#organization"},"articleSection":["Arquivo"],"inLanguage":"pt-BR","potentialAction":[{"@type":"CommentAction","name":"Comment","target":["https:\/\/psol50.org.br\/jose-nery-e-homenageado-por-compromisso-com-a-educacao\/#respond"]}]},{"@type":"WebPage","@id":"https:\/\/psol50.org.br\/jose-nery-e-homenageado-por-compromisso-com-a-educacao\/","url":"https:\/\/psol50.org.br\/jose-nery-e-homenageado-por-compromisso-com-a-educacao\/","name":"Jos\u00e9 Nery \u00e9 homenageado por compromisso com a educa\u00e7\u00e3o - PSOL 50","isPartOf":{"@id":"https:\/\/psol50.org.br\/#website"},"datePublished":"2010-08-02T00:00:00+00:00","breadcrumb":{"@id":"https:\/\/psol50.org.br\/jose-nery-e-homenageado-por-compromisso-com-a-educacao\/#breadcrumb"},"inLanguage":"pt-BR","potentialAction":[{"@type":"ReadAction","target":["https:\/\/psol50.org.br\/jose-nery-e-homenageado-por-compromisso-com-a-educacao\/"]}]},{"@type":"BreadcrumbList","@id":"https:\/\/psol50.org.br\/jose-nery-e-homenageado-por-compromisso-com-a-educacao\/#breadcrumb","itemListElement":[{"@type":"ListItem","position":1,"name":"In\u00edcio","item":"https:\/\/psol50.org.br\/"},{"@type":"ListItem","position":2,"name":"Jos\u00e9 Nery \u00e9 homenageado por compromisso com a educa\u00e7\u00e3o"}]},{"@type":"WebSite","@id":"https:\/\/psol50.org.br\/#website","url":"https:\/\/psol50.org.br\/","name":"PSOL 50","description":"Site oficial do Partido Socialismo e Liberdade","publisher":{"@id":"https:\/\/psol50.org.br\/#organization"},"alternateName":"PSOL50","potentialAction":[{"@type":"SearchAction","target":{"@type":"EntryPoint","urlTemplate":"https:\/\/psol50.org.br\/?s={search_term_string}"},"query-input":{"@type":"PropertyValueSpecification","valueRequired":true,"valueName":"search_term_string"}}],"inLanguage":"pt-BR"},{"@type":"Organization","@id":"https:\/\/psol50.org.br\/#organization","name":"PSOL 50","alternateName":"PSOL 50","url":"https:\/\/psol50.org.br\/","logo":{"@type":"ImageObject","inLanguage":"pt-BR","@id":"https:\/\/psol50.org.br\/#\/schema\/logo\/image\/","url":"https:\/\/psol50.org.br\/inc\/uploads\/2018\/07\/capa.png","contentUrl":"https:\/\/psol50.org.br\/inc\/uploads\/2018\/07\/capa.png","width":1350,"height":900,"caption":"PSOL 50"},"image":{"@id":"https:\/\/psol50.org.br\/#\/schema\/logo\/image\/"},"sameAs":["https:\/\/www.facebook.com\/psol50","https:\/\/x.com\/psol50","https:\/\/www.instagram.com\/psol50\/","https:\/\/www.youtube.com\/channel\/UC7SnJS5o1os7a6CaiNabzcg"]},{"@type":"Person","@id":"https:\/\/psol50.org.br\/#\/schema\/person\/475dfa57d0b815993c714c2e96491fcd","name":"Comunica\u00e7\u00e3o PSOL","image":{"@type":"ImageObject","inLanguage":"pt-BR","@id":"https:\/\/psol50.org.br\/#\/schema\/person\/image\/","url":"https:\/\/secure.gravatar.com\/avatar\/b34fc4f4e468a4e51785917065a3db57b841f5c95dba6ad8c73aaf8f66f8f9bf?s=96&d=mm&r=g","contentUrl":"https:\/\/secure.gravatar.com\/avatar\/b34fc4f4e468a4e51785917065a3db57b841f5c95dba6ad8c73aaf8f66f8f9bf?s=96&d=mm&r=g","caption":"Comunica\u00e7\u00e3o PSOL"}}]}},"_links":{"self":[{"href":"https:\/\/psol50.org.br\/rest\/wp\/v2\/posts\/4458","targetHints":{"allow":["GET"]}}],"collection":[{"href":"https:\/\/psol50.org.br\/rest\/wp\/v2\/posts"}],"about":[{"href":"https:\/\/psol50.org.br\/rest\/wp\/v2\/types\/post"}],"author":[{"embeddable":true,"href":"https:\/\/psol50.org.br\/rest\/wp\/v2\/users\/2"}],"replies":[{"embeddable":true,"href":"https:\/\/psol50.org.br\/rest\/wp\/v2\/comments?post=4458"}],"version-history":[{"count":0,"href":"https:\/\/psol50.org.br\/rest\/wp\/v2\/posts\/4458\/revisions"}],"wp:attachment":[{"href":"https:\/\/psol50.org.br\/rest\/wp\/v2\/media?parent=4458"}],"wp:term":[{"taxonomy":"category","embeddable":true,"href":"https:\/\/psol50.org.br\/rest\/wp\/v2\/categories?post=4458"},{"taxonomy":"post_tag","embeddable":true,"href":"https:\/\/psol50.org.br\/rest\/wp\/v2\/tags?post=4458"}],"curies":[{"name":"wp","href":"https:\/\/api.w.org\/{rel}","templated":true}]}}