{"id":446,"date":"2011-07-21T00:00:00","date_gmt":"2011-07-21T00:00:00","guid":{"rendered":"http:\/\/psol50.org.br\/arquivo\/2011\/07\/21\/argentina-organizacoes-sociais-em-luta-realizam-3o-encontro-intercultural\/"},"modified":"2011-07-21T00:00:00","modified_gmt":"2011-07-21T00:00:00","slug":"argentina-organizacoes-sociais-em-luta-realizam-3o-encontro-intercultural","status":"publish","type":"post","link":"https:\/\/psol50.org.br\/argentina-organizacoes-sociais-em-luta-realizam-3o-encontro-intercultural\/","title":{"rendered":"Argentina: Organiza\u00e7\u00f5es sociais em luta realizam 3\u00ba Encontro Intercultural"},"content":{"rendered":"<div><strong><a rel=\"attachment wp-att-9483\" href=\"http:\/\/psol50.org.br\/blog\/2011\/07\/21\/argentina-organizacoes-sociais-em-luta-realizam-3%c2%ba-encontro-intercultural\/indigenasargentinas\/\"><img loading=\"lazy\" decoding=\"async\" class=\"alignleft size-medium wp-image-9483\" src=\"http:\/\/psol50.org.br\/files\/2011\/07\/Ind\u00edgenasArgentinas-300x224.jpg\" alt=\"\" width=\"300\" height=\"224\" \/><\/a>*Jeane Freitas -Jornalista da Adital<\/strong><\/div>\n<div><\/div>\n<div>\n<p>Com o objetivo de fazer um interc\u00e2mbio das experi\u00eancias entre as organiza\u00e7\u00f5es em luta do campo e da cidade, as comunidades Qom e Wich\u00ed das localidades de Salado, Pampa Argentina, Ra\u00edz Chaque\u00f1a, Quinta 66 e Castelli, junto a Organiza\u00e7\u00f5es de Buenos Aires, Formosa e Chaco, organizam o 3\u00ba Encontro Intercultural nos dias 22, 23 e 24 de julho em Castelli, prov\u00edncia de Chaco, na Argentina.<\/p>\n<p>A convoca\u00e7\u00e3o tem o sentido de conhecer novos irm\u00e3os e irm\u00e3s da floresta, repensar a continuidade do trabalho em Chaco e as dificuldades existentes. Quer unir as lutas dos povos da montanha e da cidade, compartilhando experi\u00eancias, interculturalidade, reflex\u00f5es e o poder da organiza\u00e7\u00e3o vindo de baixo para cima.<\/p>\n<p>&#8220;Nos une a vis\u00e3o de um Estado excludente e desalojador, 200 anos de explora\u00e7\u00e3o e genoc\u00eddio; nos une uma ideia de constru\u00e7\u00e3o pol\u00edtica ligada \u00e0 luta por territ\u00f3rio e autodetermina\u00e7\u00e3o, com a for\u00e7a de nosso trabalho e compromisso\u201d, manifestaram os organizadores do encontro.<\/p>\n<p>Durante os tr\u00eas dias de evento ser\u00e3o debatidos assuntos como: recupera\u00e7\u00e3o e luta dos territ\u00f3rios; defesa do monte; \u00e1gua; sa\u00fade e vida; produ\u00e7\u00e3o de alimentos para auto-consumo comunit\u00e1rio e direitos ind\u00edgenas e autodetermina\u00e7\u00e3o.<\/p>\n<p>De acordo com convocat\u00f3ria do encontro, tamb\u00e9m estar\u00e3o presentes membros de comunidades afastadas, que, mesmo sendo em sua maioria analfabetos ou semi-analfabetos est\u00e3o dispostos a compreender o que se passa na cidade e trocar experi\u00eancias de luta e organiza\u00e7\u00e3o.<\/p>\n<p>&#8220;Com este esp\u00edrito sustentamos que as comunidades ind\u00edgenas n\u00e3o s\u00e3o s\u00f3 um ator a mais que luta contra a explora\u00e7\u00e3o capitalista, sen\u00e3o que em Nossa Am\u00e9rica, ABYA-YALA, s\u00e3o os primeiros e mais antigos insurgentes contra o imperialismo, deixando-os um legado de resist\u00eancia do que nos sentimos continuadores\u201d, manifesta a convocat\u00f3ria do 3\u00ba Encontro Intercultural.<\/p>\n<p>Participam e organizam o evento a Organiza\u00e7\u00e3o dos Povos Origin\u00e1rios, Frente Popular Dar\u00edo Santill\u00e1n, Biblioteca Popular T\u00fapac Amaru, Centro de estudantes Secund\u00e1rios do Manuel Dorrego de Mor\u00f3n, C\u00e1tedra Americanista da UBA, MTD-Dar\u00edo Santill\u00e1n de Resist\u00eancia, Radio Pacha Purhajei e Organiza\u00e7\u00e3o de Comunidades de Povos Origin\u00e1rios (ORCOPO).<\/p>\n<\/div>\n<div>Para mais informa\u00e7\u00f5es escrever para: <a href=\"mailto:catedraamericanista@gmail.com\">catedraamericanista@gmail.com<\/a>.<\/div>\n<div><\/div>\n<div><a href=\"http:\/\/www.adital.com.br\/site\/noticia.asp?lang=PT&amp;cat=10&amp;cod=58599\"><strong>*Fonte: Adital<\/strong><\/a><\/div>\n","protected":false},"excerpt":{"rendered":"<p>*Jeane Freitas -Jornalista da Adital Com o objetivo de fazer um interc\u00e2mbio das experi\u00eancias entre as organiza\u00e7\u00f5es em luta do campo e da cidade, as comunidades Qom e Wich\u00ed das localidades de Salado, Pampa Argentina, Ra\u00edz Chaque\u00f1a, Quinta 66 e Castelli, junto a Organiza\u00e7\u00f5es de Buenos Aires, Formosa e Chaco, organizam o 3\u00ba Encontro Intercultural [&hellip;]<\/p>\n","protected":false},"author":2,"featured_media":0,"comment_status":"open","ping_status":"open","sticky":false,"template":"","format":"standard","meta":{"_acf_changed":false,"footnotes":""},"categories":[4766],"tags":[],"class_list":{"0":"post-446","1":"post","2":"type-post","3":"status-publish","4":"format-standard","6":"category-arquivo"},"acf":[],"yoast_head":"<!-- This site is optimized with the Yoast SEO plugin v26.5 - https:\/\/yoast.com\/wordpress\/plugins\/seo\/ -->\n<title>Argentina: Organiza\u00e7\u00f5es sociais em luta realizam 3\u00ba Encontro Intercultural - PSOL 50<\/title>\n<meta name=\"robots\" content=\"index, follow, max-snippet:-1, max-image-preview:large, max-video-preview:-1\" \/>\n<link rel=\"canonical\" href=\"https:\/\/psol50.org.br\/argentina-organizacoes-sociais-em-luta-realizam-3o-encontro-intercultural\/\" \/>\n<meta property=\"og:locale\" content=\"pt_BR\" \/>\n<meta property=\"og:type\" content=\"article\" \/>\n<meta property=\"og:title\" content=\"Argentina: Organiza\u00e7\u00f5es sociais em luta realizam 3\u00ba Encontro Intercultural - PSOL 50\" \/>\n<meta property=\"og:description\" content=\"*Jeane Freitas -Jornalista da Adital Com o objetivo de fazer um interc\u00e2mbio das experi\u00eancias entre as organiza\u00e7\u00f5es em luta do campo e da cidade, as comunidades Qom e Wich\u00ed das localidades de Salado, Pampa Argentina, Ra\u00edz Chaque\u00f1a, Quinta 66 e Castelli, junto a Organiza\u00e7\u00f5es de Buenos Aires, Formosa e Chaco, organizam o 3\u00ba Encontro Intercultural [&hellip;]\" \/>\n<meta property=\"og:url\" content=\"https:\/\/psol50.org.br\/argentina-organizacoes-sociais-em-luta-realizam-3o-encontro-intercultural\/\" \/>\n<meta property=\"og:site_name\" content=\"PSOL 50\" \/>\n<meta property=\"article:publisher\" content=\"https:\/\/www.facebook.com\/psol50\" \/>\n<meta property=\"article:published_time\" content=\"2011-07-21T00:00:00+00:00\" \/>\n<meta property=\"og:image\" content=\"http:\/\/psol50.org.br\/files\/2011\/07\/Ind\u00edgenasArgentinas-300x224.jpg\" \/>\n<meta name=\"author\" content=\"Comunica\u00e7\u00e3o PSOL\" \/>\n<meta name=\"twitter:card\" content=\"summary_large_image\" \/>\n<meta name=\"twitter:creator\" content=\"@psol50\" \/>\n<meta name=\"twitter:site\" content=\"@psol50\" \/>\n<meta name=\"twitter:label1\" content=\"Escrito por\" \/>\n\t<meta name=\"twitter:data1\" content=\"Comunica\u00e7\u00e3o PSOL\" \/>\n\t<meta name=\"twitter:label2\" content=\"Est. tempo de leitura\" \/>\n\t<meta name=\"twitter:data2\" content=\"2 minutos\" \/>\n<script type=\"application\/ld+json\" class=\"yoast-schema-graph\">{\"@context\":\"https:\/\/schema.org\",\"@graph\":[{\"@type\":\"Article\",\"@id\":\"https:\/\/psol50.org.br\/argentina-organizacoes-sociais-em-luta-realizam-3o-encontro-intercultural\/#article\",\"isPartOf\":{\"@id\":\"https:\/\/psol50.org.br\/argentina-organizacoes-sociais-em-luta-realizam-3o-encontro-intercultural\/\"},\"author\":{\"name\":\"Comunica\u00e7\u00e3o PSOL\",\"@id\":\"https:\/\/psol50.org.br\/#\/schema\/person\/475dfa57d0b815993c714c2e96491fcd\"},\"headline\":\"Argentina: Organiza\u00e7\u00f5es sociais em luta realizam 3\u00ba Encontro Intercultural\",\"datePublished\":\"2011-07-21T00:00:00+00:00\",\"mainEntityOfPage\":{\"@id\":\"https:\/\/psol50.org.br\/argentina-organizacoes-sociais-em-luta-realizam-3o-encontro-intercultural\/\"},\"wordCount\":405,\"commentCount\":0,\"publisher\":{\"@id\":\"https:\/\/psol50.org.br\/#organization\"},\"articleSection\":[\"Arquivo\"],\"inLanguage\":\"pt-BR\",\"potentialAction\":[{\"@type\":\"CommentAction\",\"name\":\"Comment\",\"target\":[\"https:\/\/psol50.org.br\/argentina-organizacoes-sociais-em-luta-realizam-3o-encontro-intercultural\/#respond\"]}]},{\"@type\":\"WebPage\",\"@id\":\"https:\/\/psol50.org.br\/argentina-organizacoes-sociais-em-luta-realizam-3o-encontro-intercultural\/\",\"url\":\"https:\/\/psol50.org.br\/argentina-organizacoes-sociais-em-luta-realizam-3o-encontro-intercultural\/\",\"name\":\"Argentina: Organiza\u00e7\u00f5es sociais em luta realizam 3\u00ba Encontro Intercultural - PSOL 50\",\"isPartOf\":{\"@id\":\"https:\/\/psol50.org.br\/#website\"},\"datePublished\":\"2011-07-21T00:00:00+00:00\",\"breadcrumb\":{\"@id\":\"https:\/\/psol50.org.br\/argentina-organizacoes-sociais-em-luta-realizam-3o-encontro-intercultural\/#breadcrumb\"},\"inLanguage\":\"pt-BR\",\"potentialAction\":[{\"@type\":\"ReadAction\",\"target\":[\"https:\/\/psol50.org.br\/argentina-organizacoes-sociais-em-luta-realizam-3o-encontro-intercultural\/\"]}]},{\"@type\":\"BreadcrumbList\",\"@id\":\"https:\/\/psol50.org.br\/argentina-organizacoes-sociais-em-luta-realizam-3o-encontro-intercultural\/#breadcrumb\",\"itemListElement\":[{\"@type\":\"ListItem\",\"position\":1,\"name\":\"In\u00edcio\",\"item\":\"https:\/\/psol50.org.br\/\"},{\"@type\":\"ListItem\",\"position\":2,\"name\":\"Argentina: Organiza\u00e7\u00f5es sociais em luta realizam 3\u00ba Encontro Intercultural\"}]},{\"@type\":\"WebSite\",\"@id\":\"https:\/\/psol50.org.br\/#website\",\"url\":\"https:\/\/psol50.org.br\/\",\"name\":\"PSOL 50\",\"description\":\"Site oficial do Partido Socialismo e Liberdade\",\"publisher\":{\"@id\":\"https:\/\/psol50.org.br\/#organization\"},\"alternateName\":\"PSOL50\",\"potentialAction\":[{\"@type\":\"SearchAction\",\"target\":{\"@type\":\"EntryPoint\",\"urlTemplate\":\"https:\/\/psol50.org.br\/?s={search_term_string}\"},\"query-input\":{\"@type\":\"PropertyValueSpecification\",\"valueRequired\":true,\"valueName\":\"search_term_string\"}}],\"inLanguage\":\"pt-BR\"},{\"@type\":\"Organization\",\"@id\":\"https:\/\/psol50.org.br\/#organization\",\"name\":\"PSOL 50\",\"alternateName\":\"PSOL 50\",\"url\":\"https:\/\/psol50.org.br\/\",\"logo\":{\"@type\":\"ImageObject\",\"inLanguage\":\"pt-BR\",\"@id\":\"https:\/\/psol50.org.br\/#\/schema\/logo\/image\/\",\"url\":\"https:\/\/psol50.org.br\/inc\/uploads\/2018\/07\/capa.png\",\"contentUrl\":\"https:\/\/psol50.org.br\/inc\/uploads\/2018\/07\/capa.png\",\"width\":1350,\"height\":900,\"caption\":\"PSOL 50\"},\"image\":{\"@id\":\"https:\/\/psol50.org.br\/#\/schema\/logo\/image\/\"},\"sameAs\":[\"https:\/\/www.facebook.com\/psol50\",\"https:\/\/x.com\/psol50\",\"https:\/\/www.instagram.com\/psol50\/\",\"https:\/\/www.youtube.com\/channel\/UC7SnJS5o1os7a6CaiNabzcg\"]},{\"@type\":\"Person\",\"@id\":\"https:\/\/psol50.org.br\/#\/schema\/person\/475dfa57d0b815993c714c2e96491fcd\",\"name\":\"Comunica\u00e7\u00e3o PSOL\",\"image\":{\"@type\":\"ImageObject\",\"inLanguage\":\"pt-BR\",\"@id\":\"https:\/\/psol50.org.br\/#\/schema\/person\/image\/\",\"url\":\"https:\/\/secure.gravatar.com\/avatar\/b34fc4f4e468a4e51785917065a3db57b841f5c95dba6ad8c73aaf8f66f8f9bf?s=96&d=mm&r=g\",\"contentUrl\":\"https:\/\/secure.gravatar.com\/avatar\/b34fc4f4e468a4e51785917065a3db57b841f5c95dba6ad8c73aaf8f66f8f9bf?s=96&d=mm&r=g\",\"caption\":\"Comunica\u00e7\u00e3o PSOL\"}}]}<\/script>\n<!-- \/ Yoast SEO plugin. -->","yoast_head_json":{"title":"Argentina: Organiza\u00e7\u00f5es sociais em luta realizam 3\u00ba Encontro Intercultural - PSOL 50","robots":{"index":"index","follow":"follow","max-snippet":"max-snippet:-1","max-image-preview":"max-image-preview:large","max-video-preview":"max-video-preview:-1"},"canonical":"https:\/\/psol50.org.br\/argentina-organizacoes-sociais-em-luta-realizam-3o-encontro-intercultural\/","og_locale":"pt_BR","og_type":"article","og_title":"Argentina: Organiza\u00e7\u00f5es sociais em luta realizam 3\u00ba Encontro Intercultural - PSOL 50","og_description":"*Jeane Freitas -Jornalista da Adital Com o objetivo de fazer um interc\u00e2mbio das experi\u00eancias entre as organiza\u00e7\u00f5es em luta do campo e da cidade, as comunidades Qom e Wich\u00ed das localidades de Salado, Pampa Argentina, Ra\u00edz Chaque\u00f1a, Quinta 66 e Castelli, junto a Organiza\u00e7\u00f5es de Buenos Aires, Formosa e Chaco, organizam o 3\u00ba Encontro Intercultural [&hellip;]","og_url":"https:\/\/psol50.org.br\/argentina-organizacoes-sociais-em-luta-realizam-3o-encontro-intercultural\/","og_site_name":"PSOL 50","article_publisher":"https:\/\/www.facebook.com\/psol50","article_published_time":"2011-07-21T00:00:00+00:00","og_image":[{"url":"http:\/\/psol50.org.br\/files\/2011\/07\/Ind\u00edgenasArgentinas-300x224.jpg","type":"","width":"","height":""}],"author":"Comunica\u00e7\u00e3o PSOL","twitter_card":"summary_large_image","twitter_creator":"@psol50","twitter_site":"@psol50","twitter_misc":{"Escrito por":"Comunica\u00e7\u00e3o PSOL","Est. tempo de leitura":"2 minutos"},"schema":{"@context":"https:\/\/schema.org","@graph":[{"@type":"Article","@id":"https:\/\/psol50.org.br\/argentina-organizacoes-sociais-em-luta-realizam-3o-encontro-intercultural\/#article","isPartOf":{"@id":"https:\/\/psol50.org.br\/argentina-organizacoes-sociais-em-luta-realizam-3o-encontro-intercultural\/"},"author":{"name":"Comunica\u00e7\u00e3o PSOL","@id":"https:\/\/psol50.org.br\/#\/schema\/person\/475dfa57d0b815993c714c2e96491fcd"},"headline":"Argentina: Organiza\u00e7\u00f5es sociais em luta realizam 3\u00ba Encontro Intercultural","datePublished":"2011-07-21T00:00:00+00:00","mainEntityOfPage":{"@id":"https:\/\/psol50.org.br\/argentina-organizacoes-sociais-em-luta-realizam-3o-encontro-intercultural\/"},"wordCount":405,"commentCount":0,"publisher":{"@id":"https:\/\/psol50.org.br\/#organization"},"articleSection":["Arquivo"],"inLanguage":"pt-BR","potentialAction":[{"@type":"CommentAction","name":"Comment","target":["https:\/\/psol50.org.br\/argentina-organizacoes-sociais-em-luta-realizam-3o-encontro-intercultural\/#respond"]}]},{"@type":"WebPage","@id":"https:\/\/psol50.org.br\/argentina-organizacoes-sociais-em-luta-realizam-3o-encontro-intercultural\/","url":"https:\/\/psol50.org.br\/argentina-organizacoes-sociais-em-luta-realizam-3o-encontro-intercultural\/","name":"Argentina: Organiza\u00e7\u00f5es sociais em luta realizam 3\u00ba Encontro Intercultural - PSOL 50","isPartOf":{"@id":"https:\/\/psol50.org.br\/#website"},"datePublished":"2011-07-21T00:00:00+00:00","breadcrumb":{"@id":"https:\/\/psol50.org.br\/argentina-organizacoes-sociais-em-luta-realizam-3o-encontro-intercultural\/#breadcrumb"},"inLanguage":"pt-BR","potentialAction":[{"@type":"ReadAction","target":["https:\/\/psol50.org.br\/argentina-organizacoes-sociais-em-luta-realizam-3o-encontro-intercultural\/"]}]},{"@type":"BreadcrumbList","@id":"https:\/\/psol50.org.br\/argentina-organizacoes-sociais-em-luta-realizam-3o-encontro-intercultural\/#breadcrumb","itemListElement":[{"@type":"ListItem","position":1,"name":"In\u00edcio","item":"https:\/\/psol50.org.br\/"},{"@type":"ListItem","position":2,"name":"Argentina: Organiza\u00e7\u00f5es sociais em luta realizam 3\u00ba Encontro Intercultural"}]},{"@type":"WebSite","@id":"https:\/\/psol50.org.br\/#website","url":"https:\/\/psol50.org.br\/","name":"PSOL 50","description":"Site oficial do Partido Socialismo e Liberdade","publisher":{"@id":"https:\/\/psol50.org.br\/#organization"},"alternateName":"PSOL50","potentialAction":[{"@type":"SearchAction","target":{"@type":"EntryPoint","urlTemplate":"https:\/\/psol50.org.br\/?s={search_term_string}"},"query-input":{"@type":"PropertyValueSpecification","valueRequired":true,"valueName":"search_term_string"}}],"inLanguage":"pt-BR"},{"@type":"Organization","@id":"https:\/\/psol50.org.br\/#organization","name":"PSOL 50","alternateName":"PSOL 50","url":"https:\/\/psol50.org.br\/","logo":{"@type":"ImageObject","inLanguage":"pt-BR","@id":"https:\/\/psol50.org.br\/#\/schema\/logo\/image\/","url":"https:\/\/psol50.org.br\/inc\/uploads\/2018\/07\/capa.png","contentUrl":"https:\/\/psol50.org.br\/inc\/uploads\/2018\/07\/capa.png","width":1350,"height":900,"caption":"PSOL 50"},"image":{"@id":"https:\/\/psol50.org.br\/#\/schema\/logo\/image\/"},"sameAs":["https:\/\/www.facebook.com\/psol50","https:\/\/x.com\/psol50","https:\/\/www.instagram.com\/psol50\/","https:\/\/www.youtube.com\/channel\/UC7SnJS5o1os7a6CaiNabzcg"]},{"@type":"Person","@id":"https:\/\/psol50.org.br\/#\/schema\/person\/475dfa57d0b815993c714c2e96491fcd","name":"Comunica\u00e7\u00e3o PSOL","image":{"@type":"ImageObject","inLanguage":"pt-BR","@id":"https:\/\/psol50.org.br\/#\/schema\/person\/image\/","url":"https:\/\/secure.gravatar.com\/avatar\/b34fc4f4e468a4e51785917065a3db57b841f5c95dba6ad8c73aaf8f66f8f9bf?s=96&d=mm&r=g","contentUrl":"https:\/\/secure.gravatar.com\/avatar\/b34fc4f4e468a4e51785917065a3db57b841f5c95dba6ad8c73aaf8f66f8f9bf?s=96&d=mm&r=g","caption":"Comunica\u00e7\u00e3o PSOL"}}]}},"_links":{"self":[{"href":"https:\/\/psol50.org.br\/rest\/wp\/v2\/posts\/446","targetHints":{"allow":["GET"]}}],"collection":[{"href":"https:\/\/psol50.org.br\/rest\/wp\/v2\/posts"}],"about":[{"href":"https:\/\/psol50.org.br\/rest\/wp\/v2\/types\/post"}],"author":[{"embeddable":true,"href":"https:\/\/psol50.org.br\/rest\/wp\/v2\/users\/2"}],"replies":[{"embeddable":true,"href":"https:\/\/psol50.org.br\/rest\/wp\/v2\/comments?post=446"}],"version-history":[{"count":0,"href":"https:\/\/psol50.org.br\/rest\/wp\/v2\/posts\/446\/revisions"}],"wp:attachment":[{"href":"https:\/\/psol50.org.br\/rest\/wp\/v2\/media?parent=446"}],"wp:term":[{"taxonomy":"category","embeddable":true,"href":"https:\/\/psol50.org.br\/rest\/wp\/v2\/categories?post=446"},{"taxonomy":"post_tag","embeddable":true,"href":"https:\/\/psol50.org.br\/rest\/wp\/v2\/tags?post=446"}],"curies":[{"name":"wp","href":"https:\/\/api.w.org\/{rel}","templated":true}]}}