{"id":447,"date":"2011-07-26T00:00:00","date_gmt":"2011-07-26T00:00:00","guid":{"rendered":"http:\/\/psol50.org.br\/arquivo\/2011\/07\/26\/racistas-incendeiam-moradia-cigana-na-alemanha\/"},"modified":"2011-07-26T00:00:00","modified_gmt":"2011-07-26T00:00:00","slug":"racistas-incendeiam-moradia-cigana-na-alemanha","status":"publish","type":"post","link":"https:\/\/psol50.org.br\/racistas-incendeiam-moradia-cigana-na-alemanha\/","title":{"rendered":"Racistas incendeiam moradia cigana na Alemanha"},"content":{"rendered":"<p><strong><a rel=\"attachment wp-att-9591\" href=\"http:\/\/psol50.org.br\/blog\/2011\/07\/26\/racistas-incendeiam-moradia-cigana-na-alemanha\/neonazistas\/\"><img loading=\"lazy\" decoding=\"async\" class=\"alignleft size-full wp-image-9591\" src=\"http:\/\/psol50.org.br\/files\/2011\/07\/Neonazistas.jpg\" alt=\"\" width=\"343\" height=\"500\" \/><\/a>*Por Manuel Garc\u00eda Rond\u00f3n<\/strong><\/p>\n<p>Hoje, tristemente, nos sentimos unidos na dor, porque a besta racista n\u00e3o conhece limites humanos nem fronteiras territoriais<\/p>\n<p>Acabamos de ler a not\u00edcia transmitida pela ag\u00eancia EFE e um choque de horror e preocupa\u00e7\u00e3o nos invadiu. Quando ainda n\u00e3o acredit\u00e1vamos no que havia acontecido em Oslo (Noruega), eis que outros criminosos racistas e covardes atearam fogo a um pr\u00e9dio inteiro habitado por fam\u00edlias ciganas.<\/p>\n<p>A ag\u00eancia de not\u00edcias divulgou a not\u00edcia dizendo que um pr\u00e9dio de apartamentos habitado por fam\u00edlias ciganas ardeu em chamas na noite passada, na cidade de Leverkusen, de popula\u00e7\u00e3o jovem, \u00e0s margens do Rio Reno e no meio do caminho entre Dusseldorf e Col\u00f4nia. Leverkusen \u00e9 famosa tamb\u00e9m pelo seu time de futebol, o Bayern-Leverkusen. A pol\u00edcia alem\u00e3 n\u00e3o teve d\u00favidas em afirmar que o inc\u00eandio teve inten\u00e7\u00e3o racista e xen\u00f3foba.<\/p>\n<p>Os pobres ciganos, inquilinos dos apartamentos, conseguiram se salvar, mas o edif\u00edcio foi completamente queimado e as chamas tamb\u00e9m afetaram im\u00f3veis vizinhos. De qualquer forma, neste momento n\u00e3o se sabe quantas pessoas estavam dentro do pr\u00e9dio quando o inc\u00eandio come\u00e7ou. Mas, gra\u00e7as \u00e0 interven\u00e7\u00e3o dos bombeiros, impediu-se que o fogo se espalhasse para as casas vizinhas, as quais foram ligeiramente afetadas pelas chamas.<\/p>\n<p>Testemunhas presenciais afirmam ter visto at\u00e9 quatro pessoas que, depois de lan\u00e7ar objetos incendi\u00e1rios no andar t\u00e9rreo do pr\u00e9dio, fugiram em dois autom\u00f3veis. Os suspeitos estavam vestidos de negro e tinham a cabe\u00e7a raspada, segundo o que essas testemunhas relataram \u00e0 pol\u00edcia local. A pol\u00edcia investiga sua poss\u00edvel origem ultradireitista, e n\u00e3o descarta a interven\u00e7\u00e3o de outros grupos nazistas e violentos.<\/p>\n<p>A Uni\u00e3o Romani iniciou contatos com os principais l\u00edderes e associa\u00e7\u00f5es ciganas alem\u00e3s, assim como os respons\u00e1veis pelo &#8220;For\u00fam Europeu dos Ciganos&#8221;, que tem sua sede no Conselho da Europa, em Strasburgo, com o objetivo de se oferecer para trabalhar conjuntamente no que for necess\u00e1rio. Igualmente, a Uni\u00e3o Romani se dirigiu \u00e0 Organiza\u00e7\u00e3o para a Seguran\u00e7a e Coopera\u00e7\u00e3o na Europa, para que fa\u00e7am a maior press\u00e3o poss\u00edvel para a r\u00e1pida pris\u00e3o dos criminosos incendi\u00e1rios e tomem medidas para que se ponha freio \u00e0 onda de atentados racistas que estamos padecendo ultimamente.<\/p>\n<p>Unimos a nossa dor \u00e0 dor das fam\u00edlias dos jovens assassinados de forma vil na Noruega. Hoje, tristemente, nos sentimos unidos na dor, porque a besta racista n\u00e3o conhece limites humanos nem fronteiras territoriais.<\/p>\n<p><strong>*Manuel Garcia Rondon &#8211; Secret\u00e1rio Geral da Uni\u00e3o Romani<\/strong><br \/>\nBarcelona, 25 de julho de 2011.<br \/>\nTradu\u00e7\u00e3o de Idelber Avelar<\/p>\n","protected":false},"excerpt":{"rendered":"<p>*Por Manuel Garc\u00eda Rond\u00f3n Hoje, tristemente, nos sentimos unidos na dor, porque a besta racista n\u00e3o conhece limites humanos nem fronteiras territoriais Acabamos de ler a not\u00edcia transmitida pela ag\u00eancia EFE e um choque de horror e preocupa\u00e7\u00e3o nos invadiu. Quando ainda n\u00e3o acredit\u00e1vamos no que havia acontecido em Oslo (Noruega), eis que outros criminosos [&hellip;]<\/p>\n","protected":false},"author":2,"featured_media":0,"comment_status":"open","ping_status":"open","sticky":false,"template":"","format":"standard","meta":{"_acf_changed":false,"footnotes":""},"categories":[4766],"tags":[],"class_list":{"0":"post-447","1":"post","2":"type-post","3":"status-publish","4":"format-standard","6":"category-arquivo"},"acf":[],"yoast_head":"<!-- This site is optimized with the Yoast SEO plugin v26.5 - https:\/\/yoast.com\/wordpress\/plugins\/seo\/ -->\n<title>Racistas incendeiam moradia cigana na Alemanha - PSOL 50<\/title>\n<meta name=\"robots\" content=\"index, follow, max-snippet:-1, max-image-preview:large, max-video-preview:-1\" \/>\n<link rel=\"canonical\" href=\"https:\/\/psol50.org.br\/racistas-incendeiam-moradia-cigana-na-alemanha\/\" \/>\n<meta property=\"og:locale\" content=\"pt_BR\" \/>\n<meta property=\"og:type\" content=\"article\" \/>\n<meta property=\"og:title\" content=\"Racistas incendeiam moradia cigana na Alemanha - PSOL 50\" \/>\n<meta property=\"og:description\" content=\"*Por Manuel Garc\u00eda Rond\u00f3n Hoje, tristemente, nos sentimos unidos na dor, porque a besta racista n\u00e3o conhece limites humanos nem fronteiras territoriais Acabamos de ler a not\u00edcia transmitida pela ag\u00eancia EFE e um choque de horror e preocupa\u00e7\u00e3o nos invadiu. Quando ainda n\u00e3o acredit\u00e1vamos no que havia acontecido em Oslo (Noruega), eis que outros criminosos [&hellip;]\" \/>\n<meta property=\"og:url\" content=\"https:\/\/psol50.org.br\/racistas-incendeiam-moradia-cigana-na-alemanha\/\" \/>\n<meta property=\"og:site_name\" content=\"PSOL 50\" \/>\n<meta property=\"article:publisher\" content=\"https:\/\/www.facebook.com\/psol50\" \/>\n<meta property=\"article:published_time\" content=\"2011-07-26T00:00:00+00:00\" \/>\n<meta property=\"og:image\" content=\"http:\/\/psol50.org.br\/files\/2011\/07\/Neonazistas.jpg\" \/>\n<meta name=\"author\" content=\"Comunica\u00e7\u00e3o PSOL\" \/>\n<meta name=\"twitter:card\" content=\"summary_large_image\" \/>\n<meta name=\"twitter:creator\" content=\"@psol50\" \/>\n<meta name=\"twitter:site\" content=\"@psol50\" \/>\n<meta name=\"twitter:label1\" content=\"Escrito por\" \/>\n\t<meta name=\"twitter:data1\" content=\"Comunica\u00e7\u00e3o PSOL\" \/>\n\t<meta name=\"twitter:label2\" content=\"Est. tempo de leitura\" \/>\n\t<meta name=\"twitter:data2\" content=\"2 minutos\" \/>\n<script type=\"application\/ld+json\" class=\"yoast-schema-graph\">{\"@context\":\"https:\/\/schema.org\",\"@graph\":[{\"@type\":\"Article\",\"@id\":\"https:\/\/psol50.org.br\/racistas-incendeiam-moradia-cigana-na-alemanha\/#article\",\"isPartOf\":{\"@id\":\"https:\/\/psol50.org.br\/racistas-incendeiam-moradia-cigana-na-alemanha\/\"},\"author\":{\"name\":\"Comunica\u00e7\u00e3o PSOL\",\"@id\":\"https:\/\/psol50.org.br\/#\/schema\/person\/475dfa57d0b815993c714c2e96491fcd\"},\"headline\":\"Racistas incendeiam moradia cigana na Alemanha\",\"datePublished\":\"2011-07-26T00:00:00+00:00\",\"mainEntityOfPage\":{\"@id\":\"https:\/\/psol50.org.br\/racistas-incendeiam-moradia-cigana-na-alemanha\/\"},\"wordCount\":471,\"commentCount\":0,\"publisher\":{\"@id\":\"https:\/\/psol50.org.br\/#organization\"},\"image\":{\"@id\":\"https:\/\/psol50.org.br\/racistas-incendeiam-moradia-cigana-na-alemanha\/#primaryimage\"},\"thumbnailUrl\":\"http:\/\/psol50.org.br\/files\/2011\/07\/Neonazistas.jpg\",\"articleSection\":[\"Arquivo\"],\"inLanguage\":\"pt-BR\",\"potentialAction\":[{\"@type\":\"CommentAction\",\"name\":\"Comment\",\"target\":[\"https:\/\/psol50.org.br\/racistas-incendeiam-moradia-cigana-na-alemanha\/#respond\"]}]},{\"@type\":\"WebPage\",\"@id\":\"https:\/\/psol50.org.br\/racistas-incendeiam-moradia-cigana-na-alemanha\/\",\"url\":\"https:\/\/psol50.org.br\/racistas-incendeiam-moradia-cigana-na-alemanha\/\",\"name\":\"Racistas incendeiam moradia cigana na Alemanha - PSOL 50\",\"isPartOf\":{\"@id\":\"https:\/\/psol50.org.br\/#website\"},\"primaryImageOfPage\":{\"@id\":\"https:\/\/psol50.org.br\/racistas-incendeiam-moradia-cigana-na-alemanha\/#primaryimage\"},\"image\":{\"@id\":\"https:\/\/psol50.org.br\/racistas-incendeiam-moradia-cigana-na-alemanha\/#primaryimage\"},\"thumbnailUrl\":\"http:\/\/psol50.org.br\/files\/2011\/07\/Neonazistas.jpg\",\"datePublished\":\"2011-07-26T00:00:00+00:00\",\"breadcrumb\":{\"@id\":\"https:\/\/psol50.org.br\/racistas-incendeiam-moradia-cigana-na-alemanha\/#breadcrumb\"},\"inLanguage\":\"pt-BR\",\"potentialAction\":[{\"@type\":\"ReadAction\",\"target\":[\"https:\/\/psol50.org.br\/racistas-incendeiam-moradia-cigana-na-alemanha\/\"]}]},{\"@type\":\"ImageObject\",\"inLanguage\":\"pt-BR\",\"@id\":\"https:\/\/psol50.org.br\/racistas-incendeiam-moradia-cigana-na-alemanha\/#primaryimage\",\"url\":\"http:\/\/psol50.org.br\/files\/2011\/07\/Neonazistas.jpg\",\"contentUrl\":\"http:\/\/psol50.org.br\/files\/2011\/07\/Neonazistas.jpg\"},{\"@type\":\"BreadcrumbList\",\"@id\":\"https:\/\/psol50.org.br\/racistas-incendeiam-moradia-cigana-na-alemanha\/#breadcrumb\",\"itemListElement\":[{\"@type\":\"ListItem\",\"position\":1,\"name\":\"In\u00edcio\",\"item\":\"https:\/\/psol50.org.br\/\"},{\"@type\":\"ListItem\",\"position\":2,\"name\":\"Racistas incendeiam moradia cigana na Alemanha\"}]},{\"@type\":\"WebSite\",\"@id\":\"https:\/\/psol50.org.br\/#website\",\"url\":\"https:\/\/psol50.org.br\/\",\"name\":\"PSOL 50\",\"description\":\"Site oficial do Partido Socialismo e Liberdade\",\"publisher\":{\"@id\":\"https:\/\/psol50.org.br\/#organization\"},\"alternateName\":\"PSOL50\",\"potentialAction\":[{\"@type\":\"SearchAction\",\"target\":{\"@type\":\"EntryPoint\",\"urlTemplate\":\"https:\/\/psol50.org.br\/?s={search_term_string}\"},\"query-input\":{\"@type\":\"PropertyValueSpecification\",\"valueRequired\":true,\"valueName\":\"search_term_string\"}}],\"inLanguage\":\"pt-BR\"},{\"@type\":\"Organization\",\"@id\":\"https:\/\/psol50.org.br\/#organization\",\"name\":\"PSOL 50\",\"alternateName\":\"PSOL 50\",\"url\":\"https:\/\/psol50.org.br\/\",\"logo\":{\"@type\":\"ImageObject\",\"inLanguage\":\"pt-BR\",\"@id\":\"https:\/\/psol50.org.br\/#\/schema\/logo\/image\/\",\"url\":\"https:\/\/psol50.org.br\/inc\/uploads\/2018\/07\/capa.png\",\"contentUrl\":\"https:\/\/psol50.org.br\/inc\/uploads\/2018\/07\/capa.png\",\"width\":1350,\"height\":900,\"caption\":\"PSOL 50\"},\"image\":{\"@id\":\"https:\/\/psol50.org.br\/#\/schema\/logo\/image\/\"},\"sameAs\":[\"https:\/\/www.facebook.com\/psol50\",\"https:\/\/x.com\/psol50\",\"https:\/\/www.instagram.com\/psol50\/\",\"https:\/\/www.youtube.com\/channel\/UC7SnJS5o1os7a6CaiNabzcg\"]},{\"@type\":\"Person\",\"@id\":\"https:\/\/psol50.org.br\/#\/schema\/person\/475dfa57d0b815993c714c2e96491fcd\",\"name\":\"Comunica\u00e7\u00e3o PSOL\",\"image\":{\"@type\":\"ImageObject\",\"inLanguage\":\"pt-BR\",\"@id\":\"https:\/\/psol50.org.br\/#\/schema\/person\/image\/\",\"url\":\"https:\/\/secure.gravatar.com\/avatar\/b34fc4f4e468a4e51785917065a3db57b841f5c95dba6ad8c73aaf8f66f8f9bf?s=96&d=mm&r=g\",\"contentUrl\":\"https:\/\/secure.gravatar.com\/avatar\/b34fc4f4e468a4e51785917065a3db57b841f5c95dba6ad8c73aaf8f66f8f9bf?s=96&d=mm&r=g\",\"caption\":\"Comunica\u00e7\u00e3o PSOL\"}}]}<\/script>\n<!-- \/ Yoast SEO plugin. -->","yoast_head_json":{"title":"Racistas incendeiam moradia cigana na Alemanha - PSOL 50","robots":{"index":"index","follow":"follow","max-snippet":"max-snippet:-1","max-image-preview":"max-image-preview:large","max-video-preview":"max-video-preview:-1"},"canonical":"https:\/\/psol50.org.br\/racistas-incendeiam-moradia-cigana-na-alemanha\/","og_locale":"pt_BR","og_type":"article","og_title":"Racistas incendeiam moradia cigana na Alemanha - PSOL 50","og_description":"*Por Manuel Garc\u00eda Rond\u00f3n Hoje, tristemente, nos sentimos unidos na dor, porque a besta racista n\u00e3o conhece limites humanos nem fronteiras territoriais Acabamos de ler a not\u00edcia transmitida pela ag\u00eancia EFE e um choque de horror e preocupa\u00e7\u00e3o nos invadiu. Quando ainda n\u00e3o acredit\u00e1vamos no que havia acontecido em Oslo (Noruega), eis que outros criminosos [&hellip;]","og_url":"https:\/\/psol50.org.br\/racistas-incendeiam-moradia-cigana-na-alemanha\/","og_site_name":"PSOL 50","article_publisher":"https:\/\/www.facebook.com\/psol50","article_published_time":"2011-07-26T00:00:00+00:00","og_image":[{"url":"http:\/\/psol50.org.br\/files\/2011\/07\/Neonazistas.jpg","type":"","width":"","height":""}],"author":"Comunica\u00e7\u00e3o PSOL","twitter_card":"summary_large_image","twitter_creator":"@psol50","twitter_site":"@psol50","twitter_misc":{"Escrito por":"Comunica\u00e7\u00e3o PSOL","Est. tempo de leitura":"2 minutos"},"schema":{"@context":"https:\/\/schema.org","@graph":[{"@type":"Article","@id":"https:\/\/psol50.org.br\/racistas-incendeiam-moradia-cigana-na-alemanha\/#article","isPartOf":{"@id":"https:\/\/psol50.org.br\/racistas-incendeiam-moradia-cigana-na-alemanha\/"},"author":{"name":"Comunica\u00e7\u00e3o PSOL","@id":"https:\/\/psol50.org.br\/#\/schema\/person\/475dfa57d0b815993c714c2e96491fcd"},"headline":"Racistas incendeiam moradia cigana na Alemanha","datePublished":"2011-07-26T00:00:00+00:00","mainEntityOfPage":{"@id":"https:\/\/psol50.org.br\/racistas-incendeiam-moradia-cigana-na-alemanha\/"},"wordCount":471,"commentCount":0,"publisher":{"@id":"https:\/\/psol50.org.br\/#organization"},"image":{"@id":"https:\/\/psol50.org.br\/racistas-incendeiam-moradia-cigana-na-alemanha\/#primaryimage"},"thumbnailUrl":"http:\/\/psol50.org.br\/files\/2011\/07\/Neonazistas.jpg","articleSection":["Arquivo"],"inLanguage":"pt-BR","potentialAction":[{"@type":"CommentAction","name":"Comment","target":["https:\/\/psol50.org.br\/racistas-incendeiam-moradia-cigana-na-alemanha\/#respond"]}]},{"@type":"WebPage","@id":"https:\/\/psol50.org.br\/racistas-incendeiam-moradia-cigana-na-alemanha\/","url":"https:\/\/psol50.org.br\/racistas-incendeiam-moradia-cigana-na-alemanha\/","name":"Racistas incendeiam moradia cigana na Alemanha - PSOL 50","isPartOf":{"@id":"https:\/\/psol50.org.br\/#website"},"primaryImageOfPage":{"@id":"https:\/\/psol50.org.br\/racistas-incendeiam-moradia-cigana-na-alemanha\/#primaryimage"},"image":{"@id":"https:\/\/psol50.org.br\/racistas-incendeiam-moradia-cigana-na-alemanha\/#primaryimage"},"thumbnailUrl":"http:\/\/psol50.org.br\/files\/2011\/07\/Neonazistas.jpg","datePublished":"2011-07-26T00:00:00+00:00","breadcrumb":{"@id":"https:\/\/psol50.org.br\/racistas-incendeiam-moradia-cigana-na-alemanha\/#breadcrumb"},"inLanguage":"pt-BR","potentialAction":[{"@type":"ReadAction","target":["https:\/\/psol50.org.br\/racistas-incendeiam-moradia-cigana-na-alemanha\/"]}]},{"@type":"ImageObject","inLanguage":"pt-BR","@id":"https:\/\/psol50.org.br\/racistas-incendeiam-moradia-cigana-na-alemanha\/#primaryimage","url":"http:\/\/psol50.org.br\/files\/2011\/07\/Neonazistas.jpg","contentUrl":"http:\/\/psol50.org.br\/files\/2011\/07\/Neonazistas.jpg"},{"@type":"BreadcrumbList","@id":"https:\/\/psol50.org.br\/racistas-incendeiam-moradia-cigana-na-alemanha\/#breadcrumb","itemListElement":[{"@type":"ListItem","position":1,"name":"In\u00edcio","item":"https:\/\/psol50.org.br\/"},{"@type":"ListItem","position":2,"name":"Racistas incendeiam moradia cigana na Alemanha"}]},{"@type":"WebSite","@id":"https:\/\/psol50.org.br\/#website","url":"https:\/\/psol50.org.br\/","name":"PSOL 50","description":"Site oficial do Partido Socialismo e Liberdade","publisher":{"@id":"https:\/\/psol50.org.br\/#organization"},"alternateName":"PSOL50","potentialAction":[{"@type":"SearchAction","target":{"@type":"EntryPoint","urlTemplate":"https:\/\/psol50.org.br\/?s={search_term_string}"},"query-input":{"@type":"PropertyValueSpecification","valueRequired":true,"valueName":"search_term_string"}}],"inLanguage":"pt-BR"},{"@type":"Organization","@id":"https:\/\/psol50.org.br\/#organization","name":"PSOL 50","alternateName":"PSOL 50","url":"https:\/\/psol50.org.br\/","logo":{"@type":"ImageObject","inLanguage":"pt-BR","@id":"https:\/\/psol50.org.br\/#\/schema\/logo\/image\/","url":"https:\/\/psol50.org.br\/inc\/uploads\/2018\/07\/capa.png","contentUrl":"https:\/\/psol50.org.br\/inc\/uploads\/2018\/07\/capa.png","width":1350,"height":900,"caption":"PSOL 50"},"image":{"@id":"https:\/\/psol50.org.br\/#\/schema\/logo\/image\/"},"sameAs":["https:\/\/www.facebook.com\/psol50","https:\/\/x.com\/psol50","https:\/\/www.instagram.com\/psol50\/","https:\/\/www.youtube.com\/channel\/UC7SnJS5o1os7a6CaiNabzcg"]},{"@type":"Person","@id":"https:\/\/psol50.org.br\/#\/schema\/person\/475dfa57d0b815993c714c2e96491fcd","name":"Comunica\u00e7\u00e3o PSOL","image":{"@type":"ImageObject","inLanguage":"pt-BR","@id":"https:\/\/psol50.org.br\/#\/schema\/person\/image\/","url":"https:\/\/secure.gravatar.com\/avatar\/b34fc4f4e468a4e51785917065a3db57b841f5c95dba6ad8c73aaf8f66f8f9bf?s=96&d=mm&r=g","contentUrl":"https:\/\/secure.gravatar.com\/avatar\/b34fc4f4e468a4e51785917065a3db57b841f5c95dba6ad8c73aaf8f66f8f9bf?s=96&d=mm&r=g","caption":"Comunica\u00e7\u00e3o PSOL"}}]}},"_links":{"self":[{"href":"https:\/\/psol50.org.br\/rest\/wp\/v2\/posts\/447","targetHints":{"allow":["GET"]}}],"collection":[{"href":"https:\/\/psol50.org.br\/rest\/wp\/v2\/posts"}],"about":[{"href":"https:\/\/psol50.org.br\/rest\/wp\/v2\/types\/post"}],"author":[{"embeddable":true,"href":"https:\/\/psol50.org.br\/rest\/wp\/v2\/users\/2"}],"replies":[{"embeddable":true,"href":"https:\/\/psol50.org.br\/rest\/wp\/v2\/comments?post=447"}],"version-history":[{"count":0,"href":"https:\/\/psol50.org.br\/rest\/wp\/v2\/posts\/447\/revisions"}],"wp:attachment":[{"href":"https:\/\/psol50.org.br\/rest\/wp\/v2\/media?parent=447"}],"wp:term":[{"taxonomy":"category","embeddable":true,"href":"https:\/\/psol50.org.br\/rest\/wp\/v2\/categories?post=447"},{"taxonomy":"post_tag","embeddable":true,"href":"https:\/\/psol50.org.br\/rest\/wp\/v2\/tags?post=447"}],"curies":[{"name":"wp","href":"https:\/\/api.w.org\/{rel}","templated":true}]}}