{"id":4474,"date":"2011-02-23T00:00:00","date_gmt":"2011-02-23T00:00:00","guid":{"rendered":"http:\/\/psol50.org.br\/arquivo\/2011\/02\/23\/ivan-valente-cobra-da-secretaria-de-seguranca-de-sp-punicao-aos-pms-que-agrediram-manifestantes-dia-17\/"},"modified":"2011-02-23T00:00:00","modified_gmt":"2011-02-23T00:00:00","slug":"ivan-valente-cobra-da-secretaria-de-seguranca-de-sp-punicao-aos-pms-que-agrediram-manifestantes-dia-17","status":"publish","type":"post","link":"https:\/\/psol50.org.br\/ivan-valente-cobra-da-secretaria-de-seguranca-de-sp-punicao-aos-pms-que-agrediram-manifestantes-dia-17\/","title":{"rendered":"Ivan Valente cobra da Secretaria de Seguran\u00e7a de SP puni\u00e7\u00e3o aos PMs que agrediram manifestantes dia 17"},"content":{"rendered":"<p>Nesta ter\u00e7a-feira (22), o deputado federal Ivan Valente encaminhou of\u00edcio ao Secret\u00e1rio de Seguran\u00e7a P\u00fablica de S\u00e3o Paulo, Ant\u00f4nio Ferreira Pinto, solicitando ao governo informa\u00e7\u00f5es acerca do que est\u00e1 sendo feito para apurar as irregularidades e punir os policiais militares respons\u00e1veis pelos abusos cometidos durante protesto contra o aumento da passagem de \u00f4nibus em frente a Prefeitura, no dia 17 de fevereiro.<\/p>\n<p>Ivan Valente esteve na Prefeitura participando das negocia\u00e7\u00f5es do movimento com o poder p\u00fablico, e afirmou no documento enviado ao governo: \u201cEm uma sociedade democr\u00e1tica, a manifesta\u00e7\u00e3o dos cidad\u00e3os em prol de seus direitos n\u00e3o pode ser tratada pelos agentes do Estado como atitudes a serem combatidas e reprimidas\u201d. O texto lembra que a legisla\u00e7\u00e3o que rege a atua\u00e7\u00e3o dos Policiais Militares em nosso estado\u00a0 define como transgress\u00f5es disciplinares graves desconsiderar os direitos constitucionais da pessoa e usar de for\u00e7a desnecess\u00e1ria no atendimento de ocorr\u00eancia.<\/p>\n<p>O mandato do parlamentar tamb\u00e9m solicitou uma audi\u00eancia com o Prefeito Gilberto Kassab e representantes dos movimentos que reivindicam a revoga\u00e7\u00e3o do aumento da passagem de \u00f4nibus, numa tentativa de abertura de negocia\u00e7\u00e3o com o poder executivo municipal.<\/p>\n<p style=\"text-align: center\">\n<p><em><strong><span style=\"text-decoration: underline\"><span style=\"color: #ff0000\">L<\/span><\/span><span style=\"color: #ff0000\"><span style=\"text-decoration: underline\">eia abaixo a \u00edntegra do of\u00edcio encaminhado \u00e0 Secretaria de Seguran\u00e7a P\u00fablica de S\u00e3o Paulo:<\/span><\/span><\/strong><\/em><\/p>\n<p style=\"text-align: justify\">\n<p><strong>Exmo. Sr. Secret\u00e1rio Ant\u00f4nio Ferreira Pinto,<\/strong><\/p>\n<p>Na \u00faltima quinta-feira, dia 17 de fevereiro, ao buscar dispersar manifestantes que protestavam em frente \u00e0 Prefeitura de S\u00e3o Paulo contra o aumento do pre\u00e7o da tarifa de \u00f4nibus, a Pol\u00edcia Militar de S\u00e3o Paulo cometeu abusos no exerc\u00edcio de sua fun\u00e7\u00e3o, sobretudo em rela\u00e7\u00e3o ao assistente social Vin\u00edcius Figueira Boim, que mesmo depois de imobilizado foi brutalmente agredido pelos policiais.<\/p>\n<p>Al\u00e9m das in\u00fameras imagens e v\u00eddeos veiculados na imprensa, que mostram inclusive vereadores do munic\u00edpio sendo agredidos, tive a oportunidade de verificar tal informa\u00e7\u00e3o ao comparecer \u00e0 Prefeitura de S\u00e3o Paulo na noite do dia 17.<\/p>\n<p>A legisla\u00e7\u00e3o que rege a atua\u00e7\u00e3o dos Policiais Militares em nosso estado estabelece como deveres \u00e9ticos que conduzem a atividade profissional, entre outros:<\/p>\n<p>a) servir \u00e0 comunidade e promover o bem estar comum<br \/>\nb) cumprir e fazer cumprir a Constitui\u00e7\u00e3o<br \/>\nc) exercer as fun\u00e7\u00f5es com integridade e equil\u00edbrio<br \/>\nd) considerar a verdade, a legalidade e a responsabilidade como fundamentos de dignidade pessoal<br \/>\ne) exercer a profiss\u00e3o sem discrimina\u00e7\u00f5es ou restri\u00e7\u00f5es de ordem religiosa, pol\u00edtica, racial ou de condi\u00e7\u00e3o social<br \/>\nf) atuar com prud\u00eancia nas ocorr\u00eancias policiaisg) respeitar a integridade f\u00edsica, moral e ps\u00edquica de quem seja objeto de incrimina\u00e7\u00e3o<br \/>\nh) observar os direitos e garantias fundamentais, agindo com isen\u00e7\u00e3o, eq\u00fcidade e absoluto respeito pelo ser humano, n\u00e3o usando sua condi\u00e7\u00e3o de autoridade p\u00fablica para a pr\u00e1tica de arbitrariedade<\/p>\n<p>E define como transgress\u00f5es disciplinares graves, entre outras, desconsiderar os direitos constitucionais da pessoa e usar de for\u00e7a desnecess\u00e1ria no atendimento de ocorr\u00eancia.<\/p>\n<p>Em uma sociedade democr\u00e1tica, a manifesta\u00e7\u00e3o dos cidad\u00e3os em prol de seus direitos n\u00e3o pode ser tratada pelos agentes do Estado como atitudes a serem combatidas e reprimidas.<\/p>\n<p>Diante do ocorrido e com a convic\u00e7\u00e3o de que tal legisla\u00e7\u00e3o deve ser respeitada integralmente, venho respeitosamente solicitar \u00e0 Secretaria de Seguran\u00e7a P\u00fablica de S\u00e3o Paulo informa\u00e7\u00f5es acerca do que est\u00e1 sendo feito no momento para apurar tais irregularidades e punir os policiais militares respons\u00e1veis pelos abusos.<\/p>\n<p>Atenciosamente,<\/p>\n<p>Ivan Valente<br \/>\nDeputado Federal PSOL-SP<\/p>\n<p><a href=\"http:\/\/www.ivanvalente.com.br\/2011\/02\/ivan-valente-cobra-da-secretaria-de-seguranca-publica-de-sp-punicao-aos-pm-que-acreditam-manifestantes-na-ultima-quinta-feira\/\">Fonte: http:\/\/www.ivanvalente.com.br\/<\/a><\/p>\n","protected":false},"excerpt":{"rendered":"<p>Nesta ter\u00e7a-feira (22), o deputado federal Ivan Valente encaminhou of\u00edcio ao Secret\u00e1rio de Seguran\u00e7a P\u00fablica de S\u00e3o Paulo, Ant\u00f4nio Ferreira Pinto, solicitando ao governo informa\u00e7\u00f5es acerca do que est\u00e1 sendo feito para apurar as irregularidades e punir os policiais militares respons\u00e1veis pelos abusos cometidos durante protesto contra o aumento da passagem de \u00f4nibus em frente [&hellip;]<\/p>\n","protected":false},"author":2,"featured_media":0,"comment_status":"open","ping_status":"open","sticky":false,"template":"","format":"standard","meta":{"_acf_changed":false,"footnotes":""},"categories":[10,4766],"tags":[],"class_list":{"0":"post-4474","1":"post","2":"type-post","3":"status-publish","4":"format-standard","6":"category-acao-parlamentares","7":"category-arquivo"},"acf":[],"yoast_head":"<!-- This site is optimized with the Yoast SEO plugin v26.5 - https:\/\/yoast.com\/wordpress\/plugins\/seo\/ -->\n<title>Ivan Valente cobra da Secretaria de Seguran\u00e7a de SP puni\u00e7\u00e3o aos PMs que agrediram manifestantes dia 17 - PSOL 50<\/title>\n<meta name=\"robots\" content=\"index, follow, max-snippet:-1, max-image-preview:large, max-video-preview:-1\" \/>\n<link rel=\"canonical\" href=\"https:\/\/psol50.org.br\/ivan-valente-cobra-da-secretaria-de-seguranca-de-sp-punicao-aos-pms-que-agrediram-manifestantes-dia-17\/\" \/>\n<meta property=\"og:locale\" content=\"pt_BR\" \/>\n<meta property=\"og:type\" content=\"article\" \/>\n<meta property=\"og:title\" content=\"Ivan Valente cobra da Secretaria de Seguran\u00e7a de SP puni\u00e7\u00e3o aos PMs que agrediram manifestantes dia 17 - PSOL 50\" \/>\n<meta property=\"og:description\" content=\"Nesta ter\u00e7a-feira (22), o deputado federal Ivan Valente encaminhou of\u00edcio ao Secret\u00e1rio de Seguran\u00e7a P\u00fablica de S\u00e3o Paulo, Ant\u00f4nio Ferreira Pinto, solicitando ao governo informa\u00e7\u00f5es acerca do que est\u00e1 sendo feito para apurar as irregularidades e punir os policiais militares respons\u00e1veis pelos abusos cometidos durante protesto contra o aumento da passagem de \u00f4nibus em frente [&hellip;]\" \/>\n<meta property=\"og:url\" content=\"https:\/\/psol50.org.br\/ivan-valente-cobra-da-secretaria-de-seguranca-de-sp-punicao-aos-pms-que-agrediram-manifestantes-dia-17\/\" \/>\n<meta property=\"og:site_name\" content=\"PSOL 50\" \/>\n<meta property=\"article:publisher\" content=\"https:\/\/www.facebook.com\/psol50\" \/>\n<meta property=\"article:published_time\" content=\"2011-02-23T00:00:00+00:00\" \/>\n<meta property=\"og:image\" content=\"https:\/\/psol50.org.br\/inc\/uploads\/2018\/07\/capa.png\" \/>\n\t<meta property=\"og:image:width\" content=\"1350\" \/>\n\t<meta property=\"og:image:height\" content=\"900\" \/>\n\t<meta property=\"og:image:type\" content=\"image\/png\" \/>\n<meta name=\"author\" content=\"Comunica\u00e7\u00e3o PSOL\" \/>\n<meta name=\"twitter:card\" content=\"summary_large_image\" \/>\n<meta name=\"twitter:creator\" content=\"@psol50\" \/>\n<meta name=\"twitter:site\" content=\"@psol50\" \/>\n<meta name=\"twitter:label1\" content=\"Escrito por\" \/>\n\t<meta name=\"twitter:data1\" content=\"Comunica\u00e7\u00e3o PSOL\" \/>\n\t<meta name=\"twitter:label2\" content=\"Est. tempo de leitura\" \/>\n\t<meta name=\"twitter:data2\" content=\"3 minutos\" \/>\n<script type=\"application\/ld+json\" class=\"yoast-schema-graph\">{\"@context\":\"https:\/\/schema.org\",\"@graph\":[{\"@type\":\"Article\",\"@id\":\"https:\/\/psol50.org.br\/ivan-valente-cobra-da-secretaria-de-seguranca-de-sp-punicao-aos-pms-que-agrediram-manifestantes-dia-17\/#article\",\"isPartOf\":{\"@id\":\"https:\/\/psol50.org.br\/ivan-valente-cobra-da-secretaria-de-seguranca-de-sp-punicao-aos-pms-que-agrediram-manifestantes-dia-17\/\"},\"author\":{\"name\":\"Comunica\u00e7\u00e3o PSOL\",\"@id\":\"https:\/\/psol50.org.br\/#\/schema\/person\/475dfa57d0b815993c714c2e96491fcd\"},\"headline\":\"Ivan Valente cobra da Secretaria de Seguran\u00e7a de SP puni\u00e7\u00e3o aos PMs que agrediram manifestantes dia 17\",\"datePublished\":\"2011-02-23T00:00:00+00:00\",\"mainEntityOfPage\":{\"@id\":\"https:\/\/psol50.org.br\/ivan-valente-cobra-da-secretaria-de-seguranca-de-sp-punicao-aos-pms-que-agrediram-manifestantes-dia-17\/\"},\"wordCount\":632,\"commentCount\":0,\"publisher\":{\"@id\":\"https:\/\/psol50.org.br\/#organization\"},\"articleSection\":[\"A\u00e7\u00e3o Parlamentar\",\"Arquivo\"],\"inLanguage\":\"pt-BR\",\"potentialAction\":[{\"@type\":\"CommentAction\",\"name\":\"Comment\",\"target\":[\"https:\/\/psol50.org.br\/ivan-valente-cobra-da-secretaria-de-seguranca-de-sp-punicao-aos-pms-que-agrediram-manifestantes-dia-17\/#respond\"]}]},{\"@type\":\"WebPage\",\"@id\":\"https:\/\/psol50.org.br\/ivan-valente-cobra-da-secretaria-de-seguranca-de-sp-punicao-aos-pms-que-agrediram-manifestantes-dia-17\/\",\"url\":\"https:\/\/psol50.org.br\/ivan-valente-cobra-da-secretaria-de-seguranca-de-sp-punicao-aos-pms-que-agrediram-manifestantes-dia-17\/\",\"name\":\"Ivan Valente cobra da Secretaria de Seguran\u00e7a de SP puni\u00e7\u00e3o aos PMs que agrediram manifestantes dia 17 - PSOL 50\",\"isPartOf\":{\"@id\":\"https:\/\/psol50.org.br\/#website\"},\"datePublished\":\"2011-02-23T00:00:00+00:00\",\"breadcrumb\":{\"@id\":\"https:\/\/psol50.org.br\/ivan-valente-cobra-da-secretaria-de-seguranca-de-sp-punicao-aos-pms-que-agrediram-manifestantes-dia-17\/#breadcrumb\"},\"inLanguage\":\"pt-BR\",\"potentialAction\":[{\"@type\":\"ReadAction\",\"target\":[\"https:\/\/psol50.org.br\/ivan-valente-cobra-da-secretaria-de-seguranca-de-sp-punicao-aos-pms-que-agrediram-manifestantes-dia-17\/\"]}]},{\"@type\":\"BreadcrumbList\",\"@id\":\"https:\/\/psol50.org.br\/ivan-valente-cobra-da-secretaria-de-seguranca-de-sp-punicao-aos-pms-que-agrediram-manifestantes-dia-17\/#breadcrumb\",\"itemListElement\":[{\"@type\":\"ListItem\",\"position\":1,\"name\":\"In\u00edcio\",\"item\":\"https:\/\/psol50.org.br\/\"},{\"@type\":\"ListItem\",\"position\":2,\"name\":\"Ivan Valente cobra da Secretaria de Seguran\u00e7a de SP puni\u00e7\u00e3o aos PMs que agrediram manifestantes dia 17\"}]},{\"@type\":\"WebSite\",\"@id\":\"https:\/\/psol50.org.br\/#website\",\"url\":\"https:\/\/psol50.org.br\/\",\"name\":\"PSOL 50\",\"description\":\"Site oficial do Partido Socialismo e Liberdade\",\"publisher\":{\"@id\":\"https:\/\/psol50.org.br\/#organization\"},\"alternateName\":\"PSOL50\",\"potentialAction\":[{\"@type\":\"SearchAction\",\"target\":{\"@type\":\"EntryPoint\",\"urlTemplate\":\"https:\/\/psol50.org.br\/?s={search_term_string}\"},\"query-input\":{\"@type\":\"PropertyValueSpecification\",\"valueRequired\":true,\"valueName\":\"search_term_string\"}}],\"inLanguage\":\"pt-BR\"},{\"@type\":\"Organization\",\"@id\":\"https:\/\/psol50.org.br\/#organization\",\"name\":\"PSOL 50\",\"alternateName\":\"PSOL 50\",\"url\":\"https:\/\/psol50.org.br\/\",\"logo\":{\"@type\":\"ImageObject\",\"inLanguage\":\"pt-BR\",\"@id\":\"https:\/\/psol50.org.br\/#\/schema\/logo\/image\/\",\"url\":\"https:\/\/psol50.org.br\/inc\/uploads\/2018\/07\/capa.png\",\"contentUrl\":\"https:\/\/psol50.org.br\/inc\/uploads\/2018\/07\/capa.png\",\"width\":1350,\"height\":900,\"caption\":\"PSOL 50\"},\"image\":{\"@id\":\"https:\/\/psol50.org.br\/#\/schema\/logo\/image\/\"},\"sameAs\":[\"https:\/\/www.facebook.com\/psol50\",\"https:\/\/x.com\/psol50\",\"https:\/\/www.instagram.com\/psol50\/\",\"https:\/\/www.youtube.com\/channel\/UC7SnJS5o1os7a6CaiNabzcg\"]},{\"@type\":\"Person\",\"@id\":\"https:\/\/psol50.org.br\/#\/schema\/person\/475dfa57d0b815993c714c2e96491fcd\",\"name\":\"Comunica\u00e7\u00e3o PSOL\",\"image\":{\"@type\":\"ImageObject\",\"inLanguage\":\"pt-BR\",\"@id\":\"https:\/\/psol50.org.br\/#\/schema\/person\/image\/\",\"url\":\"https:\/\/secure.gravatar.com\/avatar\/b34fc4f4e468a4e51785917065a3db57b841f5c95dba6ad8c73aaf8f66f8f9bf?s=96&d=mm&r=g\",\"contentUrl\":\"https:\/\/secure.gravatar.com\/avatar\/b34fc4f4e468a4e51785917065a3db57b841f5c95dba6ad8c73aaf8f66f8f9bf?s=96&d=mm&r=g\",\"caption\":\"Comunica\u00e7\u00e3o PSOL\"}}]}<\/script>\n<!-- \/ Yoast SEO plugin. -->","yoast_head_json":{"title":"Ivan Valente cobra da Secretaria de Seguran\u00e7a de SP puni\u00e7\u00e3o aos PMs que agrediram manifestantes dia 17 - PSOL 50","robots":{"index":"index","follow":"follow","max-snippet":"max-snippet:-1","max-image-preview":"max-image-preview:large","max-video-preview":"max-video-preview:-1"},"canonical":"https:\/\/psol50.org.br\/ivan-valente-cobra-da-secretaria-de-seguranca-de-sp-punicao-aos-pms-que-agrediram-manifestantes-dia-17\/","og_locale":"pt_BR","og_type":"article","og_title":"Ivan Valente cobra da Secretaria de Seguran\u00e7a de SP puni\u00e7\u00e3o aos PMs que agrediram manifestantes dia 17 - PSOL 50","og_description":"Nesta ter\u00e7a-feira (22), o deputado federal Ivan Valente encaminhou of\u00edcio ao Secret\u00e1rio de Seguran\u00e7a P\u00fablica de S\u00e3o Paulo, Ant\u00f4nio Ferreira Pinto, solicitando ao governo informa\u00e7\u00f5es acerca do que est\u00e1 sendo feito para apurar as irregularidades e punir os policiais militares respons\u00e1veis pelos abusos cometidos durante protesto contra o aumento da passagem de \u00f4nibus em frente [&hellip;]","og_url":"https:\/\/psol50.org.br\/ivan-valente-cobra-da-secretaria-de-seguranca-de-sp-punicao-aos-pms-que-agrediram-manifestantes-dia-17\/","og_site_name":"PSOL 50","article_publisher":"https:\/\/www.facebook.com\/psol50","article_published_time":"2011-02-23T00:00:00+00:00","og_image":[{"width":1350,"height":900,"url":"https:\/\/psol50.org.br\/inc\/uploads\/2018\/07\/capa.png","type":"image\/png"}],"author":"Comunica\u00e7\u00e3o PSOL","twitter_card":"summary_large_image","twitter_creator":"@psol50","twitter_site":"@psol50","twitter_misc":{"Escrito por":"Comunica\u00e7\u00e3o PSOL","Est. tempo de leitura":"3 minutos"},"schema":{"@context":"https:\/\/schema.org","@graph":[{"@type":"Article","@id":"https:\/\/psol50.org.br\/ivan-valente-cobra-da-secretaria-de-seguranca-de-sp-punicao-aos-pms-que-agrediram-manifestantes-dia-17\/#article","isPartOf":{"@id":"https:\/\/psol50.org.br\/ivan-valente-cobra-da-secretaria-de-seguranca-de-sp-punicao-aos-pms-que-agrediram-manifestantes-dia-17\/"},"author":{"name":"Comunica\u00e7\u00e3o PSOL","@id":"https:\/\/psol50.org.br\/#\/schema\/person\/475dfa57d0b815993c714c2e96491fcd"},"headline":"Ivan Valente cobra da Secretaria de Seguran\u00e7a de SP puni\u00e7\u00e3o aos PMs que agrediram manifestantes dia 17","datePublished":"2011-02-23T00:00:00+00:00","mainEntityOfPage":{"@id":"https:\/\/psol50.org.br\/ivan-valente-cobra-da-secretaria-de-seguranca-de-sp-punicao-aos-pms-que-agrediram-manifestantes-dia-17\/"},"wordCount":632,"commentCount":0,"publisher":{"@id":"https:\/\/psol50.org.br\/#organization"},"articleSection":["A\u00e7\u00e3o Parlamentar","Arquivo"],"inLanguage":"pt-BR","potentialAction":[{"@type":"CommentAction","name":"Comment","target":["https:\/\/psol50.org.br\/ivan-valente-cobra-da-secretaria-de-seguranca-de-sp-punicao-aos-pms-que-agrediram-manifestantes-dia-17\/#respond"]}]},{"@type":"WebPage","@id":"https:\/\/psol50.org.br\/ivan-valente-cobra-da-secretaria-de-seguranca-de-sp-punicao-aos-pms-que-agrediram-manifestantes-dia-17\/","url":"https:\/\/psol50.org.br\/ivan-valente-cobra-da-secretaria-de-seguranca-de-sp-punicao-aos-pms-que-agrediram-manifestantes-dia-17\/","name":"Ivan Valente cobra da Secretaria de Seguran\u00e7a de SP puni\u00e7\u00e3o aos PMs que agrediram manifestantes dia 17 - PSOL 50","isPartOf":{"@id":"https:\/\/psol50.org.br\/#website"},"datePublished":"2011-02-23T00:00:00+00:00","breadcrumb":{"@id":"https:\/\/psol50.org.br\/ivan-valente-cobra-da-secretaria-de-seguranca-de-sp-punicao-aos-pms-que-agrediram-manifestantes-dia-17\/#breadcrumb"},"inLanguage":"pt-BR","potentialAction":[{"@type":"ReadAction","target":["https:\/\/psol50.org.br\/ivan-valente-cobra-da-secretaria-de-seguranca-de-sp-punicao-aos-pms-que-agrediram-manifestantes-dia-17\/"]}]},{"@type":"BreadcrumbList","@id":"https:\/\/psol50.org.br\/ivan-valente-cobra-da-secretaria-de-seguranca-de-sp-punicao-aos-pms-que-agrediram-manifestantes-dia-17\/#breadcrumb","itemListElement":[{"@type":"ListItem","position":1,"name":"In\u00edcio","item":"https:\/\/psol50.org.br\/"},{"@type":"ListItem","position":2,"name":"Ivan Valente cobra da Secretaria de Seguran\u00e7a de SP puni\u00e7\u00e3o aos PMs que agrediram manifestantes dia 17"}]},{"@type":"WebSite","@id":"https:\/\/psol50.org.br\/#website","url":"https:\/\/psol50.org.br\/","name":"PSOL 50","description":"Site oficial do Partido Socialismo e Liberdade","publisher":{"@id":"https:\/\/psol50.org.br\/#organization"},"alternateName":"PSOL50","potentialAction":[{"@type":"SearchAction","target":{"@type":"EntryPoint","urlTemplate":"https:\/\/psol50.org.br\/?s={search_term_string}"},"query-input":{"@type":"PropertyValueSpecification","valueRequired":true,"valueName":"search_term_string"}}],"inLanguage":"pt-BR"},{"@type":"Organization","@id":"https:\/\/psol50.org.br\/#organization","name":"PSOL 50","alternateName":"PSOL 50","url":"https:\/\/psol50.org.br\/","logo":{"@type":"ImageObject","inLanguage":"pt-BR","@id":"https:\/\/psol50.org.br\/#\/schema\/logo\/image\/","url":"https:\/\/psol50.org.br\/inc\/uploads\/2018\/07\/capa.png","contentUrl":"https:\/\/psol50.org.br\/inc\/uploads\/2018\/07\/capa.png","width":1350,"height":900,"caption":"PSOL 50"},"image":{"@id":"https:\/\/psol50.org.br\/#\/schema\/logo\/image\/"},"sameAs":["https:\/\/www.facebook.com\/psol50","https:\/\/x.com\/psol50","https:\/\/www.instagram.com\/psol50\/","https:\/\/www.youtube.com\/channel\/UC7SnJS5o1os7a6CaiNabzcg"]},{"@type":"Person","@id":"https:\/\/psol50.org.br\/#\/schema\/person\/475dfa57d0b815993c714c2e96491fcd","name":"Comunica\u00e7\u00e3o PSOL","image":{"@type":"ImageObject","inLanguage":"pt-BR","@id":"https:\/\/psol50.org.br\/#\/schema\/person\/image\/","url":"https:\/\/secure.gravatar.com\/avatar\/b34fc4f4e468a4e51785917065a3db57b841f5c95dba6ad8c73aaf8f66f8f9bf?s=96&d=mm&r=g","contentUrl":"https:\/\/secure.gravatar.com\/avatar\/b34fc4f4e468a4e51785917065a3db57b841f5c95dba6ad8c73aaf8f66f8f9bf?s=96&d=mm&r=g","caption":"Comunica\u00e7\u00e3o PSOL"}}]}},"_links":{"self":[{"href":"https:\/\/psol50.org.br\/rest\/wp\/v2\/posts\/4474","targetHints":{"allow":["GET"]}}],"collection":[{"href":"https:\/\/psol50.org.br\/rest\/wp\/v2\/posts"}],"about":[{"href":"https:\/\/psol50.org.br\/rest\/wp\/v2\/types\/post"}],"author":[{"embeddable":true,"href":"https:\/\/psol50.org.br\/rest\/wp\/v2\/users\/2"}],"replies":[{"embeddable":true,"href":"https:\/\/psol50.org.br\/rest\/wp\/v2\/comments?post=4474"}],"version-history":[{"count":0,"href":"https:\/\/psol50.org.br\/rest\/wp\/v2\/posts\/4474\/revisions"}],"wp:attachment":[{"href":"https:\/\/psol50.org.br\/rest\/wp\/v2\/media?parent=4474"}],"wp:term":[{"taxonomy":"category","embeddable":true,"href":"https:\/\/psol50.org.br\/rest\/wp\/v2\/categories?post=4474"},{"taxonomy":"post_tag","embeddable":true,"href":"https:\/\/psol50.org.br\/rest\/wp\/v2\/tags?post=4474"}],"curies":[{"name":"wp","href":"https:\/\/api.w.org\/{rel}","templated":true}]}}