{"id":462,"date":"2011-08-25T00:00:00","date_gmt":"2011-08-25T00:00:00","guid":{"rendered":"http:\/\/psol50.org.br\/arquivo\/2011\/08\/25\/ato-de-lancamento-da-agenda-colombia\/"},"modified":"2011-08-25T00:00:00","modified_gmt":"2011-08-25T00:00:00","slug":"ato-de-lancamento-da-agenda-colombia","status":"publish","type":"post","link":"https:\/\/psol50.org.br\/ato-de-lancamento-da-agenda-colombia\/","title":{"rendered":"ATO DE LAN\u00c7AMENTO DA AGENDA COL\u00d4MBIA"},"content":{"rendered":"<p><em><strong><a rel=\"attachment wp-att-10299\" href=\"http:\/\/psol50.org.br\/blog\/2011\/08\/25\/ato-de-lancamento-da-agenda-colombia\/agendacolombia\/\"><img loading=\"lazy\" decoding=\"async\" class=\"aligncenter size-full wp-image-10299\" src=\"http:\/\/psol50.org.br\/files\/2011\/08\/AgendaCol\u00f4mbia.jpg\" alt=\"\" width=\"400\" height=\"277\" \/><\/a>\u201cA situa\u00e7\u00e3o dos Direitos Humanos na Col\u00f4mbia e a Resist\u00eancia Popular\u201d<\/strong><\/em><\/p>\n<p>Agenda Col\u00f4mbia realizar\u00e1 na pr\u00f3xima sexta-feira, 26 de agosto, uma atividade com o t\u00edtulo \u201cA situa\u00e7\u00e3o dos Direitos Humanos na Col\u00f4mbia e a Resist\u00eancia Popular\u201d. Ser\u00e1 feito o lan\u00e7amento no Brasil e simultaneamente na Col\u00f4mbia desta iniciativa de solidariedade entre os povos que \u00e9 a Agenda Col\u00f4mbia.<\/p>\n<p>O evento contar\u00e1 com duas palestras na Col\u00f4mbia que simultaneamente ser\u00e3o transmitidas por videoconfer\u00eancias para o Brasil. Os palestrantes s\u00e3o: &#8211; O advogado defensor dos direitos humanos doutor Gustavo Gallardo com a confer\u00eancia: \u201cAs atuais condi\u00e7\u00f5es dos direitos humanos na Col\u00f4mbia\u201d; O doutor em filosofia pol\u00edtica S\u00e9rgio Zubir\u00eda Samper, professor da universidade dos Andes da Col\u00f4mbia com a confer\u00eancia: \u201cFormas de resist\u00eancia \u00e0 pol\u00edtica de \u2018seguridad democr\u00e1tica\u2019 e ao modelo neoliberal na Col\u00f4mbia.\u201d<\/p>\n<p>Agenda Col\u00f4mbia \u00e9 um espa\u00e7o social e pol\u00edtico que est\u00e1 sendo organizado em v\u00e1rias capitais do Brasil e concomitantemente na Col\u00f4mbia. Tem por objetivo dar visibilidade \u00e0 realidade colombiana e gerar a\u00e7\u00f5es de solidariedade do povo brasileiro aos movimentos da sociedade civil e organiza\u00e7\u00f5es pol\u00edticas democr\u00e1ticas colombianas. Assim como a defesa dos direitos humanos e pressionar pela sa\u00edda pacifica e negociada ao conflito armado da Col\u00f4mbia.<\/p>\n<p><em><strong>O evento ser\u00e1 realizado simultaneamente nas cidades de Bogot\u00e1, Col\u00f4mbia e em Porto Alegre, Brasil, dia 26, \u00e0s 19 horas do Brasil. O lugar \u00e9 o audit\u00f3rio do CPERS, Avenida Alberto Bins, 480, 9\u00ba andar. A entrada \u00e9 franca.<\/strong><\/em><\/p>\n<p><a href=\"http:\/\/agendacolombiabrasil.blogspot.com\/\"><em><strong>*Fonte: Agenda Col\u00f4mbia <\/strong><\/em><\/a><\/p>\n","protected":false},"excerpt":{"rendered":"<p>\u201cA situa\u00e7\u00e3o dos Direitos Humanos na Col\u00f4mbia e a Resist\u00eancia Popular\u201d Agenda Col\u00f4mbia realizar\u00e1 na pr\u00f3xima sexta-feira, 26 de agosto, uma atividade com o t\u00edtulo \u201cA situa\u00e7\u00e3o dos Direitos Humanos na Col\u00f4mbia e a Resist\u00eancia Popular\u201d. Ser\u00e1 feito o lan\u00e7amento no Brasil e simultaneamente na Col\u00f4mbia desta iniciativa de solidariedade entre os povos que \u00e9 [&hellip;]<\/p>\n","protected":false},"author":2,"featured_media":0,"comment_status":"open","ping_status":"open","sticky":false,"template":"","format":"standard","meta":{"_acf_changed":false,"footnotes":""},"categories":[4766],"tags":[],"class_list":{"0":"post-462","1":"post","2":"type-post","3":"status-publish","4":"format-standard","6":"category-arquivo"},"acf":[],"yoast_head":"<!-- This site is optimized with the Yoast SEO plugin v26.5 - https:\/\/yoast.com\/wordpress\/plugins\/seo\/ -->\n<title>ATO DE LAN\u00c7AMENTO DA AGENDA COL\u00d4MBIA - PSOL 50<\/title>\n<meta name=\"robots\" content=\"index, follow, max-snippet:-1, max-image-preview:large, max-video-preview:-1\" \/>\n<link rel=\"canonical\" href=\"https:\/\/psol50.org.br\/ato-de-lancamento-da-agenda-colombia\/\" \/>\n<meta property=\"og:locale\" content=\"pt_BR\" \/>\n<meta property=\"og:type\" content=\"article\" \/>\n<meta property=\"og:title\" content=\"ATO DE LAN\u00c7AMENTO DA AGENDA COL\u00d4MBIA - PSOL 50\" \/>\n<meta property=\"og:description\" content=\"\u201cA situa\u00e7\u00e3o dos Direitos Humanos na Col\u00f4mbia e a Resist\u00eancia Popular\u201d Agenda Col\u00f4mbia realizar\u00e1 na pr\u00f3xima sexta-feira, 26 de agosto, uma atividade com o t\u00edtulo \u201cA situa\u00e7\u00e3o dos Direitos Humanos na Col\u00f4mbia e a Resist\u00eancia Popular\u201d. Ser\u00e1 feito o lan\u00e7amento no Brasil e simultaneamente na Col\u00f4mbia desta iniciativa de solidariedade entre os povos que \u00e9 [&hellip;]\" \/>\n<meta property=\"og:url\" content=\"https:\/\/psol50.org.br\/ato-de-lancamento-da-agenda-colombia\/\" \/>\n<meta property=\"og:site_name\" content=\"PSOL 50\" \/>\n<meta property=\"article:publisher\" content=\"https:\/\/www.facebook.com\/psol50\" \/>\n<meta property=\"article:published_time\" content=\"2011-08-25T00:00:00+00:00\" \/>\n<meta property=\"og:image\" content=\"http:\/\/psol50.org.br\/files\/2011\/08\/AgendaCol\u00f4mbia.jpg\" \/>\n<meta name=\"author\" content=\"Comunica\u00e7\u00e3o PSOL\" \/>\n<meta name=\"twitter:card\" content=\"summary_large_image\" \/>\n<meta name=\"twitter:creator\" content=\"@psol50\" \/>\n<meta name=\"twitter:site\" content=\"@psol50\" \/>\n<meta name=\"twitter:label1\" content=\"Escrito por\" \/>\n\t<meta name=\"twitter:data1\" content=\"Comunica\u00e7\u00e3o PSOL\" \/>\n\t<meta name=\"twitter:label2\" content=\"Est. tempo de leitura\" \/>\n\t<meta name=\"twitter:data2\" content=\"1 minuto\" \/>\n<script type=\"application\/ld+json\" class=\"yoast-schema-graph\">{\"@context\":\"https:\/\/schema.org\",\"@graph\":[{\"@type\":\"Article\",\"@id\":\"https:\/\/psol50.org.br\/ato-de-lancamento-da-agenda-colombia\/#article\",\"isPartOf\":{\"@id\":\"https:\/\/psol50.org.br\/ato-de-lancamento-da-agenda-colombia\/\"},\"author\":{\"name\":\"Comunica\u00e7\u00e3o PSOL\",\"@id\":\"https:\/\/psol50.org.br\/#\/schema\/person\/475dfa57d0b815993c714c2e96491fcd\"},\"headline\":\"ATO DE LAN\u00c7AMENTO DA AGENDA COL\u00d4MBIA\",\"datePublished\":\"2011-08-25T00:00:00+00:00\",\"mainEntityOfPage\":{\"@id\":\"https:\/\/psol50.org.br\/ato-de-lancamento-da-agenda-colombia\/\"},\"wordCount\":278,\"commentCount\":0,\"publisher\":{\"@id\":\"https:\/\/psol50.org.br\/#organization\"},\"articleSection\":[\"Arquivo\"],\"inLanguage\":\"pt-BR\",\"potentialAction\":[{\"@type\":\"CommentAction\",\"name\":\"Comment\",\"target\":[\"https:\/\/psol50.org.br\/ato-de-lancamento-da-agenda-colombia\/#respond\"]}]},{\"@type\":\"WebPage\",\"@id\":\"https:\/\/psol50.org.br\/ato-de-lancamento-da-agenda-colombia\/\",\"url\":\"https:\/\/psol50.org.br\/ato-de-lancamento-da-agenda-colombia\/\",\"name\":\"ATO DE LAN\u00c7AMENTO DA AGENDA COL\u00d4MBIA - PSOL 50\",\"isPartOf\":{\"@id\":\"https:\/\/psol50.org.br\/#website\"},\"datePublished\":\"2011-08-25T00:00:00+00:00\",\"breadcrumb\":{\"@id\":\"https:\/\/psol50.org.br\/ato-de-lancamento-da-agenda-colombia\/#breadcrumb\"},\"inLanguage\":\"pt-BR\",\"potentialAction\":[{\"@type\":\"ReadAction\",\"target\":[\"https:\/\/psol50.org.br\/ato-de-lancamento-da-agenda-colombia\/\"]}]},{\"@type\":\"BreadcrumbList\",\"@id\":\"https:\/\/psol50.org.br\/ato-de-lancamento-da-agenda-colombia\/#breadcrumb\",\"itemListElement\":[{\"@type\":\"ListItem\",\"position\":1,\"name\":\"In\u00edcio\",\"item\":\"https:\/\/psol50.org.br\/\"},{\"@type\":\"ListItem\",\"position\":2,\"name\":\"ATO DE LAN\u00c7AMENTO DA AGENDA COL\u00d4MBIA\"}]},{\"@type\":\"WebSite\",\"@id\":\"https:\/\/psol50.org.br\/#website\",\"url\":\"https:\/\/psol50.org.br\/\",\"name\":\"PSOL 50\",\"description\":\"Site oficial do Partido Socialismo e Liberdade\",\"publisher\":{\"@id\":\"https:\/\/psol50.org.br\/#organization\"},\"alternateName\":\"PSOL50\",\"potentialAction\":[{\"@type\":\"SearchAction\",\"target\":{\"@type\":\"EntryPoint\",\"urlTemplate\":\"https:\/\/psol50.org.br\/?s={search_term_string}\"},\"query-input\":{\"@type\":\"PropertyValueSpecification\",\"valueRequired\":true,\"valueName\":\"search_term_string\"}}],\"inLanguage\":\"pt-BR\"},{\"@type\":\"Organization\",\"@id\":\"https:\/\/psol50.org.br\/#organization\",\"name\":\"PSOL 50\",\"alternateName\":\"PSOL 50\",\"url\":\"https:\/\/psol50.org.br\/\",\"logo\":{\"@type\":\"ImageObject\",\"inLanguage\":\"pt-BR\",\"@id\":\"https:\/\/psol50.org.br\/#\/schema\/logo\/image\/\",\"url\":\"https:\/\/psol50.org.br\/inc\/uploads\/2018\/07\/capa.png\",\"contentUrl\":\"https:\/\/psol50.org.br\/inc\/uploads\/2018\/07\/capa.png\",\"width\":1350,\"height\":900,\"caption\":\"PSOL 50\"},\"image\":{\"@id\":\"https:\/\/psol50.org.br\/#\/schema\/logo\/image\/\"},\"sameAs\":[\"https:\/\/www.facebook.com\/psol50\",\"https:\/\/x.com\/psol50\",\"https:\/\/www.instagram.com\/psol50\/\",\"https:\/\/www.youtube.com\/channel\/UC7SnJS5o1os7a6CaiNabzcg\"]},{\"@type\":\"Person\",\"@id\":\"https:\/\/psol50.org.br\/#\/schema\/person\/475dfa57d0b815993c714c2e96491fcd\",\"name\":\"Comunica\u00e7\u00e3o PSOL\",\"image\":{\"@type\":\"ImageObject\",\"inLanguage\":\"pt-BR\",\"@id\":\"https:\/\/psol50.org.br\/#\/schema\/person\/image\/\",\"url\":\"https:\/\/secure.gravatar.com\/avatar\/b34fc4f4e468a4e51785917065a3db57b841f5c95dba6ad8c73aaf8f66f8f9bf?s=96&d=mm&r=g\",\"contentUrl\":\"https:\/\/secure.gravatar.com\/avatar\/b34fc4f4e468a4e51785917065a3db57b841f5c95dba6ad8c73aaf8f66f8f9bf?s=96&d=mm&r=g\",\"caption\":\"Comunica\u00e7\u00e3o PSOL\"}}]}<\/script>\n<!-- \/ Yoast SEO plugin. -->","yoast_head_json":{"title":"ATO DE LAN\u00c7AMENTO DA AGENDA COL\u00d4MBIA - PSOL 50","robots":{"index":"index","follow":"follow","max-snippet":"max-snippet:-1","max-image-preview":"max-image-preview:large","max-video-preview":"max-video-preview:-1"},"canonical":"https:\/\/psol50.org.br\/ato-de-lancamento-da-agenda-colombia\/","og_locale":"pt_BR","og_type":"article","og_title":"ATO DE LAN\u00c7AMENTO DA AGENDA COL\u00d4MBIA - PSOL 50","og_description":"\u201cA situa\u00e7\u00e3o dos Direitos Humanos na Col\u00f4mbia e a Resist\u00eancia Popular\u201d Agenda Col\u00f4mbia realizar\u00e1 na pr\u00f3xima sexta-feira, 26 de agosto, uma atividade com o t\u00edtulo \u201cA situa\u00e7\u00e3o dos Direitos Humanos na Col\u00f4mbia e a Resist\u00eancia Popular\u201d. Ser\u00e1 feito o lan\u00e7amento no Brasil e simultaneamente na Col\u00f4mbia desta iniciativa de solidariedade entre os povos que \u00e9 [&hellip;]","og_url":"https:\/\/psol50.org.br\/ato-de-lancamento-da-agenda-colombia\/","og_site_name":"PSOL 50","article_publisher":"https:\/\/www.facebook.com\/psol50","article_published_time":"2011-08-25T00:00:00+00:00","og_image":[{"url":"http:\/\/psol50.org.br\/files\/2011\/08\/AgendaCol\u00f4mbia.jpg","type":"","width":"","height":""}],"author":"Comunica\u00e7\u00e3o PSOL","twitter_card":"summary_large_image","twitter_creator":"@psol50","twitter_site":"@psol50","twitter_misc":{"Escrito por":"Comunica\u00e7\u00e3o PSOL","Est. tempo de leitura":"1 minuto"},"schema":{"@context":"https:\/\/schema.org","@graph":[{"@type":"Article","@id":"https:\/\/psol50.org.br\/ato-de-lancamento-da-agenda-colombia\/#article","isPartOf":{"@id":"https:\/\/psol50.org.br\/ato-de-lancamento-da-agenda-colombia\/"},"author":{"name":"Comunica\u00e7\u00e3o PSOL","@id":"https:\/\/psol50.org.br\/#\/schema\/person\/475dfa57d0b815993c714c2e96491fcd"},"headline":"ATO DE LAN\u00c7AMENTO DA AGENDA COL\u00d4MBIA","datePublished":"2011-08-25T00:00:00+00:00","mainEntityOfPage":{"@id":"https:\/\/psol50.org.br\/ato-de-lancamento-da-agenda-colombia\/"},"wordCount":278,"commentCount":0,"publisher":{"@id":"https:\/\/psol50.org.br\/#organization"},"articleSection":["Arquivo"],"inLanguage":"pt-BR","potentialAction":[{"@type":"CommentAction","name":"Comment","target":["https:\/\/psol50.org.br\/ato-de-lancamento-da-agenda-colombia\/#respond"]}]},{"@type":"WebPage","@id":"https:\/\/psol50.org.br\/ato-de-lancamento-da-agenda-colombia\/","url":"https:\/\/psol50.org.br\/ato-de-lancamento-da-agenda-colombia\/","name":"ATO DE LAN\u00c7AMENTO DA AGENDA COL\u00d4MBIA - PSOL 50","isPartOf":{"@id":"https:\/\/psol50.org.br\/#website"},"datePublished":"2011-08-25T00:00:00+00:00","breadcrumb":{"@id":"https:\/\/psol50.org.br\/ato-de-lancamento-da-agenda-colombia\/#breadcrumb"},"inLanguage":"pt-BR","potentialAction":[{"@type":"ReadAction","target":["https:\/\/psol50.org.br\/ato-de-lancamento-da-agenda-colombia\/"]}]},{"@type":"BreadcrumbList","@id":"https:\/\/psol50.org.br\/ato-de-lancamento-da-agenda-colombia\/#breadcrumb","itemListElement":[{"@type":"ListItem","position":1,"name":"In\u00edcio","item":"https:\/\/psol50.org.br\/"},{"@type":"ListItem","position":2,"name":"ATO DE LAN\u00c7AMENTO DA AGENDA COL\u00d4MBIA"}]},{"@type":"WebSite","@id":"https:\/\/psol50.org.br\/#website","url":"https:\/\/psol50.org.br\/","name":"PSOL 50","description":"Site oficial do Partido Socialismo e Liberdade","publisher":{"@id":"https:\/\/psol50.org.br\/#organization"},"alternateName":"PSOL50","potentialAction":[{"@type":"SearchAction","target":{"@type":"EntryPoint","urlTemplate":"https:\/\/psol50.org.br\/?s={search_term_string}"},"query-input":{"@type":"PropertyValueSpecification","valueRequired":true,"valueName":"search_term_string"}}],"inLanguage":"pt-BR"},{"@type":"Organization","@id":"https:\/\/psol50.org.br\/#organization","name":"PSOL 50","alternateName":"PSOL 50","url":"https:\/\/psol50.org.br\/","logo":{"@type":"ImageObject","inLanguage":"pt-BR","@id":"https:\/\/psol50.org.br\/#\/schema\/logo\/image\/","url":"https:\/\/psol50.org.br\/inc\/uploads\/2018\/07\/capa.png","contentUrl":"https:\/\/psol50.org.br\/inc\/uploads\/2018\/07\/capa.png","width":1350,"height":900,"caption":"PSOL 50"},"image":{"@id":"https:\/\/psol50.org.br\/#\/schema\/logo\/image\/"},"sameAs":["https:\/\/www.facebook.com\/psol50","https:\/\/x.com\/psol50","https:\/\/www.instagram.com\/psol50\/","https:\/\/www.youtube.com\/channel\/UC7SnJS5o1os7a6CaiNabzcg"]},{"@type":"Person","@id":"https:\/\/psol50.org.br\/#\/schema\/person\/475dfa57d0b815993c714c2e96491fcd","name":"Comunica\u00e7\u00e3o PSOL","image":{"@type":"ImageObject","inLanguage":"pt-BR","@id":"https:\/\/psol50.org.br\/#\/schema\/person\/image\/","url":"https:\/\/secure.gravatar.com\/avatar\/b34fc4f4e468a4e51785917065a3db57b841f5c95dba6ad8c73aaf8f66f8f9bf?s=96&d=mm&r=g","contentUrl":"https:\/\/secure.gravatar.com\/avatar\/b34fc4f4e468a4e51785917065a3db57b841f5c95dba6ad8c73aaf8f66f8f9bf?s=96&d=mm&r=g","caption":"Comunica\u00e7\u00e3o PSOL"}}]}},"_links":{"self":[{"href":"https:\/\/psol50.org.br\/rest\/wp\/v2\/posts\/462","targetHints":{"allow":["GET"]}}],"collection":[{"href":"https:\/\/psol50.org.br\/rest\/wp\/v2\/posts"}],"about":[{"href":"https:\/\/psol50.org.br\/rest\/wp\/v2\/types\/post"}],"author":[{"embeddable":true,"href":"https:\/\/psol50.org.br\/rest\/wp\/v2\/users\/2"}],"replies":[{"embeddable":true,"href":"https:\/\/psol50.org.br\/rest\/wp\/v2\/comments?post=462"}],"version-history":[{"count":0,"href":"https:\/\/psol50.org.br\/rest\/wp\/v2\/posts\/462\/revisions"}],"wp:attachment":[{"href":"https:\/\/psol50.org.br\/rest\/wp\/v2\/media?parent=462"}],"wp:term":[{"taxonomy":"category","embeddable":true,"href":"https:\/\/psol50.org.br\/rest\/wp\/v2\/categories?post=462"},{"taxonomy":"post_tag","embeddable":true,"href":"https:\/\/psol50.org.br\/rest\/wp\/v2\/tags?post=462"}],"curies":[{"name":"wp","href":"https:\/\/api.w.org\/{rel}","templated":true}]}}