{"id":465,"date":"2011-08-26T00:00:00","date_gmt":"2011-08-26T00:00:00","guid":{"rendered":"http:\/\/psol50.org.br\/arquivo\/2011\/08\/26\/israel-ataca-faixa-de-gaza-para-encobrir-problemas-internos\/"},"modified":"2011-08-26T00:00:00","modified_gmt":"2011-08-26T00:00:00","slug":"israel-ataca-faixa-de-gaza-para-encobrir-problemas-internos","status":"publish","type":"post","link":"https:\/\/psol50.org.br\/israel-ataca-faixa-de-gaza-para-encobrir-problemas-internos\/","title":{"rendered":"Israel ataca Faixa de Gaza para encobrir problemas internos"},"content":{"rendered":"<p><a href=\"http:\/\/www.brasildefato.com.br\/node\/7307\"><em><strong><a rel=\"attachment wp-att-10361\" href=\"http:\/\/psol50.org.br\/blog\/2011\/08\/26\/israel-ataca-faixa-de-gaza-para-encobrir-problemas-internos\/protestotelaviv\/\"><img loading=\"lazy\" decoding=\"async\" class=\"aligncenter size-full wp-image-10361\" src=\"http:\/\/psol50.org.br\/files\/2011\/08\/ProtestoTelAviv.jpg\" alt=\"\" width=\"400\" height=\"280\" \/><\/a>*Baby Siqueira Abr\u00e3o &#8211; de Ramallah (Palestina)\u00a0 &#8211; Brasil de Fato<\/strong><\/em><\/a><\/p>\n<p>Passava  um pouco do meio-dia da quinta-feira, 18 de agosto. O sol a pino do  ver\u00e3o asi\u00e1tico obrigava os passageiros do \u00f4nibus 392 a aumentar a  pot\u00eancia do ar-condicionado. A maioria era composta por jovens soldados,  que voltavam para casa depois de uma semana de trabalho.<\/p>\n<p>Alguns  dormiam, abra\u00e7ados a suas armas. Com exce\u00e7\u00e3o do calor, nada atrapalhava  o percurso que o motorista Benny Bilefsky, 67, fazia h\u00e1 25 anos na Rota  12. De repente, por\u00e9m, ele avistou um carro estacionado, dentro do qual  pessoas acenavam, pedindo-lhe que parasse. Imaginando um acidente,  Benny diminuiu a velocidade.<\/p>\n<p>Mais adiante, dois  soldados vestindo uniformes do ex\u00e9rcito eg\u00edpcio pareciam consertar a  cerca situada a uns 15 metros da estrada, perto de um posto das For\u00e7as  Armadas do Egito. Benny fez o \u00f4nibus andar ainda mais devagar. E, ent\u00e3o,  foi surpreendido por uma saraivada de balas, que quebraram o vidro  atr\u00e1s de seu assento e feriram dois turistas que viajavam na primeira fi  leira.<\/p>\n<p>Benny abaixou-se, pisou no acelerador e  digitou o n\u00famero 100 no celular, chamando a pol\u00edcia. Parou apenas no  checkpoint de Netafim, mais de uma dezena de quil\u00f4metros \u00e0 frente e a 12  quil\u00f4metros da cidade de Eilat, no sul do Israel. Uma ambul\u00e2ncia os  esperava, para os primeiros-socorros. Trinta e um feridos foram levados  ao hospital.<\/p>\n<p><strong>Responsabiliza\u00e7\u00e3o<\/strong><\/p>\n<p>Um  \u00f4nibus e dois carros que passaram depois do 392 n\u00e3o tiveram a mesma  sorte. O \u00f4nibus explodiu, matando o motorista e um dos soldados com  uniforme eg\u00edpcio. Outros soldados atiraram nos autom\u00f3veis que vinham  logo atr\u00e1s, tirando a vida de dois casais e de um homem.<\/p>\n<p>Nesse  momento, os ve\u00edculos do ex\u00e9rcito e da pol\u00edcia israelense chegaram,  perseguindo os autores do atentado. Cinco foram mortos por eles, outros  tr\u00eas pelos soldados eg\u00edpcios e os demais fugiram. Cinco homens das  for\u00e7as de seguran\u00e7a eg\u00edpcia e um oficial israelense tamb\u00e9m pereceram.<\/p>\n<p>Avisadas  do atentado, as autoridades de Israel culparam o Hamas, a Jihad  Isl\u00e2mica, a Autoridade Nacional Palestina (ANP), a Al-Qaeda e o Egito,  que, argumentaram, perdera o controle sobre a pen\u00ednsula do Sinai depois  da queda do ditador Hosni Mubarak.<\/p>\n<p>Por fi m, a  culpa recaiu sobre o at\u00e9 ent\u00e3o obscuro Comit\u00ea de Resist\u00eancia Popular  (PRC, na sigla em ingl\u00eas), que reuniria v\u00e1rias brigadas armadas da Faixa  de Gaza. Todos os grupos sediados na regi\u00e3o negaram participa\u00e7\u00e3o nos  ataques.  Refor\u00e7ando essa posi\u00e7\u00e3o, observadores da for\u00e7a de paz da ONU  estacionados na fronteira que separa o Egito de Israel testemunharam que  nenhum palestino entrara no Sinai.<\/p>\n<p>Em  contrapartida, soldados de Israel foram vistos atravessando a linha  entre os dois pa\u00edses. Esse detalhe, por\u00e9m, foi deixado de lado. Ningu\u00e9m  em Israel noticiou, ningu\u00e9m comentou. A m\u00eddia tampouco estampou fotos  dos \u201cterroristas\u201d mortos. Os cinco corpos desapareceram como que por  encanto.<\/p>\n<p><strong>Protestos populares<\/strong><\/p>\n<p>\u201cParece  que Deus ama [Benjamin] Netanyahu [primeiro-ministro israelense] e o  establishment militar\u201d, comentou Uri Avnery, ex-membro do grupo  paramilitar sionista Irgun convertido \u00e0 causa do pacifismo, ao lembrar  esse e outros epis\u00f3dios em que atentados serviram como luva aos  prop\u00f3sitos dos governos de Israel.<\/p>\n<p>\u201cO incidente  n\u00e3o apenas varreu os protestos [populares] de cena como tamb\u00e9m p\u00f4s fi m a  qualquer chance s\u00e9ria de tirar bilh\u00f5es do gigantesco or\u00e7amento militar  para refor\u00e7ar os servi\u00e7os sociais. Ao contr\u00e1rio, o evento provou que  precisamos de uma sofisticada cerca eletr\u00f4nica ao longo das 150 milhas  de nossa fronteira com o Sinai. Mais, e n\u00e3o menos, para os militares\u201d,  escreveu ele em sua coluna, no dia 20 de agosto.<\/p>\n<p>Avnery  n\u00e3o foi o \u00fanico a relacionar os ataques \u00e0 necessidade de o governo  sionista sair do sufoco em que os \u201cindignados\u201d de Israel, ao exigirem  \u201cjusti\u00e7a social\u201d nas ruas de todo o pa\u00eds, haviam colocado Netanyahu e  seus pares. De acordo com algumas an\u00e1lises, o governo n\u00e3o sabia mais o  que fazer para conter os manifestantes, a queda de popularidade do  primeiro-ministro e o grito das ruas que pedia, e pede, sua ren\u00fancia.<\/p>\n<p>O  atentado o redimiu. Netanyahu voltou a ocupar as primeiras p\u00e1ginas dos  notici\u00e1rios n\u00e3o mais como o pol\u00edtico com a cabe\u00e7a a pr\u00eamio, mas como o  l\u00edder tempestuoso que sempre foi. \u201cIsso \u00e9 apenas o come\u00e7o\u201d, vociferou  depois de uma noite inteira em que ca\u00e7as F-16 e helic\u00f3pteros Apache  sobrevoaram e bombardearam a Faixa de Gaza, matando, segundo o ex\u00e9rcito,  seis \u201cterroristas\u201d do PRC. Entre eles, uma crian\u00e7a de dois anos.<\/p>\n<p>\u201c<strong>Ataques premeditados\u201d<\/strong><\/p>\n<p>Segundo  levantamento do Centro Al-Mezan para os Direitos Humanos, de Gaza,  outras duas crian\u00e7as e mais seis adultos morreram em consequ\u00eancia dos  ataques israelenses. At\u00e9 20 de agosto, 13 incurs\u00f5es a\u00e9reas das for\u00e7as  armadas sionistas haviam deixado 15 mortos e 44 feridos, incluindo oito  crian\u00e7as e duas mulheres.<\/p>\n<p>\u201cForam ataques  premeditados contra civis e objetos civis\u201d, alertou um dos comunicados  do Al-Mezan. O relat\u00f3rio do centro, que informa os nomes das v\u00edtimas  fatais e dos feridos, inclui ataques a grupos de civis nas ruas, a  motocicletas, carros, armaz\u00e9ns e planta\u00e7\u00f5es. Casas, sedes de ongs e  \u00f3rg\u00e3os da prefeitura, al\u00e9m de uma esta\u00e7\u00e3o de tratamento de esgoto, foram  destru\u00eddas. A rede de energia el\u00e9trica ficou seriamente danificada.<\/p>\n<p>Para  o Al-Mezan, Israel praticou \u201cexecu\u00e7\u00f5es sum\u00e1rias, extrajudiciais e  arbitr\u00e1rias\u201d, em desrespeito \u00e0s leis internacionais e \u00e0 Quarta Conven\u00e7\u00e3o  de Genebra. Em resposta \u00e0 viol\u00eancia do ex\u00e9rcito sionista, dezenas de  foguetes Qassam foram atirados em localidades do sul israelense por  brigadas de Gaza, deixando uma pessoa morta e dezenas de feridos.<\/p>\n<p>A  menos de um m\u00eas da Assembleia Geral da ONU que votar\u00e1 o reconhecimento e  o status do Estado da Palestina, e com pesadas cr\u00edticas da Autoridade  Palestina, da Liga \u00c1rabe, de associa\u00e7\u00f5es internacionais de direitos  humanos e de v\u00e1rios pa\u00edses, o governo israelense voltou atr\u00e1s. A  \u201cresposta inicial\u201d de Netanyahu n\u00e3o foi adiante. Um ataque longo e  pesado a Gaza, agora, daria ainda mais votos \u00e0 Palestina na ONU, em  setembro.<\/p>\n<p><strong>Negocia\u00e7\u00e3o<\/strong><\/p>\n<p>Outro  problema, o do Sinai, tamb\u00e9m n\u00e3o avan\u00e7ou. Autoridades israelenses  aproveitaram o atentado na Rota 12 para criticar o Egito, que teria  abandonado a seguran\u00e7a da regi\u00e3o depois da queda de Mubarak.  Comentaristas pol\u00edticos e o Egito viram nessas cr\u00edticas o desejo  sionista de ocupar mais uma vez a pen\u00ednsula do Sinai. O governo eg\u00edpcio  agiu r\u00e1pido. Primeiro, exigiu retrata\u00e7\u00e3o de Israel pela morte de seus  soldados na zona fronteiri\u00e7a. Depois, enviou milhares de homens,  armamentos e tanques ao norte do Sinai. Um oficial graduado da defesa de  Israel viajou para o Cairo a fi m de resolver a querela no campo  diplom\u00e1tico.<\/p>\n<p>Como se v\u00ea, a situa\u00e7\u00e3o evoluiu de  maneira inesperada e insatisfat\u00f3ria para o governo israelense. Isso o  obrigou a negociar mais uma vez com o Hamas, grupo isl\u00e2mico palestino de  resist\u00eancia \u00e0 ocupa\u00e7\u00e3o e partido pol\u00edtico classificados pelos  israelenses de \u201cterrorista\u201d. Sob as b\u00ean\u00e7\u00e3os do governo eg\u00edpcio e com o  apoio da ONU, o governo de Israel e membros do Hamas negociavam, at\u00e9 o  fechamento desta edi\u00e7\u00e3o, no dia 22, uma tr\u00e9gua nos ataques.<\/p>\n<p>Enquanto  a tr\u00e9gua n\u00e3o \u00e9 anunciada oficialmente, foguetes continuam a cair em  Israel e a popula\u00e7\u00e3o de Gaza continua a sofrer com pesados ataques. Ao  contr\u00e1rio do que previu Avnery, parece que Deus n\u00e3o ama Netanyahu tanto  assim. Ele foi obrigado a pedir \u00e0s for\u00e7as de defesa que mirassem apenas  em alvos militares, e n\u00e3o mais em alvos civis, nos ataques a Gaza.<\/p>\n<p>E  suas declara\u00e7\u00f5es deixam pouco a pouco os notici\u00e1rios, abrindo espa\u00e7o  para a queda de Kadafi na L\u00edbia e para os indignados israelenses, que  esperam pacientemente a hora de recolocar suas demandas na mesa. Entre  elas, a ren\u00fancia do primeiro-ministro.<\/p>\n<p><a href=\"http:\/\/www.brasildefato.com.br\/node\/7307\"><em><strong>*Fonte: Brasil de Fato<\/strong><\/em><\/a><\/p>\n","protected":false},"excerpt":{"rendered":"<p>*Baby Siqueira Abr\u00e3o &#8211; de Ramallah (Palestina)\u00a0 &#8211; Brasil de Fato Passava um pouco do meio-dia da quinta-feira, 18 de agosto. O sol a pino do ver\u00e3o asi\u00e1tico obrigava os passageiros do \u00f4nibus 392 a aumentar a pot\u00eancia do ar-condicionado. A maioria era composta por jovens soldados, que voltavam para casa depois de uma semana [&hellip;]<\/p>\n","protected":false},"author":2,"featured_media":0,"comment_status":"open","ping_status":"open","sticky":false,"template":"","format":"standard","meta":{"_acf_changed":false,"footnotes":""},"categories":[4766],"tags":[],"class_list":{"0":"post-465","1":"post","2":"type-post","3":"status-publish","4":"format-standard","6":"category-arquivo"},"acf":[],"yoast_head":"<!-- This site is optimized with the Yoast SEO plugin v26.5 - https:\/\/yoast.com\/wordpress\/plugins\/seo\/ -->\n<title>Israel ataca Faixa de Gaza para encobrir problemas internos - PSOL 50<\/title>\n<meta name=\"robots\" content=\"index, follow, max-snippet:-1, max-image-preview:large, max-video-preview:-1\" \/>\n<link rel=\"canonical\" href=\"https:\/\/psol50.org.br\/israel-ataca-faixa-de-gaza-para-encobrir-problemas-internos\/\" \/>\n<meta property=\"og:locale\" content=\"pt_BR\" \/>\n<meta property=\"og:type\" content=\"article\" \/>\n<meta property=\"og:title\" content=\"Israel ataca Faixa de Gaza para encobrir problemas internos - PSOL 50\" \/>\n<meta property=\"og:description\" content=\"*Baby Siqueira Abr\u00e3o &#8211; de Ramallah (Palestina)\u00a0 &#8211; Brasil de Fato Passava um pouco do meio-dia da quinta-feira, 18 de agosto. O sol a pino do ver\u00e3o asi\u00e1tico obrigava os passageiros do \u00f4nibus 392 a aumentar a pot\u00eancia do ar-condicionado. A maioria era composta por jovens soldados, que voltavam para casa depois de uma semana [&hellip;]\" \/>\n<meta property=\"og:url\" content=\"https:\/\/psol50.org.br\/israel-ataca-faixa-de-gaza-para-encobrir-problemas-internos\/\" \/>\n<meta property=\"og:site_name\" content=\"PSOL 50\" \/>\n<meta property=\"article:publisher\" content=\"https:\/\/www.facebook.com\/psol50\" \/>\n<meta property=\"article:published_time\" content=\"2011-08-26T00:00:00+00:00\" \/>\n<meta property=\"og:image\" content=\"http:\/\/psol50.org.br\/files\/2011\/08\/ProtestoTelAviv.jpg\" \/>\n<meta name=\"author\" content=\"Comunica\u00e7\u00e3o PSOL\" \/>\n<meta name=\"twitter:card\" content=\"summary_large_image\" \/>\n<meta name=\"twitter:creator\" content=\"@psol50\" \/>\n<meta name=\"twitter:site\" content=\"@psol50\" \/>\n<meta name=\"twitter:label1\" content=\"Escrito por\" \/>\n\t<meta name=\"twitter:data1\" content=\"Comunica\u00e7\u00e3o PSOL\" \/>\n\t<meta name=\"twitter:label2\" content=\"Est. tempo de leitura\" \/>\n\t<meta name=\"twitter:data2\" content=\"7 minutos\" \/>\n<script type=\"application\/ld+json\" class=\"yoast-schema-graph\">{\"@context\":\"https:\/\/schema.org\",\"@graph\":[{\"@type\":\"Article\",\"@id\":\"https:\/\/psol50.org.br\/israel-ataca-faixa-de-gaza-para-encobrir-problemas-internos\/#article\",\"isPartOf\":{\"@id\":\"https:\/\/psol50.org.br\/israel-ataca-faixa-de-gaza-para-encobrir-problemas-internos\/\"},\"author\":{\"name\":\"Comunica\u00e7\u00e3o PSOL\",\"@id\":\"https:\/\/psol50.org.br\/#\/schema\/person\/475dfa57d0b815993c714c2e96491fcd\"},\"headline\":\"Israel ataca Faixa de Gaza para encobrir problemas internos\",\"datePublished\":\"2011-08-26T00:00:00+00:00\",\"mainEntityOfPage\":{\"@id\":\"https:\/\/psol50.org.br\/israel-ataca-faixa-de-gaza-para-encobrir-problemas-internos\/\"},\"wordCount\":1380,\"commentCount\":0,\"publisher\":{\"@id\":\"https:\/\/psol50.org.br\/#organization\"},\"image\":{\"@id\":\"https:\/\/psol50.org.br\/israel-ataca-faixa-de-gaza-para-encobrir-problemas-internos\/#primaryimage\"},\"thumbnailUrl\":\"http:\/\/psol50.org.br\/files\/2011\/08\/ProtestoTelAviv.jpg\",\"articleSection\":[\"Arquivo\"],\"inLanguage\":\"pt-BR\",\"potentialAction\":[{\"@type\":\"CommentAction\",\"name\":\"Comment\",\"target\":[\"https:\/\/psol50.org.br\/israel-ataca-faixa-de-gaza-para-encobrir-problemas-internos\/#respond\"]}]},{\"@type\":\"WebPage\",\"@id\":\"https:\/\/psol50.org.br\/israel-ataca-faixa-de-gaza-para-encobrir-problemas-internos\/\",\"url\":\"https:\/\/psol50.org.br\/israel-ataca-faixa-de-gaza-para-encobrir-problemas-internos\/\",\"name\":\"Israel ataca Faixa de Gaza para encobrir problemas internos - PSOL 50\",\"isPartOf\":{\"@id\":\"https:\/\/psol50.org.br\/#website\"},\"primaryImageOfPage\":{\"@id\":\"https:\/\/psol50.org.br\/israel-ataca-faixa-de-gaza-para-encobrir-problemas-internos\/#primaryimage\"},\"image\":{\"@id\":\"https:\/\/psol50.org.br\/israel-ataca-faixa-de-gaza-para-encobrir-problemas-internos\/#primaryimage\"},\"thumbnailUrl\":\"http:\/\/psol50.org.br\/files\/2011\/08\/ProtestoTelAviv.jpg\",\"datePublished\":\"2011-08-26T00:00:00+00:00\",\"breadcrumb\":{\"@id\":\"https:\/\/psol50.org.br\/israel-ataca-faixa-de-gaza-para-encobrir-problemas-internos\/#breadcrumb\"},\"inLanguage\":\"pt-BR\",\"potentialAction\":[{\"@type\":\"ReadAction\",\"target\":[\"https:\/\/psol50.org.br\/israel-ataca-faixa-de-gaza-para-encobrir-problemas-internos\/\"]}]},{\"@type\":\"ImageObject\",\"inLanguage\":\"pt-BR\",\"@id\":\"https:\/\/psol50.org.br\/israel-ataca-faixa-de-gaza-para-encobrir-problemas-internos\/#primaryimage\",\"url\":\"http:\/\/psol50.org.br\/files\/2011\/08\/ProtestoTelAviv.jpg\",\"contentUrl\":\"http:\/\/psol50.org.br\/files\/2011\/08\/ProtestoTelAviv.jpg\"},{\"@type\":\"BreadcrumbList\",\"@id\":\"https:\/\/psol50.org.br\/israel-ataca-faixa-de-gaza-para-encobrir-problemas-internos\/#breadcrumb\",\"itemListElement\":[{\"@type\":\"ListItem\",\"position\":1,\"name\":\"In\u00edcio\",\"item\":\"https:\/\/psol50.org.br\/\"},{\"@type\":\"ListItem\",\"position\":2,\"name\":\"Israel ataca Faixa de Gaza para encobrir problemas internos\"}]},{\"@type\":\"WebSite\",\"@id\":\"https:\/\/psol50.org.br\/#website\",\"url\":\"https:\/\/psol50.org.br\/\",\"name\":\"PSOL 50\",\"description\":\"Site oficial do Partido Socialismo e Liberdade\",\"publisher\":{\"@id\":\"https:\/\/psol50.org.br\/#organization\"},\"alternateName\":\"PSOL50\",\"potentialAction\":[{\"@type\":\"SearchAction\",\"target\":{\"@type\":\"EntryPoint\",\"urlTemplate\":\"https:\/\/psol50.org.br\/?s={search_term_string}\"},\"query-input\":{\"@type\":\"PropertyValueSpecification\",\"valueRequired\":true,\"valueName\":\"search_term_string\"}}],\"inLanguage\":\"pt-BR\"},{\"@type\":\"Organization\",\"@id\":\"https:\/\/psol50.org.br\/#organization\",\"name\":\"PSOL 50\",\"alternateName\":\"PSOL 50\",\"url\":\"https:\/\/psol50.org.br\/\",\"logo\":{\"@type\":\"ImageObject\",\"inLanguage\":\"pt-BR\",\"@id\":\"https:\/\/psol50.org.br\/#\/schema\/logo\/image\/\",\"url\":\"https:\/\/psol50.org.br\/inc\/uploads\/2018\/07\/capa.png\",\"contentUrl\":\"https:\/\/psol50.org.br\/inc\/uploads\/2018\/07\/capa.png\",\"width\":1350,\"height\":900,\"caption\":\"PSOL 50\"},\"image\":{\"@id\":\"https:\/\/psol50.org.br\/#\/schema\/logo\/image\/\"},\"sameAs\":[\"https:\/\/www.facebook.com\/psol50\",\"https:\/\/x.com\/psol50\",\"https:\/\/www.instagram.com\/psol50\/\",\"https:\/\/www.youtube.com\/channel\/UC7SnJS5o1os7a6CaiNabzcg\"]},{\"@type\":\"Person\",\"@id\":\"https:\/\/psol50.org.br\/#\/schema\/person\/475dfa57d0b815993c714c2e96491fcd\",\"name\":\"Comunica\u00e7\u00e3o PSOL\",\"image\":{\"@type\":\"ImageObject\",\"inLanguage\":\"pt-BR\",\"@id\":\"https:\/\/psol50.org.br\/#\/schema\/person\/image\/\",\"url\":\"https:\/\/secure.gravatar.com\/avatar\/b34fc4f4e468a4e51785917065a3db57b841f5c95dba6ad8c73aaf8f66f8f9bf?s=96&d=mm&r=g\",\"contentUrl\":\"https:\/\/secure.gravatar.com\/avatar\/b34fc4f4e468a4e51785917065a3db57b841f5c95dba6ad8c73aaf8f66f8f9bf?s=96&d=mm&r=g\",\"caption\":\"Comunica\u00e7\u00e3o PSOL\"}}]}<\/script>\n<!-- \/ Yoast SEO plugin. -->","yoast_head_json":{"title":"Israel ataca Faixa de Gaza para encobrir problemas internos - PSOL 50","robots":{"index":"index","follow":"follow","max-snippet":"max-snippet:-1","max-image-preview":"max-image-preview:large","max-video-preview":"max-video-preview:-1"},"canonical":"https:\/\/psol50.org.br\/israel-ataca-faixa-de-gaza-para-encobrir-problemas-internos\/","og_locale":"pt_BR","og_type":"article","og_title":"Israel ataca Faixa de Gaza para encobrir problemas internos - PSOL 50","og_description":"*Baby Siqueira Abr\u00e3o &#8211; de Ramallah (Palestina)\u00a0 &#8211; Brasil de Fato Passava um pouco do meio-dia da quinta-feira, 18 de agosto. O sol a pino do ver\u00e3o asi\u00e1tico obrigava os passageiros do \u00f4nibus 392 a aumentar a pot\u00eancia do ar-condicionado. A maioria era composta por jovens soldados, que voltavam para casa depois de uma semana [&hellip;]","og_url":"https:\/\/psol50.org.br\/israel-ataca-faixa-de-gaza-para-encobrir-problemas-internos\/","og_site_name":"PSOL 50","article_publisher":"https:\/\/www.facebook.com\/psol50","article_published_time":"2011-08-26T00:00:00+00:00","og_image":[{"url":"http:\/\/psol50.org.br\/files\/2011\/08\/ProtestoTelAviv.jpg","type":"","width":"","height":""}],"author":"Comunica\u00e7\u00e3o PSOL","twitter_card":"summary_large_image","twitter_creator":"@psol50","twitter_site":"@psol50","twitter_misc":{"Escrito por":"Comunica\u00e7\u00e3o PSOL","Est. tempo de leitura":"7 minutos"},"schema":{"@context":"https:\/\/schema.org","@graph":[{"@type":"Article","@id":"https:\/\/psol50.org.br\/israel-ataca-faixa-de-gaza-para-encobrir-problemas-internos\/#article","isPartOf":{"@id":"https:\/\/psol50.org.br\/israel-ataca-faixa-de-gaza-para-encobrir-problemas-internos\/"},"author":{"name":"Comunica\u00e7\u00e3o PSOL","@id":"https:\/\/psol50.org.br\/#\/schema\/person\/475dfa57d0b815993c714c2e96491fcd"},"headline":"Israel ataca Faixa de Gaza para encobrir problemas internos","datePublished":"2011-08-26T00:00:00+00:00","mainEntityOfPage":{"@id":"https:\/\/psol50.org.br\/israel-ataca-faixa-de-gaza-para-encobrir-problemas-internos\/"},"wordCount":1380,"commentCount":0,"publisher":{"@id":"https:\/\/psol50.org.br\/#organization"},"image":{"@id":"https:\/\/psol50.org.br\/israel-ataca-faixa-de-gaza-para-encobrir-problemas-internos\/#primaryimage"},"thumbnailUrl":"http:\/\/psol50.org.br\/files\/2011\/08\/ProtestoTelAviv.jpg","articleSection":["Arquivo"],"inLanguage":"pt-BR","potentialAction":[{"@type":"CommentAction","name":"Comment","target":["https:\/\/psol50.org.br\/israel-ataca-faixa-de-gaza-para-encobrir-problemas-internos\/#respond"]}]},{"@type":"WebPage","@id":"https:\/\/psol50.org.br\/israel-ataca-faixa-de-gaza-para-encobrir-problemas-internos\/","url":"https:\/\/psol50.org.br\/israel-ataca-faixa-de-gaza-para-encobrir-problemas-internos\/","name":"Israel ataca Faixa de Gaza para encobrir problemas internos - PSOL 50","isPartOf":{"@id":"https:\/\/psol50.org.br\/#website"},"primaryImageOfPage":{"@id":"https:\/\/psol50.org.br\/israel-ataca-faixa-de-gaza-para-encobrir-problemas-internos\/#primaryimage"},"image":{"@id":"https:\/\/psol50.org.br\/israel-ataca-faixa-de-gaza-para-encobrir-problemas-internos\/#primaryimage"},"thumbnailUrl":"http:\/\/psol50.org.br\/files\/2011\/08\/ProtestoTelAviv.jpg","datePublished":"2011-08-26T00:00:00+00:00","breadcrumb":{"@id":"https:\/\/psol50.org.br\/israel-ataca-faixa-de-gaza-para-encobrir-problemas-internos\/#breadcrumb"},"inLanguage":"pt-BR","potentialAction":[{"@type":"ReadAction","target":["https:\/\/psol50.org.br\/israel-ataca-faixa-de-gaza-para-encobrir-problemas-internos\/"]}]},{"@type":"ImageObject","inLanguage":"pt-BR","@id":"https:\/\/psol50.org.br\/israel-ataca-faixa-de-gaza-para-encobrir-problemas-internos\/#primaryimage","url":"http:\/\/psol50.org.br\/files\/2011\/08\/ProtestoTelAviv.jpg","contentUrl":"http:\/\/psol50.org.br\/files\/2011\/08\/ProtestoTelAviv.jpg"},{"@type":"BreadcrumbList","@id":"https:\/\/psol50.org.br\/israel-ataca-faixa-de-gaza-para-encobrir-problemas-internos\/#breadcrumb","itemListElement":[{"@type":"ListItem","position":1,"name":"In\u00edcio","item":"https:\/\/psol50.org.br\/"},{"@type":"ListItem","position":2,"name":"Israel ataca Faixa de Gaza para encobrir problemas internos"}]},{"@type":"WebSite","@id":"https:\/\/psol50.org.br\/#website","url":"https:\/\/psol50.org.br\/","name":"PSOL 50","description":"Site oficial do Partido Socialismo e Liberdade","publisher":{"@id":"https:\/\/psol50.org.br\/#organization"},"alternateName":"PSOL50","potentialAction":[{"@type":"SearchAction","target":{"@type":"EntryPoint","urlTemplate":"https:\/\/psol50.org.br\/?s={search_term_string}"},"query-input":{"@type":"PropertyValueSpecification","valueRequired":true,"valueName":"search_term_string"}}],"inLanguage":"pt-BR"},{"@type":"Organization","@id":"https:\/\/psol50.org.br\/#organization","name":"PSOL 50","alternateName":"PSOL 50","url":"https:\/\/psol50.org.br\/","logo":{"@type":"ImageObject","inLanguage":"pt-BR","@id":"https:\/\/psol50.org.br\/#\/schema\/logo\/image\/","url":"https:\/\/psol50.org.br\/inc\/uploads\/2018\/07\/capa.png","contentUrl":"https:\/\/psol50.org.br\/inc\/uploads\/2018\/07\/capa.png","width":1350,"height":900,"caption":"PSOL 50"},"image":{"@id":"https:\/\/psol50.org.br\/#\/schema\/logo\/image\/"},"sameAs":["https:\/\/www.facebook.com\/psol50","https:\/\/x.com\/psol50","https:\/\/www.instagram.com\/psol50\/","https:\/\/www.youtube.com\/channel\/UC7SnJS5o1os7a6CaiNabzcg"]},{"@type":"Person","@id":"https:\/\/psol50.org.br\/#\/schema\/person\/475dfa57d0b815993c714c2e96491fcd","name":"Comunica\u00e7\u00e3o PSOL","image":{"@type":"ImageObject","inLanguage":"pt-BR","@id":"https:\/\/psol50.org.br\/#\/schema\/person\/image\/","url":"https:\/\/secure.gravatar.com\/avatar\/b34fc4f4e468a4e51785917065a3db57b841f5c95dba6ad8c73aaf8f66f8f9bf?s=96&d=mm&r=g","contentUrl":"https:\/\/secure.gravatar.com\/avatar\/b34fc4f4e468a4e51785917065a3db57b841f5c95dba6ad8c73aaf8f66f8f9bf?s=96&d=mm&r=g","caption":"Comunica\u00e7\u00e3o PSOL"}}]}},"_links":{"self":[{"href":"https:\/\/psol50.org.br\/rest\/wp\/v2\/posts\/465","targetHints":{"allow":["GET"]}}],"collection":[{"href":"https:\/\/psol50.org.br\/rest\/wp\/v2\/posts"}],"about":[{"href":"https:\/\/psol50.org.br\/rest\/wp\/v2\/types\/post"}],"author":[{"embeddable":true,"href":"https:\/\/psol50.org.br\/rest\/wp\/v2\/users\/2"}],"replies":[{"embeddable":true,"href":"https:\/\/psol50.org.br\/rest\/wp\/v2\/comments?post=465"}],"version-history":[{"count":0,"href":"https:\/\/psol50.org.br\/rest\/wp\/v2\/posts\/465\/revisions"}],"wp:attachment":[{"href":"https:\/\/psol50.org.br\/rest\/wp\/v2\/media?parent=465"}],"wp:term":[{"taxonomy":"category","embeddable":true,"href":"https:\/\/psol50.org.br\/rest\/wp\/v2\/categories?post=465"},{"taxonomy":"post_tag","embeddable":true,"href":"https:\/\/psol50.org.br\/rest\/wp\/v2\/tags?post=465"}],"curies":[{"name":"wp","href":"https:\/\/api.w.org\/{rel}","templated":true}]}}