{"id":466,"date":"2011-08-26T00:00:00","date_gmt":"2011-08-26T00:00:00","guid":{"rendered":"http:\/\/psol50.org.br\/arquivo\/2011\/08\/26\/cuba-lista-espuria-publicada-pelos-eua\/"},"modified":"2011-08-26T00:00:00","modified_gmt":"2011-08-26T00:00:00","slug":"cuba-lista-espuria-publicada-pelos-eua","status":"publish","type":"post","link":"https:\/\/psol50.org.br\/cuba-lista-espuria-publicada-pelos-eua\/","title":{"rendered":"Cuba: \u2018Lista esp\u00faria&#8217; publicada pelos EUA"},"content":{"rendered":"<div>\n<p><a href=\"http:\/\/www.adital.com.br\/site\/noticia.asp?lang=PT&amp;langref=PT&amp;cod=59614\"><strong>Tradu\u00e7\u00e3o: ADITA<\/strong><\/a>L<\/p>\n<p><strong>Declara\u00e7\u00e3o do Minist\u00e9rio de Rela\u00e7\u00f5es Exteriores da Rep\u00fablica de Cuba<\/strong><\/p>\n<p>No dia 18 de agosto, o Departamento de Estado incluiu Cuba, por  trig\u00e9sima vez, na esp\u00faria lista de &#8220;Estados patrocinadores do terrorismo  internacional\u201d, com o \u00fanico prop\u00f3sito de desacreditar nosso pa\u00eds e  continuar justificando a pol\u00edtica cruel e repudiada de bloqueio contra  Cuba.<\/p>\n<p>O governo dos Estados Unidos, que, historicamente, tem praticado o  terrorismo de Estado, as execu\u00e7\u00f5es extrajudiciais, os sequestros de  pessoas, os assassinatos com avi\u00f5es n\u00e3o tripulados, a tortura e as  deten\u00e7\u00f5es ilegais; que tem estabelecido c\u00e1rceres secretas; que \u00e9  respons\u00e1vel pela morte de centenas de milhares de civis inocentes como  resultado de suas guerras de ocupa\u00e7\u00e3o e conquista no Iraque e no  Afeganist\u00e3o; que bombardeia sistematicamente a Estados soberanos, como a  L\u00edbia, n\u00e3o tem a mais m\u00ednima moral nem direito algum de julgar Cuba,  que tem uma trajet\u00f3ria irrepreens\u00edvel na luta contra o terrorismo e que  tem sido, al\u00e9m disso, sistematicamente v\u00edtima desse flagelo.<\/p>\n<p>O governo dos Estados Unidos atua como se n\u00e3o houvesse amparado de  maneira permanente ao criminoso confesso Luis Posada Carriles, a quem  n\u00e3o quis julgar por cargos de terrorismo, apesar de contar com bastante  provas. Posada Carriles, juntamente com Orlando Bosch \u00c1vila, que foi  beneficiado por um perd\u00e3o presidencial de George Bush pai, \u00e9 autor do  horrendo atentado contra um avi\u00e3o civil cubano em pleno voo, que custou a  vida de 73 pessoas inocentes. Tamb\u00e9m \u00e9 respons\u00e1vel direto pela morte do  turista italiano Fabio Di Celmo durante os atentados com bombas em  instala\u00e7\u00f5es tur\u00edsticas cubanas, em1997. Hoje, Posada Carriles, passeia  livre e impunimente pelas ruas de Miami, ap\u00f3s ter sido absolvido em uma  farsa judicial, em El Paso, Texas.<\/p>\n<p>Ao mesmo tempo, com prova irrefut\u00e1vel, o governo norte-americano  mant\u00e9m em injusta pris\u00e3o e castiga aos nossos cinco lutadores  antiterroristas, por preservar a vida de cidad\u00e3os cubanos,  norte-americanos e de outros pa\u00edses.<\/p>\n<p>3.478 cubanos morreram e outros 2.099 ficaram mutilados como  resultado de a\u00e7\u00f5es terroristas organizadas, financiadas e executadas a  partir do territ\u00f3rio norte-americano, em muitos casos, com a pr\u00f3pria  cumplicidade do governo dos Estados Unidos.<\/p>\n<p>A manipula\u00e7\u00e3o pol\u00edtica de um tema t\u00e3o sens\u00edvel, como a luta contra o  terrorismo, ofende tamb\u00e9m a mem\u00f3ria das v\u00edtimas dos criminosos atos de  11 de setembro de 2001, fato que suscitou a solidariedade e o  oferecimento de ajuda incondicional de nosso governo e povo.<\/p>\n<p>Cuba exige ao governo dos Estados Unidos que castigue aos verdadeiros  terroristas que hoje residem em territ\u00f3rio norte-americano; liberte aos  Cinco Herois e ponha fim \u00e0 pol\u00edtica de bloqueio e hostilidade contra  nosso pa\u00eds, que atenta contra os interesses leg\u00edtimos de ambos os povos.<\/p>\n<p><img decoding=\"async\" src=\"http:\/\/www.adital.com.br\/arquivos\/2011\/08\/20110825_mre1.jpg\" alt=\"\" align=\"bottom\" \/><br \/>\nOutdoor em uma rua de Havana que recorda que Estados<br \/>\nUnidos mant\u00e9m livre em Miami ao terrorista Luis Posada<br \/>\nCarriles, respons\u00e1vel pela explos\u00e3o de um avi\u00e3o civil cubano<br \/>\nque custou a vida de 73 pessoas.<br \/>\nPosada Carriles tem um julgamento pendente na Venezuela.<\/p>\n<p>Havana, 19 de agosto de 2011.<\/p>\n<\/div>\n","protected":false},"excerpt":{"rendered":"<p>Tradu\u00e7\u00e3o: ADITAL Declara\u00e7\u00e3o do Minist\u00e9rio de Rela\u00e7\u00f5es Exteriores da Rep\u00fablica de Cuba No dia 18 de agosto, o Departamento de Estado incluiu Cuba, por trig\u00e9sima vez, na esp\u00faria lista de &#8220;Estados patrocinadores do terrorismo internacional\u201d, com o \u00fanico prop\u00f3sito de desacreditar nosso pa\u00eds e continuar justificando a pol\u00edtica cruel e repudiada de bloqueio contra Cuba. [&hellip;]<\/p>\n","protected":false},"author":2,"featured_media":0,"comment_status":"open","ping_status":"open","sticky":false,"template":"","format":"standard","meta":{"_acf_changed":false,"footnotes":""},"categories":[4766],"tags":[],"class_list":{"0":"post-466","1":"post","2":"type-post","3":"status-publish","4":"format-standard","6":"category-arquivo"},"acf":[],"yoast_head":"<!-- This site is optimized with the Yoast SEO plugin v26.5 - https:\/\/yoast.com\/wordpress\/plugins\/seo\/ -->\n<title>Cuba: \u2018Lista esp\u00faria&#039; publicada pelos EUA - PSOL 50<\/title>\n<meta name=\"robots\" content=\"index, follow, max-snippet:-1, max-image-preview:large, max-video-preview:-1\" \/>\n<link rel=\"canonical\" href=\"https:\/\/psol50.org.br\/cuba-lista-espuria-publicada-pelos-eua\/\" \/>\n<meta property=\"og:locale\" content=\"pt_BR\" \/>\n<meta property=\"og:type\" content=\"article\" \/>\n<meta property=\"og:title\" content=\"Cuba: \u2018Lista esp\u00faria&#039; publicada pelos EUA - PSOL 50\" \/>\n<meta property=\"og:description\" content=\"Tradu\u00e7\u00e3o: ADITAL Declara\u00e7\u00e3o do Minist\u00e9rio de Rela\u00e7\u00f5es Exteriores da Rep\u00fablica de Cuba No dia 18 de agosto, o Departamento de Estado incluiu Cuba, por trig\u00e9sima vez, na esp\u00faria lista de &#8220;Estados patrocinadores do terrorismo internacional\u201d, com o \u00fanico prop\u00f3sito de desacreditar nosso pa\u00eds e continuar justificando a pol\u00edtica cruel e repudiada de bloqueio contra Cuba. [&hellip;]\" \/>\n<meta property=\"og:url\" content=\"https:\/\/psol50.org.br\/cuba-lista-espuria-publicada-pelos-eua\/\" \/>\n<meta property=\"og:site_name\" content=\"PSOL 50\" \/>\n<meta property=\"article:publisher\" content=\"https:\/\/www.facebook.com\/psol50\" \/>\n<meta property=\"article:published_time\" content=\"2011-08-26T00:00:00+00:00\" \/>\n<meta property=\"og:image\" content=\"http:\/\/www.adital.com.br\/arquivos\/2011\/08\/20110825_mre1.jpg\" \/>\n<meta name=\"author\" content=\"Comunica\u00e7\u00e3o PSOL\" \/>\n<meta name=\"twitter:card\" content=\"summary_large_image\" \/>\n<meta name=\"twitter:creator\" content=\"@psol50\" \/>\n<meta name=\"twitter:site\" content=\"@psol50\" \/>\n<meta name=\"twitter:label1\" content=\"Escrito por\" \/>\n\t<meta name=\"twitter:data1\" content=\"Comunica\u00e7\u00e3o PSOL\" \/>\n\t<meta name=\"twitter:label2\" content=\"Est. tempo de leitura\" \/>\n\t<meta name=\"twitter:data2\" content=\"3 minutos\" \/>\n<script type=\"application\/ld+json\" class=\"yoast-schema-graph\">{\"@context\":\"https:\/\/schema.org\",\"@graph\":[{\"@type\":\"Article\",\"@id\":\"https:\/\/psol50.org.br\/cuba-lista-espuria-publicada-pelos-eua\/#article\",\"isPartOf\":{\"@id\":\"https:\/\/psol50.org.br\/cuba-lista-espuria-publicada-pelos-eua\/\"},\"author\":{\"name\":\"Comunica\u00e7\u00e3o PSOL\",\"@id\":\"https:\/\/psol50.org.br\/#\/schema\/person\/475dfa57d0b815993c714c2e96491fcd\"},\"headline\":\"Cuba: \u2018Lista esp\u00faria&#8217; publicada pelos EUA\",\"datePublished\":\"2011-08-26T00:00:00+00:00\",\"mainEntityOfPage\":{\"@id\":\"https:\/\/psol50.org.br\/cuba-lista-espuria-publicada-pelos-eua\/\"},\"wordCount\":534,\"commentCount\":0,\"publisher\":{\"@id\":\"https:\/\/psol50.org.br\/#organization\"},\"image\":{\"@id\":\"https:\/\/psol50.org.br\/cuba-lista-espuria-publicada-pelos-eua\/#primaryimage\"},\"thumbnailUrl\":\"http:\/\/www.adital.com.br\/arquivos\/2011\/08\/20110825_mre1.jpg\",\"articleSection\":[\"Arquivo\"],\"inLanguage\":\"pt-BR\",\"potentialAction\":[{\"@type\":\"CommentAction\",\"name\":\"Comment\",\"target\":[\"https:\/\/psol50.org.br\/cuba-lista-espuria-publicada-pelos-eua\/#respond\"]}]},{\"@type\":\"WebPage\",\"@id\":\"https:\/\/psol50.org.br\/cuba-lista-espuria-publicada-pelos-eua\/\",\"url\":\"https:\/\/psol50.org.br\/cuba-lista-espuria-publicada-pelos-eua\/\",\"name\":\"Cuba: \u2018Lista esp\u00faria' publicada pelos EUA - PSOL 50\",\"isPartOf\":{\"@id\":\"https:\/\/psol50.org.br\/#website\"},\"primaryImageOfPage\":{\"@id\":\"https:\/\/psol50.org.br\/cuba-lista-espuria-publicada-pelos-eua\/#primaryimage\"},\"image\":{\"@id\":\"https:\/\/psol50.org.br\/cuba-lista-espuria-publicada-pelos-eua\/#primaryimage\"},\"thumbnailUrl\":\"http:\/\/www.adital.com.br\/arquivos\/2011\/08\/20110825_mre1.jpg\",\"datePublished\":\"2011-08-26T00:00:00+00:00\",\"breadcrumb\":{\"@id\":\"https:\/\/psol50.org.br\/cuba-lista-espuria-publicada-pelos-eua\/#breadcrumb\"},\"inLanguage\":\"pt-BR\",\"potentialAction\":[{\"@type\":\"ReadAction\",\"target\":[\"https:\/\/psol50.org.br\/cuba-lista-espuria-publicada-pelos-eua\/\"]}]},{\"@type\":\"ImageObject\",\"inLanguage\":\"pt-BR\",\"@id\":\"https:\/\/psol50.org.br\/cuba-lista-espuria-publicada-pelos-eua\/#primaryimage\",\"url\":\"http:\/\/www.adital.com.br\/arquivos\/2011\/08\/20110825_mre1.jpg\",\"contentUrl\":\"http:\/\/www.adital.com.br\/arquivos\/2011\/08\/20110825_mre1.jpg\"},{\"@type\":\"BreadcrumbList\",\"@id\":\"https:\/\/psol50.org.br\/cuba-lista-espuria-publicada-pelos-eua\/#breadcrumb\",\"itemListElement\":[{\"@type\":\"ListItem\",\"position\":1,\"name\":\"In\u00edcio\",\"item\":\"https:\/\/psol50.org.br\/\"},{\"@type\":\"ListItem\",\"position\":2,\"name\":\"Cuba: \u2018Lista esp\u00faria&#8217; publicada pelos EUA\"}]},{\"@type\":\"WebSite\",\"@id\":\"https:\/\/psol50.org.br\/#website\",\"url\":\"https:\/\/psol50.org.br\/\",\"name\":\"PSOL 50\",\"description\":\"Site oficial do Partido Socialismo e Liberdade\",\"publisher\":{\"@id\":\"https:\/\/psol50.org.br\/#organization\"},\"alternateName\":\"PSOL50\",\"potentialAction\":[{\"@type\":\"SearchAction\",\"target\":{\"@type\":\"EntryPoint\",\"urlTemplate\":\"https:\/\/psol50.org.br\/?s={search_term_string}\"},\"query-input\":{\"@type\":\"PropertyValueSpecification\",\"valueRequired\":true,\"valueName\":\"search_term_string\"}}],\"inLanguage\":\"pt-BR\"},{\"@type\":\"Organization\",\"@id\":\"https:\/\/psol50.org.br\/#organization\",\"name\":\"PSOL 50\",\"alternateName\":\"PSOL 50\",\"url\":\"https:\/\/psol50.org.br\/\",\"logo\":{\"@type\":\"ImageObject\",\"inLanguage\":\"pt-BR\",\"@id\":\"https:\/\/psol50.org.br\/#\/schema\/logo\/image\/\",\"url\":\"https:\/\/psol50.org.br\/inc\/uploads\/2018\/07\/capa.png\",\"contentUrl\":\"https:\/\/psol50.org.br\/inc\/uploads\/2018\/07\/capa.png\",\"width\":1350,\"height\":900,\"caption\":\"PSOL 50\"},\"image\":{\"@id\":\"https:\/\/psol50.org.br\/#\/schema\/logo\/image\/\"},\"sameAs\":[\"https:\/\/www.facebook.com\/psol50\",\"https:\/\/x.com\/psol50\",\"https:\/\/www.instagram.com\/psol50\/\",\"https:\/\/www.youtube.com\/channel\/UC7SnJS5o1os7a6CaiNabzcg\"]},{\"@type\":\"Person\",\"@id\":\"https:\/\/psol50.org.br\/#\/schema\/person\/475dfa57d0b815993c714c2e96491fcd\",\"name\":\"Comunica\u00e7\u00e3o PSOL\",\"image\":{\"@type\":\"ImageObject\",\"inLanguage\":\"pt-BR\",\"@id\":\"https:\/\/psol50.org.br\/#\/schema\/person\/image\/\",\"url\":\"https:\/\/secure.gravatar.com\/avatar\/b34fc4f4e468a4e51785917065a3db57b841f5c95dba6ad8c73aaf8f66f8f9bf?s=96&d=mm&r=g\",\"contentUrl\":\"https:\/\/secure.gravatar.com\/avatar\/b34fc4f4e468a4e51785917065a3db57b841f5c95dba6ad8c73aaf8f66f8f9bf?s=96&d=mm&r=g\",\"caption\":\"Comunica\u00e7\u00e3o PSOL\"}}]}<\/script>\n<!-- \/ Yoast SEO plugin. -->","yoast_head_json":{"title":"Cuba: \u2018Lista esp\u00faria' publicada pelos EUA - PSOL 50","robots":{"index":"index","follow":"follow","max-snippet":"max-snippet:-1","max-image-preview":"max-image-preview:large","max-video-preview":"max-video-preview:-1"},"canonical":"https:\/\/psol50.org.br\/cuba-lista-espuria-publicada-pelos-eua\/","og_locale":"pt_BR","og_type":"article","og_title":"Cuba: \u2018Lista esp\u00faria' publicada pelos EUA - PSOL 50","og_description":"Tradu\u00e7\u00e3o: ADITAL Declara\u00e7\u00e3o do Minist\u00e9rio de Rela\u00e7\u00f5es Exteriores da Rep\u00fablica de Cuba No dia 18 de agosto, o Departamento de Estado incluiu Cuba, por trig\u00e9sima vez, na esp\u00faria lista de &#8220;Estados patrocinadores do terrorismo internacional\u201d, com o \u00fanico prop\u00f3sito de desacreditar nosso pa\u00eds e continuar justificando a pol\u00edtica cruel e repudiada de bloqueio contra Cuba. [&hellip;]","og_url":"https:\/\/psol50.org.br\/cuba-lista-espuria-publicada-pelos-eua\/","og_site_name":"PSOL 50","article_publisher":"https:\/\/www.facebook.com\/psol50","article_published_time":"2011-08-26T00:00:00+00:00","og_image":[{"url":"http:\/\/www.adital.com.br\/arquivos\/2011\/08\/20110825_mre1.jpg","type":"","width":"","height":""}],"author":"Comunica\u00e7\u00e3o PSOL","twitter_card":"summary_large_image","twitter_creator":"@psol50","twitter_site":"@psol50","twitter_misc":{"Escrito por":"Comunica\u00e7\u00e3o PSOL","Est. tempo de leitura":"3 minutos"},"schema":{"@context":"https:\/\/schema.org","@graph":[{"@type":"Article","@id":"https:\/\/psol50.org.br\/cuba-lista-espuria-publicada-pelos-eua\/#article","isPartOf":{"@id":"https:\/\/psol50.org.br\/cuba-lista-espuria-publicada-pelos-eua\/"},"author":{"name":"Comunica\u00e7\u00e3o PSOL","@id":"https:\/\/psol50.org.br\/#\/schema\/person\/475dfa57d0b815993c714c2e96491fcd"},"headline":"Cuba: \u2018Lista esp\u00faria&#8217; publicada pelos EUA","datePublished":"2011-08-26T00:00:00+00:00","mainEntityOfPage":{"@id":"https:\/\/psol50.org.br\/cuba-lista-espuria-publicada-pelos-eua\/"},"wordCount":534,"commentCount":0,"publisher":{"@id":"https:\/\/psol50.org.br\/#organization"},"image":{"@id":"https:\/\/psol50.org.br\/cuba-lista-espuria-publicada-pelos-eua\/#primaryimage"},"thumbnailUrl":"http:\/\/www.adital.com.br\/arquivos\/2011\/08\/20110825_mre1.jpg","articleSection":["Arquivo"],"inLanguage":"pt-BR","potentialAction":[{"@type":"CommentAction","name":"Comment","target":["https:\/\/psol50.org.br\/cuba-lista-espuria-publicada-pelos-eua\/#respond"]}]},{"@type":"WebPage","@id":"https:\/\/psol50.org.br\/cuba-lista-espuria-publicada-pelos-eua\/","url":"https:\/\/psol50.org.br\/cuba-lista-espuria-publicada-pelos-eua\/","name":"Cuba: \u2018Lista esp\u00faria' publicada pelos EUA - PSOL 50","isPartOf":{"@id":"https:\/\/psol50.org.br\/#website"},"primaryImageOfPage":{"@id":"https:\/\/psol50.org.br\/cuba-lista-espuria-publicada-pelos-eua\/#primaryimage"},"image":{"@id":"https:\/\/psol50.org.br\/cuba-lista-espuria-publicada-pelos-eua\/#primaryimage"},"thumbnailUrl":"http:\/\/www.adital.com.br\/arquivos\/2011\/08\/20110825_mre1.jpg","datePublished":"2011-08-26T00:00:00+00:00","breadcrumb":{"@id":"https:\/\/psol50.org.br\/cuba-lista-espuria-publicada-pelos-eua\/#breadcrumb"},"inLanguage":"pt-BR","potentialAction":[{"@type":"ReadAction","target":["https:\/\/psol50.org.br\/cuba-lista-espuria-publicada-pelos-eua\/"]}]},{"@type":"ImageObject","inLanguage":"pt-BR","@id":"https:\/\/psol50.org.br\/cuba-lista-espuria-publicada-pelos-eua\/#primaryimage","url":"http:\/\/www.adital.com.br\/arquivos\/2011\/08\/20110825_mre1.jpg","contentUrl":"http:\/\/www.adital.com.br\/arquivos\/2011\/08\/20110825_mre1.jpg"},{"@type":"BreadcrumbList","@id":"https:\/\/psol50.org.br\/cuba-lista-espuria-publicada-pelos-eua\/#breadcrumb","itemListElement":[{"@type":"ListItem","position":1,"name":"In\u00edcio","item":"https:\/\/psol50.org.br\/"},{"@type":"ListItem","position":2,"name":"Cuba: \u2018Lista esp\u00faria&#8217; publicada pelos EUA"}]},{"@type":"WebSite","@id":"https:\/\/psol50.org.br\/#website","url":"https:\/\/psol50.org.br\/","name":"PSOL 50","description":"Site oficial do Partido Socialismo e Liberdade","publisher":{"@id":"https:\/\/psol50.org.br\/#organization"},"alternateName":"PSOL50","potentialAction":[{"@type":"SearchAction","target":{"@type":"EntryPoint","urlTemplate":"https:\/\/psol50.org.br\/?s={search_term_string}"},"query-input":{"@type":"PropertyValueSpecification","valueRequired":true,"valueName":"search_term_string"}}],"inLanguage":"pt-BR"},{"@type":"Organization","@id":"https:\/\/psol50.org.br\/#organization","name":"PSOL 50","alternateName":"PSOL 50","url":"https:\/\/psol50.org.br\/","logo":{"@type":"ImageObject","inLanguage":"pt-BR","@id":"https:\/\/psol50.org.br\/#\/schema\/logo\/image\/","url":"https:\/\/psol50.org.br\/inc\/uploads\/2018\/07\/capa.png","contentUrl":"https:\/\/psol50.org.br\/inc\/uploads\/2018\/07\/capa.png","width":1350,"height":900,"caption":"PSOL 50"},"image":{"@id":"https:\/\/psol50.org.br\/#\/schema\/logo\/image\/"},"sameAs":["https:\/\/www.facebook.com\/psol50","https:\/\/x.com\/psol50","https:\/\/www.instagram.com\/psol50\/","https:\/\/www.youtube.com\/channel\/UC7SnJS5o1os7a6CaiNabzcg"]},{"@type":"Person","@id":"https:\/\/psol50.org.br\/#\/schema\/person\/475dfa57d0b815993c714c2e96491fcd","name":"Comunica\u00e7\u00e3o PSOL","image":{"@type":"ImageObject","inLanguage":"pt-BR","@id":"https:\/\/psol50.org.br\/#\/schema\/person\/image\/","url":"https:\/\/secure.gravatar.com\/avatar\/b34fc4f4e468a4e51785917065a3db57b841f5c95dba6ad8c73aaf8f66f8f9bf?s=96&d=mm&r=g","contentUrl":"https:\/\/secure.gravatar.com\/avatar\/b34fc4f4e468a4e51785917065a3db57b841f5c95dba6ad8c73aaf8f66f8f9bf?s=96&d=mm&r=g","caption":"Comunica\u00e7\u00e3o PSOL"}}]}},"_links":{"self":[{"href":"https:\/\/psol50.org.br\/rest\/wp\/v2\/posts\/466","targetHints":{"allow":["GET"]}}],"collection":[{"href":"https:\/\/psol50.org.br\/rest\/wp\/v2\/posts"}],"about":[{"href":"https:\/\/psol50.org.br\/rest\/wp\/v2\/types\/post"}],"author":[{"embeddable":true,"href":"https:\/\/psol50.org.br\/rest\/wp\/v2\/users\/2"}],"replies":[{"embeddable":true,"href":"https:\/\/psol50.org.br\/rest\/wp\/v2\/comments?post=466"}],"version-history":[{"count":0,"href":"https:\/\/psol50.org.br\/rest\/wp\/v2\/posts\/466\/revisions"}],"wp:attachment":[{"href":"https:\/\/psol50.org.br\/rest\/wp\/v2\/media?parent=466"}],"wp:term":[{"taxonomy":"category","embeddable":true,"href":"https:\/\/psol50.org.br\/rest\/wp\/v2\/categories?post=466"},{"taxonomy":"post_tag","embeddable":true,"href":"https:\/\/psol50.org.br\/rest\/wp\/v2\/tags?post=466"}],"curies":[{"name":"wp","href":"https:\/\/api.w.org\/{rel}","templated":true}]}}