{"id":471,"date":"2011-09-01T00:00:00","date_gmt":"2011-09-01T00:00:00","guid":{"rendered":"http:\/\/psol50.org.br\/arquivo\/2011\/09\/01\/policia-do-chile-nao-vai-investigar-morte-de-jovem-em-protesto\/"},"modified":"2011-09-01T00:00:00","modified_gmt":"2011-09-01T00:00:00","slug":"policia-do-chile-nao-vai-investigar-morte-de-jovem-em-protesto","status":"publish","type":"post","link":"https:\/\/psol50.org.br\/policia-do-chile-nao-vai-investigar-morte-de-jovem-em-protesto\/","title":{"rendered":"Pol\u00edcia do Chile n\u00e3o vai investigar morte de jovem em protesto"},"content":{"rendered":"<p style=\"text-align: center\"><em><strong><a rel=\"attachment wp-att-10544\" href=\"http:\/\/psol50.org.br\/blog\/2011\/09\/01\/policia-do-chile-nao-vai-investigar-morte-de-jovem-em-protesto\/p-2\/\"><img loading=\"lazy\" decoding=\"async\" class=\"aligncenter size-full wp-image-10544\" src=\"http:\/\/psol50.org.br\/files\/2011\/09\/Chile_Manfesta\u00e7\u00f5esEst2.jpg\" alt=\"\" width=\"430\" height=\"287\" \/><\/a>Enquanto isso, presidente Sebasti\u00e1n Pi\u00f1era garante que quer paz e di\u00e1logo, mas n\u00e3o se mostra aberto a colher reivindica\u00e7\u00f5es de estudantes mobilizados h\u00e1 mais de tr\u00eas meses<\/strong><\/em><\/p>\n<p style=\"text-align: justify\">\nO governo de Pi\u00f1era tem apostado na t\u00e1tica de repress\u00e3o aos movimentos, que s\u00f3 fazem crescer nos \u00faltimos tr\u00eas meses (Foto: Carlos Vera. Reuters)<\/p>\n<p>S\u00e3o Paulo \u2013 A Pol\u00edcia Nacional do Chile descarta a possibilidade de investigar a morte do jovem Manuel Guti\u00e9rrez, de 16 anos, ocorrida na madrugada de sexta-feira (26) em meio aos massivos protestos que tomaram conta do pa\u00eds.<\/p>\n<p>O chefe da Zona Metropolitana dos Carabineros, como s\u00e3o conhecidos os policiais nacionais chilenos, o general Sergio Gajardo, deixou de lado a afirma\u00e7\u00e3o do irm\u00e3o da v\u00edtima de que os disparos partiram de agentes do Estado. \u201cH\u00e1 vers\u00f5es dadas por algumas pessoas que estavam com ele que dizem que haveria passado um ve\u00edculo pelo lugar em que estavam, e esse ve\u00edculo cumpriria com n\u00e3o sei que caracter\u00edstica que eles atribuem a um ve\u00edculo de Carabineros\u201d, minimizou.<\/p>\n<p>De acordo com Gajardo, o major Eugenio Molt, respons\u00e1vel pela \u00e1rea em que o jovem foi executado, garantiu que seus homens n\u00e3o utilizaram armas de fogo contra as manifesta\u00e7\u00f5es. \u201cOs funcion\u00e1rios portam sua arma de servi\u00e7o, mas, por um princ\u00edpio de necessidade e norma, n\u00e3o se utiliza\u201d, defendeu o general.<\/p>\n<p>A investiga\u00e7\u00e3o, com isso, correr\u00e1 por conta da Divis\u00e3o de Homic\u00eddios da Pol\u00edcia de Investiga\u00e7\u00f5es do Chile, que dever\u00e1 repassar os dados ao Minist\u00e9rio P\u00fablico. O governo do conservador Sebasti\u00e1n Pi\u00f1era considera que a atribui\u00e7\u00e3o cabe a estes \u00f3rg\u00e3os, n\u00e3o devendo haver press\u00f5es do Executivo. \u201cA n\u00f3s corresponde, como governo, esperar a decis\u00e3o do Minist\u00e9rio P\u00fablico\u201d, afirmou na \u00faltima semana o porta-voz do Pal\u00e1cio de La Moneda, Andr\u00e9s Chadwick, que tentou se valer ainda da explica\u00e7\u00e3o de que o jovem estava em uma zona em conflito, informa\u00e7\u00e3o que foi descartada pela fam\u00edlia.<\/p>\n<p>Desencontros<\/p>\n<p>A morte de Guti\u00e9rrez e o ferimento grave de um outro estudante, internado ap\u00f3s ser atingido por um disparo que lhe perfurou o olho e atingiu o c\u00e9rebro, s\u00e3o os pontos mais graves da pol\u00edtica de enfrentamento adotada por Pi\u00f1era desde que os protestos de estudantes e professores tiveram in\u00edcio, h\u00e1 mais de tr\u00eas meses.<\/p>\n<p>As maiores manifesta\u00e7\u00f5es do pa\u00eds desde a redemocratiza\u00e7\u00e3o, h\u00e1 duas d\u00e9cadas, visam a contestar um modelo educacional baseado no lucro do sistema privado e na desigualdade entre os alunos, conduzidos a um modelo de endividamento durante a vida universit\u00e1ria que muitas vezes se arrasta por toda a fase adulta.<\/p>\n<p>Os atos t\u00eam provocado forte desgaste na imagem do presidente, que amarga os \u00edndices mais baixos de popularidade dos chefes de Estado da hist\u00f3ria recente chilena. Pi\u00f1era viu-se for\u00e7ado a trocar boa parte de seu gabinete, mas n\u00e3o escapou de declara\u00e7\u00f5es desastradas de alguns de seus novos ministros.<\/p>\n<p>Nas \u00faltimas semanas, frente \u00e0 persist\u00eancia dos manifestantes, que se negam a aceitar acordos fechados entre Executivo e Legislativo, ele lan\u00e7ou m\u00e3o de um decreto do per\u00edodo ditatorial de Augusto Pinochet que pro\u00edbe reuni\u00f5es populares feitas sem previa autoriza\u00e7\u00e3o do governo central. O resultado foi o crescimento do n\u00famero de passeatas, do envolvimento de outros segmentos da sociedade e do saldo de detidos e feridos, culminando na \u00faltima semana com uma greve nacional de dois dias nas quais pipocaram contesta\u00e7\u00f5es ao modelo neoliberal mantido por duas d\u00e9cadas de governo da Concerta\u00e7\u00e3o, a coaliz\u00e3o de centro que herdou o legado de Pinochet, e agravado pelos primeiros meses de governo Pi\u00f1era.<\/p>\n<p>\u201cFechamos um grande acordo nacional pela democracia social\u201d, enfatizou Arturo Mart\u00ednez, presidente da Central \u00danica dos Trabalhadores (CUT) do Chile, \u201cque inclui a trabalhadores, estudantes, pequenos e m\u00e9dio empres\u00e1rios, ambientalistas, grupos de direitos humanos, gente do mundo da cultura, professores\u201d.<\/p>\n<p>Segundo a CUT chilena, 600 mil pessoas se reuniram em v\u00e1rios pontos do pa\u00eds em torno de uma s\u00e9rie de reivindica\u00e7\u00f5es, que tiveram ainda um balan\u00e7o de ao menos 470 detidos e em torno de 80 feridos. O governo adotou o discurso de que se trata de uma pequena fra\u00e7\u00e3o da sociedade interessada em provocar problemas, e n\u00e3o em negociar, e mais uma vez o presidente se disse aberto ao di\u00e1logo. \u201cDepois de mais de tr\u00eas meses em que vimos florescer a viol\u00eancia e o enfrentamento, chegou o tempo da paz, chegou o tempo da unidade, do di\u00e1logo e dos acordos\u201d, manifestou Pi\u00f1era. Desde o come\u00e7o dos protestos, ele tentou anunciar medidas para acalmar os \u00e2nimos, mas todas elas iam na linha de melhorias do atual sistema, e n\u00e3o de uma mudan\u00e7a radical, como desejam alunos e docentes.<\/p>\n<p>Os grupos que encabe\u00e7am as manifesta\u00e7\u00f5es, cientes de que a paz no discurso de Pi\u00f1era ir\u00e1 apenas at\u00e9 a convoca\u00e7\u00e3o dos pr\u00f3ximos atos, re\u00fanem documentos para derrubar via Judici\u00e1rio o decreto que permite ao governo reprimir a popula\u00e7\u00e3o organizada em marchas. A alega\u00e7\u00e3o central \u00e9 de que a legisla\u00e7\u00e3o do sistema interamericano de direitos humanos, compreendida na Organiza\u00e7\u00e3o dos Estados Americanos (OEA), prev\u00ea o direito leg\u00edtimo de manifesta\u00e7\u00e3o e, portanto, a lei nacional deve ser considerada ilegal. A Comiss\u00e3o Interamericana de Direitos Humanos chegou inclusive a emitir um comunicado lamentando a atitude do governo e fazendo um chamado para que se respeitem os preceitos b\u00e1sicos de liberdade.<\/p>\n<p><a href=\"http:\/\/www.redebrasilatual.com.br\/temas\/internacional\/2011\/08\/policia-do-chile-nao-vai-investigar-morte-de-jovem-em-protesto\"><em><strong>*Fonte: Jo\u00e3o Peres, Rede Brasil Atual<\/strong><\/em><\/a><\/p>\n","protected":false},"excerpt":{"rendered":"<p>Enquanto isso, presidente Sebasti\u00e1n Pi\u00f1era garante que quer paz e di\u00e1logo, mas n\u00e3o se mostra aberto a colher reivindica\u00e7\u00f5es de estudantes mobilizados h\u00e1 mais de tr\u00eas meses O governo de Pi\u00f1era tem apostado na t\u00e1tica de repress\u00e3o aos movimentos, que s\u00f3 fazem crescer nos \u00faltimos tr\u00eas meses (Foto: Carlos Vera. Reuters) S\u00e3o Paulo \u2013 A [&hellip;]<\/p>\n","protected":false},"author":2,"featured_media":0,"comment_status":"open","ping_status":"open","sticky":false,"template":"","format":"standard","meta":{"_acf_changed":false,"footnotes":""},"categories":[4766],"tags":[],"class_list":{"0":"post-471","1":"post","2":"type-post","3":"status-publish","4":"format-standard","6":"category-arquivo"},"acf":[],"yoast_head":"<!-- This site is optimized with the Yoast SEO plugin v26.5 - https:\/\/yoast.com\/wordpress\/plugins\/seo\/ -->\n<title>Pol\u00edcia do Chile n\u00e3o vai investigar morte de jovem em protesto - PSOL 50<\/title>\n<meta name=\"robots\" content=\"index, follow, max-snippet:-1, max-image-preview:large, max-video-preview:-1\" \/>\n<link rel=\"canonical\" href=\"https:\/\/psol50.org.br\/policia-do-chile-nao-vai-investigar-morte-de-jovem-em-protesto\/\" \/>\n<meta property=\"og:locale\" content=\"pt_BR\" \/>\n<meta property=\"og:type\" content=\"article\" \/>\n<meta property=\"og:title\" content=\"Pol\u00edcia do Chile n\u00e3o vai investigar morte de jovem em protesto - PSOL 50\" \/>\n<meta property=\"og:description\" content=\"Enquanto isso, presidente Sebasti\u00e1n Pi\u00f1era garante que quer paz e di\u00e1logo, mas n\u00e3o se mostra aberto a colher reivindica\u00e7\u00f5es de estudantes mobilizados h\u00e1 mais de tr\u00eas meses O governo de Pi\u00f1era tem apostado na t\u00e1tica de repress\u00e3o aos movimentos, que s\u00f3 fazem crescer nos \u00faltimos tr\u00eas meses (Foto: Carlos Vera. Reuters) S\u00e3o Paulo \u2013 A [&hellip;]\" \/>\n<meta property=\"og:url\" content=\"https:\/\/psol50.org.br\/policia-do-chile-nao-vai-investigar-morte-de-jovem-em-protesto\/\" \/>\n<meta property=\"og:site_name\" content=\"PSOL 50\" \/>\n<meta property=\"article:publisher\" content=\"https:\/\/www.facebook.com\/psol50\" \/>\n<meta property=\"article:published_time\" content=\"2011-09-01T00:00:00+00:00\" \/>\n<meta property=\"og:image\" content=\"http:\/\/psol50.org.br\/files\/2011\/09\/Chile_Manfesta\u00e7\u00f5esEst2.jpg\" \/>\n<meta name=\"author\" content=\"Comunica\u00e7\u00e3o PSOL\" \/>\n<meta name=\"twitter:card\" content=\"summary_large_image\" \/>\n<meta name=\"twitter:creator\" content=\"@psol50\" \/>\n<meta name=\"twitter:site\" content=\"@psol50\" \/>\n<meta name=\"twitter:label1\" content=\"Escrito por\" \/>\n\t<meta name=\"twitter:data1\" content=\"Comunica\u00e7\u00e3o PSOL\" \/>\n\t<meta name=\"twitter:label2\" content=\"Est. tempo de leitura\" \/>\n\t<meta name=\"twitter:data2\" content=\"5 minutos\" \/>\n<script type=\"application\/ld+json\" class=\"yoast-schema-graph\">{\"@context\":\"https:\/\/schema.org\",\"@graph\":[{\"@type\":\"Article\",\"@id\":\"https:\/\/psol50.org.br\/policia-do-chile-nao-vai-investigar-morte-de-jovem-em-protesto\/#article\",\"isPartOf\":{\"@id\":\"https:\/\/psol50.org.br\/policia-do-chile-nao-vai-investigar-morte-de-jovem-em-protesto\/\"},\"author\":{\"name\":\"Comunica\u00e7\u00e3o PSOL\",\"@id\":\"https:\/\/psol50.org.br\/#\/schema\/person\/475dfa57d0b815993c714c2e96491fcd\"},\"headline\":\"Pol\u00edcia do Chile n\u00e3o vai investigar morte de jovem em protesto\",\"datePublished\":\"2011-09-01T00:00:00+00:00\",\"mainEntityOfPage\":{\"@id\":\"https:\/\/psol50.org.br\/policia-do-chile-nao-vai-investigar-morte-de-jovem-em-protesto\/\"},\"wordCount\":984,\"commentCount\":0,\"publisher\":{\"@id\":\"https:\/\/psol50.org.br\/#organization\"},\"articleSection\":[\"Arquivo\"],\"inLanguage\":\"pt-BR\",\"potentialAction\":[{\"@type\":\"CommentAction\",\"name\":\"Comment\",\"target\":[\"https:\/\/psol50.org.br\/policia-do-chile-nao-vai-investigar-morte-de-jovem-em-protesto\/#respond\"]}]},{\"@type\":\"WebPage\",\"@id\":\"https:\/\/psol50.org.br\/policia-do-chile-nao-vai-investigar-morte-de-jovem-em-protesto\/\",\"url\":\"https:\/\/psol50.org.br\/policia-do-chile-nao-vai-investigar-morte-de-jovem-em-protesto\/\",\"name\":\"Pol\u00edcia do Chile n\u00e3o vai investigar morte de jovem em protesto - PSOL 50\",\"isPartOf\":{\"@id\":\"https:\/\/psol50.org.br\/#website\"},\"datePublished\":\"2011-09-01T00:00:00+00:00\",\"breadcrumb\":{\"@id\":\"https:\/\/psol50.org.br\/policia-do-chile-nao-vai-investigar-morte-de-jovem-em-protesto\/#breadcrumb\"},\"inLanguage\":\"pt-BR\",\"potentialAction\":[{\"@type\":\"ReadAction\",\"target\":[\"https:\/\/psol50.org.br\/policia-do-chile-nao-vai-investigar-morte-de-jovem-em-protesto\/\"]}]},{\"@type\":\"BreadcrumbList\",\"@id\":\"https:\/\/psol50.org.br\/policia-do-chile-nao-vai-investigar-morte-de-jovem-em-protesto\/#breadcrumb\",\"itemListElement\":[{\"@type\":\"ListItem\",\"position\":1,\"name\":\"In\u00edcio\",\"item\":\"https:\/\/psol50.org.br\/\"},{\"@type\":\"ListItem\",\"position\":2,\"name\":\"Pol\u00edcia do Chile n\u00e3o vai investigar morte de jovem em protesto\"}]},{\"@type\":\"WebSite\",\"@id\":\"https:\/\/psol50.org.br\/#website\",\"url\":\"https:\/\/psol50.org.br\/\",\"name\":\"PSOL 50\",\"description\":\"Site oficial do Partido Socialismo e Liberdade\",\"publisher\":{\"@id\":\"https:\/\/psol50.org.br\/#organization\"},\"alternateName\":\"PSOL50\",\"potentialAction\":[{\"@type\":\"SearchAction\",\"target\":{\"@type\":\"EntryPoint\",\"urlTemplate\":\"https:\/\/psol50.org.br\/?s={search_term_string}\"},\"query-input\":{\"@type\":\"PropertyValueSpecification\",\"valueRequired\":true,\"valueName\":\"search_term_string\"}}],\"inLanguage\":\"pt-BR\"},{\"@type\":\"Organization\",\"@id\":\"https:\/\/psol50.org.br\/#organization\",\"name\":\"PSOL 50\",\"alternateName\":\"PSOL 50\",\"url\":\"https:\/\/psol50.org.br\/\",\"logo\":{\"@type\":\"ImageObject\",\"inLanguage\":\"pt-BR\",\"@id\":\"https:\/\/psol50.org.br\/#\/schema\/logo\/image\/\",\"url\":\"https:\/\/psol50.org.br\/inc\/uploads\/2018\/07\/capa.png\",\"contentUrl\":\"https:\/\/psol50.org.br\/inc\/uploads\/2018\/07\/capa.png\",\"width\":1350,\"height\":900,\"caption\":\"PSOL 50\"},\"image\":{\"@id\":\"https:\/\/psol50.org.br\/#\/schema\/logo\/image\/\"},\"sameAs\":[\"https:\/\/www.facebook.com\/psol50\",\"https:\/\/x.com\/psol50\",\"https:\/\/www.instagram.com\/psol50\/\",\"https:\/\/www.youtube.com\/channel\/UC7SnJS5o1os7a6CaiNabzcg\"]},{\"@type\":\"Person\",\"@id\":\"https:\/\/psol50.org.br\/#\/schema\/person\/475dfa57d0b815993c714c2e96491fcd\",\"name\":\"Comunica\u00e7\u00e3o PSOL\",\"image\":{\"@type\":\"ImageObject\",\"inLanguage\":\"pt-BR\",\"@id\":\"https:\/\/psol50.org.br\/#\/schema\/person\/image\/\",\"url\":\"https:\/\/secure.gravatar.com\/avatar\/b34fc4f4e468a4e51785917065a3db57b841f5c95dba6ad8c73aaf8f66f8f9bf?s=96&d=mm&r=g\",\"contentUrl\":\"https:\/\/secure.gravatar.com\/avatar\/b34fc4f4e468a4e51785917065a3db57b841f5c95dba6ad8c73aaf8f66f8f9bf?s=96&d=mm&r=g\",\"caption\":\"Comunica\u00e7\u00e3o PSOL\"}}]}<\/script>\n<!-- \/ Yoast SEO plugin. -->","yoast_head_json":{"title":"Pol\u00edcia do Chile n\u00e3o vai investigar morte de jovem em protesto - PSOL 50","robots":{"index":"index","follow":"follow","max-snippet":"max-snippet:-1","max-image-preview":"max-image-preview:large","max-video-preview":"max-video-preview:-1"},"canonical":"https:\/\/psol50.org.br\/policia-do-chile-nao-vai-investigar-morte-de-jovem-em-protesto\/","og_locale":"pt_BR","og_type":"article","og_title":"Pol\u00edcia do Chile n\u00e3o vai investigar morte de jovem em protesto - PSOL 50","og_description":"Enquanto isso, presidente Sebasti\u00e1n Pi\u00f1era garante que quer paz e di\u00e1logo, mas n\u00e3o se mostra aberto a colher reivindica\u00e7\u00f5es de estudantes mobilizados h\u00e1 mais de tr\u00eas meses O governo de Pi\u00f1era tem apostado na t\u00e1tica de repress\u00e3o aos movimentos, que s\u00f3 fazem crescer nos \u00faltimos tr\u00eas meses (Foto: Carlos Vera. Reuters) S\u00e3o Paulo \u2013 A [&hellip;]","og_url":"https:\/\/psol50.org.br\/policia-do-chile-nao-vai-investigar-morte-de-jovem-em-protesto\/","og_site_name":"PSOL 50","article_publisher":"https:\/\/www.facebook.com\/psol50","article_published_time":"2011-09-01T00:00:00+00:00","og_image":[{"url":"http:\/\/psol50.org.br\/files\/2011\/09\/Chile_Manfesta\u00e7\u00f5esEst2.jpg","type":"","width":"","height":""}],"author":"Comunica\u00e7\u00e3o PSOL","twitter_card":"summary_large_image","twitter_creator":"@psol50","twitter_site":"@psol50","twitter_misc":{"Escrito por":"Comunica\u00e7\u00e3o PSOL","Est. tempo de leitura":"5 minutos"},"schema":{"@context":"https:\/\/schema.org","@graph":[{"@type":"Article","@id":"https:\/\/psol50.org.br\/policia-do-chile-nao-vai-investigar-morte-de-jovem-em-protesto\/#article","isPartOf":{"@id":"https:\/\/psol50.org.br\/policia-do-chile-nao-vai-investigar-morte-de-jovem-em-protesto\/"},"author":{"name":"Comunica\u00e7\u00e3o PSOL","@id":"https:\/\/psol50.org.br\/#\/schema\/person\/475dfa57d0b815993c714c2e96491fcd"},"headline":"Pol\u00edcia do Chile n\u00e3o vai investigar morte de jovem em protesto","datePublished":"2011-09-01T00:00:00+00:00","mainEntityOfPage":{"@id":"https:\/\/psol50.org.br\/policia-do-chile-nao-vai-investigar-morte-de-jovem-em-protesto\/"},"wordCount":984,"commentCount":0,"publisher":{"@id":"https:\/\/psol50.org.br\/#organization"},"articleSection":["Arquivo"],"inLanguage":"pt-BR","potentialAction":[{"@type":"CommentAction","name":"Comment","target":["https:\/\/psol50.org.br\/policia-do-chile-nao-vai-investigar-morte-de-jovem-em-protesto\/#respond"]}]},{"@type":"WebPage","@id":"https:\/\/psol50.org.br\/policia-do-chile-nao-vai-investigar-morte-de-jovem-em-protesto\/","url":"https:\/\/psol50.org.br\/policia-do-chile-nao-vai-investigar-morte-de-jovem-em-protesto\/","name":"Pol\u00edcia do Chile n\u00e3o vai investigar morte de jovem em protesto - PSOL 50","isPartOf":{"@id":"https:\/\/psol50.org.br\/#website"},"datePublished":"2011-09-01T00:00:00+00:00","breadcrumb":{"@id":"https:\/\/psol50.org.br\/policia-do-chile-nao-vai-investigar-morte-de-jovem-em-protesto\/#breadcrumb"},"inLanguage":"pt-BR","potentialAction":[{"@type":"ReadAction","target":["https:\/\/psol50.org.br\/policia-do-chile-nao-vai-investigar-morte-de-jovem-em-protesto\/"]}]},{"@type":"BreadcrumbList","@id":"https:\/\/psol50.org.br\/policia-do-chile-nao-vai-investigar-morte-de-jovem-em-protesto\/#breadcrumb","itemListElement":[{"@type":"ListItem","position":1,"name":"In\u00edcio","item":"https:\/\/psol50.org.br\/"},{"@type":"ListItem","position":2,"name":"Pol\u00edcia do Chile n\u00e3o vai investigar morte de jovem em protesto"}]},{"@type":"WebSite","@id":"https:\/\/psol50.org.br\/#website","url":"https:\/\/psol50.org.br\/","name":"PSOL 50","description":"Site oficial do Partido Socialismo e Liberdade","publisher":{"@id":"https:\/\/psol50.org.br\/#organization"},"alternateName":"PSOL50","potentialAction":[{"@type":"SearchAction","target":{"@type":"EntryPoint","urlTemplate":"https:\/\/psol50.org.br\/?s={search_term_string}"},"query-input":{"@type":"PropertyValueSpecification","valueRequired":true,"valueName":"search_term_string"}}],"inLanguage":"pt-BR"},{"@type":"Organization","@id":"https:\/\/psol50.org.br\/#organization","name":"PSOL 50","alternateName":"PSOL 50","url":"https:\/\/psol50.org.br\/","logo":{"@type":"ImageObject","inLanguage":"pt-BR","@id":"https:\/\/psol50.org.br\/#\/schema\/logo\/image\/","url":"https:\/\/psol50.org.br\/inc\/uploads\/2018\/07\/capa.png","contentUrl":"https:\/\/psol50.org.br\/inc\/uploads\/2018\/07\/capa.png","width":1350,"height":900,"caption":"PSOL 50"},"image":{"@id":"https:\/\/psol50.org.br\/#\/schema\/logo\/image\/"},"sameAs":["https:\/\/www.facebook.com\/psol50","https:\/\/x.com\/psol50","https:\/\/www.instagram.com\/psol50\/","https:\/\/www.youtube.com\/channel\/UC7SnJS5o1os7a6CaiNabzcg"]},{"@type":"Person","@id":"https:\/\/psol50.org.br\/#\/schema\/person\/475dfa57d0b815993c714c2e96491fcd","name":"Comunica\u00e7\u00e3o PSOL","image":{"@type":"ImageObject","inLanguage":"pt-BR","@id":"https:\/\/psol50.org.br\/#\/schema\/person\/image\/","url":"https:\/\/secure.gravatar.com\/avatar\/b34fc4f4e468a4e51785917065a3db57b841f5c95dba6ad8c73aaf8f66f8f9bf?s=96&d=mm&r=g","contentUrl":"https:\/\/secure.gravatar.com\/avatar\/b34fc4f4e468a4e51785917065a3db57b841f5c95dba6ad8c73aaf8f66f8f9bf?s=96&d=mm&r=g","caption":"Comunica\u00e7\u00e3o PSOL"}}]}},"_links":{"self":[{"href":"https:\/\/psol50.org.br\/rest\/wp\/v2\/posts\/471","targetHints":{"allow":["GET"]}}],"collection":[{"href":"https:\/\/psol50.org.br\/rest\/wp\/v2\/posts"}],"about":[{"href":"https:\/\/psol50.org.br\/rest\/wp\/v2\/types\/post"}],"author":[{"embeddable":true,"href":"https:\/\/psol50.org.br\/rest\/wp\/v2\/users\/2"}],"replies":[{"embeddable":true,"href":"https:\/\/psol50.org.br\/rest\/wp\/v2\/comments?post=471"}],"version-history":[{"count":0,"href":"https:\/\/psol50.org.br\/rest\/wp\/v2\/posts\/471\/revisions"}],"wp:attachment":[{"href":"https:\/\/psol50.org.br\/rest\/wp\/v2\/media?parent=471"}],"wp:term":[{"taxonomy":"category","embeddable":true,"href":"https:\/\/psol50.org.br\/rest\/wp\/v2\/categories?post=471"},{"taxonomy":"post_tag","embeddable":true,"href":"https:\/\/psol50.org.br\/rest\/wp\/v2\/tags?post=471"}],"curies":[{"name":"wp","href":"https:\/\/api.w.org\/{rel}","templated":true}]}}