{"id":494,"date":"2011-10-12T00:00:00","date_gmt":"2011-10-12T00:00:00","guid":{"rendered":"http:\/\/psol50.org.br\/arquivo\/2011\/10\/12\/esther-vivas-sobre-15-de-outubro-nao-pagamos-a-crise-deles\/"},"modified":"2011-10-12T00:00:00","modified_gmt":"2011-10-12T00:00:00","slug":"esther-vivas-sobre-15-de-outubro-nao-pagamos-a-crise-deles","status":"publish","type":"post","link":"https:\/\/psol50.org.br\/esther-vivas-sobre-15-de-outubro-nao-pagamos-a-crise-deles\/","title":{"rendered":"Esther Vivas sobre 15 de Outubro: \u201cN\u00e3o pagamos a crise deles\u201d"},"content":{"rendered":"<p>De\u00a0<a href=\"http:\/\/www.combate.info\/\">http:\/\/www.combate.info<\/a><\/p>\n<p>Durante a Escola de Ver\u00e3o do NPA, o Combate trocou algumas palavras com<strong>Esther Vivas Esteve<\/strong>, da Izquierda Anticapitalista e activista do movimento dos Indignados na Catalunha.<\/p>\n<p><a href=\"http:\/\/psolinternacional.org\/inc\/uploads\/2011\/10\/esther-vivas1.jpg\"><img loading=\"lazy\" decoding=\"async\" src=\"http:\/\/psolinternacional.org\/inc\/uploads\/2011\/10\/esther-vivas1.jpg\" alt=\"\" width=\"470\" height=\"220\" \/><\/a><\/p>\n<p><strong>Como v\u00eas o movimento dos Indignados na Catalunha neste momento?<\/strong><\/p>\n<p>Acredito que no Estado Espanhol entr\u00e1mos numa nova fase da mobiliza\u00e7\u00e3o social. As acampadas terminaram h\u00e1 poucos meses e agora o movimento dos Indignados est\u00e1 centrado no trabalho dos bairros e a n\u00edvel local.<\/p>\n<p>Tem-se feito muito trabalho na recusa aos cortes anti sociais que o Governo de Zapatero, mas tamb\u00e9m os Governos locais, t\u00eam levado a cabo.<\/p>\n<p>Por isso, o Ver\u00e3o tem sido quente. Os Indignados t\u00eam realizado ocupa\u00e7\u00f5es de centros de sa\u00fade e acampadas frente a hospitais que t\u00eam sido alvo das pol\u00edticas de austeridade. Sabemos que o mal-estar social cont\u00ednua e a indigna\u00e7\u00e3o tamb\u00e9m n\u00e3o ir\u00e1 parar.<\/p>\n<p>&nbsp;<\/p>\n<p><strong>Tamb\u00e9m t\u00eam conseguido mobilizar pelo direito \u00e0 habita\u00e7\u00e3o.<\/strong><\/p>\n<p>Sim, de facto, com o acentuar da crise e do desemprego muitas pessoas t\u00eam tido dificuldades em pagar as presta\u00e7\u00f5es da casa e muitos bancos est\u00e3o a p\u00f4r as pessoas que n\u00e3o s\u00e3o capazes de pagar essas presta\u00e7\u00f5es na rua. O movimento dos Indignados tem combatido para impedir esses desalojamentos. Muita gente tem sa\u00eddo \u00e0 rua para impedir esses despejos injustos por parte dos bancos e por v\u00e1rias vezes j\u00e1 conseguimos que as pessoas mantenham as suas casas. S\u00e3o momentos importantes, porque s\u00e3o pequenas vit\u00f3rias concretas do movimento e s\u00e3o vit\u00f3rias que mudam a vida de pessoas que se encontram em situa\u00e7\u00f5es muito dif\u00edceis.<\/p>\n<p>&nbsp;<\/p>\n<p><strong>Como pensam que vai evoluir a situa\u00e7\u00e3o no Estado Espanhol nos pr\u00f3ximos meses?<\/strong><\/p>\n<p>Em Outubro o movimento dos Indignados e a mobiliza\u00e7\u00e3o social vai ganhar um novo \u00edmpeto. Sabemos que as pol\u00edticas neo-liberais do Governo de Zapatero n\u00e3o v\u00e3o parar, por isso tamb\u00e9m n\u00f3s n\u00e3o iremos parar de contestar as pol\u00edticas injustas e de propor alternativas.<\/p>\n<p>&nbsp;<\/p>\n<p><strong>Os Indignados j\u00e1 marcaram uma mobiliza\u00e7\u00e3o para o dia 15 de Outubro, dia que entretanto est\u00e1 a ganhar uma dimens\u00e3o internacional. Como est\u00e3o a preparar esse dia?<\/strong><\/p>\n<p>O dia 15 de Outubro \u00e9 uma data muito importante para a mobiliza\u00e7\u00e3o social e para o movimento dos Indignados. Nessa data queremos enfrentar nas ruas os cortes anti sociais e sabemos que a mobiliza\u00e7\u00e3o agora j\u00e1 se tornou europeia e mesmo global. Por isso, e porque sabemos que a situa\u00e7\u00e3o em Portugal est\u00e1 muito dif\u00edcil, estamos a apelar \u00e0s companheiras e aos companheiros em Portugal para que saiam \u00e0 rua nesse dia e se juntem a este movimento para que sejamos muitas e muitos nesse dia a dizer que n\u00e3o pagamos a crise deles e que queremos uma democracia real que represente as pessoas.<\/p>\n","protected":false},"excerpt":{"rendered":"<p>De\u00a0http:\/\/www.combate.info Durante a Escola de Ver\u00e3o do NPA, o Combate trocou algumas palavras comEsther Vivas Esteve, da Izquierda Anticapitalista e activista do movimento dos Indignados na Catalunha. Como v\u00eas o movimento dos Indignados na Catalunha neste momento? Acredito que no Estado Espanhol entr\u00e1mos numa nova fase da mobiliza\u00e7\u00e3o social. As acampadas terminaram h\u00e1 poucos meses [&hellip;]<\/p>\n","protected":false},"author":2,"featured_media":0,"comment_status":"open","ping_status":"open","sticky":false,"template":"","format":"standard","meta":{"_acf_changed":false,"footnotes":""},"categories":[4766],"tags":[],"class_list":{"0":"post-494","1":"post","2":"type-post","3":"status-publish","4":"format-standard","6":"category-arquivo"},"acf":[],"yoast_head":"<!-- This site is optimized with the Yoast SEO plugin v26.5 - https:\/\/yoast.com\/wordpress\/plugins\/seo\/ -->\n<title>Esther Vivas sobre 15 de Outubro: \u201cN\u00e3o pagamos a crise deles\u201d - PSOL 50<\/title>\n<meta name=\"robots\" content=\"index, follow, max-snippet:-1, max-image-preview:large, max-video-preview:-1\" \/>\n<link rel=\"canonical\" href=\"https:\/\/psol50.org.br\/esther-vivas-sobre-15-de-outubro-nao-pagamos-a-crise-deles\/\" \/>\n<meta property=\"og:locale\" content=\"pt_BR\" \/>\n<meta property=\"og:type\" content=\"article\" \/>\n<meta property=\"og:title\" content=\"Esther Vivas sobre 15 de Outubro: \u201cN\u00e3o pagamos a crise deles\u201d - PSOL 50\" \/>\n<meta property=\"og:description\" content=\"De\u00a0http:\/\/www.combate.info Durante a Escola de Ver\u00e3o do NPA, o Combate trocou algumas palavras comEsther Vivas Esteve, da Izquierda Anticapitalista e activista do movimento dos Indignados na Catalunha. Como v\u00eas o movimento dos Indignados na Catalunha neste momento? Acredito que no Estado Espanhol entr\u00e1mos numa nova fase da mobiliza\u00e7\u00e3o social. As acampadas terminaram h\u00e1 poucos meses [&hellip;]\" \/>\n<meta property=\"og:url\" content=\"https:\/\/psol50.org.br\/esther-vivas-sobre-15-de-outubro-nao-pagamos-a-crise-deles\/\" \/>\n<meta property=\"og:site_name\" content=\"PSOL 50\" \/>\n<meta property=\"article:publisher\" content=\"https:\/\/www.facebook.com\/psol50\" \/>\n<meta property=\"article:published_time\" content=\"2011-10-12T00:00:00+00:00\" \/>\n<meta property=\"og:image\" content=\"http:\/\/psolinternacional.org\/inc\/uploads\/2011\/10\/esther-vivas1.jpg\" \/>\n<meta name=\"author\" content=\"Comunica\u00e7\u00e3o PSOL\" \/>\n<meta name=\"twitter:card\" content=\"summary_large_image\" \/>\n<meta name=\"twitter:creator\" content=\"@psol50\" \/>\n<meta name=\"twitter:site\" content=\"@psol50\" \/>\n<meta name=\"twitter:label1\" content=\"Escrito por\" \/>\n\t<meta name=\"twitter:data1\" content=\"Comunica\u00e7\u00e3o PSOL\" \/>\n\t<meta name=\"twitter:label2\" content=\"Est. tempo de leitura\" \/>\n\t<meta name=\"twitter:data2\" content=\"2 minutos\" \/>\n<script type=\"application\/ld+json\" class=\"yoast-schema-graph\">{\"@context\":\"https:\/\/schema.org\",\"@graph\":[{\"@type\":\"Article\",\"@id\":\"https:\/\/psol50.org.br\/esther-vivas-sobre-15-de-outubro-nao-pagamos-a-crise-deles\/#article\",\"isPartOf\":{\"@id\":\"https:\/\/psol50.org.br\/esther-vivas-sobre-15-de-outubro-nao-pagamos-a-crise-deles\/\"},\"author\":{\"name\":\"Comunica\u00e7\u00e3o PSOL\",\"@id\":\"https:\/\/psol50.org.br\/#\/schema\/person\/475dfa57d0b815993c714c2e96491fcd\"},\"headline\":\"Esther Vivas sobre 15 de Outubro: \u201cN\u00e3o pagamos a crise deles\u201d\",\"datePublished\":\"2011-10-12T00:00:00+00:00\",\"mainEntityOfPage\":{\"@id\":\"https:\/\/psol50.org.br\/esther-vivas-sobre-15-de-outubro-nao-pagamos-a-crise-deles\/\"},\"wordCount\":503,\"commentCount\":0,\"publisher\":{\"@id\":\"https:\/\/psol50.org.br\/#organization\"},\"image\":{\"@id\":\"https:\/\/psol50.org.br\/esther-vivas-sobre-15-de-outubro-nao-pagamos-a-crise-deles\/#primaryimage\"},\"thumbnailUrl\":\"http:\/\/psolinternacional.org\/inc\/uploads\/2011\/10\/esther-vivas1.jpg\",\"articleSection\":[\"Arquivo\"],\"inLanguage\":\"pt-BR\",\"potentialAction\":[{\"@type\":\"CommentAction\",\"name\":\"Comment\",\"target\":[\"https:\/\/psol50.org.br\/esther-vivas-sobre-15-de-outubro-nao-pagamos-a-crise-deles\/#respond\"]}]},{\"@type\":\"WebPage\",\"@id\":\"https:\/\/psol50.org.br\/esther-vivas-sobre-15-de-outubro-nao-pagamos-a-crise-deles\/\",\"url\":\"https:\/\/psol50.org.br\/esther-vivas-sobre-15-de-outubro-nao-pagamos-a-crise-deles\/\",\"name\":\"Esther Vivas sobre 15 de Outubro: \u201cN\u00e3o pagamos a crise deles\u201d - PSOL 50\",\"isPartOf\":{\"@id\":\"https:\/\/psol50.org.br\/#website\"},\"primaryImageOfPage\":{\"@id\":\"https:\/\/psol50.org.br\/esther-vivas-sobre-15-de-outubro-nao-pagamos-a-crise-deles\/#primaryimage\"},\"image\":{\"@id\":\"https:\/\/psol50.org.br\/esther-vivas-sobre-15-de-outubro-nao-pagamos-a-crise-deles\/#primaryimage\"},\"thumbnailUrl\":\"http:\/\/psolinternacional.org\/inc\/uploads\/2011\/10\/esther-vivas1.jpg\",\"datePublished\":\"2011-10-12T00:00:00+00:00\",\"breadcrumb\":{\"@id\":\"https:\/\/psol50.org.br\/esther-vivas-sobre-15-de-outubro-nao-pagamos-a-crise-deles\/#breadcrumb\"},\"inLanguage\":\"pt-BR\",\"potentialAction\":[{\"@type\":\"ReadAction\",\"target\":[\"https:\/\/psol50.org.br\/esther-vivas-sobre-15-de-outubro-nao-pagamos-a-crise-deles\/\"]}]},{\"@type\":\"ImageObject\",\"inLanguage\":\"pt-BR\",\"@id\":\"https:\/\/psol50.org.br\/esther-vivas-sobre-15-de-outubro-nao-pagamos-a-crise-deles\/#primaryimage\",\"url\":\"http:\/\/psolinternacional.org\/inc\/uploads\/2011\/10\/esther-vivas1.jpg\",\"contentUrl\":\"http:\/\/psolinternacional.org\/inc\/uploads\/2011\/10\/esther-vivas1.jpg\"},{\"@type\":\"BreadcrumbList\",\"@id\":\"https:\/\/psol50.org.br\/esther-vivas-sobre-15-de-outubro-nao-pagamos-a-crise-deles\/#breadcrumb\",\"itemListElement\":[{\"@type\":\"ListItem\",\"position\":1,\"name\":\"In\u00edcio\",\"item\":\"https:\/\/psol50.org.br\/\"},{\"@type\":\"ListItem\",\"position\":2,\"name\":\"Esther Vivas sobre 15 de Outubro: \u201cN\u00e3o pagamos a crise deles\u201d\"}]},{\"@type\":\"WebSite\",\"@id\":\"https:\/\/psol50.org.br\/#website\",\"url\":\"https:\/\/psol50.org.br\/\",\"name\":\"PSOL 50\",\"description\":\"Site oficial do Partido Socialismo e Liberdade\",\"publisher\":{\"@id\":\"https:\/\/psol50.org.br\/#organization\"},\"alternateName\":\"PSOL50\",\"potentialAction\":[{\"@type\":\"SearchAction\",\"target\":{\"@type\":\"EntryPoint\",\"urlTemplate\":\"https:\/\/psol50.org.br\/?s={search_term_string}\"},\"query-input\":{\"@type\":\"PropertyValueSpecification\",\"valueRequired\":true,\"valueName\":\"search_term_string\"}}],\"inLanguage\":\"pt-BR\"},{\"@type\":\"Organization\",\"@id\":\"https:\/\/psol50.org.br\/#organization\",\"name\":\"PSOL 50\",\"alternateName\":\"PSOL 50\",\"url\":\"https:\/\/psol50.org.br\/\",\"logo\":{\"@type\":\"ImageObject\",\"inLanguage\":\"pt-BR\",\"@id\":\"https:\/\/psol50.org.br\/#\/schema\/logo\/image\/\",\"url\":\"https:\/\/psol50.org.br\/inc\/uploads\/2018\/07\/capa.png\",\"contentUrl\":\"https:\/\/psol50.org.br\/inc\/uploads\/2018\/07\/capa.png\",\"width\":1350,\"height\":900,\"caption\":\"PSOL 50\"},\"image\":{\"@id\":\"https:\/\/psol50.org.br\/#\/schema\/logo\/image\/\"},\"sameAs\":[\"https:\/\/www.facebook.com\/psol50\",\"https:\/\/x.com\/psol50\",\"https:\/\/www.instagram.com\/psol50\/\",\"https:\/\/www.youtube.com\/channel\/UC7SnJS5o1os7a6CaiNabzcg\"]},{\"@type\":\"Person\",\"@id\":\"https:\/\/psol50.org.br\/#\/schema\/person\/475dfa57d0b815993c714c2e96491fcd\",\"name\":\"Comunica\u00e7\u00e3o PSOL\",\"image\":{\"@type\":\"ImageObject\",\"inLanguage\":\"pt-BR\",\"@id\":\"https:\/\/psol50.org.br\/#\/schema\/person\/image\/\",\"url\":\"https:\/\/secure.gravatar.com\/avatar\/b34fc4f4e468a4e51785917065a3db57b841f5c95dba6ad8c73aaf8f66f8f9bf?s=96&d=mm&r=g\",\"contentUrl\":\"https:\/\/secure.gravatar.com\/avatar\/b34fc4f4e468a4e51785917065a3db57b841f5c95dba6ad8c73aaf8f66f8f9bf?s=96&d=mm&r=g\",\"caption\":\"Comunica\u00e7\u00e3o PSOL\"}}]}<\/script>\n<!-- \/ Yoast SEO plugin. -->","yoast_head_json":{"title":"Esther Vivas sobre 15 de Outubro: \u201cN\u00e3o pagamos a crise deles\u201d - PSOL 50","robots":{"index":"index","follow":"follow","max-snippet":"max-snippet:-1","max-image-preview":"max-image-preview:large","max-video-preview":"max-video-preview:-1"},"canonical":"https:\/\/psol50.org.br\/esther-vivas-sobre-15-de-outubro-nao-pagamos-a-crise-deles\/","og_locale":"pt_BR","og_type":"article","og_title":"Esther Vivas sobre 15 de Outubro: \u201cN\u00e3o pagamos a crise deles\u201d - PSOL 50","og_description":"De\u00a0http:\/\/www.combate.info Durante a Escola de Ver\u00e3o do NPA, o Combate trocou algumas palavras comEsther Vivas Esteve, da Izquierda Anticapitalista e activista do movimento dos Indignados na Catalunha. Como v\u00eas o movimento dos Indignados na Catalunha neste momento? Acredito que no Estado Espanhol entr\u00e1mos numa nova fase da mobiliza\u00e7\u00e3o social. As acampadas terminaram h\u00e1 poucos meses [&hellip;]","og_url":"https:\/\/psol50.org.br\/esther-vivas-sobre-15-de-outubro-nao-pagamos-a-crise-deles\/","og_site_name":"PSOL 50","article_publisher":"https:\/\/www.facebook.com\/psol50","article_published_time":"2011-10-12T00:00:00+00:00","og_image":[{"url":"http:\/\/psolinternacional.org\/inc\/uploads\/2011\/10\/esther-vivas1.jpg","type":"","width":"","height":""}],"author":"Comunica\u00e7\u00e3o PSOL","twitter_card":"summary_large_image","twitter_creator":"@psol50","twitter_site":"@psol50","twitter_misc":{"Escrito por":"Comunica\u00e7\u00e3o PSOL","Est. tempo de leitura":"2 minutos"},"schema":{"@context":"https:\/\/schema.org","@graph":[{"@type":"Article","@id":"https:\/\/psol50.org.br\/esther-vivas-sobre-15-de-outubro-nao-pagamos-a-crise-deles\/#article","isPartOf":{"@id":"https:\/\/psol50.org.br\/esther-vivas-sobre-15-de-outubro-nao-pagamos-a-crise-deles\/"},"author":{"name":"Comunica\u00e7\u00e3o PSOL","@id":"https:\/\/psol50.org.br\/#\/schema\/person\/475dfa57d0b815993c714c2e96491fcd"},"headline":"Esther Vivas sobre 15 de Outubro: \u201cN\u00e3o pagamos a crise deles\u201d","datePublished":"2011-10-12T00:00:00+00:00","mainEntityOfPage":{"@id":"https:\/\/psol50.org.br\/esther-vivas-sobre-15-de-outubro-nao-pagamos-a-crise-deles\/"},"wordCount":503,"commentCount":0,"publisher":{"@id":"https:\/\/psol50.org.br\/#organization"},"image":{"@id":"https:\/\/psol50.org.br\/esther-vivas-sobre-15-de-outubro-nao-pagamos-a-crise-deles\/#primaryimage"},"thumbnailUrl":"http:\/\/psolinternacional.org\/inc\/uploads\/2011\/10\/esther-vivas1.jpg","articleSection":["Arquivo"],"inLanguage":"pt-BR","potentialAction":[{"@type":"CommentAction","name":"Comment","target":["https:\/\/psol50.org.br\/esther-vivas-sobre-15-de-outubro-nao-pagamos-a-crise-deles\/#respond"]}]},{"@type":"WebPage","@id":"https:\/\/psol50.org.br\/esther-vivas-sobre-15-de-outubro-nao-pagamos-a-crise-deles\/","url":"https:\/\/psol50.org.br\/esther-vivas-sobre-15-de-outubro-nao-pagamos-a-crise-deles\/","name":"Esther Vivas sobre 15 de Outubro: \u201cN\u00e3o pagamos a crise deles\u201d - PSOL 50","isPartOf":{"@id":"https:\/\/psol50.org.br\/#website"},"primaryImageOfPage":{"@id":"https:\/\/psol50.org.br\/esther-vivas-sobre-15-de-outubro-nao-pagamos-a-crise-deles\/#primaryimage"},"image":{"@id":"https:\/\/psol50.org.br\/esther-vivas-sobre-15-de-outubro-nao-pagamos-a-crise-deles\/#primaryimage"},"thumbnailUrl":"http:\/\/psolinternacional.org\/inc\/uploads\/2011\/10\/esther-vivas1.jpg","datePublished":"2011-10-12T00:00:00+00:00","breadcrumb":{"@id":"https:\/\/psol50.org.br\/esther-vivas-sobre-15-de-outubro-nao-pagamos-a-crise-deles\/#breadcrumb"},"inLanguage":"pt-BR","potentialAction":[{"@type":"ReadAction","target":["https:\/\/psol50.org.br\/esther-vivas-sobre-15-de-outubro-nao-pagamos-a-crise-deles\/"]}]},{"@type":"ImageObject","inLanguage":"pt-BR","@id":"https:\/\/psol50.org.br\/esther-vivas-sobre-15-de-outubro-nao-pagamos-a-crise-deles\/#primaryimage","url":"http:\/\/psolinternacional.org\/inc\/uploads\/2011\/10\/esther-vivas1.jpg","contentUrl":"http:\/\/psolinternacional.org\/inc\/uploads\/2011\/10\/esther-vivas1.jpg"},{"@type":"BreadcrumbList","@id":"https:\/\/psol50.org.br\/esther-vivas-sobre-15-de-outubro-nao-pagamos-a-crise-deles\/#breadcrumb","itemListElement":[{"@type":"ListItem","position":1,"name":"In\u00edcio","item":"https:\/\/psol50.org.br\/"},{"@type":"ListItem","position":2,"name":"Esther Vivas sobre 15 de Outubro: \u201cN\u00e3o pagamos a crise deles\u201d"}]},{"@type":"WebSite","@id":"https:\/\/psol50.org.br\/#website","url":"https:\/\/psol50.org.br\/","name":"PSOL 50","description":"Site oficial do Partido Socialismo e Liberdade","publisher":{"@id":"https:\/\/psol50.org.br\/#organization"},"alternateName":"PSOL50","potentialAction":[{"@type":"SearchAction","target":{"@type":"EntryPoint","urlTemplate":"https:\/\/psol50.org.br\/?s={search_term_string}"},"query-input":{"@type":"PropertyValueSpecification","valueRequired":true,"valueName":"search_term_string"}}],"inLanguage":"pt-BR"},{"@type":"Organization","@id":"https:\/\/psol50.org.br\/#organization","name":"PSOL 50","alternateName":"PSOL 50","url":"https:\/\/psol50.org.br\/","logo":{"@type":"ImageObject","inLanguage":"pt-BR","@id":"https:\/\/psol50.org.br\/#\/schema\/logo\/image\/","url":"https:\/\/psol50.org.br\/inc\/uploads\/2018\/07\/capa.png","contentUrl":"https:\/\/psol50.org.br\/inc\/uploads\/2018\/07\/capa.png","width":1350,"height":900,"caption":"PSOL 50"},"image":{"@id":"https:\/\/psol50.org.br\/#\/schema\/logo\/image\/"},"sameAs":["https:\/\/www.facebook.com\/psol50","https:\/\/x.com\/psol50","https:\/\/www.instagram.com\/psol50\/","https:\/\/www.youtube.com\/channel\/UC7SnJS5o1os7a6CaiNabzcg"]},{"@type":"Person","@id":"https:\/\/psol50.org.br\/#\/schema\/person\/475dfa57d0b815993c714c2e96491fcd","name":"Comunica\u00e7\u00e3o PSOL","image":{"@type":"ImageObject","inLanguage":"pt-BR","@id":"https:\/\/psol50.org.br\/#\/schema\/person\/image\/","url":"https:\/\/secure.gravatar.com\/avatar\/b34fc4f4e468a4e51785917065a3db57b841f5c95dba6ad8c73aaf8f66f8f9bf?s=96&d=mm&r=g","contentUrl":"https:\/\/secure.gravatar.com\/avatar\/b34fc4f4e468a4e51785917065a3db57b841f5c95dba6ad8c73aaf8f66f8f9bf?s=96&d=mm&r=g","caption":"Comunica\u00e7\u00e3o PSOL"}}]}},"_links":{"self":[{"href":"https:\/\/psol50.org.br\/rest\/wp\/v2\/posts\/494","targetHints":{"allow":["GET"]}}],"collection":[{"href":"https:\/\/psol50.org.br\/rest\/wp\/v2\/posts"}],"about":[{"href":"https:\/\/psol50.org.br\/rest\/wp\/v2\/types\/post"}],"author":[{"embeddable":true,"href":"https:\/\/psol50.org.br\/rest\/wp\/v2\/users\/2"}],"replies":[{"embeddable":true,"href":"https:\/\/psol50.org.br\/rest\/wp\/v2\/comments?post=494"}],"version-history":[{"count":0,"href":"https:\/\/psol50.org.br\/rest\/wp\/v2\/posts\/494\/revisions"}],"wp:attachment":[{"href":"https:\/\/psol50.org.br\/rest\/wp\/v2\/media?parent=494"}],"wp:term":[{"taxonomy":"category","embeddable":true,"href":"https:\/\/psol50.org.br\/rest\/wp\/v2\/categories?post=494"},{"taxonomy":"post_tag","embeddable":true,"href":"https:\/\/psol50.org.br\/rest\/wp\/v2\/tags?post=494"}],"curies":[{"name":"wp","href":"https:\/\/api.w.org\/{rel}","templated":true}]}}