{"id":501,"date":"2011-10-20T00:00:00","date_gmt":"2011-10-20T00:00:00","guid":{"rendered":"http:\/\/psol50.org.br\/arquivo\/2011\/10\/20\/indigenas-aguardam-encontro-com-evo-morales\/"},"modified":"2011-10-20T00:00:00","modified_gmt":"2011-10-20T00:00:00","slug":"indigenas-aguardam-encontro-com-evo-morales","status":"publish","type":"post","link":"https:\/\/psol50.org.br\/indigenas-aguardam-encontro-com-evo-morales\/","title":{"rendered":"Ind\u00edgenas aguardam encontro com Evo Morales"},"content":{"rendered":"<p style=\"text-align: justify\"><img loading=\"lazy\" decoding=\"async\" class=\"aligncenter\" src=\"http:\/\/www.brasildefato.com.br\/sites\/default\/files\/201110190243.jpg\" alt=\"\" width=\"320\" height=\"213\" \/>Depois de 65 dias de marcha, milhares militantes de organiza\u00e7\u00f5es do movimento ind\u00edgena que se op\u00f5em \u00e0 constru\u00e7\u00e3o de uma estrada se reunir\u00e3o nesta quinta-feira (20) com o presidente Evo Morales. Na chegada a La Paz, nesta quarta-feira (19), os ind\u00edgenas foram recepcionados por centenas de pessoas e, nesse momento, est\u00e3o concentrados na Plaza Murillo, na regi\u00e3o central da cidade.<\/p>\n<p style=\"text-align: justify\">Segundo o presidente da Confedera\u00e7\u00e3o de Povos Ind\u00edgenas da Bol\u00edvia (Cidob), Adolfo Ch\u00e1vez, os marchantes &#8220;n\u00e3o regressar\u00e3o a Tipnis sem levar uma lei que pro\u00edba construir esse caminho&#8221;.<\/p>\n<p style=\"text-align: justify\">Desde 15 de agosto, cerca de duas mil pessoas marcham em protesto contra constru\u00e7\u00e3o de estrada na regi\u00e3o de San Ignacio de Moxos (Beni) e Villa Tunari (Cochabamba), que passa pela reserva de Tipnis (Territ\u00f3rio Ind\u00edgena Parque Nacional Isidoro S\u00e9cure), de 1,2 milh\u00e3o de hectares, ao lado do territ\u00f3rio brasileiro. De acordo com o plano, o percurso \u00e9 de aproximadamente 300 quil\u00f4metros, a um custo aproximado de 415 milh\u00f5es de d\u00f3lares, dos quais 332 milh\u00f5es (80%) s\u00e3o financiados pelo Banco Nacional de Desenvolvimento Econ\u00f4mico e Social (BNDES).<\/p>\n<p style=\"text-align: justify\">As autoridades bolivianas defendem a obra e alegam que a rodovia \u00e9 estrat\u00e9gica para o desenvolvimento do pa\u00eds. As organiza\u00e7\u00f5es, no entanto, afirmam que a obra favorece grupos econ\u00f4micos e causar\u00e1 um enorme dano ambiental na regi\u00e3o.<\/p>\n<p style=\"text-align: justify\">Para o ministro de Comunica\u00e7\u00e3o Social, Iv\u00e1n Canelas, &#8220;a convocat\u00f3ria do presidente \u00e9 uma clara mostra da vontade do governo de iniciar o di\u00e1logo para debater e buscar solu\u00e7\u00f5es para as demandas&#8221;.<\/p>\n<p><strong>Repress\u00e3o<\/strong><br \/>\nNo dia 25 de setembro, a violenta repress\u00e3o policial a uma manifesta\u00e7\u00e3o do movimento ind\u00edgena contr\u00e1rio \u00e0 constru\u00e7\u00e3o da estrada causou protestos e cr\u00edticas ao governo por parte de v\u00e1rios movimentos sociais.<\/p>\n<p style=\"text-align: justify\">Na ocasi\u00e3o, Morales garantiu puni\u00e7\u00e3o aos culpados e suspendeu as obras da estrada at\u00e9 que uma consulta nacional, centrada nos departamentos de Beni e Cochabamba, se pronuncie por sua continuidade.<\/p>\n<p style=\"text-align: justify\">A viol\u00eancia da pol\u00edcia contra os manifestantes levou ainda \u00e0 ren\u00fancia de quatro autoridades do governo boliviano &#8211; a ministra de Defesa, Cec\u00edlia Chac\u00f3n; a diretora geral de Migra\u00e7\u00e3o, Mar\u00eda Ren\u00e9 Quiroga; o vice-ministro do Interior, Marcos Farf\u00e1n; e o ministro de Governo, Sacha Llorenti.<\/p>\n<p style=\"text-align: justify\">\n<strong><em><a href=\"http:\/\/www.brasildefato.com.br\/content\/ind%C3%ADgenas-aguardam-encontro-com-evo\">*Fonte: Brasil de Fato (Com informa\u00e7\u00f5es de ag\u00eancias)<\/a><\/em><\/strong><\/p>\n","protected":false},"excerpt":{"rendered":"<p>Depois de 65 dias de marcha, milhares militantes de organiza\u00e7\u00f5es do movimento ind\u00edgena que se op\u00f5em \u00e0 constru\u00e7\u00e3o de uma estrada se reunir\u00e3o nesta quinta-feira (20) com o presidente Evo Morales. Na chegada a La Paz, nesta quarta-feira (19), os ind\u00edgenas foram recepcionados por centenas de pessoas e, nesse momento, est\u00e3o concentrados na Plaza Murillo, [&hellip;]<\/p>\n","protected":false},"author":2,"featured_media":0,"comment_status":"open","ping_status":"open","sticky":false,"template":"","format":"standard","meta":{"_acf_changed":false,"footnotes":""},"categories":[4766],"tags":[],"class_list":{"0":"post-501","1":"post","2":"type-post","3":"status-publish","4":"format-standard","6":"category-arquivo"},"acf":[],"yoast_head":"<!-- This site is optimized with the Yoast SEO plugin v26.5 - https:\/\/yoast.com\/wordpress\/plugins\/seo\/ -->\n<title>Ind\u00edgenas aguardam encontro com Evo Morales - PSOL 50<\/title>\n<meta name=\"robots\" content=\"index, follow, max-snippet:-1, max-image-preview:large, max-video-preview:-1\" \/>\n<link rel=\"canonical\" href=\"https:\/\/psol50.org.br\/indigenas-aguardam-encontro-com-evo-morales\/\" \/>\n<meta property=\"og:locale\" content=\"pt_BR\" \/>\n<meta property=\"og:type\" content=\"article\" \/>\n<meta property=\"og:title\" content=\"Ind\u00edgenas aguardam encontro com Evo Morales - PSOL 50\" \/>\n<meta property=\"og:description\" content=\"Depois de 65 dias de marcha, milhares militantes de organiza\u00e7\u00f5es do movimento ind\u00edgena que se op\u00f5em \u00e0 constru\u00e7\u00e3o de uma estrada se reunir\u00e3o nesta quinta-feira (20) com o presidente Evo Morales. Na chegada a La Paz, nesta quarta-feira (19), os ind\u00edgenas foram recepcionados por centenas de pessoas e, nesse momento, est\u00e3o concentrados na Plaza Murillo, [&hellip;]\" \/>\n<meta property=\"og:url\" content=\"https:\/\/psol50.org.br\/indigenas-aguardam-encontro-com-evo-morales\/\" \/>\n<meta property=\"og:site_name\" content=\"PSOL 50\" \/>\n<meta property=\"article:publisher\" content=\"https:\/\/www.facebook.com\/psol50\" \/>\n<meta property=\"article:published_time\" content=\"2011-10-20T00:00:00+00:00\" \/>\n<meta property=\"og:image\" content=\"http:\/\/www.brasildefato.com.br\/sites\/default\/files\/201110190243.jpg\" \/>\n<meta name=\"author\" content=\"Comunica\u00e7\u00e3o PSOL\" \/>\n<meta name=\"twitter:card\" content=\"summary_large_image\" \/>\n<meta name=\"twitter:creator\" content=\"@psol50\" \/>\n<meta name=\"twitter:site\" content=\"@psol50\" \/>\n<meta name=\"twitter:label1\" content=\"Escrito por\" \/>\n\t<meta name=\"twitter:data1\" content=\"Comunica\u00e7\u00e3o PSOL\" \/>\n\t<meta name=\"twitter:label2\" content=\"Est. tempo de leitura\" \/>\n\t<meta name=\"twitter:data2\" content=\"2 minutos\" \/>\n<script type=\"application\/ld+json\" class=\"yoast-schema-graph\">{\"@context\":\"https:\/\/schema.org\",\"@graph\":[{\"@type\":\"Article\",\"@id\":\"https:\/\/psol50.org.br\/indigenas-aguardam-encontro-com-evo-morales\/#article\",\"isPartOf\":{\"@id\":\"https:\/\/psol50.org.br\/indigenas-aguardam-encontro-com-evo-morales\/\"},\"author\":{\"name\":\"Comunica\u00e7\u00e3o PSOL\",\"@id\":\"https:\/\/psol50.org.br\/#\/schema\/person\/475dfa57d0b815993c714c2e96491fcd\"},\"headline\":\"Ind\u00edgenas aguardam encontro com Evo Morales\",\"datePublished\":\"2011-10-20T00:00:00+00:00\",\"mainEntityOfPage\":{\"@id\":\"https:\/\/psol50.org.br\/indigenas-aguardam-encontro-com-evo-morales\/\"},\"wordCount\":409,\"commentCount\":0,\"publisher\":{\"@id\":\"https:\/\/psol50.org.br\/#organization\"},\"image\":{\"@id\":\"https:\/\/psol50.org.br\/indigenas-aguardam-encontro-com-evo-morales\/#primaryimage\"},\"thumbnailUrl\":\"http:\/\/www.brasildefato.com.br\/sites\/default\/files\/201110190243.jpg\",\"articleSection\":[\"Arquivo\"],\"inLanguage\":\"pt-BR\",\"potentialAction\":[{\"@type\":\"CommentAction\",\"name\":\"Comment\",\"target\":[\"https:\/\/psol50.org.br\/indigenas-aguardam-encontro-com-evo-morales\/#respond\"]}]},{\"@type\":\"WebPage\",\"@id\":\"https:\/\/psol50.org.br\/indigenas-aguardam-encontro-com-evo-morales\/\",\"url\":\"https:\/\/psol50.org.br\/indigenas-aguardam-encontro-com-evo-morales\/\",\"name\":\"Ind\u00edgenas aguardam encontro com Evo Morales - PSOL 50\",\"isPartOf\":{\"@id\":\"https:\/\/psol50.org.br\/#website\"},\"primaryImageOfPage\":{\"@id\":\"https:\/\/psol50.org.br\/indigenas-aguardam-encontro-com-evo-morales\/#primaryimage\"},\"image\":{\"@id\":\"https:\/\/psol50.org.br\/indigenas-aguardam-encontro-com-evo-morales\/#primaryimage\"},\"thumbnailUrl\":\"http:\/\/www.brasildefato.com.br\/sites\/default\/files\/201110190243.jpg\",\"datePublished\":\"2011-10-20T00:00:00+00:00\",\"breadcrumb\":{\"@id\":\"https:\/\/psol50.org.br\/indigenas-aguardam-encontro-com-evo-morales\/#breadcrumb\"},\"inLanguage\":\"pt-BR\",\"potentialAction\":[{\"@type\":\"ReadAction\",\"target\":[\"https:\/\/psol50.org.br\/indigenas-aguardam-encontro-com-evo-morales\/\"]}]},{\"@type\":\"ImageObject\",\"inLanguage\":\"pt-BR\",\"@id\":\"https:\/\/psol50.org.br\/indigenas-aguardam-encontro-com-evo-morales\/#primaryimage\",\"url\":\"http:\/\/www.brasildefato.com.br\/sites\/default\/files\/201110190243.jpg\",\"contentUrl\":\"http:\/\/www.brasildefato.com.br\/sites\/default\/files\/201110190243.jpg\"},{\"@type\":\"BreadcrumbList\",\"@id\":\"https:\/\/psol50.org.br\/indigenas-aguardam-encontro-com-evo-morales\/#breadcrumb\",\"itemListElement\":[{\"@type\":\"ListItem\",\"position\":1,\"name\":\"In\u00edcio\",\"item\":\"https:\/\/psol50.org.br\/\"},{\"@type\":\"ListItem\",\"position\":2,\"name\":\"Ind\u00edgenas aguardam encontro com Evo Morales\"}]},{\"@type\":\"WebSite\",\"@id\":\"https:\/\/psol50.org.br\/#website\",\"url\":\"https:\/\/psol50.org.br\/\",\"name\":\"PSOL 50\",\"description\":\"Site oficial do Partido Socialismo e Liberdade\",\"publisher\":{\"@id\":\"https:\/\/psol50.org.br\/#organization\"},\"alternateName\":\"PSOL50\",\"potentialAction\":[{\"@type\":\"SearchAction\",\"target\":{\"@type\":\"EntryPoint\",\"urlTemplate\":\"https:\/\/psol50.org.br\/?s={search_term_string}\"},\"query-input\":{\"@type\":\"PropertyValueSpecification\",\"valueRequired\":true,\"valueName\":\"search_term_string\"}}],\"inLanguage\":\"pt-BR\"},{\"@type\":\"Organization\",\"@id\":\"https:\/\/psol50.org.br\/#organization\",\"name\":\"PSOL 50\",\"alternateName\":\"PSOL 50\",\"url\":\"https:\/\/psol50.org.br\/\",\"logo\":{\"@type\":\"ImageObject\",\"inLanguage\":\"pt-BR\",\"@id\":\"https:\/\/psol50.org.br\/#\/schema\/logo\/image\/\",\"url\":\"https:\/\/psol50.org.br\/inc\/uploads\/2018\/07\/capa.png\",\"contentUrl\":\"https:\/\/psol50.org.br\/inc\/uploads\/2018\/07\/capa.png\",\"width\":1350,\"height\":900,\"caption\":\"PSOL 50\"},\"image\":{\"@id\":\"https:\/\/psol50.org.br\/#\/schema\/logo\/image\/\"},\"sameAs\":[\"https:\/\/www.facebook.com\/psol50\",\"https:\/\/x.com\/psol50\",\"https:\/\/www.instagram.com\/psol50\/\",\"https:\/\/www.youtube.com\/channel\/UC7SnJS5o1os7a6CaiNabzcg\"]},{\"@type\":\"Person\",\"@id\":\"https:\/\/psol50.org.br\/#\/schema\/person\/475dfa57d0b815993c714c2e96491fcd\",\"name\":\"Comunica\u00e7\u00e3o PSOL\",\"image\":{\"@type\":\"ImageObject\",\"inLanguage\":\"pt-BR\",\"@id\":\"https:\/\/psol50.org.br\/#\/schema\/person\/image\/\",\"url\":\"https:\/\/secure.gravatar.com\/avatar\/b34fc4f4e468a4e51785917065a3db57b841f5c95dba6ad8c73aaf8f66f8f9bf?s=96&d=mm&r=g\",\"contentUrl\":\"https:\/\/secure.gravatar.com\/avatar\/b34fc4f4e468a4e51785917065a3db57b841f5c95dba6ad8c73aaf8f66f8f9bf?s=96&d=mm&r=g\",\"caption\":\"Comunica\u00e7\u00e3o PSOL\"}}]}<\/script>\n<!-- \/ Yoast SEO plugin. -->","yoast_head_json":{"title":"Ind\u00edgenas aguardam encontro com Evo Morales - PSOL 50","robots":{"index":"index","follow":"follow","max-snippet":"max-snippet:-1","max-image-preview":"max-image-preview:large","max-video-preview":"max-video-preview:-1"},"canonical":"https:\/\/psol50.org.br\/indigenas-aguardam-encontro-com-evo-morales\/","og_locale":"pt_BR","og_type":"article","og_title":"Ind\u00edgenas aguardam encontro com Evo Morales - PSOL 50","og_description":"Depois de 65 dias de marcha, milhares militantes de organiza\u00e7\u00f5es do movimento ind\u00edgena que se op\u00f5em \u00e0 constru\u00e7\u00e3o de uma estrada se reunir\u00e3o nesta quinta-feira (20) com o presidente Evo Morales. Na chegada a La Paz, nesta quarta-feira (19), os ind\u00edgenas foram recepcionados por centenas de pessoas e, nesse momento, est\u00e3o concentrados na Plaza Murillo, [&hellip;]","og_url":"https:\/\/psol50.org.br\/indigenas-aguardam-encontro-com-evo-morales\/","og_site_name":"PSOL 50","article_publisher":"https:\/\/www.facebook.com\/psol50","article_published_time":"2011-10-20T00:00:00+00:00","og_image":[{"url":"http:\/\/www.brasildefato.com.br\/sites\/default\/files\/201110190243.jpg","type":"","width":"","height":""}],"author":"Comunica\u00e7\u00e3o PSOL","twitter_card":"summary_large_image","twitter_creator":"@psol50","twitter_site":"@psol50","twitter_misc":{"Escrito por":"Comunica\u00e7\u00e3o PSOL","Est. tempo de leitura":"2 minutos"},"schema":{"@context":"https:\/\/schema.org","@graph":[{"@type":"Article","@id":"https:\/\/psol50.org.br\/indigenas-aguardam-encontro-com-evo-morales\/#article","isPartOf":{"@id":"https:\/\/psol50.org.br\/indigenas-aguardam-encontro-com-evo-morales\/"},"author":{"name":"Comunica\u00e7\u00e3o PSOL","@id":"https:\/\/psol50.org.br\/#\/schema\/person\/475dfa57d0b815993c714c2e96491fcd"},"headline":"Ind\u00edgenas aguardam encontro com Evo Morales","datePublished":"2011-10-20T00:00:00+00:00","mainEntityOfPage":{"@id":"https:\/\/psol50.org.br\/indigenas-aguardam-encontro-com-evo-morales\/"},"wordCount":409,"commentCount":0,"publisher":{"@id":"https:\/\/psol50.org.br\/#organization"},"image":{"@id":"https:\/\/psol50.org.br\/indigenas-aguardam-encontro-com-evo-morales\/#primaryimage"},"thumbnailUrl":"http:\/\/www.brasildefato.com.br\/sites\/default\/files\/201110190243.jpg","articleSection":["Arquivo"],"inLanguage":"pt-BR","potentialAction":[{"@type":"CommentAction","name":"Comment","target":["https:\/\/psol50.org.br\/indigenas-aguardam-encontro-com-evo-morales\/#respond"]}]},{"@type":"WebPage","@id":"https:\/\/psol50.org.br\/indigenas-aguardam-encontro-com-evo-morales\/","url":"https:\/\/psol50.org.br\/indigenas-aguardam-encontro-com-evo-morales\/","name":"Ind\u00edgenas aguardam encontro com Evo Morales - PSOL 50","isPartOf":{"@id":"https:\/\/psol50.org.br\/#website"},"primaryImageOfPage":{"@id":"https:\/\/psol50.org.br\/indigenas-aguardam-encontro-com-evo-morales\/#primaryimage"},"image":{"@id":"https:\/\/psol50.org.br\/indigenas-aguardam-encontro-com-evo-morales\/#primaryimage"},"thumbnailUrl":"http:\/\/www.brasildefato.com.br\/sites\/default\/files\/201110190243.jpg","datePublished":"2011-10-20T00:00:00+00:00","breadcrumb":{"@id":"https:\/\/psol50.org.br\/indigenas-aguardam-encontro-com-evo-morales\/#breadcrumb"},"inLanguage":"pt-BR","potentialAction":[{"@type":"ReadAction","target":["https:\/\/psol50.org.br\/indigenas-aguardam-encontro-com-evo-morales\/"]}]},{"@type":"ImageObject","inLanguage":"pt-BR","@id":"https:\/\/psol50.org.br\/indigenas-aguardam-encontro-com-evo-morales\/#primaryimage","url":"http:\/\/www.brasildefato.com.br\/sites\/default\/files\/201110190243.jpg","contentUrl":"http:\/\/www.brasildefato.com.br\/sites\/default\/files\/201110190243.jpg"},{"@type":"BreadcrumbList","@id":"https:\/\/psol50.org.br\/indigenas-aguardam-encontro-com-evo-morales\/#breadcrumb","itemListElement":[{"@type":"ListItem","position":1,"name":"In\u00edcio","item":"https:\/\/psol50.org.br\/"},{"@type":"ListItem","position":2,"name":"Ind\u00edgenas aguardam encontro com Evo Morales"}]},{"@type":"WebSite","@id":"https:\/\/psol50.org.br\/#website","url":"https:\/\/psol50.org.br\/","name":"PSOL 50","description":"Site oficial do Partido Socialismo e Liberdade","publisher":{"@id":"https:\/\/psol50.org.br\/#organization"},"alternateName":"PSOL50","potentialAction":[{"@type":"SearchAction","target":{"@type":"EntryPoint","urlTemplate":"https:\/\/psol50.org.br\/?s={search_term_string}"},"query-input":{"@type":"PropertyValueSpecification","valueRequired":true,"valueName":"search_term_string"}}],"inLanguage":"pt-BR"},{"@type":"Organization","@id":"https:\/\/psol50.org.br\/#organization","name":"PSOL 50","alternateName":"PSOL 50","url":"https:\/\/psol50.org.br\/","logo":{"@type":"ImageObject","inLanguage":"pt-BR","@id":"https:\/\/psol50.org.br\/#\/schema\/logo\/image\/","url":"https:\/\/psol50.org.br\/inc\/uploads\/2018\/07\/capa.png","contentUrl":"https:\/\/psol50.org.br\/inc\/uploads\/2018\/07\/capa.png","width":1350,"height":900,"caption":"PSOL 50"},"image":{"@id":"https:\/\/psol50.org.br\/#\/schema\/logo\/image\/"},"sameAs":["https:\/\/www.facebook.com\/psol50","https:\/\/x.com\/psol50","https:\/\/www.instagram.com\/psol50\/","https:\/\/www.youtube.com\/channel\/UC7SnJS5o1os7a6CaiNabzcg"]},{"@type":"Person","@id":"https:\/\/psol50.org.br\/#\/schema\/person\/475dfa57d0b815993c714c2e96491fcd","name":"Comunica\u00e7\u00e3o PSOL","image":{"@type":"ImageObject","inLanguage":"pt-BR","@id":"https:\/\/psol50.org.br\/#\/schema\/person\/image\/","url":"https:\/\/secure.gravatar.com\/avatar\/b34fc4f4e468a4e51785917065a3db57b841f5c95dba6ad8c73aaf8f66f8f9bf?s=96&d=mm&r=g","contentUrl":"https:\/\/secure.gravatar.com\/avatar\/b34fc4f4e468a4e51785917065a3db57b841f5c95dba6ad8c73aaf8f66f8f9bf?s=96&d=mm&r=g","caption":"Comunica\u00e7\u00e3o PSOL"}}]}},"_links":{"self":[{"href":"https:\/\/psol50.org.br\/rest\/wp\/v2\/posts\/501","targetHints":{"allow":["GET"]}}],"collection":[{"href":"https:\/\/psol50.org.br\/rest\/wp\/v2\/posts"}],"about":[{"href":"https:\/\/psol50.org.br\/rest\/wp\/v2\/types\/post"}],"author":[{"embeddable":true,"href":"https:\/\/psol50.org.br\/rest\/wp\/v2\/users\/2"}],"replies":[{"embeddable":true,"href":"https:\/\/psol50.org.br\/rest\/wp\/v2\/comments?post=501"}],"version-history":[{"count":0,"href":"https:\/\/psol50.org.br\/rest\/wp\/v2\/posts\/501\/revisions"}],"wp:attachment":[{"href":"https:\/\/psol50.org.br\/rest\/wp\/v2\/media?parent=501"}],"wp:term":[{"taxonomy":"category","embeddable":true,"href":"https:\/\/psol50.org.br\/rest\/wp\/v2\/categories?post=501"},{"taxonomy":"post_tag","embeddable":true,"href":"https:\/\/psol50.org.br\/rest\/wp\/v2\/tags?post=501"}],"curies":[{"name":"wp","href":"https:\/\/api.w.org\/{rel}","templated":true}]}}