{"id":508,"date":"2011-10-31T00:00:00","date_gmt":"2011-10-31T00:00:00","guid":{"rendered":"http:\/\/psol50.org.br\/arquivo\/2011\/10\/31\/a-espanha-prepara-a-volta-gloriosa-da-direita-furiosa\/"},"modified":"2011-10-31T00:00:00","modified_gmt":"2011-10-31T00:00:00","slug":"a-espanha-prepara-a-volta-gloriosa-da-direita-furiosa","status":"publish","type":"post","link":"https:\/\/psol50.org.br\/a-espanha-prepara-a-volta-gloriosa-da-direita-furiosa\/","title":{"rendered":"A Espanha prepara a volta gloriosa da direita furiosa"},"content":{"rendered":"<p style=\"text-align: justify\"><strong><a href=\"http:\/\/psol50.org.br\/blog\/2011\/10\/31\/a-espanha-prepara-a-volta-gloriosa-da-direita-furiosa\/marianorajoy\/\" rel=\"attachment wp-att-11808\"><img loading=\"lazy\" decoding=\"async\" class=\"alignleft size-medium wp-image-11808\" src=\"http:\/\/psol50.org.br\/files\/2011\/10\/MarianoRajoy-300x199.jpg\" alt=\"\" width=\"300\" height=\"199\" \/><\/a>*Por Eric Nepomuceno<\/strong><\/p>\n<p style=\"text-align: justify\">Na Espanha, h\u00e1 duas d\u00favidas concretas sobre o que acontecer\u00e1 depois do domingo, 20 de novembro, dia de elei\u00e7\u00f5es gerais. A primeira d\u00favida: qual a extens\u00e3o da tremenda sova que os socialistas levar\u00e3o nas urnas? <em><strong>A segunda: at\u00e9 que ponto o programa da direita mais ran\u00e7osa, a do Partido Popular, ir\u00e1 acabar de sacudir um pa\u00eds que j\u00e1 est\u00e1 tremelicante?<\/strong><\/em><\/p>\n<p>Mariano Rajoy, candidato do PP \u00e0 presid\u00eancia do governo (a Espanha n\u00e3o tem primeiro-ministro: tem presidente de governo), j\u00e1 deixou claro que haver\u00e1 cortes nos sal\u00e1rios, menos impostos ao capital, que a lei de aborto ser\u00e1 mudada, mas tudo que ele diz \u00e9 t\u00e3o amb\u00edguo que mesmo mudan\u00e7as t\u00e3o radicais como essas s\u00e3o anunciadas sem deixar claro o que ele realmente pretende fazer.<\/p>\n<p>A quest\u00e3o fiscal, por exemplo, \u00e9 t\u00e3o nebulosa que ningu\u00e9m se arrisca sequer a adivinhar o que o PP est\u00e1 pretendendo. Mas j\u00e1 \u00e9 poss\u00edvel prever um forte incentivo ao capital especulativo, \u00e0s invers\u00f5es na bolsa de valores, um favorecimento claro aos planos privados de aposentadoria \u2013 enfim, tratar\u00e3o com o devido carinho quem tem (ainda tem) dinheiro e vive relativamente acomodado. Exatamente o contr\u00e1rio do que anunciam os socialistas: aumento de impostos ao capital, aos bancos, aos grandes patrim\u00f4nios.<\/p>\n<p>Dois portos at\u00e9 pouco tempo seguros no cotidiano dos espanh\u00f3is \u2013 a sa\u00fade e a educa\u00e7\u00e3o p\u00fablicas \u2013 est\u00e3o vendo seus recursos minguarem rapidamente. A direita n\u00e3o anuncia nenhum novo corte nesses or\u00e7amentos, mas nem pensa em apresentar mecanismos que devolvam os recursos que est\u00e3o sendo reduzidos com a queda na arrecada\u00e7\u00e3o fiscal, gra\u00e7as \u00e0 crise que varre o pa\u00eds. A proposta que at\u00e9 a direita francesa defende \u2013 aumentar o imposto \u00e0s grandes fortunas para manter servi\u00e7os p\u00fablicos de educa\u00e7\u00e3o e sa\u00fade \u2013 nem passa perto da direita espanhola.<\/p>\n<p>Ningu\u00e9m, na Espanha, acredita nessa hist\u00f3ria de que n\u00e3o haver\u00e1 cortes. Da mesma forma que s\u00e3o esperadas mudan\u00e7as dr\u00e1sticas na legisla\u00e7\u00e3o laboral, embora, uma vez mais, o candidato do Partido Popular n\u00e3o deixe pistas claras indicando o que pretende fazer. A tal flexibiliza\u00e7\u00e3o da legisla\u00e7\u00e3o significar\u00e1, na pr\u00e1tica, cortes de sal\u00e1rios, menos espa\u00e7o para negocia\u00e7\u00e3o com as patronais, perda de direitos adquiridos ao longo das \u00faltimas muitas d\u00e9cadas.<\/p>\n<p>Para cativar ainda mais os setores conservadores do eleitorado, Rajoy assegura que far\u00e1 profundas revis\u00f5es na lei de aborto. N\u00e3o diz quais, nem como.<\/p>\n<p>Quanto aos socialistas, que tiveram com Jos\u00e9 Luis Rodr\u00edguez Zapatero um governo cada vez mais distante da social-democracia, resta ver qual a dimens\u00e3o de sua derrota. \u00c9 como se o eleitorado j\u00e1 tivesse decidido quem dever\u00e1 ser duramente punido pela crise: o Partido Socialista Oper\u00e1rio Espanhol.<\/p>\n<p>O candidato do PSOE, Alfredo P\u00e9rez Rubalcaba, se esfor\u00e7ou ao m\u00e1ximo, durante sua campanha, para se situar \u00e0 esquerda de Zapatero, deixando claro que pretendia retomar princ\u00edpios e programas da social-democracia. No fundo, estava e est\u00e1 correndo atr\u00e1s dos eleitores indecisos. O problema \u00e9 que a crise \u00e9 dr\u00e1stica. H\u00e1 cinco milh\u00f5es de desempregados, ou seja, pouco mais de dez por cento da popula\u00e7\u00e3o (22% da for\u00e7a de trabalho).<\/p>\n<p>Entre os jovens com menos de 29 anos, essa cifra ronda a casa dos 34%. O desgaste \u00e9 evidente, a falta de qualquer perspectiva tamb\u00e9m. Ainda assim, vale recordar que o seguro-desemprego beneficia 80% dos desempregados. At\u00e9 quando ser\u00e1 poss\u00edvel manter essa situa\u00e7\u00e3o, ningu\u00e9m sabe, dentro ou fora do governo.<\/p>\n<p>Em 2008, o PSOE conseguiu 169 deputados. Agora, espera conseguir pelo menos 130. As pesquisas eleitorais dizem que a vantagem da direita sobre os socialistas ser\u00e1 de uns 15 pontos. Se esse panorama se confirmar, o PSOE n\u00e3o conseguir\u00e1 mais do que 120. A sova dever\u00e1 ser mais dr\u00e1stica na Andaluzia e na Catalunha, tradicionais zonas de alta vota\u00e7\u00e3o para a esquerda, mas os analistas prev\u00eaem que os socialistas ter\u00e3o perdas por todo o mapa da Espanha..<\/p>\n<p>A crise econ\u00f4mica far\u00e1, ent\u00e3o, sua primeira grande v\u00edtima na Espanha: o partido que oscilou entre seus princ\u00edpios e a capitula\u00e7\u00e3o total aos des\u00edgnios de um cen\u00e1rio que n\u00e3o favorece, sob nenhum aspecto, aquele que seria seu eleitorado natural. H\u00e1 centenas de milhares de eleitores do PSOE dispostos ao voto de castigo contra os que consideram respons\u00e1veis pela situa\u00e7\u00e3o que enfrentam.<\/p>\n<p>Resta ver se, ao castigar o governo socialista e levar a direita de volta ao poder \u2013 especialmente num momento t\u00e3o especialmente dif\u00edcil \u2013, n\u00e3o estar\u00e3o castigando sobretudo a si pr\u00f3prios.<\/p>\n<p>H\u00e1, enfim, uma ironia nesse quadro: foi num 20 de novembro que morreu o ditador Francisco Franco, o de 1975. Dar \u00e0 direita, nesse dia, uma vit\u00f3ria t\u00e3o contundente como a que se insinua, ser\u00e1 uma homenagem ao passado nefasto.<\/p>\n<p style=\"text-align: justify\"><a href=\"http:\/\/www.cartamaior.com.br\/templates\/materiaMostrar.cfm?materia_id=18862\"><em><strong>*Fonte: Carta Maior<\/strong><\/em><\/a><\/p>\n","protected":false},"excerpt":{"rendered":"<p>*Por Eric Nepomuceno Na Espanha, h\u00e1 duas d\u00favidas concretas sobre o que acontecer\u00e1 depois do domingo, 20 de novembro, dia de elei\u00e7\u00f5es gerais. A primeira d\u00favida: qual a extens\u00e3o da tremenda sova que os socialistas levar\u00e3o nas urnas? A segunda: at\u00e9 que ponto o programa da direita mais ran\u00e7osa, a do Partido Popular, ir\u00e1 acabar [&hellip;]<\/p>\n","protected":false},"author":2,"featured_media":0,"comment_status":"open","ping_status":"open","sticky":false,"template":"","format":"standard","meta":{"_acf_changed":false,"footnotes":""},"categories":[4766,3605,836],"tags":[2753,790,1216,2138],"class_list":{"0":"post-508","1":"post","2":"type-post","3":"status-publish","4":"format-standard","7":"category-espanha","9":"tag-espanha","10":"tag-esquerda","11":"tag-internacional","12":"tag-podemos"},"acf":[],"yoast_head":"<!-- This site is optimized with the Yoast SEO plugin v26.5 - https:\/\/yoast.com\/wordpress\/plugins\/seo\/ -->\n<title>A Espanha prepara a volta gloriosa da direita furiosa - PSOL 50<\/title>\n<meta name=\"robots\" content=\"index, follow, max-snippet:-1, max-image-preview:large, max-video-preview:-1\" \/>\n<link rel=\"canonical\" href=\"https:\/\/psol50.org.br\/a-espanha-prepara-a-volta-gloriosa-da-direita-furiosa\/\" \/>\n<meta property=\"og:locale\" content=\"pt_BR\" \/>\n<meta property=\"og:type\" content=\"article\" \/>\n<meta property=\"og:title\" content=\"A Espanha prepara a volta gloriosa da direita furiosa - PSOL 50\" \/>\n<meta property=\"og:description\" content=\"*Por Eric Nepomuceno Na Espanha, h\u00e1 duas d\u00favidas concretas sobre o que acontecer\u00e1 depois do domingo, 20 de novembro, dia de elei\u00e7\u00f5es gerais. A primeira d\u00favida: qual a extens\u00e3o da tremenda sova que os socialistas levar\u00e3o nas urnas? A segunda: at\u00e9 que ponto o programa da direita mais ran\u00e7osa, a do Partido Popular, ir\u00e1 acabar [&hellip;]\" \/>\n<meta property=\"og:url\" content=\"https:\/\/psol50.org.br\/a-espanha-prepara-a-volta-gloriosa-da-direita-furiosa\/\" \/>\n<meta property=\"og:site_name\" content=\"PSOL 50\" \/>\n<meta property=\"article:publisher\" content=\"https:\/\/www.facebook.com\/psol50\" \/>\n<meta property=\"article:published_time\" content=\"2011-10-31T00:00:00+00:00\" \/>\n<meta property=\"og:image\" content=\"http:\/\/psol50.org.br\/files\/2011\/10\/MarianoRajoy-300x199.jpg\" \/>\n<meta name=\"author\" content=\"Comunica\u00e7\u00e3o PSOL\" \/>\n<meta name=\"twitter:card\" content=\"summary_large_image\" \/>\n<meta name=\"twitter:creator\" content=\"@psol50\" \/>\n<meta name=\"twitter:site\" content=\"@psol50\" \/>\n<meta name=\"twitter:label1\" content=\"Escrito por\" \/>\n\t<meta name=\"twitter:data1\" content=\"Comunica\u00e7\u00e3o PSOL\" \/>\n\t<meta name=\"twitter:label2\" content=\"Est. tempo de leitura\" \/>\n\t<meta name=\"twitter:data2\" content=\"4 minutos\" \/>\n<script type=\"application\/ld+json\" class=\"yoast-schema-graph\">{\"@context\":\"https:\/\/schema.org\",\"@graph\":[{\"@type\":\"Article\",\"@id\":\"https:\/\/psol50.org.br\/a-espanha-prepara-a-volta-gloriosa-da-direita-furiosa\/#article\",\"isPartOf\":{\"@id\":\"https:\/\/psol50.org.br\/a-espanha-prepara-a-volta-gloriosa-da-direita-furiosa\/\"},\"author\":{\"name\":\"Comunica\u00e7\u00e3o PSOL\",\"@id\":\"https:\/\/psol50.org.br\/#\/schema\/person\/475dfa57d0b815993c714c2e96491fcd\"},\"headline\":\"A Espanha prepara a volta gloriosa da direita furiosa\",\"datePublished\":\"2011-10-31T00:00:00+00:00\",\"mainEntityOfPage\":{\"@id\":\"https:\/\/psol50.org.br\/a-espanha-prepara-a-volta-gloriosa-da-direita-furiosa\/\"},\"wordCount\":837,\"commentCount\":0,\"publisher\":{\"@id\":\"https:\/\/psol50.org.br\/#organization\"},\"image\":{\"@id\":\"https:\/\/psol50.org.br\/a-espanha-prepara-a-volta-gloriosa-da-direita-furiosa\/#primaryimage\"},\"thumbnailUrl\":\"http:\/\/psol50.org.br\/files\/2011\/10\/MarianoRajoy-300x199.jpg\",\"keywords\":[\"Espanha\",\"esquerda\",\"Internacional\",\"Podemos\"],\"articleSection\":[\"Arquivo\",\"Espanha\",\"Internacional\"],\"inLanguage\":\"pt-BR\",\"potentialAction\":[{\"@type\":\"CommentAction\",\"name\":\"Comment\",\"target\":[\"https:\/\/psol50.org.br\/a-espanha-prepara-a-volta-gloriosa-da-direita-furiosa\/#respond\"]}]},{\"@type\":\"WebPage\",\"@id\":\"https:\/\/psol50.org.br\/a-espanha-prepara-a-volta-gloriosa-da-direita-furiosa\/\",\"url\":\"https:\/\/psol50.org.br\/a-espanha-prepara-a-volta-gloriosa-da-direita-furiosa\/\",\"name\":\"A Espanha prepara a volta gloriosa da direita furiosa - PSOL 50\",\"isPartOf\":{\"@id\":\"https:\/\/psol50.org.br\/#website\"},\"primaryImageOfPage\":{\"@id\":\"https:\/\/psol50.org.br\/a-espanha-prepara-a-volta-gloriosa-da-direita-furiosa\/#primaryimage\"},\"image\":{\"@id\":\"https:\/\/psol50.org.br\/a-espanha-prepara-a-volta-gloriosa-da-direita-furiosa\/#primaryimage\"},\"thumbnailUrl\":\"http:\/\/psol50.org.br\/files\/2011\/10\/MarianoRajoy-300x199.jpg\",\"datePublished\":\"2011-10-31T00:00:00+00:00\",\"breadcrumb\":{\"@id\":\"https:\/\/psol50.org.br\/a-espanha-prepara-a-volta-gloriosa-da-direita-furiosa\/#breadcrumb\"},\"inLanguage\":\"pt-BR\",\"potentialAction\":[{\"@type\":\"ReadAction\",\"target\":[\"https:\/\/psol50.org.br\/a-espanha-prepara-a-volta-gloriosa-da-direita-furiosa\/\"]}]},{\"@type\":\"ImageObject\",\"inLanguage\":\"pt-BR\",\"@id\":\"https:\/\/psol50.org.br\/a-espanha-prepara-a-volta-gloriosa-da-direita-furiosa\/#primaryimage\",\"url\":\"http:\/\/psol50.org.br\/files\/2011\/10\/MarianoRajoy-300x199.jpg\",\"contentUrl\":\"http:\/\/psol50.org.br\/files\/2011\/10\/MarianoRajoy-300x199.jpg\"},{\"@type\":\"BreadcrumbList\",\"@id\":\"https:\/\/psol50.org.br\/a-espanha-prepara-a-volta-gloriosa-da-direita-furiosa\/#breadcrumb\",\"itemListElement\":[{\"@type\":\"ListItem\",\"position\":1,\"name\":\"In\u00edcio\",\"item\":\"https:\/\/psol50.org.br\/\"},{\"@type\":\"ListItem\",\"position\":2,\"name\":\"A Espanha prepara a volta gloriosa da direita furiosa\"}]},{\"@type\":\"WebSite\",\"@id\":\"https:\/\/psol50.org.br\/#website\",\"url\":\"https:\/\/psol50.org.br\/\",\"name\":\"PSOL 50\",\"description\":\"Site oficial do Partido Socialismo e Liberdade\",\"publisher\":{\"@id\":\"https:\/\/psol50.org.br\/#organization\"},\"alternateName\":\"PSOL50\",\"potentialAction\":[{\"@type\":\"SearchAction\",\"target\":{\"@type\":\"EntryPoint\",\"urlTemplate\":\"https:\/\/psol50.org.br\/?s={search_term_string}\"},\"query-input\":{\"@type\":\"PropertyValueSpecification\",\"valueRequired\":true,\"valueName\":\"search_term_string\"}}],\"inLanguage\":\"pt-BR\"},{\"@type\":\"Organization\",\"@id\":\"https:\/\/psol50.org.br\/#organization\",\"name\":\"PSOL 50\",\"alternateName\":\"PSOL 50\",\"url\":\"https:\/\/psol50.org.br\/\",\"logo\":{\"@type\":\"ImageObject\",\"inLanguage\":\"pt-BR\",\"@id\":\"https:\/\/psol50.org.br\/#\/schema\/logo\/image\/\",\"url\":\"https:\/\/psol50.org.br\/inc\/uploads\/2018\/07\/capa.png\",\"contentUrl\":\"https:\/\/psol50.org.br\/inc\/uploads\/2018\/07\/capa.png\",\"width\":1350,\"height\":900,\"caption\":\"PSOL 50\"},\"image\":{\"@id\":\"https:\/\/psol50.org.br\/#\/schema\/logo\/image\/\"},\"sameAs\":[\"https:\/\/www.facebook.com\/psol50\",\"https:\/\/x.com\/psol50\",\"https:\/\/www.instagram.com\/psol50\/\",\"https:\/\/www.youtube.com\/channel\/UC7SnJS5o1os7a6CaiNabzcg\"]},{\"@type\":\"Person\",\"@id\":\"https:\/\/psol50.org.br\/#\/schema\/person\/475dfa57d0b815993c714c2e96491fcd\",\"name\":\"Comunica\u00e7\u00e3o PSOL\",\"image\":{\"@type\":\"ImageObject\",\"inLanguage\":\"pt-BR\",\"@id\":\"https:\/\/psol50.org.br\/#\/schema\/person\/image\/\",\"url\":\"https:\/\/secure.gravatar.com\/avatar\/b34fc4f4e468a4e51785917065a3db57b841f5c95dba6ad8c73aaf8f66f8f9bf?s=96&d=mm&r=g\",\"contentUrl\":\"https:\/\/secure.gravatar.com\/avatar\/b34fc4f4e468a4e51785917065a3db57b841f5c95dba6ad8c73aaf8f66f8f9bf?s=96&d=mm&r=g\",\"caption\":\"Comunica\u00e7\u00e3o PSOL\"}}]}<\/script>\n<!-- \/ Yoast SEO plugin. -->","yoast_head_json":{"title":"A Espanha prepara a volta gloriosa da direita furiosa - PSOL 50","robots":{"index":"index","follow":"follow","max-snippet":"max-snippet:-1","max-image-preview":"max-image-preview:large","max-video-preview":"max-video-preview:-1"},"canonical":"https:\/\/psol50.org.br\/a-espanha-prepara-a-volta-gloriosa-da-direita-furiosa\/","og_locale":"pt_BR","og_type":"article","og_title":"A Espanha prepara a volta gloriosa da direita furiosa - PSOL 50","og_description":"*Por Eric Nepomuceno Na Espanha, h\u00e1 duas d\u00favidas concretas sobre o que acontecer\u00e1 depois do domingo, 20 de novembro, dia de elei\u00e7\u00f5es gerais. A primeira d\u00favida: qual a extens\u00e3o da tremenda sova que os socialistas levar\u00e3o nas urnas? A segunda: at\u00e9 que ponto o programa da direita mais ran\u00e7osa, a do Partido Popular, ir\u00e1 acabar [&hellip;]","og_url":"https:\/\/psol50.org.br\/a-espanha-prepara-a-volta-gloriosa-da-direita-furiosa\/","og_site_name":"PSOL 50","article_publisher":"https:\/\/www.facebook.com\/psol50","article_published_time":"2011-10-31T00:00:00+00:00","og_image":[{"url":"http:\/\/psol50.org.br\/files\/2011\/10\/MarianoRajoy-300x199.jpg","type":"","width":"","height":""}],"author":"Comunica\u00e7\u00e3o PSOL","twitter_card":"summary_large_image","twitter_creator":"@psol50","twitter_site":"@psol50","twitter_misc":{"Escrito por":"Comunica\u00e7\u00e3o PSOL","Est. tempo de leitura":"4 minutos"},"schema":{"@context":"https:\/\/schema.org","@graph":[{"@type":"Article","@id":"https:\/\/psol50.org.br\/a-espanha-prepara-a-volta-gloriosa-da-direita-furiosa\/#article","isPartOf":{"@id":"https:\/\/psol50.org.br\/a-espanha-prepara-a-volta-gloriosa-da-direita-furiosa\/"},"author":{"name":"Comunica\u00e7\u00e3o PSOL","@id":"https:\/\/psol50.org.br\/#\/schema\/person\/475dfa57d0b815993c714c2e96491fcd"},"headline":"A Espanha prepara a volta gloriosa da direita furiosa","datePublished":"2011-10-31T00:00:00+00:00","mainEntityOfPage":{"@id":"https:\/\/psol50.org.br\/a-espanha-prepara-a-volta-gloriosa-da-direita-furiosa\/"},"wordCount":837,"commentCount":0,"publisher":{"@id":"https:\/\/psol50.org.br\/#organization"},"image":{"@id":"https:\/\/psol50.org.br\/a-espanha-prepara-a-volta-gloriosa-da-direita-furiosa\/#primaryimage"},"thumbnailUrl":"http:\/\/psol50.org.br\/files\/2011\/10\/MarianoRajoy-300x199.jpg","keywords":["Espanha","esquerda","Internacional","Podemos"],"articleSection":["Arquivo","Espanha","Internacional"],"inLanguage":"pt-BR","potentialAction":[{"@type":"CommentAction","name":"Comment","target":["https:\/\/psol50.org.br\/a-espanha-prepara-a-volta-gloriosa-da-direita-furiosa\/#respond"]}]},{"@type":"WebPage","@id":"https:\/\/psol50.org.br\/a-espanha-prepara-a-volta-gloriosa-da-direita-furiosa\/","url":"https:\/\/psol50.org.br\/a-espanha-prepara-a-volta-gloriosa-da-direita-furiosa\/","name":"A Espanha prepara a volta gloriosa da direita furiosa - PSOL 50","isPartOf":{"@id":"https:\/\/psol50.org.br\/#website"},"primaryImageOfPage":{"@id":"https:\/\/psol50.org.br\/a-espanha-prepara-a-volta-gloriosa-da-direita-furiosa\/#primaryimage"},"image":{"@id":"https:\/\/psol50.org.br\/a-espanha-prepara-a-volta-gloriosa-da-direita-furiosa\/#primaryimage"},"thumbnailUrl":"http:\/\/psol50.org.br\/files\/2011\/10\/MarianoRajoy-300x199.jpg","datePublished":"2011-10-31T00:00:00+00:00","breadcrumb":{"@id":"https:\/\/psol50.org.br\/a-espanha-prepara-a-volta-gloriosa-da-direita-furiosa\/#breadcrumb"},"inLanguage":"pt-BR","potentialAction":[{"@type":"ReadAction","target":["https:\/\/psol50.org.br\/a-espanha-prepara-a-volta-gloriosa-da-direita-furiosa\/"]}]},{"@type":"ImageObject","inLanguage":"pt-BR","@id":"https:\/\/psol50.org.br\/a-espanha-prepara-a-volta-gloriosa-da-direita-furiosa\/#primaryimage","url":"http:\/\/psol50.org.br\/files\/2011\/10\/MarianoRajoy-300x199.jpg","contentUrl":"http:\/\/psol50.org.br\/files\/2011\/10\/MarianoRajoy-300x199.jpg"},{"@type":"BreadcrumbList","@id":"https:\/\/psol50.org.br\/a-espanha-prepara-a-volta-gloriosa-da-direita-furiosa\/#breadcrumb","itemListElement":[{"@type":"ListItem","position":1,"name":"In\u00edcio","item":"https:\/\/psol50.org.br\/"},{"@type":"ListItem","position":2,"name":"A Espanha prepara a volta gloriosa da direita furiosa"}]},{"@type":"WebSite","@id":"https:\/\/psol50.org.br\/#website","url":"https:\/\/psol50.org.br\/","name":"PSOL 50","description":"Site oficial do Partido Socialismo e Liberdade","publisher":{"@id":"https:\/\/psol50.org.br\/#organization"},"alternateName":"PSOL50","potentialAction":[{"@type":"SearchAction","target":{"@type":"EntryPoint","urlTemplate":"https:\/\/psol50.org.br\/?s={search_term_string}"},"query-input":{"@type":"PropertyValueSpecification","valueRequired":true,"valueName":"search_term_string"}}],"inLanguage":"pt-BR"},{"@type":"Organization","@id":"https:\/\/psol50.org.br\/#organization","name":"PSOL 50","alternateName":"PSOL 50","url":"https:\/\/psol50.org.br\/","logo":{"@type":"ImageObject","inLanguage":"pt-BR","@id":"https:\/\/psol50.org.br\/#\/schema\/logo\/image\/","url":"https:\/\/psol50.org.br\/inc\/uploads\/2018\/07\/capa.png","contentUrl":"https:\/\/psol50.org.br\/inc\/uploads\/2018\/07\/capa.png","width":1350,"height":900,"caption":"PSOL 50"},"image":{"@id":"https:\/\/psol50.org.br\/#\/schema\/logo\/image\/"},"sameAs":["https:\/\/www.facebook.com\/psol50","https:\/\/x.com\/psol50","https:\/\/www.instagram.com\/psol50\/","https:\/\/www.youtube.com\/channel\/UC7SnJS5o1os7a6CaiNabzcg"]},{"@type":"Person","@id":"https:\/\/psol50.org.br\/#\/schema\/person\/475dfa57d0b815993c714c2e96491fcd","name":"Comunica\u00e7\u00e3o PSOL","image":{"@type":"ImageObject","inLanguage":"pt-BR","@id":"https:\/\/psol50.org.br\/#\/schema\/person\/image\/","url":"https:\/\/secure.gravatar.com\/avatar\/b34fc4f4e468a4e51785917065a3db57b841f5c95dba6ad8c73aaf8f66f8f9bf?s=96&d=mm&r=g","contentUrl":"https:\/\/secure.gravatar.com\/avatar\/b34fc4f4e468a4e51785917065a3db57b841f5c95dba6ad8c73aaf8f66f8f9bf?s=96&d=mm&r=g","caption":"Comunica\u00e7\u00e3o PSOL"}}]}},"_links":{"self":[{"href":"https:\/\/psol50.org.br\/rest\/wp\/v2\/posts\/508","targetHints":{"allow":["GET"]}}],"collection":[{"href":"https:\/\/psol50.org.br\/rest\/wp\/v2\/posts"}],"about":[{"href":"https:\/\/psol50.org.br\/rest\/wp\/v2\/types\/post"}],"author":[{"embeddable":true,"href":"https:\/\/psol50.org.br\/rest\/wp\/v2\/users\/2"}],"replies":[{"embeddable":true,"href":"https:\/\/psol50.org.br\/rest\/wp\/v2\/comments?post=508"}],"version-history":[{"count":0,"href":"https:\/\/psol50.org.br\/rest\/wp\/v2\/posts\/508\/revisions"}],"wp:attachment":[{"href":"https:\/\/psol50.org.br\/rest\/wp\/v2\/media?parent=508"}],"wp:term":[{"taxonomy":"category","embeddable":true,"href":"https:\/\/psol50.org.br\/rest\/wp\/v2\/categories?post=508"},{"taxonomy":"post_tag","embeddable":true,"href":"https:\/\/psol50.org.br\/rest\/wp\/v2\/tags?post=508"}],"curies":[{"name":"wp","href":"https:\/\/api.w.org\/{rel}","templated":true}]}}