{"id":514,"date":"2011-11-09T00:00:00","date_gmt":"2011-11-09T00:00:00","guid":{"rendered":"http:\/\/psol50.org.br\/arquivo\/2011\/11\/09\/otto-perez-molina-eleito-presidente-da-guatemala-e-acusado-de-crimes-de-guerra\/"},"modified":"2011-11-09T00:00:00","modified_gmt":"2011-11-09T00:00:00","slug":"otto-perez-molina-eleito-presidente-da-guatemala-e-acusado-de-crimes-de-guerra","status":"publish","type":"post","link":"https:\/\/psol50.org.br\/otto-perez-molina-eleito-presidente-da-guatemala-e-acusado-de-crimes-de-guerra\/","title":{"rendered":"Otto P\u00e9rez Molina eleito presidente da Guatemala e acusado de crimes de guerra"},"content":{"rendered":"<p style=\"text-align: justify\"><em><strong><a href=\"http:\/\/psol50.org.br\/blog\/2011\/11\/09\/otto-perez-molina-eleito-presidente-da-guatemala-e-acusado-de-crimes-de-guerra\/ottoperezmolina\/\" rel=\"attachment wp-att-12050\"><img loading=\"lazy\" decoding=\"async\" class=\"alignleft size-medium wp-image-12050\" src=\"http:\/\/psol50.org.br\/files\/2011\/11\/OttoP%C3%A9rezMolina-300x187.jpg\" alt=\"\" width=\"300\" height=\"187\" \/><\/a>*Por S\u00edlvia Alvarez &#8211; da Cidade de Guatemala<\/strong><\/em><\/p>\n<p>Eleito com 55% dos votos, Otto P\u00e9rez Molina, general aposentado \u00e9 acusado de participa\u00e7\u00e3o em casos de torturas, genoc\u00eddios e crimes de guerra na d\u00e9cada de 1980<\/p>\n<p>O general aposentado Otto P\u00e9rez Molina, de 60 anos, \u00e9 um velho conhecido dos camponeses e ind\u00edgenas que ousaram pegar em armas para defender um modelo alternativo de sociedade e resistir a ditaduras militares.<\/p>\n<p>Molina foi major durante o ano de 1982 e comandava a \u00e1rea do Tri\u00e2ngulo Ixil (departamento de El Quich\u00e9), justamente na \u00e9poca onde aconteceram ataques contra as popula\u00e7\u00f5es locais. Defensoras de direitos humanos denunciaram ao relator especial sobre tortura das Na\u00e7\u00f5es Unidas a participa\u00e7\u00e3o do militar em torturas, genoc\u00eddios e crimes de guerra.<\/p>\n<p>\u201cEntre 70% e 90% dos povos foram arrasados. Todos os dias se cometiam atos de tortura, assassinato e mutila\u00e7\u00e3o. Os sobreviventes da regi\u00e3o reconhecem e recordam muito bem de P\u00e9rez Molina\u201d, denunciam as defensoras em uma carta. Al\u00e9m disso, a Corte Interamericana de Direitos Humanos (CIDH) da Organiza\u00e7\u00e3o dos Estados Americanos (OEA) responsabiliza o candidato pelo assassinato do guerrilheiro Efra\u00edns B\u00e1maco Vel\u00e1squez, comandante de origem maia da Unidade Revolucion\u00e1ria Nacional Guatemalteca (URNG). Outra morte contabilizada como de responsabilidade de Molina foi a do bispo Juan Jos\u00e9 Gerardi.<\/p>\n<p>Como general, coube a ele negociar e assinar a paz com a guerrilha guatemalteca em 29 de dezembro de 1996, representando o ex\u00e9rcito. Participou das elei\u00e7\u00f5es em 2007, mas perdeu para o atual presidente \u00c1lvaro Colom. Agora, foi eleito com 55% dos votos no segundo turno.<\/p>\n<p><a href=\"http:\/\/www.brasildefato.com.br\/content\/quem-%C3%A9-otto-p%C3%A9rez-molina\"><strong>*Brasil de Fato(Com informa\u00e7\u00f5es de ag\u00eancias)<\/strong><\/a><\/p>\n","protected":false},"excerpt":{"rendered":"<p>*Por S\u00edlvia Alvarez &#8211; da Cidade de Guatemala Eleito com 55% dos votos, Otto P\u00e9rez Molina, general aposentado \u00e9 acusado de participa\u00e7\u00e3o em casos de torturas, genoc\u00eddios e crimes de guerra na d\u00e9cada de 1980 O general aposentado Otto P\u00e9rez Molina, de 60 anos, \u00e9 um velho conhecido dos camponeses e ind\u00edgenas que ousaram pegar [&hellip;]<\/p>\n","protected":false},"author":2,"featured_media":0,"comment_status":"open","ping_status":"open","sticky":false,"template":"","format":"standard","meta":{"_acf_changed":false,"footnotes":""},"categories":[4766],"tags":[],"class_list":{"0":"post-514","1":"post","2":"type-post","3":"status-publish","4":"format-standard","6":"category-arquivo"},"acf":[],"yoast_head":"<!-- This site is optimized with the Yoast SEO plugin v26.5 - https:\/\/yoast.com\/wordpress\/plugins\/seo\/ -->\n<title>Otto P\u00e9rez Molina eleito presidente da Guatemala e acusado de crimes de guerra - PSOL 50<\/title>\n<meta name=\"robots\" content=\"index, follow, max-snippet:-1, max-image-preview:large, max-video-preview:-1\" \/>\n<link rel=\"canonical\" href=\"https:\/\/psol50.org.br\/otto-perez-molina-eleito-presidente-da-guatemala-e-acusado-de-crimes-de-guerra\/\" \/>\n<meta property=\"og:locale\" content=\"pt_BR\" \/>\n<meta property=\"og:type\" content=\"article\" \/>\n<meta property=\"og:title\" content=\"Otto P\u00e9rez Molina eleito presidente da Guatemala e acusado de crimes de guerra - PSOL 50\" \/>\n<meta property=\"og:description\" content=\"*Por S\u00edlvia Alvarez &#8211; da Cidade de Guatemala Eleito com 55% dos votos, Otto P\u00e9rez Molina, general aposentado \u00e9 acusado de participa\u00e7\u00e3o em casos de torturas, genoc\u00eddios e crimes de guerra na d\u00e9cada de 1980 O general aposentado Otto P\u00e9rez Molina, de 60 anos, \u00e9 um velho conhecido dos camponeses e ind\u00edgenas que ousaram pegar [&hellip;]\" \/>\n<meta property=\"og:url\" content=\"https:\/\/psol50.org.br\/otto-perez-molina-eleito-presidente-da-guatemala-e-acusado-de-crimes-de-guerra\/\" \/>\n<meta property=\"og:site_name\" content=\"PSOL 50\" \/>\n<meta property=\"article:publisher\" content=\"https:\/\/www.facebook.com\/psol50\" \/>\n<meta property=\"article:published_time\" content=\"2011-11-09T00:00:00+00:00\" \/>\n<meta property=\"og:image\" content=\"http:\/\/psol50.org.br\/files\/2011\/11\/OttoP%C3%A9rezMolina-300x187.jpg\" \/>\n<meta name=\"author\" content=\"Comunica\u00e7\u00e3o PSOL\" \/>\n<meta name=\"twitter:card\" content=\"summary_large_image\" \/>\n<meta name=\"twitter:creator\" content=\"@psol50\" \/>\n<meta name=\"twitter:site\" content=\"@psol50\" \/>\n<meta name=\"twitter:label1\" content=\"Escrito por\" \/>\n\t<meta name=\"twitter:data1\" content=\"Comunica\u00e7\u00e3o PSOL\" \/>\n\t<meta name=\"twitter:label2\" content=\"Est. tempo de leitura\" \/>\n\t<meta name=\"twitter:data2\" content=\"1 minuto\" \/>\n<script type=\"application\/ld+json\" class=\"yoast-schema-graph\">{\"@context\":\"https:\/\/schema.org\",\"@graph\":[{\"@type\":\"Article\",\"@id\":\"https:\/\/psol50.org.br\/otto-perez-molina-eleito-presidente-da-guatemala-e-acusado-de-crimes-de-guerra\/#article\",\"isPartOf\":{\"@id\":\"https:\/\/psol50.org.br\/otto-perez-molina-eleito-presidente-da-guatemala-e-acusado-de-crimes-de-guerra\/\"},\"author\":{\"name\":\"Comunica\u00e7\u00e3o PSOL\",\"@id\":\"https:\/\/psol50.org.br\/#\/schema\/person\/475dfa57d0b815993c714c2e96491fcd\"},\"headline\":\"Otto P\u00e9rez Molina eleito presidente da Guatemala e acusado de crimes de guerra\",\"datePublished\":\"2011-11-09T00:00:00+00:00\",\"mainEntityOfPage\":{\"@id\":\"https:\/\/psol50.org.br\/otto-perez-molina-eleito-presidente-da-guatemala-e-acusado-de-crimes-de-guerra\/\"},\"wordCount\":289,\"commentCount\":0,\"publisher\":{\"@id\":\"https:\/\/psol50.org.br\/#organization\"},\"image\":{\"@id\":\"https:\/\/psol50.org.br\/otto-perez-molina-eleito-presidente-da-guatemala-e-acusado-de-crimes-de-guerra\/#primaryimage\"},\"thumbnailUrl\":\"http:\/\/psol50.org.br\/files\/2011\/11\/OttoP%C3%A9rezMolina-300x187.jpg\",\"articleSection\":[\"Arquivo\"],\"inLanguage\":\"pt-BR\",\"potentialAction\":[{\"@type\":\"CommentAction\",\"name\":\"Comment\",\"target\":[\"https:\/\/psol50.org.br\/otto-perez-molina-eleito-presidente-da-guatemala-e-acusado-de-crimes-de-guerra\/#respond\"]}]},{\"@type\":\"WebPage\",\"@id\":\"https:\/\/psol50.org.br\/otto-perez-molina-eleito-presidente-da-guatemala-e-acusado-de-crimes-de-guerra\/\",\"url\":\"https:\/\/psol50.org.br\/otto-perez-molina-eleito-presidente-da-guatemala-e-acusado-de-crimes-de-guerra\/\",\"name\":\"Otto P\u00e9rez Molina eleito presidente da Guatemala e acusado de crimes de guerra - PSOL 50\",\"isPartOf\":{\"@id\":\"https:\/\/psol50.org.br\/#website\"},\"primaryImageOfPage\":{\"@id\":\"https:\/\/psol50.org.br\/otto-perez-molina-eleito-presidente-da-guatemala-e-acusado-de-crimes-de-guerra\/#primaryimage\"},\"image\":{\"@id\":\"https:\/\/psol50.org.br\/otto-perez-molina-eleito-presidente-da-guatemala-e-acusado-de-crimes-de-guerra\/#primaryimage\"},\"thumbnailUrl\":\"http:\/\/psol50.org.br\/files\/2011\/11\/OttoP%C3%A9rezMolina-300x187.jpg\",\"datePublished\":\"2011-11-09T00:00:00+00:00\",\"breadcrumb\":{\"@id\":\"https:\/\/psol50.org.br\/otto-perez-molina-eleito-presidente-da-guatemala-e-acusado-de-crimes-de-guerra\/#breadcrumb\"},\"inLanguage\":\"pt-BR\",\"potentialAction\":[{\"@type\":\"ReadAction\",\"target\":[\"https:\/\/psol50.org.br\/otto-perez-molina-eleito-presidente-da-guatemala-e-acusado-de-crimes-de-guerra\/\"]}]},{\"@type\":\"ImageObject\",\"inLanguage\":\"pt-BR\",\"@id\":\"https:\/\/psol50.org.br\/otto-perez-molina-eleito-presidente-da-guatemala-e-acusado-de-crimes-de-guerra\/#primaryimage\",\"url\":\"http:\/\/psol50.org.br\/files\/2011\/11\/OttoP%C3%A9rezMolina-300x187.jpg\",\"contentUrl\":\"http:\/\/psol50.org.br\/files\/2011\/11\/OttoP%C3%A9rezMolina-300x187.jpg\"},{\"@type\":\"BreadcrumbList\",\"@id\":\"https:\/\/psol50.org.br\/otto-perez-molina-eleito-presidente-da-guatemala-e-acusado-de-crimes-de-guerra\/#breadcrumb\",\"itemListElement\":[{\"@type\":\"ListItem\",\"position\":1,\"name\":\"In\u00edcio\",\"item\":\"https:\/\/psol50.org.br\/\"},{\"@type\":\"ListItem\",\"position\":2,\"name\":\"Otto P\u00e9rez Molina eleito presidente da Guatemala e acusado de crimes de guerra\"}]},{\"@type\":\"WebSite\",\"@id\":\"https:\/\/psol50.org.br\/#website\",\"url\":\"https:\/\/psol50.org.br\/\",\"name\":\"PSOL 50\",\"description\":\"Site oficial do Partido Socialismo e Liberdade\",\"publisher\":{\"@id\":\"https:\/\/psol50.org.br\/#organization\"},\"alternateName\":\"PSOL50\",\"potentialAction\":[{\"@type\":\"SearchAction\",\"target\":{\"@type\":\"EntryPoint\",\"urlTemplate\":\"https:\/\/psol50.org.br\/?s={search_term_string}\"},\"query-input\":{\"@type\":\"PropertyValueSpecification\",\"valueRequired\":true,\"valueName\":\"search_term_string\"}}],\"inLanguage\":\"pt-BR\"},{\"@type\":\"Organization\",\"@id\":\"https:\/\/psol50.org.br\/#organization\",\"name\":\"PSOL 50\",\"alternateName\":\"PSOL 50\",\"url\":\"https:\/\/psol50.org.br\/\",\"logo\":{\"@type\":\"ImageObject\",\"inLanguage\":\"pt-BR\",\"@id\":\"https:\/\/psol50.org.br\/#\/schema\/logo\/image\/\",\"url\":\"https:\/\/psol50.org.br\/inc\/uploads\/2018\/07\/capa.png\",\"contentUrl\":\"https:\/\/psol50.org.br\/inc\/uploads\/2018\/07\/capa.png\",\"width\":1350,\"height\":900,\"caption\":\"PSOL 50\"},\"image\":{\"@id\":\"https:\/\/psol50.org.br\/#\/schema\/logo\/image\/\"},\"sameAs\":[\"https:\/\/www.facebook.com\/psol50\",\"https:\/\/x.com\/psol50\",\"https:\/\/www.instagram.com\/psol50\/\",\"https:\/\/www.youtube.com\/channel\/UC7SnJS5o1os7a6CaiNabzcg\"]},{\"@type\":\"Person\",\"@id\":\"https:\/\/psol50.org.br\/#\/schema\/person\/475dfa57d0b815993c714c2e96491fcd\",\"name\":\"Comunica\u00e7\u00e3o PSOL\",\"image\":{\"@type\":\"ImageObject\",\"inLanguage\":\"pt-BR\",\"@id\":\"https:\/\/psol50.org.br\/#\/schema\/person\/image\/\",\"url\":\"https:\/\/secure.gravatar.com\/avatar\/b34fc4f4e468a4e51785917065a3db57b841f5c95dba6ad8c73aaf8f66f8f9bf?s=96&d=mm&r=g\",\"contentUrl\":\"https:\/\/secure.gravatar.com\/avatar\/b34fc4f4e468a4e51785917065a3db57b841f5c95dba6ad8c73aaf8f66f8f9bf?s=96&d=mm&r=g\",\"caption\":\"Comunica\u00e7\u00e3o PSOL\"}}]}<\/script>\n<!-- \/ Yoast SEO plugin. -->","yoast_head_json":{"title":"Otto P\u00e9rez Molina eleito presidente da Guatemala e acusado de crimes de guerra - PSOL 50","robots":{"index":"index","follow":"follow","max-snippet":"max-snippet:-1","max-image-preview":"max-image-preview:large","max-video-preview":"max-video-preview:-1"},"canonical":"https:\/\/psol50.org.br\/otto-perez-molina-eleito-presidente-da-guatemala-e-acusado-de-crimes-de-guerra\/","og_locale":"pt_BR","og_type":"article","og_title":"Otto P\u00e9rez Molina eleito presidente da Guatemala e acusado de crimes de guerra - PSOL 50","og_description":"*Por S\u00edlvia Alvarez &#8211; da Cidade de Guatemala Eleito com 55% dos votos, Otto P\u00e9rez Molina, general aposentado \u00e9 acusado de participa\u00e7\u00e3o em casos de torturas, genoc\u00eddios e crimes de guerra na d\u00e9cada de 1980 O general aposentado Otto P\u00e9rez Molina, de 60 anos, \u00e9 um velho conhecido dos camponeses e ind\u00edgenas que ousaram pegar [&hellip;]","og_url":"https:\/\/psol50.org.br\/otto-perez-molina-eleito-presidente-da-guatemala-e-acusado-de-crimes-de-guerra\/","og_site_name":"PSOL 50","article_publisher":"https:\/\/www.facebook.com\/psol50","article_published_time":"2011-11-09T00:00:00+00:00","og_image":[{"url":"http:\/\/psol50.org.br\/files\/2011\/11\/OttoP%C3%A9rezMolina-300x187.jpg","type":"","width":"","height":""}],"author":"Comunica\u00e7\u00e3o PSOL","twitter_card":"summary_large_image","twitter_creator":"@psol50","twitter_site":"@psol50","twitter_misc":{"Escrito por":"Comunica\u00e7\u00e3o PSOL","Est. tempo de leitura":"1 minuto"},"schema":{"@context":"https:\/\/schema.org","@graph":[{"@type":"Article","@id":"https:\/\/psol50.org.br\/otto-perez-molina-eleito-presidente-da-guatemala-e-acusado-de-crimes-de-guerra\/#article","isPartOf":{"@id":"https:\/\/psol50.org.br\/otto-perez-molina-eleito-presidente-da-guatemala-e-acusado-de-crimes-de-guerra\/"},"author":{"name":"Comunica\u00e7\u00e3o PSOL","@id":"https:\/\/psol50.org.br\/#\/schema\/person\/475dfa57d0b815993c714c2e96491fcd"},"headline":"Otto P\u00e9rez Molina eleito presidente da Guatemala e acusado de crimes de guerra","datePublished":"2011-11-09T00:00:00+00:00","mainEntityOfPage":{"@id":"https:\/\/psol50.org.br\/otto-perez-molina-eleito-presidente-da-guatemala-e-acusado-de-crimes-de-guerra\/"},"wordCount":289,"commentCount":0,"publisher":{"@id":"https:\/\/psol50.org.br\/#organization"},"image":{"@id":"https:\/\/psol50.org.br\/otto-perez-molina-eleito-presidente-da-guatemala-e-acusado-de-crimes-de-guerra\/#primaryimage"},"thumbnailUrl":"http:\/\/psol50.org.br\/files\/2011\/11\/OttoP%C3%A9rezMolina-300x187.jpg","articleSection":["Arquivo"],"inLanguage":"pt-BR","potentialAction":[{"@type":"CommentAction","name":"Comment","target":["https:\/\/psol50.org.br\/otto-perez-molina-eleito-presidente-da-guatemala-e-acusado-de-crimes-de-guerra\/#respond"]}]},{"@type":"WebPage","@id":"https:\/\/psol50.org.br\/otto-perez-molina-eleito-presidente-da-guatemala-e-acusado-de-crimes-de-guerra\/","url":"https:\/\/psol50.org.br\/otto-perez-molina-eleito-presidente-da-guatemala-e-acusado-de-crimes-de-guerra\/","name":"Otto P\u00e9rez Molina eleito presidente da Guatemala e acusado de crimes de guerra - PSOL 50","isPartOf":{"@id":"https:\/\/psol50.org.br\/#website"},"primaryImageOfPage":{"@id":"https:\/\/psol50.org.br\/otto-perez-molina-eleito-presidente-da-guatemala-e-acusado-de-crimes-de-guerra\/#primaryimage"},"image":{"@id":"https:\/\/psol50.org.br\/otto-perez-molina-eleito-presidente-da-guatemala-e-acusado-de-crimes-de-guerra\/#primaryimage"},"thumbnailUrl":"http:\/\/psol50.org.br\/files\/2011\/11\/OttoP%C3%A9rezMolina-300x187.jpg","datePublished":"2011-11-09T00:00:00+00:00","breadcrumb":{"@id":"https:\/\/psol50.org.br\/otto-perez-molina-eleito-presidente-da-guatemala-e-acusado-de-crimes-de-guerra\/#breadcrumb"},"inLanguage":"pt-BR","potentialAction":[{"@type":"ReadAction","target":["https:\/\/psol50.org.br\/otto-perez-molina-eleito-presidente-da-guatemala-e-acusado-de-crimes-de-guerra\/"]}]},{"@type":"ImageObject","inLanguage":"pt-BR","@id":"https:\/\/psol50.org.br\/otto-perez-molina-eleito-presidente-da-guatemala-e-acusado-de-crimes-de-guerra\/#primaryimage","url":"http:\/\/psol50.org.br\/files\/2011\/11\/OttoP%C3%A9rezMolina-300x187.jpg","contentUrl":"http:\/\/psol50.org.br\/files\/2011\/11\/OttoP%C3%A9rezMolina-300x187.jpg"},{"@type":"BreadcrumbList","@id":"https:\/\/psol50.org.br\/otto-perez-molina-eleito-presidente-da-guatemala-e-acusado-de-crimes-de-guerra\/#breadcrumb","itemListElement":[{"@type":"ListItem","position":1,"name":"In\u00edcio","item":"https:\/\/psol50.org.br\/"},{"@type":"ListItem","position":2,"name":"Otto P\u00e9rez Molina eleito presidente da Guatemala e acusado de crimes de guerra"}]},{"@type":"WebSite","@id":"https:\/\/psol50.org.br\/#website","url":"https:\/\/psol50.org.br\/","name":"PSOL 50","description":"Site oficial do Partido Socialismo e Liberdade","publisher":{"@id":"https:\/\/psol50.org.br\/#organization"},"alternateName":"PSOL50","potentialAction":[{"@type":"SearchAction","target":{"@type":"EntryPoint","urlTemplate":"https:\/\/psol50.org.br\/?s={search_term_string}"},"query-input":{"@type":"PropertyValueSpecification","valueRequired":true,"valueName":"search_term_string"}}],"inLanguage":"pt-BR"},{"@type":"Organization","@id":"https:\/\/psol50.org.br\/#organization","name":"PSOL 50","alternateName":"PSOL 50","url":"https:\/\/psol50.org.br\/","logo":{"@type":"ImageObject","inLanguage":"pt-BR","@id":"https:\/\/psol50.org.br\/#\/schema\/logo\/image\/","url":"https:\/\/psol50.org.br\/inc\/uploads\/2018\/07\/capa.png","contentUrl":"https:\/\/psol50.org.br\/inc\/uploads\/2018\/07\/capa.png","width":1350,"height":900,"caption":"PSOL 50"},"image":{"@id":"https:\/\/psol50.org.br\/#\/schema\/logo\/image\/"},"sameAs":["https:\/\/www.facebook.com\/psol50","https:\/\/x.com\/psol50","https:\/\/www.instagram.com\/psol50\/","https:\/\/www.youtube.com\/channel\/UC7SnJS5o1os7a6CaiNabzcg"]},{"@type":"Person","@id":"https:\/\/psol50.org.br\/#\/schema\/person\/475dfa57d0b815993c714c2e96491fcd","name":"Comunica\u00e7\u00e3o PSOL","image":{"@type":"ImageObject","inLanguage":"pt-BR","@id":"https:\/\/psol50.org.br\/#\/schema\/person\/image\/","url":"https:\/\/secure.gravatar.com\/avatar\/b34fc4f4e468a4e51785917065a3db57b841f5c95dba6ad8c73aaf8f66f8f9bf?s=96&d=mm&r=g","contentUrl":"https:\/\/secure.gravatar.com\/avatar\/b34fc4f4e468a4e51785917065a3db57b841f5c95dba6ad8c73aaf8f66f8f9bf?s=96&d=mm&r=g","caption":"Comunica\u00e7\u00e3o PSOL"}}]}},"_links":{"self":[{"href":"https:\/\/psol50.org.br\/rest\/wp\/v2\/posts\/514","targetHints":{"allow":["GET"]}}],"collection":[{"href":"https:\/\/psol50.org.br\/rest\/wp\/v2\/posts"}],"about":[{"href":"https:\/\/psol50.org.br\/rest\/wp\/v2\/types\/post"}],"author":[{"embeddable":true,"href":"https:\/\/psol50.org.br\/rest\/wp\/v2\/users\/2"}],"replies":[{"embeddable":true,"href":"https:\/\/psol50.org.br\/rest\/wp\/v2\/comments?post=514"}],"version-history":[{"count":0,"href":"https:\/\/psol50.org.br\/rest\/wp\/v2\/posts\/514\/revisions"}],"wp:attachment":[{"href":"https:\/\/psol50.org.br\/rest\/wp\/v2\/media?parent=514"}],"wp:term":[{"taxonomy":"category","embeddable":true,"href":"https:\/\/psol50.org.br\/rest\/wp\/v2\/categories?post=514"},{"taxonomy":"post_tag","embeddable":true,"href":"https:\/\/psol50.org.br\/rest\/wp\/v2\/tags?post=514"}],"curies":[{"name":"wp","href":"https:\/\/api.w.org\/{rel}","templated":true}]}}