{"id":517,"date":"2011-11-15T00:00:00","date_gmt":"2011-11-15T00:00:00","guid":{"rendered":"http:\/\/psol50.org.br\/arquivo\/2011\/11\/15\/1781-revolucionario-boliviano-tupac-katari-e-morto-pelo-imperio-espanhol\/"},"modified":"2011-11-15T00:00:00","modified_gmt":"2011-11-15T00:00:00","slug":"1781-revolucionario-boliviano-tupac-katari-e-morto-pelo-imperio-espanhol","status":"publish","type":"post","link":"https:\/\/psol50.org.br\/1781-revolucionario-boliviano-tupac-katari-e-morto-pelo-imperio-espanhol\/","title":{"rendered":"1781 &#8211; Revolucion\u00e1rio boliviano Tupac Katari \u00e9 morto pelo imp\u00e9rio espanhol"},"content":{"rendered":"<p style=\"text-align: justify\"><strong><em>\u201cMatam apenas a mim. Voltarei e serei milh\u00f5es.\u201d<\/em><\/strong><\/p>\n<p><strong>Tupac Katari<\/strong><\/p>\n<p style=\"text-align: justify\">T\u00fapac Katari, nascido Juli\u00e1n Apasa Nina, l\u00edder das rebeli\u00f5es ind\u00edgenas da Bol\u00edvia contra o Imp\u00e9rio Espanhol morre aos 31 anos esquartejado pelos colonizadores em 15 de novembro de 1781.<\/p>\n<p style=\"text-align: justify\">Membro da na\u00e7\u00e3o aymara, Apasa assumiu o nome de Tupac Katari para homenagear dois l\u00edderes rebeldes: Tom\u00e1s Katari e Tupac Amaru II. Levantou um ex\u00e9rcito de cerca de 40 mil homens e estabeleceu um cerco \u00e0 cidade de La Paz em 1781. Katari e sua mulher Bartolina Sisa estabeleceram-se em El Alto e mantiveram o s\u00edtio por 184 dias. Sisa foi a comandante do cerco e desempenhou um papel crucial em seguida \u00e0 captura de Katari em abril. O s\u00edtio foi rompido pelas tropas coloniais que acorreram de Lima e de Buenos Aires.<\/p>\n<p style=\"text-align: justify\"><img decoding=\"async\" class=\"aligncenter\" src=\"http:\/\/www.operamundi.com.br\/media\/images\/b_pertsonaiak01handia2.jpg\" alt=\"\" \/><\/p>\n<p style=\"text-align: justify\">Foi delatado, derrotado, torturado e barbaramente executado, tendo seus quatro membros, superiores e inferiores, arrancados &#8211; amarrados que foram em cavalos que correram em quatro dire\u00e7\u00f5es. Tupac Katari \u00e9 lembrado como her\u00f3i pelos modernos movimentos ind\u00edgenas na Bol\u00edvia e no Alto Peru.<\/p>\n<p style=\"text-align: justify\">Katari e sua companheira Bartolina comandaram na Bol\u00edvia uma rebeli\u00e3o popular que sacudiu os Andes e que havia come\u00e7ado no Peru, com Tupac Amaru. A partir dos anos 1720 passou a crescer na regi\u00e3o andina um sentimento de revolta contra a explora\u00e7\u00e3o, os desmandos e os maus tratos impostos ao povo pelos colonizadores espanh\u00f3is. Uma s\u00e9rie de rebeli\u00f5es finalmente eclodiu no Peru e na Bol\u00edvia, por volta de 1780. Primeiro levaram toda a prata que puderam, come\u00e7ando por Potos\u00ed. As fam\u00edlias dos escolhidos para as minas os acompanhavam entoando can\u00e7\u00f5es f\u00fanebres \u2013 dificilmente voltariam a v\u00ea-los. Com a insalubridade, a maioria morria em dez anos com os pulm\u00f5es enegrecidos e enrijecidos.<\/p>\n<p style=\"text-align: justify\">A submiss\u00e3o dos ind\u00edgenas era sustentada pelo terror. Francisco Pizarro, um dos l\u00edderes da coloniza\u00e7\u00e3o espanhola, passou \u00e0 hist\u00f3ria como um dos maiores fac\u00ednoras. Uma de suas divers\u00f5es era apostar com os soldados quem furava mais \u00edndios com uma s\u00f3 espadada.<\/p>\n<p style=\"text-align: justify\">A opress\u00e3o enfrentou a resist\u00eancia dos povos origin\u00e1rios. Os l\u00edderes aymaras T\u00fapac Katari e Bartolina Sisa comandaram dois cercos a La Paz, em 1781, com 40 mil guerreiros, e estremeceram o dom\u00ednio espanhol. Apesar da valentia, o levante foi derrotado.<\/p>\n<p style=\"text-align: justify\">Os povos se recolheram, mas jamais abandonaram sua cultura e at\u00e9 hoje preservam h\u00e1bitos e costumes dos ancestrais.<\/p>\n<p style=\"text-align: justify\"><strong><a href=\"http:\/\/psol50.org.br\/blog\/2011\/11\/15\/1781-revolucionario-boliviano-tupac-katari-e-morto-pelo-imperio-espanhol\/tupac_katari\/\" rel=\"attachment wp-att-12135\"><img loading=\"lazy\" decoding=\"async\" class=\"aligncenter size-full wp-image-12135\" src=\"http:\/\/psol50.org.br\/files\/2011\/11\/T%C3%BApac_Katari.jpg\" alt=\"\" width=\"350\" height=\"284\" \/><\/a>Mist\u00e9rio<\/strong><\/p>\n<p style=\"text-align: justify\">Tupac Katari \u00e9 um personagem cercado de certa aura de mist\u00e9rio. Os documentos oficiais n\u00e3o fazem nenhuma men\u00e7\u00e3o a ele at\u00e9 sua espetacular apari\u00e7\u00e3o como comandante do cerco a La Paz. No entanto, a tradi\u00e7\u00e3o oral, que chega at\u00e9 hoje e \u00e9 aceita pelos historiadores aymaras, apresenta uma biografia razoavelmente detalhada. Segundo esses relatos, Tupac Katari foi o pseud\u00f4nimo adotado ap\u00f3s a morte de Tom\u00e1s Katari por Juli\u00e1n Apaza, ind\u00edgena nascido em 1750, na regi\u00e3o de Sicasica, atual prov\u00edncia de Oruro.<\/p>\n<p style=\"text-align: justify\">Na juventude, Juli\u00e1n havia trabalhado sob o regime de servi\u00e7o for\u00e7ado, a mita, e conheceu na pr\u00e1tica a realidade da superexplora\u00e7\u00e3o nas minas do altiplano. Nesse per\u00edodo, j\u00e1 pregava a seus companheiros a necessidade de um levante, embora ainda nada soubesse de Tupac Amaru nem de Tom\u00e1s Katari. Ao sair das minas, dedicou-se ao com\u00e9rcio itinerante da folha de coca. Em suas viagens, levava a mensagem da necessidade de uma insurrei\u00e7\u00e3o. Aos poucos, se tornou conhecido e ganhou adeptos que faziam circular as not\u00edcias sobre a realidade que os cercava.<\/p>\n<p style=\"text-align: justify\">Nesse per\u00edodo Juli\u00e1n conheceu a hist\u00f3ria do levante de Tupac Amaru, em Cuzco, e da luta de Tom\u00e1s Katari. Relacionando-se com articuladores de ambos, recebeu a incumb\u00eancia de levar, de forma sigilosa, uma correspond\u00eancia de Tupac Amaru a Tom\u00e1s Katari, na qual o primeiro dava importantes instru\u00e7\u00f5es para organizar o levante nas regi\u00f5es de Potos\u00ed e Oruro.<\/p>\n<p style=\"text-align: justify\">Entretanto, Tom\u00e1s Katari morreu antes da chegada do mensageiro, e Juli\u00e1n Apaza reteve carta e documentos em m\u00e3os. Diante do impasse, uma assembleia comunit\u00e1ria se reuniu e tomou uma decis\u00e3o un\u00e2nime: com a for\u00e7a de Tupac, Juli\u00e1n Apaza daria continuidade \u00e0 luta de Tom\u00e1s Katari. Assim nasceu Tupac Katari.<\/p>\n<p style=\"text-align: justify\"><a href=\"http:\/\/operamundi.uol.com.br\/conteudo\/noticias\/17845\/hoje+na+historia+1781+-+revolucionario+boliviano+tupac+katari+e+morto+pelo+imperio+espanhol.shtml\"><strong>*Fonte: Opera Mundi<\/strong><\/a><\/p>\n","protected":false},"excerpt":{"rendered":"<p>\u201cMatam apenas a mim. Voltarei e serei milh\u00f5es.\u201d Tupac Katari T\u00fapac Katari, nascido Juli\u00e1n Apasa Nina, l\u00edder das rebeli\u00f5es ind\u00edgenas da Bol\u00edvia contra o Imp\u00e9rio Espanhol morre aos 31 anos esquartejado pelos colonizadores em 15 de novembro de 1781. Membro da na\u00e7\u00e3o aymara, Apasa assumiu o nome de Tupac Katari para homenagear dois l\u00edderes rebeldes: [&hellip;]<\/p>\n","protected":false},"author":2,"featured_media":0,"comment_status":"open","ping_status":"open","sticky":false,"template":"","format":"standard","meta":{"_acf_changed":false,"footnotes":""},"categories":[4766],"tags":[],"class_list":{"0":"post-517","1":"post","2":"type-post","3":"status-publish","4":"format-standard","6":"category-arquivo"},"acf":[],"yoast_head":"<!-- This site is optimized with the Yoast SEO plugin v26.5 - https:\/\/yoast.com\/wordpress\/plugins\/seo\/ -->\n<title>1781 - Revolucion\u00e1rio boliviano Tupac Katari \u00e9 morto pelo imp\u00e9rio espanhol - PSOL 50<\/title>\n<meta name=\"robots\" content=\"index, follow, max-snippet:-1, max-image-preview:large, max-video-preview:-1\" \/>\n<link rel=\"canonical\" href=\"https:\/\/psol50.org.br\/1781-revolucionario-boliviano-tupac-katari-e-morto-pelo-imperio-espanhol\/\" \/>\n<meta property=\"og:locale\" content=\"pt_BR\" \/>\n<meta property=\"og:type\" content=\"article\" \/>\n<meta property=\"og:title\" content=\"1781 - Revolucion\u00e1rio boliviano Tupac Katari \u00e9 morto pelo imp\u00e9rio espanhol - PSOL 50\" \/>\n<meta property=\"og:description\" content=\"\u201cMatam apenas a mim. Voltarei e serei milh\u00f5es.\u201d Tupac Katari T\u00fapac Katari, nascido Juli\u00e1n Apasa Nina, l\u00edder das rebeli\u00f5es ind\u00edgenas da Bol\u00edvia contra o Imp\u00e9rio Espanhol morre aos 31 anos esquartejado pelos colonizadores em 15 de novembro de 1781. Membro da na\u00e7\u00e3o aymara, Apasa assumiu o nome de Tupac Katari para homenagear dois l\u00edderes rebeldes: [&hellip;]\" \/>\n<meta property=\"og:url\" content=\"https:\/\/psol50.org.br\/1781-revolucionario-boliviano-tupac-katari-e-morto-pelo-imperio-espanhol\/\" \/>\n<meta property=\"og:site_name\" content=\"PSOL 50\" \/>\n<meta property=\"article:publisher\" content=\"https:\/\/www.facebook.com\/psol50\" \/>\n<meta property=\"article:published_time\" content=\"2011-11-15T00:00:00+00:00\" \/>\n<meta property=\"og:image\" content=\"http:\/\/www.operamundi.com.br\/media\/images\/b_pertsonaiak01handia2.jpg\" \/>\n<meta name=\"author\" content=\"Comunica\u00e7\u00e3o PSOL\" \/>\n<meta name=\"twitter:card\" content=\"summary_large_image\" \/>\n<meta name=\"twitter:creator\" content=\"@psol50\" \/>\n<meta name=\"twitter:site\" content=\"@psol50\" \/>\n<meta name=\"twitter:label1\" content=\"Escrito por\" \/>\n\t<meta name=\"twitter:data1\" content=\"Comunica\u00e7\u00e3o PSOL\" \/>\n\t<meta name=\"twitter:label2\" content=\"Est. tempo de leitura\" \/>\n\t<meta name=\"twitter:data2\" content=\"4 minutos\" \/>\n<script type=\"application\/ld+json\" class=\"yoast-schema-graph\">{\"@context\":\"https:\/\/schema.org\",\"@graph\":[{\"@type\":\"Article\",\"@id\":\"https:\/\/psol50.org.br\/1781-revolucionario-boliviano-tupac-katari-e-morto-pelo-imperio-espanhol\/#article\",\"isPartOf\":{\"@id\":\"https:\/\/psol50.org.br\/1781-revolucionario-boliviano-tupac-katari-e-morto-pelo-imperio-espanhol\/\"},\"author\":{\"name\":\"Comunica\u00e7\u00e3o PSOL\",\"@id\":\"https:\/\/psol50.org.br\/#\/schema\/person\/475dfa57d0b815993c714c2e96491fcd\"},\"headline\":\"1781 &#8211; Revolucion\u00e1rio boliviano Tupac Katari \u00e9 morto pelo imp\u00e9rio espanhol\",\"datePublished\":\"2011-11-15T00:00:00+00:00\",\"mainEntityOfPage\":{\"@id\":\"https:\/\/psol50.org.br\/1781-revolucionario-boliviano-tupac-katari-e-morto-pelo-imperio-espanhol\/\"},\"wordCount\":745,\"commentCount\":0,\"publisher\":{\"@id\":\"https:\/\/psol50.org.br\/#organization\"},\"image\":{\"@id\":\"https:\/\/psol50.org.br\/1781-revolucionario-boliviano-tupac-katari-e-morto-pelo-imperio-espanhol\/#primaryimage\"},\"thumbnailUrl\":\"http:\/\/www.operamundi.com.br\/media\/images\/b_pertsonaiak01handia2.jpg\",\"articleSection\":[\"Arquivo\"],\"inLanguage\":\"pt-BR\",\"potentialAction\":[{\"@type\":\"CommentAction\",\"name\":\"Comment\",\"target\":[\"https:\/\/psol50.org.br\/1781-revolucionario-boliviano-tupac-katari-e-morto-pelo-imperio-espanhol\/#respond\"]}]},{\"@type\":\"WebPage\",\"@id\":\"https:\/\/psol50.org.br\/1781-revolucionario-boliviano-tupac-katari-e-morto-pelo-imperio-espanhol\/\",\"url\":\"https:\/\/psol50.org.br\/1781-revolucionario-boliviano-tupac-katari-e-morto-pelo-imperio-espanhol\/\",\"name\":\"1781 - Revolucion\u00e1rio boliviano Tupac Katari \u00e9 morto pelo imp\u00e9rio espanhol - PSOL 50\",\"isPartOf\":{\"@id\":\"https:\/\/psol50.org.br\/#website\"},\"primaryImageOfPage\":{\"@id\":\"https:\/\/psol50.org.br\/1781-revolucionario-boliviano-tupac-katari-e-morto-pelo-imperio-espanhol\/#primaryimage\"},\"image\":{\"@id\":\"https:\/\/psol50.org.br\/1781-revolucionario-boliviano-tupac-katari-e-morto-pelo-imperio-espanhol\/#primaryimage\"},\"thumbnailUrl\":\"http:\/\/www.operamundi.com.br\/media\/images\/b_pertsonaiak01handia2.jpg\",\"datePublished\":\"2011-11-15T00:00:00+00:00\",\"breadcrumb\":{\"@id\":\"https:\/\/psol50.org.br\/1781-revolucionario-boliviano-tupac-katari-e-morto-pelo-imperio-espanhol\/#breadcrumb\"},\"inLanguage\":\"pt-BR\",\"potentialAction\":[{\"@type\":\"ReadAction\",\"target\":[\"https:\/\/psol50.org.br\/1781-revolucionario-boliviano-tupac-katari-e-morto-pelo-imperio-espanhol\/\"]}]},{\"@type\":\"ImageObject\",\"inLanguage\":\"pt-BR\",\"@id\":\"https:\/\/psol50.org.br\/1781-revolucionario-boliviano-tupac-katari-e-morto-pelo-imperio-espanhol\/#primaryimage\",\"url\":\"http:\/\/www.operamundi.com.br\/media\/images\/b_pertsonaiak01handia2.jpg\",\"contentUrl\":\"http:\/\/www.operamundi.com.br\/media\/images\/b_pertsonaiak01handia2.jpg\"},{\"@type\":\"BreadcrumbList\",\"@id\":\"https:\/\/psol50.org.br\/1781-revolucionario-boliviano-tupac-katari-e-morto-pelo-imperio-espanhol\/#breadcrumb\",\"itemListElement\":[{\"@type\":\"ListItem\",\"position\":1,\"name\":\"In\u00edcio\",\"item\":\"https:\/\/psol50.org.br\/\"},{\"@type\":\"ListItem\",\"position\":2,\"name\":\"1781 &#8211; Revolucion\u00e1rio boliviano Tupac Katari \u00e9 morto pelo imp\u00e9rio espanhol\"}]},{\"@type\":\"WebSite\",\"@id\":\"https:\/\/psol50.org.br\/#website\",\"url\":\"https:\/\/psol50.org.br\/\",\"name\":\"PSOL 50\",\"description\":\"Site oficial do Partido Socialismo e Liberdade\",\"publisher\":{\"@id\":\"https:\/\/psol50.org.br\/#organization\"},\"alternateName\":\"PSOL50\",\"potentialAction\":[{\"@type\":\"SearchAction\",\"target\":{\"@type\":\"EntryPoint\",\"urlTemplate\":\"https:\/\/psol50.org.br\/?s={search_term_string}\"},\"query-input\":{\"@type\":\"PropertyValueSpecification\",\"valueRequired\":true,\"valueName\":\"search_term_string\"}}],\"inLanguage\":\"pt-BR\"},{\"@type\":\"Organization\",\"@id\":\"https:\/\/psol50.org.br\/#organization\",\"name\":\"PSOL 50\",\"alternateName\":\"PSOL 50\",\"url\":\"https:\/\/psol50.org.br\/\",\"logo\":{\"@type\":\"ImageObject\",\"inLanguage\":\"pt-BR\",\"@id\":\"https:\/\/psol50.org.br\/#\/schema\/logo\/image\/\",\"url\":\"https:\/\/psol50.org.br\/inc\/uploads\/2018\/07\/capa.png\",\"contentUrl\":\"https:\/\/psol50.org.br\/inc\/uploads\/2018\/07\/capa.png\",\"width\":1350,\"height\":900,\"caption\":\"PSOL 50\"},\"image\":{\"@id\":\"https:\/\/psol50.org.br\/#\/schema\/logo\/image\/\"},\"sameAs\":[\"https:\/\/www.facebook.com\/psol50\",\"https:\/\/x.com\/psol50\",\"https:\/\/www.instagram.com\/psol50\/\",\"https:\/\/www.youtube.com\/channel\/UC7SnJS5o1os7a6CaiNabzcg\"]},{\"@type\":\"Person\",\"@id\":\"https:\/\/psol50.org.br\/#\/schema\/person\/475dfa57d0b815993c714c2e96491fcd\",\"name\":\"Comunica\u00e7\u00e3o PSOL\",\"image\":{\"@type\":\"ImageObject\",\"inLanguage\":\"pt-BR\",\"@id\":\"https:\/\/psol50.org.br\/#\/schema\/person\/image\/\",\"url\":\"https:\/\/secure.gravatar.com\/avatar\/b34fc4f4e468a4e51785917065a3db57b841f5c95dba6ad8c73aaf8f66f8f9bf?s=96&d=mm&r=g\",\"contentUrl\":\"https:\/\/secure.gravatar.com\/avatar\/b34fc4f4e468a4e51785917065a3db57b841f5c95dba6ad8c73aaf8f66f8f9bf?s=96&d=mm&r=g\",\"caption\":\"Comunica\u00e7\u00e3o PSOL\"}}]}<\/script>\n<!-- \/ Yoast SEO plugin. -->","yoast_head_json":{"title":"1781 - Revolucion\u00e1rio boliviano Tupac Katari \u00e9 morto pelo imp\u00e9rio espanhol - PSOL 50","robots":{"index":"index","follow":"follow","max-snippet":"max-snippet:-1","max-image-preview":"max-image-preview:large","max-video-preview":"max-video-preview:-1"},"canonical":"https:\/\/psol50.org.br\/1781-revolucionario-boliviano-tupac-katari-e-morto-pelo-imperio-espanhol\/","og_locale":"pt_BR","og_type":"article","og_title":"1781 - Revolucion\u00e1rio boliviano Tupac Katari \u00e9 morto pelo imp\u00e9rio espanhol - PSOL 50","og_description":"\u201cMatam apenas a mim. Voltarei e serei milh\u00f5es.\u201d Tupac Katari T\u00fapac Katari, nascido Juli\u00e1n Apasa Nina, l\u00edder das rebeli\u00f5es ind\u00edgenas da Bol\u00edvia contra o Imp\u00e9rio Espanhol morre aos 31 anos esquartejado pelos colonizadores em 15 de novembro de 1781. Membro da na\u00e7\u00e3o aymara, Apasa assumiu o nome de Tupac Katari para homenagear dois l\u00edderes rebeldes: [&hellip;]","og_url":"https:\/\/psol50.org.br\/1781-revolucionario-boliviano-tupac-katari-e-morto-pelo-imperio-espanhol\/","og_site_name":"PSOL 50","article_publisher":"https:\/\/www.facebook.com\/psol50","article_published_time":"2011-11-15T00:00:00+00:00","og_image":[{"url":"http:\/\/www.operamundi.com.br\/media\/images\/b_pertsonaiak01handia2.jpg","type":"","width":"","height":""}],"author":"Comunica\u00e7\u00e3o PSOL","twitter_card":"summary_large_image","twitter_creator":"@psol50","twitter_site":"@psol50","twitter_misc":{"Escrito por":"Comunica\u00e7\u00e3o PSOL","Est. tempo de leitura":"4 minutos"},"schema":{"@context":"https:\/\/schema.org","@graph":[{"@type":"Article","@id":"https:\/\/psol50.org.br\/1781-revolucionario-boliviano-tupac-katari-e-morto-pelo-imperio-espanhol\/#article","isPartOf":{"@id":"https:\/\/psol50.org.br\/1781-revolucionario-boliviano-tupac-katari-e-morto-pelo-imperio-espanhol\/"},"author":{"name":"Comunica\u00e7\u00e3o PSOL","@id":"https:\/\/psol50.org.br\/#\/schema\/person\/475dfa57d0b815993c714c2e96491fcd"},"headline":"1781 &#8211; Revolucion\u00e1rio boliviano Tupac Katari \u00e9 morto pelo imp\u00e9rio espanhol","datePublished":"2011-11-15T00:00:00+00:00","mainEntityOfPage":{"@id":"https:\/\/psol50.org.br\/1781-revolucionario-boliviano-tupac-katari-e-morto-pelo-imperio-espanhol\/"},"wordCount":745,"commentCount":0,"publisher":{"@id":"https:\/\/psol50.org.br\/#organization"},"image":{"@id":"https:\/\/psol50.org.br\/1781-revolucionario-boliviano-tupac-katari-e-morto-pelo-imperio-espanhol\/#primaryimage"},"thumbnailUrl":"http:\/\/www.operamundi.com.br\/media\/images\/b_pertsonaiak01handia2.jpg","articleSection":["Arquivo"],"inLanguage":"pt-BR","potentialAction":[{"@type":"CommentAction","name":"Comment","target":["https:\/\/psol50.org.br\/1781-revolucionario-boliviano-tupac-katari-e-morto-pelo-imperio-espanhol\/#respond"]}]},{"@type":"WebPage","@id":"https:\/\/psol50.org.br\/1781-revolucionario-boliviano-tupac-katari-e-morto-pelo-imperio-espanhol\/","url":"https:\/\/psol50.org.br\/1781-revolucionario-boliviano-tupac-katari-e-morto-pelo-imperio-espanhol\/","name":"1781 - Revolucion\u00e1rio boliviano Tupac Katari \u00e9 morto pelo imp\u00e9rio espanhol - PSOL 50","isPartOf":{"@id":"https:\/\/psol50.org.br\/#website"},"primaryImageOfPage":{"@id":"https:\/\/psol50.org.br\/1781-revolucionario-boliviano-tupac-katari-e-morto-pelo-imperio-espanhol\/#primaryimage"},"image":{"@id":"https:\/\/psol50.org.br\/1781-revolucionario-boliviano-tupac-katari-e-morto-pelo-imperio-espanhol\/#primaryimage"},"thumbnailUrl":"http:\/\/www.operamundi.com.br\/media\/images\/b_pertsonaiak01handia2.jpg","datePublished":"2011-11-15T00:00:00+00:00","breadcrumb":{"@id":"https:\/\/psol50.org.br\/1781-revolucionario-boliviano-tupac-katari-e-morto-pelo-imperio-espanhol\/#breadcrumb"},"inLanguage":"pt-BR","potentialAction":[{"@type":"ReadAction","target":["https:\/\/psol50.org.br\/1781-revolucionario-boliviano-tupac-katari-e-morto-pelo-imperio-espanhol\/"]}]},{"@type":"ImageObject","inLanguage":"pt-BR","@id":"https:\/\/psol50.org.br\/1781-revolucionario-boliviano-tupac-katari-e-morto-pelo-imperio-espanhol\/#primaryimage","url":"http:\/\/www.operamundi.com.br\/media\/images\/b_pertsonaiak01handia2.jpg","contentUrl":"http:\/\/www.operamundi.com.br\/media\/images\/b_pertsonaiak01handia2.jpg"},{"@type":"BreadcrumbList","@id":"https:\/\/psol50.org.br\/1781-revolucionario-boliviano-tupac-katari-e-morto-pelo-imperio-espanhol\/#breadcrumb","itemListElement":[{"@type":"ListItem","position":1,"name":"In\u00edcio","item":"https:\/\/psol50.org.br\/"},{"@type":"ListItem","position":2,"name":"1781 &#8211; Revolucion\u00e1rio boliviano Tupac Katari \u00e9 morto pelo imp\u00e9rio espanhol"}]},{"@type":"WebSite","@id":"https:\/\/psol50.org.br\/#website","url":"https:\/\/psol50.org.br\/","name":"PSOL 50","description":"Site oficial do Partido Socialismo e Liberdade","publisher":{"@id":"https:\/\/psol50.org.br\/#organization"},"alternateName":"PSOL50","potentialAction":[{"@type":"SearchAction","target":{"@type":"EntryPoint","urlTemplate":"https:\/\/psol50.org.br\/?s={search_term_string}"},"query-input":{"@type":"PropertyValueSpecification","valueRequired":true,"valueName":"search_term_string"}}],"inLanguage":"pt-BR"},{"@type":"Organization","@id":"https:\/\/psol50.org.br\/#organization","name":"PSOL 50","alternateName":"PSOL 50","url":"https:\/\/psol50.org.br\/","logo":{"@type":"ImageObject","inLanguage":"pt-BR","@id":"https:\/\/psol50.org.br\/#\/schema\/logo\/image\/","url":"https:\/\/psol50.org.br\/inc\/uploads\/2018\/07\/capa.png","contentUrl":"https:\/\/psol50.org.br\/inc\/uploads\/2018\/07\/capa.png","width":1350,"height":900,"caption":"PSOL 50"},"image":{"@id":"https:\/\/psol50.org.br\/#\/schema\/logo\/image\/"},"sameAs":["https:\/\/www.facebook.com\/psol50","https:\/\/x.com\/psol50","https:\/\/www.instagram.com\/psol50\/","https:\/\/www.youtube.com\/channel\/UC7SnJS5o1os7a6CaiNabzcg"]},{"@type":"Person","@id":"https:\/\/psol50.org.br\/#\/schema\/person\/475dfa57d0b815993c714c2e96491fcd","name":"Comunica\u00e7\u00e3o PSOL","image":{"@type":"ImageObject","inLanguage":"pt-BR","@id":"https:\/\/psol50.org.br\/#\/schema\/person\/image\/","url":"https:\/\/secure.gravatar.com\/avatar\/b34fc4f4e468a4e51785917065a3db57b841f5c95dba6ad8c73aaf8f66f8f9bf?s=96&d=mm&r=g","contentUrl":"https:\/\/secure.gravatar.com\/avatar\/b34fc4f4e468a4e51785917065a3db57b841f5c95dba6ad8c73aaf8f66f8f9bf?s=96&d=mm&r=g","caption":"Comunica\u00e7\u00e3o PSOL"}}]}},"_links":{"self":[{"href":"https:\/\/psol50.org.br\/rest\/wp\/v2\/posts\/517","targetHints":{"allow":["GET"]}}],"collection":[{"href":"https:\/\/psol50.org.br\/rest\/wp\/v2\/posts"}],"about":[{"href":"https:\/\/psol50.org.br\/rest\/wp\/v2\/types\/post"}],"author":[{"embeddable":true,"href":"https:\/\/psol50.org.br\/rest\/wp\/v2\/users\/2"}],"replies":[{"embeddable":true,"href":"https:\/\/psol50.org.br\/rest\/wp\/v2\/comments?post=517"}],"version-history":[{"count":0,"href":"https:\/\/psol50.org.br\/rest\/wp\/v2\/posts\/517\/revisions"}],"wp:attachment":[{"href":"https:\/\/psol50.org.br\/rest\/wp\/v2\/media?parent=517"}],"wp:term":[{"taxonomy":"category","embeddable":true,"href":"https:\/\/psol50.org.br\/rest\/wp\/v2\/categories?post=517"},{"taxonomy":"post_tag","embeddable":true,"href":"https:\/\/psol50.org.br\/rest\/wp\/v2\/tags?post=517"}],"curies":[{"name":"wp","href":"https:\/\/api.w.org\/{rel}","templated":true}]}}