{"id":518,"date":"2011-11-17T00:00:00","date_gmt":"2011-11-17T00:00:00","guid":{"rendered":"http:\/\/psol50.org.br\/arquivo\/2011\/11\/17\/banco-goldman-sachs-o-traco-comum-de-mario-draghi-mario-monti-e-lucas-papademos\/"},"modified":"2011-11-17T00:00:00","modified_gmt":"2011-11-17T00:00:00","slug":"banco-goldman-sachs-o-traco-comum-de-mario-draghi-mario-monti-e-lucas-papademos","status":"publish","type":"post","link":"https:\/\/psol50.org.br\/banco-goldman-sachs-o-traco-comum-de-mario-draghi-mario-monti-e-lucas-papademos\/","title":{"rendered":"Banco Goldman Sachs: O tra\u00e7o comum de Mario Draghi, Mario Monti e Lucas Papademos"},"content":{"rendered":"<p style=\"text-align: justify\"><em><strong><a href=\"http:\/\/psol50.org.br\/blog\/2011\/11\/17\/banco-goldman-sachs-o-traco-comum-de-mario-draghi-mario-monti-e-lucas-papademos\/bancogoldmansachs\/\" rel=\"attachment wp-att-12158\"><img loading=\"lazy\" decoding=\"async\" class=\"aligncenter size-full wp-image-12158\" src=\"http:\/\/psol50.org.br\/files\/2011\/11\/BancoGoldmanSachs.jpg\" alt=\"\" width=\"400\" height=\"267\" \/><\/a>M\u00e1rio Draghi, novo presidente do Banco Central Europeu, Mario Monti (novo primeiro-ministro de It\u00e1lia) e Lucas Papademos (novo primeiro-ministro da Gr\u00e9cia), t\u00eam uma forte liga\u00e7\u00e3o comum: pertencem ao \u201cgoverno Sachs\u201d europeu, segundo refere o jornal franc\u00eas \u201cLe Monde\u201d. O jornal salienta ainda que o banco norte-americano \u201cteceu na Europa uma rede de influ\u00eancia \u00fanica\u201d com fortes liga\u00e7\u00f5es \u201ctanto subterr\u00e2neas, como p\u00fablicas\u201d.<\/strong><\/em><\/p>\n<p style=\"text-align: justify\">Mario Draghi foi vice-presidente do Goldman Sachs para a Europa, entre 2002 e 2005. O jornal assinala que ele tinha a responsabilidade das \u201cempresas e pa\u00edses soberanos\u201d e, por isso, tinha a seu cargo vender o produto financeiro &#8216;swap&#8217;, o que permitiu \u201cdissimular uma parte da d\u00edvida soberana\u201d e \u201cmaquilhar as contas gregas\u201d. Monti tornou-se conselheiro internacional do banco em 2005. Quanto a Lucas Papademos, que foi governador do Banco Central da Gr\u00e9cia entre 1994 e 2002, o jornal refere que ele \u201cparticipou\u201d, como governador do banco central, na opera\u00e7\u00e3o de maquilhagem das contas \u201cperpetrada pelo Goldman Sachs\u201d.<\/p>\n<p style=\"text-align: justify\">O \u201cLe Monde\u201d <a href=\"http:\/\/www.lemonde.fr\/europe\/article\/2011\/11\/14\/goldman-sachs-le-trait-d-union-entre-mario-draghi-mario-monti-et-lucas-papademos_1603675_3214.html#ens_id=1603680\" target=\"_blank\" rel=\"noopener\">refere<\/a> ainda que o atual gestor da d\u00edvida grega \u00e9 Petros Christodoulos ex-corretor do Goldman Sachs e que Peter Sutherland, que teve um papel chave na interven\u00e7\u00e3o da troika na Irlanda, \u00e9 ex-presidente do Goldman Sachs Internacional, do qual continua a ser administrador.<\/p>\n<p style=\"text-align: justify\">Mas Mario Monti e Lucas Papademos t\u00eam uma outra liga\u00e7\u00e3o internacional entre si, pertencem ambos \u00e0 Comiss\u00e3o Trilateral <strong>(<a href=\"http:\/\/www.trilateral.org\/\" target=\"_blank\" rel=\"noopener\">trilateral.org<\/a>)<\/strong>, um poderoso <em>think-tank<\/em>criado em 1973 por David Rockfeller, neto de John D. Rockefeller, fundador da Standard Oil (empresa antecedente da Exxon Mobil, a maior empresa do mundo).<\/p>\n<p style=\"text-align: justify\">\u00c0 Comiss\u00e3o Lateral pertencem destacados dirigentes pol\u00edticos, antigos governadores de bancos centrais e administradores de transnacionais dos EUA, da Europa e do Jap\u00e3o<strong> (ver <a href=\"http:\/\/www.trilateral.org\/download\/file\/TC%20list%208-11%20%285%29.pdf\" target=\"_blank\" rel=\"noopener\">lista<\/a>)<\/strong>, como por exemplo, Paul Volcker e Alain Greenspan (antigos presidentes da Reserva Federal dos EUA), Henry Kissinger, Condoleeza Rice, Madeleine Albright e Larry Summers (antigos membros de governos dos EUA). Entre outros, fazem parte dela, como membros retirados por estarem em fun\u00e7\u00f5es p\u00fablicas, Timothy Geithner, secret\u00e1rio do Estado do Tesouro dos EUA, e Robert Zoellick, presidente do Banco Mundial.<\/p>\n<p style=\"text-align: justify\">Do grupo europeu da Comiss\u00e3o Trilateral faz tamb\u00e9m parte o portugu\u00eas Ant\u00f3nio Borges, destacado membro do PSD, atualmente diretor do departamento europeu do FMI, e ex-vice-presidente do Goldman Sachs Internacional.<\/p>\n<p style=\"text-align: justify\"><a href=\"http:\/\/www.esquerda.net\/artigo\/banco-goldman-sachs-liga-mario-draghi-mario-monti-e-lucas-papademos\"><strong>*Fonte: Esquerda Net<\/strong><\/a><\/p>\n","protected":false},"excerpt":{"rendered":"<p>M\u00e1rio Draghi, novo presidente do Banco Central Europeu, Mario Monti (novo primeiro-ministro de It\u00e1lia) e Lucas Papademos (novo primeiro-ministro da Gr\u00e9cia), t\u00eam uma forte liga\u00e7\u00e3o comum: pertencem ao \u201cgoverno Sachs\u201d europeu, segundo refere o jornal franc\u00eas \u201cLe Monde\u201d. O jornal salienta ainda que o banco norte-americano \u201cteceu na Europa uma rede de influ\u00eancia \u00fanica\u201d com [&hellip;]<\/p>\n","protected":false},"author":2,"featured_media":0,"comment_status":"open","ping_status":"open","sticky":false,"template":"","format":"standard","meta":{"_acf_changed":false,"footnotes":""},"categories":[4766],"tags":[],"class_list":{"0":"post-518","1":"post","2":"type-post","3":"status-publish","4":"format-standard","6":"category-arquivo"},"acf":[],"yoast_head":"<!-- This site is optimized with the Yoast SEO plugin v26.5 - https:\/\/yoast.com\/wordpress\/plugins\/seo\/ -->\n<title>Banco Goldman Sachs: O tra\u00e7o comum de Mario Draghi, Mario Monti e Lucas Papademos - PSOL 50<\/title>\n<meta name=\"robots\" content=\"index, follow, max-snippet:-1, max-image-preview:large, max-video-preview:-1\" \/>\n<link rel=\"canonical\" href=\"https:\/\/psol50.org.br\/banco-goldman-sachs-o-traco-comum-de-mario-draghi-mario-monti-e-lucas-papademos\/\" \/>\n<meta property=\"og:locale\" content=\"pt_BR\" \/>\n<meta property=\"og:type\" content=\"article\" \/>\n<meta property=\"og:title\" content=\"Banco Goldman Sachs: O tra\u00e7o comum de Mario Draghi, Mario Monti e Lucas Papademos - PSOL 50\" \/>\n<meta property=\"og:description\" content=\"M\u00e1rio Draghi, novo presidente do Banco Central Europeu, Mario Monti (novo primeiro-ministro de It\u00e1lia) e Lucas Papademos (novo primeiro-ministro da Gr\u00e9cia), t\u00eam uma forte liga\u00e7\u00e3o comum: pertencem ao \u201cgoverno Sachs\u201d europeu, segundo refere o jornal franc\u00eas \u201cLe Monde\u201d. O jornal salienta ainda que o banco norte-americano \u201cteceu na Europa uma rede de influ\u00eancia \u00fanica\u201d com [&hellip;]\" \/>\n<meta property=\"og:url\" content=\"https:\/\/psol50.org.br\/banco-goldman-sachs-o-traco-comum-de-mario-draghi-mario-monti-e-lucas-papademos\/\" \/>\n<meta property=\"og:site_name\" content=\"PSOL 50\" \/>\n<meta property=\"article:publisher\" content=\"https:\/\/www.facebook.com\/psol50\" \/>\n<meta property=\"article:published_time\" content=\"2011-11-17T00:00:00+00:00\" \/>\n<meta property=\"og:image\" content=\"http:\/\/psol50.org.br\/files\/2011\/11\/BancoGoldmanSachs.jpg\" \/>\n<meta name=\"author\" content=\"Comunica\u00e7\u00e3o PSOL\" \/>\n<meta name=\"twitter:card\" content=\"summary_large_image\" \/>\n<meta name=\"twitter:creator\" content=\"@psol50\" \/>\n<meta name=\"twitter:site\" content=\"@psol50\" \/>\n<meta name=\"twitter:label1\" content=\"Escrito por\" \/>\n\t<meta name=\"twitter:data1\" content=\"Comunica\u00e7\u00e3o PSOL\" \/>\n\t<meta name=\"twitter:label2\" content=\"Est. tempo de leitura\" \/>\n\t<meta name=\"twitter:data2\" content=\"2 minutos\" \/>\n<script type=\"application\/ld+json\" class=\"yoast-schema-graph\">{\"@context\":\"https:\/\/schema.org\",\"@graph\":[{\"@type\":\"Article\",\"@id\":\"https:\/\/psol50.org.br\/banco-goldman-sachs-o-traco-comum-de-mario-draghi-mario-monti-e-lucas-papademos\/#article\",\"isPartOf\":{\"@id\":\"https:\/\/psol50.org.br\/banco-goldman-sachs-o-traco-comum-de-mario-draghi-mario-monti-e-lucas-papademos\/\"},\"author\":{\"name\":\"Comunica\u00e7\u00e3o PSOL\",\"@id\":\"https:\/\/psol50.org.br\/#\/schema\/person\/475dfa57d0b815993c714c2e96491fcd\"},\"headline\":\"Banco Goldman Sachs: O tra\u00e7o comum de Mario Draghi, Mario Monti e Lucas Papademos\",\"datePublished\":\"2011-11-17T00:00:00+00:00\",\"mainEntityOfPage\":{\"@id\":\"https:\/\/psol50.org.br\/banco-goldman-sachs-o-traco-comum-de-mario-draghi-mario-monti-e-lucas-papademos\/\"},\"wordCount\":403,\"commentCount\":0,\"publisher\":{\"@id\":\"https:\/\/psol50.org.br\/#organization\"},\"image\":{\"@id\":\"https:\/\/psol50.org.br\/banco-goldman-sachs-o-traco-comum-de-mario-draghi-mario-monti-e-lucas-papademos\/#primaryimage\"},\"thumbnailUrl\":\"http:\/\/psol50.org.br\/files\/2011\/11\/BancoGoldmanSachs.jpg\",\"articleSection\":[\"Arquivo\"],\"inLanguage\":\"pt-BR\",\"potentialAction\":[{\"@type\":\"CommentAction\",\"name\":\"Comment\",\"target\":[\"https:\/\/psol50.org.br\/banco-goldman-sachs-o-traco-comum-de-mario-draghi-mario-monti-e-lucas-papademos\/#respond\"]}]},{\"@type\":\"WebPage\",\"@id\":\"https:\/\/psol50.org.br\/banco-goldman-sachs-o-traco-comum-de-mario-draghi-mario-monti-e-lucas-papademos\/\",\"url\":\"https:\/\/psol50.org.br\/banco-goldman-sachs-o-traco-comum-de-mario-draghi-mario-monti-e-lucas-papademos\/\",\"name\":\"Banco Goldman Sachs: O tra\u00e7o comum de Mario Draghi, Mario Monti e Lucas Papademos - PSOL 50\",\"isPartOf\":{\"@id\":\"https:\/\/psol50.org.br\/#website\"},\"primaryImageOfPage\":{\"@id\":\"https:\/\/psol50.org.br\/banco-goldman-sachs-o-traco-comum-de-mario-draghi-mario-monti-e-lucas-papademos\/#primaryimage\"},\"image\":{\"@id\":\"https:\/\/psol50.org.br\/banco-goldman-sachs-o-traco-comum-de-mario-draghi-mario-monti-e-lucas-papademos\/#primaryimage\"},\"thumbnailUrl\":\"http:\/\/psol50.org.br\/files\/2011\/11\/BancoGoldmanSachs.jpg\",\"datePublished\":\"2011-11-17T00:00:00+00:00\",\"breadcrumb\":{\"@id\":\"https:\/\/psol50.org.br\/banco-goldman-sachs-o-traco-comum-de-mario-draghi-mario-monti-e-lucas-papademos\/#breadcrumb\"},\"inLanguage\":\"pt-BR\",\"potentialAction\":[{\"@type\":\"ReadAction\",\"target\":[\"https:\/\/psol50.org.br\/banco-goldman-sachs-o-traco-comum-de-mario-draghi-mario-monti-e-lucas-papademos\/\"]}]},{\"@type\":\"ImageObject\",\"inLanguage\":\"pt-BR\",\"@id\":\"https:\/\/psol50.org.br\/banco-goldman-sachs-o-traco-comum-de-mario-draghi-mario-monti-e-lucas-papademos\/#primaryimage\",\"url\":\"http:\/\/psol50.org.br\/files\/2011\/11\/BancoGoldmanSachs.jpg\",\"contentUrl\":\"http:\/\/psol50.org.br\/files\/2011\/11\/BancoGoldmanSachs.jpg\"},{\"@type\":\"BreadcrumbList\",\"@id\":\"https:\/\/psol50.org.br\/banco-goldman-sachs-o-traco-comum-de-mario-draghi-mario-monti-e-lucas-papademos\/#breadcrumb\",\"itemListElement\":[{\"@type\":\"ListItem\",\"position\":1,\"name\":\"In\u00edcio\",\"item\":\"https:\/\/psol50.org.br\/\"},{\"@type\":\"ListItem\",\"position\":2,\"name\":\"Banco Goldman Sachs: O tra\u00e7o comum de Mario Draghi, Mario Monti e Lucas Papademos\"}]},{\"@type\":\"WebSite\",\"@id\":\"https:\/\/psol50.org.br\/#website\",\"url\":\"https:\/\/psol50.org.br\/\",\"name\":\"PSOL 50\",\"description\":\"Site oficial do Partido Socialismo e Liberdade\",\"publisher\":{\"@id\":\"https:\/\/psol50.org.br\/#organization\"},\"alternateName\":\"PSOL50\",\"potentialAction\":[{\"@type\":\"SearchAction\",\"target\":{\"@type\":\"EntryPoint\",\"urlTemplate\":\"https:\/\/psol50.org.br\/?s={search_term_string}\"},\"query-input\":{\"@type\":\"PropertyValueSpecification\",\"valueRequired\":true,\"valueName\":\"search_term_string\"}}],\"inLanguage\":\"pt-BR\"},{\"@type\":\"Organization\",\"@id\":\"https:\/\/psol50.org.br\/#organization\",\"name\":\"PSOL 50\",\"alternateName\":\"PSOL 50\",\"url\":\"https:\/\/psol50.org.br\/\",\"logo\":{\"@type\":\"ImageObject\",\"inLanguage\":\"pt-BR\",\"@id\":\"https:\/\/psol50.org.br\/#\/schema\/logo\/image\/\",\"url\":\"https:\/\/psol50.org.br\/inc\/uploads\/2018\/07\/capa.png\",\"contentUrl\":\"https:\/\/psol50.org.br\/inc\/uploads\/2018\/07\/capa.png\",\"width\":1350,\"height\":900,\"caption\":\"PSOL 50\"},\"image\":{\"@id\":\"https:\/\/psol50.org.br\/#\/schema\/logo\/image\/\"},\"sameAs\":[\"https:\/\/www.facebook.com\/psol50\",\"https:\/\/x.com\/psol50\",\"https:\/\/www.instagram.com\/psol50\/\",\"https:\/\/www.youtube.com\/channel\/UC7SnJS5o1os7a6CaiNabzcg\"]},{\"@type\":\"Person\",\"@id\":\"https:\/\/psol50.org.br\/#\/schema\/person\/475dfa57d0b815993c714c2e96491fcd\",\"name\":\"Comunica\u00e7\u00e3o PSOL\",\"image\":{\"@type\":\"ImageObject\",\"inLanguage\":\"pt-BR\",\"@id\":\"https:\/\/psol50.org.br\/#\/schema\/person\/image\/\",\"url\":\"https:\/\/secure.gravatar.com\/avatar\/b34fc4f4e468a4e51785917065a3db57b841f5c95dba6ad8c73aaf8f66f8f9bf?s=96&d=mm&r=g\",\"contentUrl\":\"https:\/\/secure.gravatar.com\/avatar\/b34fc4f4e468a4e51785917065a3db57b841f5c95dba6ad8c73aaf8f66f8f9bf?s=96&d=mm&r=g\",\"caption\":\"Comunica\u00e7\u00e3o PSOL\"}}]}<\/script>\n<!-- \/ Yoast SEO plugin. -->","yoast_head_json":{"title":"Banco Goldman Sachs: O tra\u00e7o comum de Mario Draghi, Mario Monti e Lucas Papademos - PSOL 50","robots":{"index":"index","follow":"follow","max-snippet":"max-snippet:-1","max-image-preview":"max-image-preview:large","max-video-preview":"max-video-preview:-1"},"canonical":"https:\/\/psol50.org.br\/banco-goldman-sachs-o-traco-comum-de-mario-draghi-mario-monti-e-lucas-papademos\/","og_locale":"pt_BR","og_type":"article","og_title":"Banco Goldman Sachs: O tra\u00e7o comum de Mario Draghi, Mario Monti e Lucas Papademos - PSOL 50","og_description":"M\u00e1rio Draghi, novo presidente do Banco Central Europeu, Mario Monti (novo primeiro-ministro de It\u00e1lia) e Lucas Papademos (novo primeiro-ministro da Gr\u00e9cia), t\u00eam uma forte liga\u00e7\u00e3o comum: pertencem ao \u201cgoverno Sachs\u201d europeu, segundo refere o jornal franc\u00eas \u201cLe Monde\u201d. O jornal salienta ainda que o banco norte-americano \u201cteceu na Europa uma rede de influ\u00eancia \u00fanica\u201d com [&hellip;]","og_url":"https:\/\/psol50.org.br\/banco-goldman-sachs-o-traco-comum-de-mario-draghi-mario-monti-e-lucas-papademos\/","og_site_name":"PSOL 50","article_publisher":"https:\/\/www.facebook.com\/psol50","article_published_time":"2011-11-17T00:00:00+00:00","og_image":[{"url":"http:\/\/psol50.org.br\/files\/2011\/11\/BancoGoldmanSachs.jpg","type":"","width":"","height":""}],"author":"Comunica\u00e7\u00e3o PSOL","twitter_card":"summary_large_image","twitter_creator":"@psol50","twitter_site":"@psol50","twitter_misc":{"Escrito por":"Comunica\u00e7\u00e3o PSOL","Est. tempo de leitura":"2 minutos"},"schema":{"@context":"https:\/\/schema.org","@graph":[{"@type":"Article","@id":"https:\/\/psol50.org.br\/banco-goldman-sachs-o-traco-comum-de-mario-draghi-mario-monti-e-lucas-papademos\/#article","isPartOf":{"@id":"https:\/\/psol50.org.br\/banco-goldman-sachs-o-traco-comum-de-mario-draghi-mario-monti-e-lucas-papademos\/"},"author":{"name":"Comunica\u00e7\u00e3o PSOL","@id":"https:\/\/psol50.org.br\/#\/schema\/person\/475dfa57d0b815993c714c2e96491fcd"},"headline":"Banco Goldman Sachs: O tra\u00e7o comum de Mario Draghi, Mario Monti e Lucas Papademos","datePublished":"2011-11-17T00:00:00+00:00","mainEntityOfPage":{"@id":"https:\/\/psol50.org.br\/banco-goldman-sachs-o-traco-comum-de-mario-draghi-mario-monti-e-lucas-papademos\/"},"wordCount":403,"commentCount":0,"publisher":{"@id":"https:\/\/psol50.org.br\/#organization"},"image":{"@id":"https:\/\/psol50.org.br\/banco-goldman-sachs-o-traco-comum-de-mario-draghi-mario-monti-e-lucas-papademos\/#primaryimage"},"thumbnailUrl":"http:\/\/psol50.org.br\/files\/2011\/11\/BancoGoldmanSachs.jpg","articleSection":["Arquivo"],"inLanguage":"pt-BR","potentialAction":[{"@type":"CommentAction","name":"Comment","target":["https:\/\/psol50.org.br\/banco-goldman-sachs-o-traco-comum-de-mario-draghi-mario-monti-e-lucas-papademos\/#respond"]}]},{"@type":"WebPage","@id":"https:\/\/psol50.org.br\/banco-goldman-sachs-o-traco-comum-de-mario-draghi-mario-monti-e-lucas-papademos\/","url":"https:\/\/psol50.org.br\/banco-goldman-sachs-o-traco-comum-de-mario-draghi-mario-monti-e-lucas-papademos\/","name":"Banco Goldman Sachs: O tra\u00e7o comum de Mario Draghi, Mario Monti e Lucas Papademos - PSOL 50","isPartOf":{"@id":"https:\/\/psol50.org.br\/#website"},"primaryImageOfPage":{"@id":"https:\/\/psol50.org.br\/banco-goldman-sachs-o-traco-comum-de-mario-draghi-mario-monti-e-lucas-papademos\/#primaryimage"},"image":{"@id":"https:\/\/psol50.org.br\/banco-goldman-sachs-o-traco-comum-de-mario-draghi-mario-monti-e-lucas-papademos\/#primaryimage"},"thumbnailUrl":"http:\/\/psol50.org.br\/files\/2011\/11\/BancoGoldmanSachs.jpg","datePublished":"2011-11-17T00:00:00+00:00","breadcrumb":{"@id":"https:\/\/psol50.org.br\/banco-goldman-sachs-o-traco-comum-de-mario-draghi-mario-monti-e-lucas-papademos\/#breadcrumb"},"inLanguage":"pt-BR","potentialAction":[{"@type":"ReadAction","target":["https:\/\/psol50.org.br\/banco-goldman-sachs-o-traco-comum-de-mario-draghi-mario-monti-e-lucas-papademos\/"]}]},{"@type":"ImageObject","inLanguage":"pt-BR","@id":"https:\/\/psol50.org.br\/banco-goldman-sachs-o-traco-comum-de-mario-draghi-mario-monti-e-lucas-papademos\/#primaryimage","url":"http:\/\/psol50.org.br\/files\/2011\/11\/BancoGoldmanSachs.jpg","contentUrl":"http:\/\/psol50.org.br\/files\/2011\/11\/BancoGoldmanSachs.jpg"},{"@type":"BreadcrumbList","@id":"https:\/\/psol50.org.br\/banco-goldman-sachs-o-traco-comum-de-mario-draghi-mario-monti-e-lucas-papademos\/#breadcrumb","itemListElement":[{"@type":"ListItem","position":1,"name":"In\u00edcio","item":"https:\/\/psol50.org.br\/"},{"@type":"ListItem","position":2,"name":"Banco Goldman Sachs: O tra\u00e7o comum de Mario Draghi, Mario Monti e Lucas Papademos"}]},{"@type":"WebSite","@id":"https:\/\/psol50.org.br\/#website","url":"https:\/\/psol50.org.br\/","name":"PSOL 50","description":"Site oficial do Partido Socialismo e Liberdade","publisher":{"@id":"https:\/\/psol50.org.br\/#organization"},"alternateName":"PSOL50","potentialAction":[{"@type":"SearchAction","target":{"@type":"EntryPoint","urlTemplate":"https:\/\/psol50.org.br\/?s={search_term_string}"},"query-input":{"@type":"PropertyValueSpecification","valueRequired":true,"valueName":"search_term_string"}}],"inLanguage":"pt-BR"},{"@type":"Organization","@id":"https:\/\/psol50.org.br\/#organization","name":"PSOL 50","alternateName":"PSOL 50","url":"https:\/\/psol50.org.br\/","logo":{"@type":"ImageObject","inLanguage":"pt-BR","@id":"https:\/\/psol50.org.br\/#\/schema\/logo\/image\/","url":"https:\/\/psol50.org.br\/inc\/uploads\/2018\/07\/capa.png","contentUrl":"https:\/\/psol50.org.br\/inc\/uploads\/2018\/07\/capa.png","width":1350,"height":900,"caption":"PSOL 50"},"image":{"@id":"https:\/\/psol50.org.br\/#\/schema\/logo\/image\/"},"sameAs":["https:\/\/www.facebook.com\/psol50","https:\/\/x.com\/psol50","https:\/\/www.instagram.com\/psol50\/","https:\/\/www.youtube.com\/channel\/UC7SnJS5o1os7a6CaiNabzcg"]},{"@type":"Person","@id":"https:\/\/psol50.org.br\/#\/schema\/person\/475dfa57d0b815993c714c2e96491fcd","name":"Comunica\u00e7\u00e3o PSOL","image":{"@type":"ImageObject","inLanguage":"pt-BR","@id":"https:\/\/psol50.org.br\/#\/schema\/person\/image\/","url":"https:\/\/secure.gravatar.com\/avatar\/b34fc4f4e468a4e51785917065a3db57b841f5c95dba6ad8c73aaf8f66f8f9bf?s=96&d=mm&r=g","contentUrl":"https:\/\/secure.gravatar.com\/avatar\/b34fc4f4e468a4e51785917065a3db57b841f5c95dba6ad8c73aaf8f66f8f9bf?s=96&d=mm&r=g","caption":"Comunica\u00e7\u00e3o PSOL"}}]}},"_links":{"self":[{"href":"https:\/\/psol50.org.br\/rest\/wp\/v2\/posts\/518","targetHints":{"allow":["GET"]}}],"collection":[{"href":"https:\/\/psol50.org.br\/rest\/wp\/v2\/posts"}],"about":[{"href":"https:\/\/psol50.org.br\/rest\/wp\/v2\/types\/post"}],"author":[{"embeddable":true,"href":"https:\/\/psol50.org.br\/rest\/wp\/v2\/users\/2"}],"replies":[{"embeddable":true,"href":"https:\/\/psol50.org.br\/rest\/wp\/v2\/comments?post=518"}],"version-history":[{"count":0,"href":"https:\/\/psol50.org.br\/rest\/wp\/v2\/posts\/518\/revisions"}],"wp:attachment":[{"href":"https:\/\/psol50.org.br\/rest\/wp\/v2\/media?parent=518"}],"wp:term":[{"taxonomy":"category","embeddable":true,"href":"https:\/\/psol50.org.br\/rest\/wp\/v2\/categories?post=518"},{"taxonomy":"post_tag","embeddable":true,"href":"https:\/\/psol50.org.br\/rest\/wp\/v2\/tags?post=518"}],"curies":[{"name":"wp","href":"https:\/\/api.w.org\/{rel}","templated":true}]}}