{"id":523,"date":"2011-12-04T00:00:00","date_gmt":"2011-12-04T00:00:00","guid":{"rendered":"http:\/\/psol50.org.br\/arquivo\/2011\/12\/04\/bloco-de-esquerda-portugal-sauda-psol-e-sua-nova-direcao\/"},"modified":"2011-12-04T00:00:00","modified_gmt":"2011-12-04T00:00:00","slug":"bloco-de-esquerda-portugal-sauda-psol-e-sua-nova-direcao","status":"publish","type":"post","link":"https:\/\/psol50.org.br\/bloco-de-esquerda-portugal-sauda-psol-e-sua-nova-direcao\/","title":{"rendered":"Bloco de Esquerda (Portugal) sa\u00fada PSOL e sua nova dire\u00e7\u00e3o"},"content":{"rendered":"<p style=\"text-align: justify\"><a href=\"http:\/\/psol50.org.br\/blog\/2011\/12\/04\/bloco-de-esquerda-portugal-sauda-psol-e-sua-nova-direcao\/bloco-de-esquerda\/\" rel=\"attachment wp-att-12523\"><img loading=\"lazy\" decoding=\"async\" class=\"alignleft size-full wp-image-12523\" src=\"http:\/\/psol50.org.br\/files\/2011\/12\/Bloco-de-Esquerda.jpg\" alt=\"\" width=\"350\" height=\"263\" \/><\/a>O Bloco de Esquerda sa\u00fada o 3\u00ba Congresso Nacional do PSOL e a nova dire\u00e7\u00e3o nacional, nosso partido amigo no Brasil.<\/p>\n<p style=\"text-align: justify\">A Comiss\u00e3o Pol\u00edtica do Bloco de Esquerda declara oficialmente o seu apoio \u00e0 campanha em defesa de Marcelo Freixo.<\/p>\n<p style=\"text-align: justify\"><em><strong>Pelo Socialismo e pela democracia, sempre!<\/strong><\/em><\/p>\n","protected":false},"excerpt":{"rendered":"<p>O Bloco de Esquerda sa\u00fada o 3\u00ba Congresso Nacional do PSOL e a nova dire\u00e7\u00e3o nacional, nosso partido amigo no Brasil. A Comiss\u00e3o Pol\u00edtica do Bloco de Esquerda declara oficialmente o seu apoio \u00e0 campanha em defesa de Marcelo Freixo. Pelo Socialismo e pela democracia, sempre!<\/p>\n","protected":false},"author":2,"featured_media":0,"comment_status":"open","ping_status":"open","sticky":false,"template":"","format":"standard","meta":{"_acf_changed":false,"footnotes":""},"categories":[4766,4956],"tags":[515,1216,491],"class_list":{"0":"post-523","1":"post","2":"type-post","3":"status-publish","4":"format-standard","6":"category-arquivo","7":"category-portugal","8":"tag-bloco-de-esquerda","9":"tag-internacional","10":"tag-portugal"},"acf":[],"yoast_head":"<!-- This site is optimized with the Yoast SEO plugin v26.5 - https:\/\/yoast.com\/wordpress\/plugins\/seo\/ -->\n<title>Bloco de Esquerda (Portugal) sa\u00fada PSOL e sua nova dire\u00e7\u00e3o - PSOL 50<\/title>\n<meta name=\"robots\" content=\"index, follow, max-snippet:-1, max-image-preview:large, max-video-preview:-1\" \/>\n<link rel=\"canonical\" href=\"https:\/\/psol50.org.br\/bloco-de-esquerda-portugal-sauda-psol-e-sua-nova-direcao\/\" \/>\n<meta property=\"og:locale\" content=\"pt_BR\" \/>\n<meta property=\"og:type\" content=\"article\" \/>\n<meta property=\"og:title\" content=\"Bloco de Esquerda (Portugal) sa\u00fada PSOL e sua nova dire\u00e7\u00e3o - PSOL 50\" \/>\n<meta property=\"og:description\" content=\"O Bloco de Esquerda sa\u00fada o 3\u00ba Congresso Nacional do PSOL e a nova dire\u00e7\u00e3o nacional, nosso partido amigo no Brasil. A Comiss\u00e3o Pol\u00edtica do Bloco de Esquerda declara oficialmente o seu apoio \u00e0 campanha em defesa de Marcelo Freixo. Pelo Socialismo e pela democracia, sempre!\" \/>\n<meta property=\"og:url\" content=\"https:\/\/psol50.org.br\/bloco-de-esquerda-portugal-sauda-psol-e-sua-nova-direcao\/\" \/>\n<meta property=\"og:site_name\" content=\"PSOL 50\" \/>\n<meta property=\"article:publisher\" content=\"https:\/\/www.facebook.com\/psol50\" \/>\n<meta property=\"article:published_time\" content=\"2011-12-04T00:00:00+00:00\" \/>\n<meta property=\"og:image\" content=\"http:\/\/psol50.org.br\/files\/2011\/12\/Bloco-de-Esquerda.jpg\" \/>\n<meta name=\"author\" content=\"Comunica\u00e7\u00e3o PSOL\" \/>\n<meta name=\"twitter:card\" content=\"summary_large_image\" \/>\n<meta name=\"twitter:creator\" content=\"@psol50\" \/>\n<meta name=\"twitter:site\" content=\"@psol50\" \/>\n<meta name=\"twitter:label1\" content=\"Escrito por\" \/>\n\t<meta name=\"twitter:data1\" content=\"Comunica\u00e7\u00e3o PSOL\" \/>\n<script type=\"application\/ld+json\" class=\"yoast-schema-graph\">{\"@context\":\"https:\/\/schema.org\",\"@graph\":[{\"@type\":\"Article\",\"@id\":\"https:\/\/psol50.org.br\/bloco-de-esquerda-portugal-sauda-psol-e-sua-nova-direcao\/#article\",\"isPartOf\":{\"@id\":\"https:\/\/psol50.org.br\/bloco-de-esquerda-portugal-sauda-psol-e-sua-nova-direcao\/\"},\"author\":{\"name\":\"Comunica\u00e7\u00e3o PSOL\",\"@id\":\"https:\/\/psol50.org.br\/#\/schema\/person\/475dfa57d0b815993c714c2e96491fcd\"},\"headline\":\"Bloco de Esquerda (Portugal) sa\u00fada PSOL e sua nova dire\u00e7\u00e3o\",\"datePublished\":\"2011-12-04T00:00:00+00:00\",\"mainEntityOfPage\":{\"@id\":\"https:\/\/psol50.org.br\/bloco-de-esquerda-portugal-sauda-psol-e-sua-nova-direcao\/\"},\"wordCount\":60,\"commentCount\":0,\"publisher\":{\"@id\":\"https:\/\/psol50.org.br\/#organization\"},\"image\":{\"@id\":\"https:\/\/psol50.org.br\/bloco-de-esquerda-portugal-sauda-psol-e-sua-nova-direcao\/#primaryimage\"},\"thumbnailUrl\":\"http:\/\/psol50.org.br\/files\/2011\/12\/Bloco-de-Esquerda.jpg\",\"keywords\":[\"Bloco de Esquerda\",\"Internacional\",\"Portugal\"],\"articleSection\":[\"Arquivo\",\"Portugal\"],\"inLanguage\":\"pt-BR\",\"potentialAction\":[{\"@type\":\"CommentAction\",\"name\":\"Comment\",\"target\":[\"https:\/\/psol50.org.br\/bloco-de-esquerda-portugal-sauda-psol-e-sua-nova-direcao\/#respond\"]}]},{\"@type\":\"WebPage\",\"@id\":\"https:\/\/psol50.org.br\/bloco-de-esquerda-portugal-sauda-psol-e-sua-nova-direcao\/\",\"url\":\"https:\/\/psol50.org.br\/bloco-de-esquerda-portugal-sauda-psol-e-sua-nova-direcao\/\",\"name\":\"Bloco de Esquerda (Portugal) sa\u00fada PSOL e sua nova dire\u00e7\u00e3o - PSOL 50\",\"isPartOf\":{\"@id\":\"https:\/\/psol50.org.br\/#website\"},\"primaryImageOfPage\":{\"@id\":\"https:\/\/psol50.org.br\/bloco-de-esquerda-portugal-sauda-psol-e-sua-nova-direcao\/#primaryimage\"},\"image\":{\"@id\":\"https:\/\/psol50.org.br\/bloco-de-esquerda-portugal-sauda-psol-e-sua-nova-direcao\/#primaryimage\"},\"thumbnailUrl\":\"http:\/\/psol50.org.br\/files\/2011\/12\/Bloco-de-Esquerda.jpg\",\"datePublished\":\"2011-12-04T00:00:00+00:00\",\"breadcrumb\":{\"@id\":\"https:\/\/psol50.org.br\/bloco-de-esquerda-portugal-sauda-psol-e-sua-nova-direcao\/#breadcrumb\"},\"inLanguage\":\"pt-BR\",\"potentialAction\":[{\"@type\":\"ReadAction\",\"target\":[\"https:\/\/psol50.org.br\/bloco-de-esquerda-portugal-sauda-psol-e-sua-nova-direcao\/\"]}]},{\"@type\":\"ImageObject\",\"inLanguage\":\"pt-BR\",\"@id\":\"https:\/\/psol50.org.br\/bloco-de-esquerda-portugal-sauda-psol-e-sua-nova-direcao\/#primaryimage\",\"url\":\"http:\/\/psol50.org.br\/files\/2011\/12\/Bloco-de-Esquerda.jpg\",\"contentUrl\":\"http:\/\/psol50.org.br\/files\/2011\/12\/Bloco-de-Esquerda.jpg\"},{\"@type\":\"BreadcrumbList\",\"@id\":\"https:\/\/psol50.org.br\/bloco-de-esquerda-portugal-sauda-psol-e-sua-nova-direcao\/#breadcrumb\",\"itemListElement\":[{\"@type\":\"ListItem\",\"position\":1,\"name\":\"In\u00edcio\",\"item\":\"https:\/\/psol50.org.br\/\"},{\"@type\":\"ListItem\",\"position\":2,\"name\":\"Bloco de Esquerda (Portugal) sa\u00fada PSOL e sua nova dire\u00e7\u00e3o\"}]},{\"@type\":\"WebSite\",\"@id\":\"https:\/\/psol50.org.br\/#website\",\"url\":\"https:\/\/psol50.org.br\/\",\"name\":\"PSOL 50\",\"description\":\"Site oficial do Partido Socialismo e Liberdade\",\"publisher\":{\"@id\":\"https:\/\/psol50.org.br\/#organization\"},\"alternateName\":\"PSOL50\",\"potentialAction\":[{\"@type\":\"SearchAction\",\"target\":{\"@type\":\"EntryPoint\",\"urlTemplate\":\"https:\/\/psol50.org.br\/?s={search_term_string}\"},\"query-input\":{\"@type\":\"PropertyValueSpecification\",\"valueRequired\":true,\"valueName\":\"search_term_string\"}}],\"inLanguage\":\"pt-BR\"},{\"@type\":\"Organization\",\"@id\":\"https:\/\/psol50.org.br\/#organization\",\"name\":\"PSOL 50\",\"alternateName\":\"PSOL 50\",\"url\":\"https:\/\/psol50.org.br\/\",\"logo\":{\"@type\":\"ImageObject\",\"inLanguage\":\"pt-BR\",\"@id\":\"https:\/\/psol50.org.br\/#\/schema\/logo\/image\/\",\"url\":\"https:\/\/psol50.org.br\/inc\/uploads\/2018\/07\/capa.png\",\"contentUrl\":\"https:\/\/psol50.org.br\/inc\/uploads\/2018\/07\/capa.png\",\"width\":1350,\"height\":900,\"caption\":\"PSOL 50\"},\"image\":{\"@id\":\"https:\/\/psol50.org.br\/#\/schema\/logo\/image\/\"},\"sameAs\":[\"https:\/\/www.facebook.com\/psol50\",\"https:\/\/x.com\/psol50\",\"https:\/\/www.instagram.com\/psol50\/\",\"https:\/\/www.youtube.com\/channel\/UC7SnJS5o1os7a6CaiNabzcg\"]},{\"@type\":\"Person\",\"@id\":\"https:\/\/psol50.org.br\/#\/schema\/person\/475dfa57d0b815993c714c2e96491fcd\",\"name\":\"Comunica\u00e7\u00e3o PSOL\",\"image\":{\"@type\":\"ImageObject\",\"inLanguage\":\"pt-BR\",\"@id\":\"https:\/\/psol50.org.br\/#\/schema\/person\/image\/\",\"url\":\"https:\/\/secure.gravatar.com\/avatar\/b34fc4f4e468a4e51785917065a3db57b841f5c95dba6ad8c73aaf8f66f8f9bf?s=96&d=mm&r=g\",\"contentUrl\":\"https:\/\/secure.gravatar.com\/avatar\/b34fc4f4e468a4e51785917065a3db57b841f5c95dba6ad8c73aaf8f66f8f9bf?s=96&d=mm&r=g\",\"caption\":\"Comunica\u00e7\u00e3o PSOL\"}}]}<\/script>\n<!-- \/ Yoast SEO plugin. -->","yoast_head_json":{"title":"Bloco de Esquerda (Portugal) sa\u00fada PSOL e sua nova dire\u00e7\u00e3o - PSOL 50","robots":{"index":"index","follow":"follow","max-snippet":"max-snippet:-1","max-image-preview":"max-image-preview:large","max-video-preview":"max-video-preview:-1"},"canonical":"https:\/\/psol50.org.br\/bloco-de-esquerda-portugal-sauda-psol-e-sua-nova-direcao\/","og_locale":"pt_BR","og_type":"article","og_title":"Bloco de Esquerda (Portugal) sa\u00fada PSOL e sua nova dire\u00e7\u00e3o - PSOL 50","og_description":"O Bloco de Esquerda sa\u00fada o 3\u00ba Congresso Nacional do PSOL e a nova dire\u00e7\u00e3o nacional, nosso partido amigo no Brasil. A Comiss\u00e3o Pol\u00edtica do Bloco de Esquerda declara oficialmente o seu apoio \u00e0 campanha em defesa de Marcelo Freixo. Pelo Socialismo e pela democracia, sempre!","og_url":"https:\/\/psol50.org.br\/bloco-de-esquerda-portugal-sauda-psol-e-sua-nova-direcao\/","og_site_name":"PSOL 50","article_publisher":"https:\/\/www.facebook.com\/psol50","article_published_time":"2011-12-04T00:00:00+00:00","og_image":[{"url":"http:\/\/psol50.org.br\/files\/2011\/12\/Bloco-de-Esquerda.jpg","type":"","width":"","height":""}],"author":"Comunica\u00e7\u00e3o PSOL","twitter_card":"summary_large_image","twitter_creator":"@psol50","twitter_site":"@psol50","twitter_misc":{"Escrito por":"Comunica\u00e7\u00e3o PSOL"},"schema":{"@context":"https:\/\/schema.org","@graph":[{"@type":"Article","@id":"https:\/\/psol50.org.br\/bloco-de-esquerda-portugal-sauda-psol-e-sua-nova-direcao\/#article","isPartOf":{"@id":"https:\/\/psol50.org.br\/bloco-de-esquerda-portugal-sauda-psol-e-sua-nova-direcao\/"},"author":{"name":"Comunica\u00e7\u00e3o PSOL","@id":"https:\/\/psol50.org.br\/#\/schema\/person\/475dfa57d0b815993c714c2e96491fcd"},"headline":"Bloco de Esquerda (Portugal) sa\u00fada PSOL e sua nova dire\u00e7\u00e3o","datePublished":"2011-12-04T00:00:00+00:00","mainEntityOfPage":{"@id":"https:\/\/psol50.org.br\/bloco-de-esquerda-portugal-sauda-psol-e-sua-nova-direcao\/"},"wordCount":60,"commentCount":0,"publisher":{"@id":"https:\/\/psol50.org.br\/#organization"},"image":{"@id":"https:\/\/psol50.org.br\/bloco-de-esquerda-portugal-sauda-psol-e-sua-nova-direcao\/#primaryimage"},"thumbnailUrl":"http:\/\/psol50.org.br\/files\/2011\/12\/Bloco-de-Esquerda.jpg","keywords":["Bloco de Esquerda","Internacional","Portugal"],"articleSection":["Arquivo","Portugal"],"inLanguage":"pt-BR","potentialAction":[{"@type":"CommentAction","name":"Comment","target":["https:\/\/psol50.org.br\/bloco-de-esquerda-portugal-sauda-psol-e-sua-nova-direcao\/#respond"]}]},{"@type":"WebPage","@id":"https:\/\/psol50.org.br\/bloco-de-esquerda-portugal-sauda-psol-e-sua-nova-direcao\/","url":"https:\/\/psol50.org.br\/bloco-de-esquerda-portugal-sauda-psol-e-sua-nova-direcao\/","name":"Bloco de Esquerda (Portugal) sa\u00fada PSOL e sua nova dire\u00e7\u00e3o - PSOL 50","isPartOf":{"@id":"https:\/\/psol50.org.br\/#website"},"primaryImageOfPage":{"@id":"https:\/\/psol50.org.br\/bloco-de-esquerda-portugal-sauda-psol-e-sua-nova-direcao\/#primaryimage"},"image":{"@id":"https:\/\/psol50.org.br\/bloco-de-esquerda-portugal-sauda-psol-e-sua-nova-direcao\/#primaryimage"},"thumbnailUrl":"http:\/\/psol50.org.br\/files\/2011\/12\/Bloco-de-Esquerda.jpg","datePublished":"2011-12-04T00:00:00+00:00","breadcrumb":{"@id":"https:\/\/psol50.org.br\/bloco-de-esquerda-portugal-sauda-psol-e-sua-nova-direcao\/#breadcrumb"},"inLanguage":"pt-BR","potentialAction":[{"@type":"ReadAction","target":["https:\/\/psol50.org.br\/bloco-de-esquerda-portugal-sauda-psol-e-sua-nova-direcao\/"]}]},{"@type":"ImageObject","inLanguage":"pt-BR","@id":"https:\/\/psol50.org.br\/bloco-de-esquerda-portugal-sauda-psol-e-sua-nova-direcao\/#primaryimage","url":"http:\/\/psol50.org.br\/files\/2011\/12\/Bloco-de-Esquerda.jpg","contentUrl":"http:\/\/psol50.org.br\/files\/2011\/12\/Bloco-de-Esquerda.jpg"},{"@type":"BreadcrumbList","@id":"https:\/\/psol50.org.br\/bloco-de-esquerda-portugal-sauda-psol-e-sua-nova-direcao\/#breadcrumb","itemListElement":[{"@type":"ListItem","position":1,"name":"In\u00edcio","item":"https:\/\/psol50.org.br\/"},{"@type":"ListItem","position":2,"name":"Bloco de Esquerda (Portugal) sa\u00fada PSOL e sua nova dire\u00e7\u00e3o"}]},{"@type":"WebSite","@id":"https:\/\/psol50.org.br\/#website","url":"https:\/\/psol50.org.br\/","name":"PSOL 50","description":"Site oficial do Partido Socialismo e Liberdade","publisher":{"@id":"https:\/\/psol50.org.br\/#organization"},"alternateName":"PSOL50","potentialAction":[{"@type":"SearchAction","target":{"@type":"EntryPoint","urlTemplate":"https:\/\/psol50.org.br\/?s={search_term_string}"},"query-input":{"@type":"PropertyValueSpecification","valueRequired":true,"valueName":"search_term_string"}}],"inLanguage":"pt-BR"},{"@type":"Organization","@id":"https:\/\/psol50.org.br\/#organization","name":"PSOL 50","alternateName":"PSOL 50","url":"https:\/\/psol50.org.br\/","logo":{"@type":"ImageObject","inLanguage":"pt-BR","@id":"https:\/\/psol50.org.br\/#\/schema\/logo\/image\/","url":"https:\/\/psol50.org.br\/inc\/uploads\/2018\/07\/capa.png","contentUrl":"https:\/\/psol50.org.br\/inc\/uploads\/2018\/07\/capa.png","width":1350,"height":900,"caption":"PSOL 50"},"image":{"@id":"https:\/\/psol50.org.br\/#\/schema\/logo\/image\/"},"sameAs":["https:\/\/www.facebook.com\/psol50","https:\/\/x.com\/psol50","https:\/\/www.instagram.com\/psol50\/","https:\/\/www.youtube.com\/channel\/UC7SnJS5o1os7a6CaiNabzcg"]},{"@type":"Person","@id":"https:\/\/psol50.org.br\/#\/schema\/person\/475dfa57d0b815993c714c2e96491fcd","name":"Comunica\u00e7\u00e3o PSOL","image":{"@type":"ImageObject","inLanguage":"pt-BR","@id":"https:\/\/psol50.org.br\/#\/schema\/person\/image\/","url":"https:\/\/secure.gravatar.com\/avatar\/b34fc4f4e468a4e51785917065a3db57b841f5c95dba6ad8c73aaf8f66f8f9bf?s=96&d=mm&r=g","contentUrl":"https:\/\/secure.gravatar.com\/avatar\/b34fc4f4e468a4e51785917065a3db57b841f5c95dba6ad8c73aaf8f66f8f9bf?s=96&d=mm&r=g","caption":"Comunica\u00e7\u00e3o PSOL"}}]}},"_links":{"self":[{"href":"https:\/\/psol50.org.br\/rest\/wp\/v2\/posts\/523","targetHints":{"allow":["GET"]}}],"collection":[{"href":"https:\/\/psol50.org.br\/rest\/wp\/v2\/posts"}],"about":[{"href":"https:\/\/psol50.org.br\/rest\/wp\/v2\/types\/post"}],"author":[{"embeddable":true,"href":"https:\/\/psol50.org.br\/rest\/wp\/v2\/users\/2"}],"replies":[{"embeddable":true,"href":"https:\/\/psol50.org.br\/rest\/wp\/v2\/comments?post=523"}],"version-history":[{"count":0,"href":"https:\/\/psol50.org.br\/rest\/wp\/v2\/posts\/523\/revisions"}],"wp:attachment":[{"href":"https:\/\/psol50.org.br\/rest\/wp\/v2\/media?parent=523"}],"wp:term":[{"taxonomy":"category","embeddable":true,"href":"https:\/\/psol50.org.br\/rest\/wp\/v2\/categories?post=523"},{"taxonomy":"post_tag","embeddable":true,"href":"https:\/\/psol50.org.br\/rest\/wp\/v2\/tags?post=523"}],"curies":[{"name":"wp","href":"https:\/\/api.w.org\/{rel}","templated":true}]}}