{"id":530,"date":"2012-01-07T00:00:00","date_gmt":"2012-01-07T00:00:00","guid":{"rendered":"http:\/\/psol50.org.br\/arquivo\/2012\/01\/07\/portugal-mais-de-2-500-agricultores-manifestam-se-no-porto\/"},"modified":"2012-01-07T00:00:00","modified_gmt":"2012-01-07T00:00:00","slug":"portugal-mais-de-2-500-agricultores-manifestam-se-no-porto","status":"publish","type":"post","link":"https:\/\/psol50.org.br\/portugal-mais-de-2-500-agricultores-manifestam-se-no-porto\/","title":{"rendered":"Portugal: Mais de 2.500 agricultores manifestam-se no Porto"},"content":{"rendered":"<p style=\"text-align: justify\"><a href=\"http:\/\/psol50.org.br\/blog\/2012\/01\/07\/portugal-mais-de-2-500-agricultores-manifestam-se-no-porto\/manifestaporto\/\" rel=\"attachment wp-att-13045\"><img loading=\"lazy\" decoding=\"async\" class=\"aligncenter size-full wp-image-13045\" src=\"http:\/\/psol50.org.br\/files\/2012\/01\/ManifestaPorto.jpg\" alt=\"\" width=\"400\" height=\"267\" \/><\/a>Os agricultores manifestaram-se contra o \u201c esmagamento que a distribui\u00e7\u00e3o est\u00e1 a fazer \u00e0 agricultura nacional e ao setor agroalimentar\u201d. Os manifestantes concentraram-se primeiro frente \u00e0 dire\u00e7\u00e3o regional de Agricultura e Pescas do Norte e depois dirigiram-se para o supermercado Continente em Matosinhos.<\/p>\n<p>\u201cO Governo n\u00e3o pode lavar as m\u00e3os como Pilatos face ao esmagamento que a distribui\u00e7\u00e3o est\u00e1 a fazer \u00e0 agricultura nacional e ao sector agroalimentar e a tudo o que est\u00e1 atr\u00e1s do agricultor\u201d, declarou \u00e0 Lusa Carlos Neves, da Associa\u00e7\u00e3o Produtores de Leite de Portugal (APROLEP).<\/p>\n<p>A manifesta\u00e7\u00e3o foi convocada por 5 organiza\u00e7\u00f5es de agricultores, para al\u00e9m da APROLEP tamb\u00e9m pela FENALAC (Federa\u00e7\u00e3o Nacional das Cooperativas de Produtores de Leite), pela CONFAGRI, pela CNA (Confedera\u00e7\u00e3o Nacional de Agricultores) e pela APLC (Associa\u00e7\u00e3o Nacional de Produtores de Leite e de Carne).<\/p>\n<p>Carlos Neves explicou ainda que &#8220;o que se pretende \u00e9 uma regula\u00e7\u00e3o dos pagamentos, das marcas brancas, que n\u00e3o haja subsidia\u00e7\u00e3o cruzada de pre\u00e7os&#8221;, defendeu ainda que &#8220;\u00e9 preciso regula\u00e7\u00e3o&#8221; e &#8220;enterrar esse machado de guerra que existe entre a distribui\u00e7\u00e3o e a agricultura que depois \u00e9 disfar\u00e7ado por alguns acordos pontuais&#8221;.<\/p>\n<p>O dirigente da Aprolep disse ainda \u00e0 Lusa que os muitos \u201cprodutores de leite, de carne, de vinho, cooperativas, confedera\u00e7\u00f5es, associa\u00e7\u00f5es, agricultores do norte a sul do pa\u00eds, do interior ao litoral\u201d que se juntaram \u00e0 causa vieram \u201cexigir que o Governo exer\u00e7a o seu papel de moderador dos mercados\u201d.<\/p>\n<p><a href=\"http:\/\/www.esquerda.net\/artigo\/mais-de-2500-agricultores-manifestam-se-no-porto#.TwiRqAqE4fY.twitter\"><strong>*Fonte: Esquerda.Net<\/strong><\/a><\/p>\n","protected":false},"excerpt":{"rendered":"<p>Os agricultores manifestaram-se contra o \u201c esmagamento que a distribui\u00e7\u00e3o est\u00e1 a fazer \u00e0 agricultura nacional e ao setor agroalimentar\u201d. Os manifestantes concentraram-se primeiro frente \u00e0 dire\u00e7\u00e3o regional de Agricultura e Pescas do Norte e depois dirigiram-se para o supermercado Continente em Matosinhos. \u201cO Governo n\u00e3o pode lavar as m\u00e3os como Pilatos face ao esmagamento [&hellip;]<\/p>\n","protected":false},"author":2,"featured_media":0,"comment_status":"open","ping_status":"open","sticky":false,"template":"","format":"standard","meta":{"_acf_changed":false,"footnotes":""},"categories":[4766,4956],"tags":[515,1216,491],"class_list":{"0":"post-530","1":"post","2":"type-post","3":"status-publish","4":"format-standard","6":"category-arquivo","7":"category-portugal","8":"tag-bloco-de-esquerda","9":"tag-internacional","10":"tag-portugal"},"acf":[],"yoast_head":"<!-- This site is optimized with the Yoast SEO plugin v26.5 - https:\/\/yoast.com\/wordpress\/plugins\/seo\/ -->\n<title>Portugal: Mais de 2.500 agricultores manifestam-se no Porto - PSOL 50<\/title>\n<meta name=\"robots\" content=\"index, follow, max-snippet:-1, max-image-preview:large, max-video-preview:-1\" \/>\n<link rel=\"canonical\" href=\"https:\/\/psol50.org.br\/portugal-mais-de-2-500-agricultores-manifestam-se-no-porto\/\" \/>\n<meta property=\"og:locale\" content=\"pt_BR\" \/>\n<meta property=\"og:type\" content=\"article\" \/>\n<meta property=\"og:title\" content=\"Portugal: Mais de 2.500 agricultores manifestam-se no Porto - PSOL 50\" \/>\n<meta property=\"og:description\" content=\"Os agricultores manifestaram-se contra o \u201c esmagamento que a distribui\u00e7\u00e3o est\u00e1 a fazer \u00e0 agricultura nacional e ao setor agroalimentar\u201d. Os manifestantes concentraram-se primeiro frente \u00e0 dire\u00e7\u00e3o regional de Agricultura e Pescas do Norte e depois dirigiram-se para o supermercado Continente em Matosinhos. \u201cO Governo n\u00e3o pode lavar as m\u00e3os como Pilatos face ao esmagamento [&hellip;]\" \/>\n<meta property=\"og:url\" content=\"https:\/\/psol50.org.br\/portugal-mais-de-2-500-agricultores-manifestam-se-no-porto\/\" \/>\n<meta property=\"og:site_name\" content=\"PSOL 50\" \/>\n<meta property=\"article:publisher\" content=\"https:\/\/www.facebook.com\/psol50\" \/>\n<meta property=\"article:published_time\" content=\"2012-01-07T00:00:00+00:00\" \/>\n<meta property=\"og:image\" content=\"http:\/\/psol50.org.br\/files\/2012\/01\/ManifestaPorto.jpg\" \/>\n<meta name=\"author\" content=\"Comunica\u00e7\u00e3o PSOL\" \/>\n<meta name=\"twitter:card\" content=\"summary_large_image\" \/>\n<meta name=\"twitter:creator\" content=\"@psol50\" \/>\n<meta name=\"twitter:site\" content=\"@psol50\" \/>\n<meta name=\"twitter:label1\" content=\"Escrito por\" \/>\n\t<meta name=\"twitter:data1\" content=\"Comunica\u00e7\u00e3o PSOL\" \/>\n\t<meta name=\"twitter:label2\" content=\"Est. tempo de leitura\" \/>\n\t<meta name=\"twitter:data2\" content=\"1 minuto\" \/>\n<script type=\"application\/ld+json\" class=\"yoast-schema-graph\">{\"@context\":\"https:\/\/schema.org\",\"@graph\":[{\"@type\":\"Article\",\"@id\":\"https:\/\/psol50.org.br\/portugal-mais-de-2-500-agricultores-manifestam-se-no-porto\/#article\",\"isPartOf\":{\"@id\":\"https:\/\/psol50.org.br\/portugal-mais-de-2-500-agricultores-manifestam-se-no-porto\/\"},\"author\":{\"name\":\"Comunica\u00e7\u00e3o PSOL\",\"@id\":\"https:\/\/psol50.org.br\/#\/schema\/person\/475dfa57d0b815993c714c2e96491fcd\"},\"headline\":\"Portugal: Mais de 2.500 agricultores manifestam-se no Porto\",\"datePublished\":\"2012-01-07T00:00:00+00:00\",\"mainEntityOfPage\":{\"@id\":\"https:\/\/psol50.org.br\/portugal-mais-de-2-500-agricultores-manifestam-se-no-porto\/\"},\"wordCount\":260,\"commentCount\":0,\"publisher\":{\"@id\":\"https:\/\/psol50.org.br\/#organization\"},\"image\":{\"@id\":\"https:\/\/psol50.org.br\/portugal-mais-de-2-500-agricultores-manifestam-se-no-porto\/#primaryimage\"},\"thumbnailUrl\":\"http:\/\/psol50.org.br\/files\/2012\/01\/ManifestaPorto.jpg\",\"keywords\":[\"Bloco de Esquerda\",\"Internacional\",\"Portugal\"],\"articleSection\":[\"Arquivo\",\"Portugal\"],\"inLanguage\":\"pt-BR\",\"potentialAction\":[{\"@type\":\"CommentAction\",\"name\":\"Comment\",\"target\":[\"https:\/\/psol50.org.br\/portugal-mais-de-2-500-agricultores-manifestam-se-no-porto\/#respond\"]}]},{\"@type\":\"WebPage\",\"@id\":\"https:\/\/psol50.org.br\/portugal-mais-de-2-500-agricultores-manifestam-se-no-porto\/\",\"url\":\"https:\/\/psol50.org.br\/portugal-mais-de-2-500-agricultores-manifestam-se-no-porto\/\",\"name\":\"Portugal: Mais de 2.500 agricultores manifestam-se no Porto - PSOL 50\",\"isPartOf\":{\"@id\":\"https:\/\/psol50.org.br\/#website\"},\"primaryImageOfPage\":{\"@id\":\"https:\/\/psol50.org.br\/portugal-mais-de-2-500-agricultores-manifestam-se-no-porto\/#primaryimage\"},\"image\":{\"@id\":\"https:\/\/psol50.org.br\/portugal-mais-de-2-500-agricultores-manifestam-se-no-porto\/#primaryimage\"},\"thumbnailUrl\":\"http:\/\/psol50.org.br\/files\/2012\/01\/ManifestaPorto.jpg\",\"datePublished\":\"2012-01-07T00:00:00+00:00\",\"breadcrumb\":{\"@id\":\"https:\/\/psol50.org.br\/portugal-mais-de-2-500-agricultores-manifestam-se-no-porto\/#breadcrumb\"},\"inLanguage\":\"pt-BR\",\"potentialAction\":[{\"@type\":\"ReadAction\",\"target\":[\"https:\/\/psol50.org.br\/portugal-mais-de-2-500-agricultores-manifestam-se-no-porto\/\"]}]},{\"@type\":\"ImageObject\",\"inLanguage\":\"pt-BR\",\"@id\":\"https:\/\/psol50.org.br\/portugal-mais-de-2-500-agricultores-manifestam-se-no-porto\/#primaryimage\",\"url\":\"http:\/\/psol50.org.br\/files\/2012\/01\/ManifestaPorto.jpg\",\"contentUrl\":\"http:\/\/psol50.org.br\/files\/2012\/01\/ManifestaPorto.jpg\"},{\"@type\":\"BreadcrumbList\",\"@id\":\"https:\/\/psol50.org.br\/portugal-mais-de-2-500-agricultores-manifestam-se-no-porto\/#breadcrumb\",\"itemListElement\":[{\"@type\":\"ListItem\",\"position\":1,\"name\":\"In\u00edcio\",\"item\":\"https:\/\/psol50.org.br\/\"},{\"@type\":\"ListItem\",\"position\":2,\"name\":\"Portugal: Mais de 2.500 agricultores manifestam-se no Porto\"}]},{\"@type\":\"WebSite\",\"@id\":\"https:\/\/psol50.org.br\/#website\",\"url\":\"https:\/\/psol50.org.br\/\",\"name\":\"PSOL 50\",\"description\":\"Site oficial do Partido Socialismo e Liberdade\",\"publisher\":{\"@id\":\"https:\/\/psol50.org.br\/#organization\"},\"alternateName\":\"PSOL50\",\"potentialAction\":[{\"@type\":\"SearchAction\",\"target\":{\"@type\":\"EntryPoint\",\"urlTemplate\":\"https:\/\/psol50.org.br\/?s={search_term_string}\"},\"query-input\":{\"@type\":\"PropertyValueSpecification\",\"valueRequired\":true,\"valueName\":\"search_term_string\"}}],\"inLanguage\":\"pt-BR\"},{\"@type\":\"Organization\",\"@id\":\"https:\/\/psol50.org.br\/#organization\",\"name\":\"PSOL 50\",\"alternateName\":\"PSOL 50\",\"url\":\"https:\/\/psol50.org.br\/\",\"logo\":{\"@type\":\"ImageObject\",\"inLanguage\":\"pt-BR\",\"@id\":\"https:\/\/psol50.org.br\/#\/schema\/logo\/image\/\",\"url\":\"https:\/\/psol50.org.br\/inc\/uploads\/2018\/07\/capa.png\",\"contentUrl\":\"https:\/\/psol50.org.br\/inc\/uploads\/2018\/07\/capa.png\",\"width\":1350,\"height\":900,\"caption\":\"PSOL 50\"},\"image\":{\"@id\":\"https:\/\/psol50.org.br\/#\/schema\/logo\/image\/\"},\"sameAs\":[\"https:\/\/www.facebook.com\/psol50\",\"https:\/\/x.com\/psol50\",\"https:\/\/www.instagram.com\/psol50\/\",\"https:\/\/www.youtube.com\/channel\/UC7SnJS5o1os7a6CaiNabzcg\"]},{\"@type\":\"Person\",\"@id\":\"https:\/\/psol50.org.br\/#\/schema\/person\/475dfa57d0b815993c714c2e96491fcd\",\"name\":\"Comunica\u00e7\u00e3o PSOL\",\"image\":{\"@type\":\"ImageObject\",\"inLanguage\":\"pt-BR\",\"@id\":\"https:\/\/psol50.org.br\/#\/schema\/person\/image\/\",\"url\":\"https:\/\/secure.gravatar.com\/avatar\/b34fc4f4e468a4e51785917065a3db57b841f5c95dba6ad8c73aaf8f66f8f9bf?s=96&d=mm&r=g\",\"contentUrl\":\"https:\/\/secure.gravatar.com\/avatar\/b34fc4f4e468a4e51785917065a3db57b841f5c95dba6ad8c73aaf8f66f8f9bf?s=96&d=mm&r=g\",\"caption\":\"Comunica\u00e7\u00e3o PSOL\"}}]}<\/script>\n<!-- \/ Yoast SEO plugin. -->","yoast_head_json":{"title":"Portugal: Mais de 2.500 agricultores manifestam-se no Porto - PSOL 50","robots":{"index":"index","follow":"follow","max-snippet":"max-snippet:-1","max-image-preview":"max-image-preview:large","max-video-preview":"max-video-preview:-1"},"canonical":"https:\/\/psol50.org.br\/portugal-mais-de-2-500-agricultores-manifestam-se-no-porto\/","og_locale":"pt_BR","og_type":"article","og_title":"Portugal: Mais de 2.500 agricultores manifestam-se no Porto - PSOL 50","og_description":"Os agricultores manifestaram-se contra o \u201c esmagamento que a distribui\u00e7\u00e3o est\u00e1 a fazer \u00e0 agricultura nacional e ao setor agroalimentar\u201d. Os manifestantes concentraram-se primeiro frente \u00e0 dire\u00e7\u00e3o regional de Agricultura e Pescas do Norte e depois dirigiram-se para o supermercado Continente em Matosinhos. \u201cO Governo n\u00e3o pode lavar as m\u00e3os como Pilatos face ao esmagamento [&hellip;]","og_url":"https:\/\/psol50.org.br\/portugal-mais-de-2-500-agricultores-manifestam-se-no-porto\/","og_site_name":"PSOL 50","article_publisher":"https:\/\/www.facebook.com\/psol50","article_published_time":"2012-01-07T00:00:00+00:00","og_image":[{"url":"http:\/\/psol50.org.br\/files\/2012\/01\/ManifestaPorto.jpg","type":"","width":"","height":""}],"author":"Comunica\u00e7\u00e3o PSOL","twitter_card":"summary_large_image","twitter_creator":"@psol50","twitter_site":"@psol50","twitter_misc":{"Escrito por":"Comunica\u00e7\u00e3o PSOL","Est. tempo de leitura":"1 minuto"},"schema":{"@context":"https:\/\/schema.org","@graph":[{"@type":"Article","@id":"https:\/\/psol50.org.br\/portugal-mais-de-2-500-agricultores-manifestam-se-no-porto\/#article","isPartOf":{"@id":"https:\/\/psol50.org.br\/portugal-mais-de-2-500-agricultores-manifestam-se-no-porto\/"},"author":{"name":"Comunica\u00e7\u00e3o PSOL","@id":"https:\/\/psol50.org.br\/#\/schema\/person\/475dfa57d0b815993c714c2e96491fcd"},"headline":"Portugal: Mais de 2.500 agricultores manifestam-se no Porto","datePublished":"2012-01-07T00:00:00+00:00","mainEntityOfPage":{"@id":"https:\/\/psol50.org.br\/portugal-mais-de-2-500-agricultores-manifestam-se-no-porto\/"},"wordCount":260,"commentCount":0,"publisher":{"@id":"https:\/\/psol50.org.br\/#organization"},"image":{"@id":"https:\/\/psol50.org.br\/portugal-mais-de-2-500-agricultores-manifestam-se-no-porto\/#primaryimage"},"thumbnailUrl":"http:\/\/psol50.org.br\/files\/2012\/01\/ManifestaPorto.jpg","keywords":["Bloco de Esquerda","Internacional","Portugal"],"articleSection":["Arquivo","Portugal"],"inLanguage":"pt-BR","potentialAction":[{"@type":"CommentAction","name":"Comment","target":["https:\/\/psol50.org.br\/portugal-mais-de-2-500-agricultores-manifestam-se-no-porto\/#respond"]}]},{"@type":"WebPage","@id":"https:\/\/psol50.org.br\/portugal-mais-de-2-500-agricultores-manifestam-se-no-porto\/","url":"https:\/\/psol50.org.br\/portugal-mais-de-2-500-agricultores-manifestam-se-no-porto\/","name":"Portugal: Mais de 2.500 agricultores manifestam-se no Porto - PSOL 50","isPartOf":{"@id":"https:\/\/psol50.org.br\/#website"},"primaryImageOfPage":{"@id":"https:\/\/psol50.org.br\/portugal-mais-de-2-500-agricultores-manifestam-se-no-porto\/#primaryimage"},"image":{"@id":"https:\/\/psol50.org.br\/portugal-mais-de-2-500-agricultores-manifestam-se-no-porto\/#primaryimage"},"thumbnailUrl":"http:\/\/psol50.org.br\/files\/2012\/01\/ManifestaPorto.jpg","datePublished":"2012-01-07T00:00:00+00:00","breadcrumb":{"@id":"https:\/\/psol50.org.br\/portugal-mais-de-2-500-agricultores-manifestam-se-no-porto\/#breadcrumb"},"inLanguage":"pt-BR","potentialAction":[{"@type":"ReadAction","target":["https:\/\/psol50.org.br\/portugal-mais-de-2-500-agricultores-manifestam-se-no-porto\/"]}]},{"@type":"ImageObject","inLanguage":"pt-BR","@id":"https:\/\/psol50.org.br\/portugal-mais-de-2-500-agricultores-manifestam-se-no-porto\/#primaryimage","url":"http:\/\/psol50.org.br\/files\/2012\/01\/ManifestaPorto.jpg","contentUrl":"http:\/\/psol50.org.br\/files\/2012\/01\/ManifestaPorto.jpg"},{"@type":"BreadcrumbList","@id":"https:\/\/psol50.org.br\/portugal-mais-de-2-500-agricultores-manifestam-se-no-porto\/#breadcrumb","itemListElement":[{"@type":"ListItem","position":1,"name":"In\u00edcio","item":"https:\/\/psol50.org.br\/"},{"@type":"ListItem","position":2,"name":"Portugal: Mais de 2.500 agricultores manifestam-se no Porto"}]},{"@type":"WebSite","@id":"https:\/\/psol50.org.br\/#website","url":"https:\/\/psol50.org.br\/","name":"PSOL 50","description":"Site oficial do Partido Socialismo e Liberdade","publisher":{"@id":"https:\/\/psol50.org.br\/#organization"},"alternateName":"PSOL50","potentialAction":[{"@type":"SearchAction","target":{"@type":"EntryPoint","urlTemplate":"https:\/\/psol50.org.br\/?s={search_term_string}"},"query-input":{"@type":"PropertyValueSpecification","valueRequired":true,"valueName":"search_term_string"}}],"inLanguage":"pt-BR"},{"@type":"Organization","@id":"https:\/\/psol50.org.br\/#organization","name":"PSOL 50","alternateName":"PSOL 50","url":"https:\/\/psol50.org.br\/","logo":{"@type":"ImageObject","inLanguage":"pt-BR","@id":"https:\/\/psol50.org.br\/#\/schema\/logo\/image\/","url":"https:\/\/psol50.org.br\/inc\/uploads\/2018\/07\/capa.png","contentUrl":"https:\/\/psol50.org.br\/inc\/uploads\/2018\/07\/capa.png","width":1350,"height":900,"caption":"PSOL 50"},"image":{"@id":"https:\/\/psol50.org.br\/#\/schema\/logo\/image\/"},"sameAs":["https:\/\/www.facebook.com\/psol50","https:\/\/x.com\/psol50","https:\/\/www.instagram.com\/psol50\/","https:\/\/www.youtube.com\/channel\/UC7SnJS5o1os7a6CaiNabzcg"]},{"@type":"Person","@id":"https:\/\/psol50.org.br\/#\/schema\/person\/475dfa57d0b815993c714c2e96491fcd","name":"Comunica\u00e7\u00e3o PSOL","image":{"@type":"ImageObject","inLanguage":"pt-BR","@id":"https:\/\/psol50.org.br\/#\/schema\/person\/image\/","url":"https:\/\/secure.gravatar.com\/avatar\/b34fc4f4e468a4e51785917065a3db57b841f5c95dba6ad8c73aaf8f66f8f9bf?s=96&d=mm&r=g","contentUrl":"https:\/\/secure.gravatar.com\/avatar\/b34fc4f4e468a4e51785917065a3db57b841f5c95dba6ad8c73aaf8f66f8f9bf?s=96&d=mm&r=g","caption":"Comunica\u00e7\u00e3o PSOL"}}]}},"_links":{"self":[{"href":"https:\/\/psol50.org.br\/rest\/wp\/v2\/posts\/530","targetHints":{"allow":["GET"]}}],"collection":[{"href":"https:\/\/psol50.org.br\/rest\/wp\/v2\/posts"}],"about":[{"href":"https:\/\/psol50.org.br\/rest\/wp\/v2\/types\/post"}],"author":[{"embeddable":true,"href":"https:\/\/psol50.org.br\/rest\/wp\/v2\/users\/2"}],"replies":[{"embeddable":true,"href":"https:\/\/psol50.org.br\/rest\/wp\/v2\/comments?post=530"}],"version-history":[{"count":0,"href":"https:\/\/psol50.org.br\/rest\/wp\/v2\/posts\/530\/revisions"}],"wp:attachment":[{"href":"https:\/\/psol50.org.br\/rest\/wp\/v2\/media?parent=530"}],"wp:term":[{"taxonomy":"category","embeddable":true,"href":"https:\/\/psol50.org.br\/rest\/wp\/v2\/categories?post=530"},{"taxonomy":"post_tag","embeddable":true,"href":"https:\/\/psol50.org.br\/rest\/wp\/v2\/tags?post=530"}],"curies":[{"name":"wp","href":"https:\/\/api.w.org\/{rel}","templated":true}]}}