{"id":532,"date":"2011-12-19T00:00:00","date_gmt":"2011-12-19T00:00:00","guid":{"rendered":"http:\/\/psol50.org.br\/arquivo\/2011\/12\/19\/iraque-retirada-estadunidense-sem-gloria\/"},"modified":"2011-12-19T00:00:00","modified_gmt":"2011-12-19T00:00:00","slug":"iraque-retirada-estadunidense-sem-gloria","status":"publish","type":"post","link":"https:\/\/psol50.org.br\/iraque-retirada-estadunidense-sem-gloria\/","title":{"rendered":"Iraque: Retirada estadunidense sem gl\u00f3ria"},"content":{"rendered":"<p style=\"text-align: justify\"><a href=\"http:\/\/psol50.org.br\/blog\/2011\/12\/19\/iraque-retirada-estadunidense-sem-gloria\/retiradausa\/\" rel=\"attachment wp-att-12798\"><img loading=\"lazy\" decoding=\"async\" class=\"aligncenter size-full wp-image-12798\" src=\"http:\/\/psol50.org.br\/files\/2011\/12\/RetiradaUSA.jpg\" alt=\"\" width=\"400\" height=\"259\" \/><\/a>Mereceu apenas uma cerim\u00f3nia em Bagdade, presidida pelo secret\u00e1rio da Defesa do pa\u00eds invasor, Leon Panetta. Este ato, no dia 15, foi precedido tr\u00eas dias antes pela reuni\u00e3o em Washington do presidente Barack Obama com o primeiro-ministro do Iraque, Nouri al-Maliki, para discutir a futura rela\u00e7\u00e3o estrat\u00e9gica entre os dois pa\u00edses. Tamb\u00e9m a este encontro ningu\u00e9m prestou aten\u00e7\u00e3o.<\/p>\n<p style=\"text-align: justify\">Esta surpreendente falta de interesse pode ser explicada pela distra\u00e7\u00e3o causada pela temporada de f\u00e9rias de fim de ano, a campanha eleitoral pela Presid\u00eancia ou a m\u00e1 sa\u00fade das economias dos Estados Unidos e da Europa. Tamb\u00e9m pode ser que a popula\u00e7\u00e3o esteja bem consciente de que, apesar de os \u00faltimos quatro mil soldados que ainda restam no Iraque retornarem nos pr\u00f3ximos dez dias, ainda h\u00e1 mais de 90 mil no Afeganist\u00e3o.<\/p>\n<p style=\"text-align: justify\">No imagin\u00e1rio coletivo, esta situa\u00e7\u00e3o n\u00e3o difere da do Iraque, particularmente porque as tropas foram enviadas aos dois pa\u00edses pelo ent\u00e3o presidente George W. Bush (2001-2009) como parte de uma mesma \u201cguerra mundial contra o terrorismo\u201d. Ou, talvez, os norte-americanos simplesmente se esque\u00e7am disto como se tivesse sido um pesadelo, o que o ex-titular da Ag\u00eancia de Seguran\u00e7a Nacional, o hoje falecido tenente-general William Odom, chamou em 2005 de \u201co maior desastre estrat\u00e9gico na hist\u00f3ria dos Estados Unidos\u201d.<\/p>\n<p style=\"text-align: justify\">Poucos dias depois da invas\u00e3o do Iraque, a 20 de mar\u00e7o de 2003, cerca de 70% dos entrevistados nos Estados Unidos se manifestaram a favor, contra apenas 25% contr\u00e1rios. Quase nove anos depois, esses n\u00fameros praticamente trocaram de lugar. Em uma consulta feita em novembro pela rede de televis\u00e3o norte-americana CNN, 68% responderem ser contra a guerra no Iraque, enquanto apenas 29% disseram ser a favor.<\/p>\n<p style=\"text-align: justify\">Na mesma data, 67% dos entrevistados pela CBS News tamb\u00e9m responderam que a invas\u00e3o do Iraque \u201cn\u00e3o valeu a perda de vidas norte-americanas e outros custos\u201d decorrentes. Apenas 24% discordaram. Isto constitui um eloquente testemunho da profunda desilus\u00e3o que a maioria dos cidad\u00e3os sente a respeito de uma guerra cujos custos n\u00e3o foram antecipados pelos que a come\u00e7aram.<\/p>\n<p style=\"text-align: justify\">\u00c9 que, do lado norte-americano, os custos tamb\u00e9m foram grandes: quase 4.500 soldados mortos e dezenas de milhares de feridos. Entre estes \u00faltimos, os afastados por severas les\u00f5es cerebrais e stress p\u00f3s-traum\u00e1tico, que impactam suas v\u00edtimas pelo resto de suas vidas. O pre\u00e7o oficial da guerra, de aproximadamente 1 bili\u00e3o de d\u00f3lares, ignora os gastos indiretos, muito superiores. O pr\u00e9mio Nobel de Economia Joseph Stiglitz estimou os custos totais da guerra do Iraque sobre a economia dos Estados Unidos, incluindo cuidados m\u00e9dicos para os veteranos, em mais de 3 bili\u00f5es de d\u00f3lares, soma significativa diante da crise que o pa\u00eds enfrenta desde o final de 2008.<\/p>\n<p style=\"text-align: justify\">Como se n\u00e3o bastasse, os Estados Unidos sofreram uma incomensur\u00e1vel perda de credibilidade no plano internacional. \u00c9 que ficaram demonstradas que eram infundadas as justificativas para ir \u00e0 guerra, como os supostos v\u00ednculos de Saddam Hussein (1979-2003) com a rede extremista Al Qaeda, a exist\u00eancia de armas de destrui\u00e7\u00e3o em massa e o desenvolvimento de armas nucleares. Nada disso era verdade. Al\u00e9m disso, a m\u00e1quina b\u00e9lica mais sofisticada e poderosa da hist\u00f3ria n\u00e3o conseguiu eliminar uma variedade de insurg\u00eancias, inclu\u00eddo o surgimento nesse pa\u00eds de c\u00e9lulas da Al Qaeda.<\/p>\n<p style=\"text-align: justify\">Naturalmente, as perdas materiais dos Estados Unidos empalidecem se comparadas com as do Iraque, em vidas humanas e quest\u00f5es materiais. Calcula-se que morreram por causa da guerra mais de cem mil habitantes desse pa\u00eds e outros tantos, inclu\u00eddas centenas de milhares de crian\u00e7as, ficaram feridos ou traumatizados por suas experi\u00eancias.<\/p>\n<p style=\"text-align: justify\">Os custos sociais tampouco podem ser ignorados. A Organiza\u00e7\u00e3o das Na\u00e7\u00f5es Unidas (ONU) estimou a quantidade de pessoas que fugiram de suas casas desde a invas\u00e3o em cinco milh\u00f5es, que se dividem em partes praticamente iguais entre refugiados dentro do Iraque e refugiados que conseguiram cruzar a fronteira. E entre estes \u00faltimos figura boa parte da comunidade crist\u00e3.<\/p>\n<p style=\"text-align: justify\">Al\u00e9m disso, os vest\u00edgios da viol\u00eancia sect\u00e1ria entre as mil\u00edcias e as for\u00e7as governamentais lideradas pelos xiitas e por seus rivais sunitas, bem com as tens\u00f5es n\u00e3o resolvidas entre a popula\u00e7\u00e3o curda do norte e os \u00e1rabes sobre reclama\u00e7\u00f5es territoriais em Kirkuk e arredores reconfiguraram a demografia e a pol\u00edtica do pa\u00eds. Tamb\u00e9m est\u00e3o amplamente sem solu\u00e7\u00e3o e, portanto, s\u00e3o potenciais fontes de futuros conflitos, inclusive de uma guerra civil.<\/p>\n<p style=\"text-align: justify\">No que parecem coincidir as poucas avalia\u00e7\u00f5es da situa\u00e7\u00e3o no Iraque durante este per\u00edodo de despedida \u00e9 que as tens\u00f5es sect\u00e1rias est\u00e3o novamente aumentando, especialmente ap\u00f3s as blitze de l\u00edderes sunitas associados com o movimento de \u201cdespertar\u201d apoiado pelos Estados Unidos. A evidente fragilidade da paz, tanto na frente xiita-sunita quanto na curdo-\u00e1rabe, e a possibilidade de uma renovada guerra civil \u2013 ou de uma potencializada influ\u00eancia iraniana \u2013 est\u00e3o no centro das cr\u00edticas \u00e0 decis\u00e3o de Obama de retirar todas as suas for\u00e7as de combate at\u00e9 o final deste ano.<\/p>\n<p style=\"text-align: justify\">O ceticismo sobre a futura estabilidade do Iraque \u00e9 muito grande, segundo pesquisa divulgada na semana passada pela rede de televis\u00e3o NBC News e pelo jornal The Wall Street Journal. A maioria dos consultados disse que, ap\u00f3s a retirada dos norte-americanos, uma guerra civil generalizada seria ou \u201cmuito prov\u00e1vel\u201d (21%) ou \u201cprov\u00e1vel at\u00e9 certo ponto\u201d (39%).Uma maioria semelhante qualificou as possibilidades de o Iraque conseguir uma \u201cdemocracia est\u00e1vel\u201d como \u201cde certo modo improv\u00e1vel\u201d (32%) e \u201cmuito improv\u00e1vel\u201d (28%).<\/p>\n<p style=\"text-align: justify\">Entretanto, os mesmos pesquisadores conclu\u00edram no m\u00eas passado que 71% dos entrevistados acreditavam que a decis\u00e3o de Obama retirar todos seus efetivos de combate agora \u00e9 a decis\u00e3o correta. Apenas 24% se mostraram contra. Parece que os norte-americanos ficaram fartos da guerra\u2026 Mas s\u00f3 no Iraque.<\/p>\n<p style=\"text-align: justify\"><a href=\"http:\/\/www.esquerda.net\/artigo\/iraque-retirada-sem-gl%C3%B3ria\"><strong>*Fonte: Esquerda.Net<\/strong><\/a><\/p>\n","protected":false},"excerpt":{"rendered":"<p>Mereceu apenas uma cerim\u00f3nia em Bagdade, presidida pelo secret\u00e1rio da Defesa do pa\u00eds invasor, Leon Panetta. Este ato, no dia 15, foi precedido tr\u00eas dias antes pela reuni\u00e3o em Washington do presidente Barack Obama com o primeiro-ministro do Iraque, Nouri al-Maliki, para discutir a futura rela\u00e7\u00e3o estrat\u00e9gica entre os dois pa\u00edses. Tamb\u00e9m a este encontro [&hellip;]<\/p>\n","protected":false},"author":2,"featured_media":0,"comment_status":"open","ping_status":"open","sticky":false,"template":"","format":"standard","meta":{"_acf_changed":false,"footnotes":""},"categories":[4766],"tags":[],"class_list":{"0":"post-532","1":"post","2":"type-post","3":"status-publish","4":"format-standard","6":"category-arquivo"},"acf":[],"yoast_head":"<!-- This site is optimized with the Yoast SEO plugin v26.5 - https:\/\/yoast.com\/wordpress\/plugins\/seo\/ -->\n<title>Iraque: Retirada estadunidense sem gl\u00f3ria - PSOL 50<\/title>\n<meta name=\"robots\" content=\"index, follow, max-snippet:-1, max-image-preview:large, max-video-preview:-1\" \/>\n<link rel=\"canonical\" href=\"https:\/\/psol50.org.br\/iraque-retirada-estadunidense-sem-gloria\/\" \/>\n<meta property=\"og:locale\" content=\"pt_BR\" \/>\n<meta property=\"og:type\" content=\"article\" \/>\n<meta property=\"og:title\" content=\"Iraque: Retirada estadunidense sem gl\u00f3ria - PSOL 50\" \/>\n<meta property=\"og:description\" content=\"Mereceu apenas uma cerim\u00f3nia em Bagdade, presidida pelo secret\u00e1rio da Defesa do pa\u00eds invasor, Leon Panetta. Este ato, no dia 15, foi precedido tr\u00eas dias antes pela reuni\u00e3o em Washington do presidente Barack Obama com o primeiro-ministro do Iraque, Nouri al-Maliki, para discutir a futura rela\u00e7\u00e3o estrat\u00e9gica entre os dois pa\u00edses. Tamb\u00e9m a este encontro [&hellip;]\" \/>\n<meta property=\"og:url\" content=\"https:\/\/psol50.org.br\/iraque-retirada-estadunidense-sem-gloria\/\" \/>\n<meta property=\"og:site_name\" content=\"PSOL 50\" \/>\n<meta property=\"article:publisher\" content=\"https:\/\/www.facebook.com\/psol50\" \/>\n<meta property=\"article:published_time\" content=\"2011-12-19T00:00:00+00:00\" \/>\n<meta property=\"og:image\" content=\"http:\/\/psol50.org.br\/files\/2011\/12\/RetiradaUSA.jpg\" \/>\n<meta name=\"author\" content=\"Comunica\u00e7\u00e3o PSOL\" \/>\n<meta name=\"twitter:card\" content=\"summary_large_image\" \/>\n<meta name=\"twitter:creator\" content=\"@psol50\" \/>\n<meta name=\"twitter:site\" content=\"@psol50\" \/>\n<meta name=\"twitter:label1\" content=\"Escrito por\" \/>\n\t<meta name=\"twitter:data1\" content=\"Comunica\u00e7\u00e3o PSOL\" \/>\n\t<meta name=\"twitter:label2\" content=\"Est. tempo de leitura\" \/>\n\t<meta name=\"twitter:data2\" content=\"5 minutos\" \/>\n<script type=\"application\/ld+json\" class=\"yoast-schema-graph\">{\"@context\":\"https:\/\/schema.org\",\"@graph\":[{\"@type\":\"Article\",\"@id\":\"https:\/\/psol50.org.br\/iraque-retirada-estadunidense-sem-gloria\/#article\",\"isPartOf\":{\"@id\":\"https:\/\/psol50.org.br\/iraque-retirada-estadunidense-sem-gloria\/\"},\"author\":{\"name\":\"Comunica\u00e7\u00e3o PSOL\",\"@id\":\"https:\/\/psol50.org.br\/#\/schema\/person\/475dfa57d0b815993c714c2e96491fcd\"},\"headline\":\"Iraque: Retirada estadunidense sem gl\u00f3ria\",\"datePublished\":\"2011-12-19T00:00:00+00:00\",\"mainEntityOfPage\":{\"@id\":\"https:\/\/psol50.org.br\/iraque-retirada-estadunidense-sem-gloria\/\"},\"wordCount\":1018,\"commentCount\":0,\"publisher\":{\"@id\":\"https:\/\/psol50.org.br\/#organization\"},\"image\":{\"@id\":\"https:\/\/psol50.org.br\/iraque-retirada-estadunidense-sem-gloria\/#primaryimage\"},\"thumbnailUrl\":\"http:\/\/psol50.org.br\/files\/2011\/12\/RetiradaUSA.jpg\",\"articleSection\":[\"Arquivo\"],\"inLanguage\":\"pt-BR\",\"potentialAction\":[{\"@type\":\"CommentAction\",\"name\":\"Comment\",\"target\":[\"https:\/\/psol50.org.br\/iraque-retirada-estadunidense-sem-gloria\/#respond\"]}]},{\"@type\":\"WebPage\",\"@id\":\"https:\/\/psol50.org.br\/iraque-retirada-estadunidense-sem-gloria\/\",\"url\":\"https:\/\/psol50.org.br\/iraque-retirada-estadunidense-sem-gloria\/\",\"name\":\"Iraque: Retirada estadunidense sem gl\u00f3ria - PSOL 50\",\"isPartOf\":{\"@id\":\"https:\/\/psol50.org.br\/#website\"},\"primaryImageOfPage\":{\"@id\":\"https:\/\/psol50.org.br\/iraque-retirada-estadunidense-sem-gloria\/#primaryimage\"},\"image\":{\"@id\":\"https:\/\/psol50.org.br\/iraque-retirada-estadunidense-sem-gloria\/#primaryimage\"},\"thumbnailUrl\":\"http:\/\/psol50.org.br\/files\/2011\/12\/RetiradaUSA.jpg\",\"datePublished\":\"2011-12-19T00:00:00+00:00\",\"breadcrumb\":{\"@id\":\"https:\/\/psol50.org.br\/iraque-retirada-estadunidense-sem-gloria\/#breadcrumb\"},\"inLanguage\":\"pt-BR\",\"potentialAction\":[{\"@type\":\"ReadAction\",\"target\":[\"https:\/\/psol50.org.br\/iraque-retirada-estadunidense-sem-gloria\/\"]}]},{\"@type\":\"ImageObject\",\"inLanguage\":\"pt-BR\",\"@id\":\"https:\/\/psol50.org.br\/iraque-retirada-estadunidense-sem-gloria\/#primaryimage\",\"url\":\"http:\/\/psol50.org.br\/files\/2011\/12\/RetiradaUSA.jpg\",\"contentUrl\":\"http:\/\/psol50.org.br\/files\/2011\/12\/RetiradaUSA.jpg\"},{\"@type\":\"BreadcrumbList\",\"@id\":\"https:\/\/psol50.org.br\/iraque-retirada-estadunidense-sem-gloria\/#breadcrumb\",\"itemListElement\":[{\"@type\":\"ListItem\",\"position\":1,\"name\":\"In\u00edcio\",\"item\":\"https:\/\/psol50.org.br\/\"},{\"@type\":\"ListItem\",\"position\":2,\"name\":\"Iraque: Retirada estadunidense sem gl\u00f3ria\"}]},{\"@type\":\"WebSite\",\"@id\":\"https:\/\/psol50.org.br\/#website\",\"url\":\"https:\/\/psol50.org.br\/\",\"name\":\"PSOL 50\",\"description\":\"Site oficial do Partido Socialismo e Liberdade\",\"publisher\":{\"@id\":\"https:\/\/psol50.org.br\/#organization\"},\"alternateName\":\"PSOL50\",\"potentialAction\":[{\"@type\":\"SearchAction\",\"target\":{\"@type\":\"EntryPoint\",\"urlTemplate\":\"https:\/\/psol50.org.br\/?s={search_term_string}\"},\"query-input\":{\"@type\":\"PropertyValueSpecification\",\"valueRequired\":true,\"valueName\":\"search_term_string\"}}],\"inLanguage\":\"pt-BR\"},{\"@type\":\"Organization\",\"@id\":\"https:\/\/psol50.org.br\/#organization\",\"name\":\"PSOL 50\",\"alternateName\":\"PSOL 50\",\"url\":\"https:\/\/psol50.org.br\/\",\"logo\":{\"@type\":\"ImageObject\",\"inLanguage\":\"pt-BR\",\"@id\":\"https:\/\/psol50.org.br\/#\/schema\/logo\/image\/\",\"url\":\"https:\/\/psol50.org.br\/inc\/uploads\/2018\/07\/capa.png\",\"contentUrl\":\"https:\/\/psol50.org.br\/inc\/uploads\/2018\/07\/capa.png\",\"width\":1350,\"height\":900,\"caption\":\"PSOL 50\"},\"image\":{\"@id\":\"https:\/\/psol50.org.br\/#\/schema\/logo\/image\/\"},\"sameAs\":[\"https:\/\/www.facebook.com\/psol50\",\"https:\/\/x.com\/psol50\",\"https:\/\/www.instagram.com\/psol50\/\",\"https:\/\/www.youtube.com\/channel\/UC7SnJS5o1os7a6CaiNabzcg\"]},{\"@type\":\"Person\",\"@id\":\"https:\/\/psol50.org.br\/#\/schema\/person\/475dfa57d0b815993c714c2e96491fcd\",\"name\":\"Comunica\u00e7\u00e3o PSOL\",\"image\":{\"@type\":\"ImageObject\",\"inLanguage\":\"pt-BR\",\"@id\":\"https:\/\/psol50.org.br\/#\/schema\/person\/image\/\",\"url\":\"https:\/\/secure.gravatar.com\/avatar\/b34fc4f4e468a4e51785917065a3db57b841f5c95dba6ad8c73aaf8f66f8f9bf?s=96&d=mm&r=g\",\"contentUrl\":\"https:\/\/secure.gravatar.com\/avatar\/b34fc4f4e468a4e51785917065a3db57b841f5c95dba6ad8c73aaf8f66f8f9bf?s=96&d=mm&r=g\",\"caption\":\"Comunica\u00e7\u00e3o PSOL\"}}]}<\/script>\n<!-- \/ Yoast SEO plugin. -->","yoast_head_json":{"title":"Iraque: Retirada estadunidense sem gl\u00f3ria - PSOL 50","robots":{"index":"index","follow":"follow","max-snippet":"max-snippet:-1","max-image-preview":"max-image-preview:large","max-video-preview":"max-video-preview:-1"},"canonical":"https:\/\/psol50.org.br\/iraque-retirada-estadunidense-sem-gloria\/","og_locale":"pt_BR","og_type":"article","og_title":"Iraque: Retirada estadunidense sem gl\u00f3ria - PSOL 50","og_description":"Mereceu apenas uma cerim\u00f3nia em Bagdade, presidida pelo secret\u00e1rio da Defesa do pa\u00eds invasor, Leon Panetta. Este ato, no dia 15, foi precedido tr\u00eas dias antes pela reuni\u00e3o em Washington do presidente Barack Obama com o primeiro-ministro do Iraque, Nouri al-Maliki, para discutir a futura rela\u00e7\u00e3o estrat\u00e9gica entre os dois pa\u00edses. Tamb\u00e9m a este encontro [&hellip;]","og_url":"https:\/\/psol50.org.br\/iraque-retirada-estadunidense-sem-gloria\/","og_site_name":"PSOL 50","article_publisher":"https:\/\/www.facebook.com\/psol50","article_published_time":"2011-12-19T00:00:00+00:00","og_image":[{"url":"http:\/\/psol50.org.br\/files\/2011\/12\/RetiradaUSA.jpg","type":"","width":"","height":""}],"author":"Comunica\u00e7\u00e3o PSOL","twitter_card":"summary_large_image","twitter_creator":"@psol50","twitter_site":"@psol50","twitter_misc":{"Escrito por":"Comunica\u00e7\u00e3o PSOL","Est. tempo de leitura":"5 minutos"},"schema":{"@context":"https:\/\/schema.org","@graph":[{"@type":"Article","@id":"https:\/\/psol50.org.br\/iraque-retirada-estadunidense-sem-gloria\/#article","isPartOf":{"@id":"https:\/\/psol50.org.br\/iraque-retirada-estadunidense-sem-gloria\/"},"author":{"name":"Comunica\u00e7\u00e3o PSOL","@id":"https:\/\/psol50.org.br\/#\/schema\/person\/475dfa57d0b815993c714c2e96491fcd"},"headline":"Iraque: Retirada estadunidense sem gl\u00f3ria","datePublished":"2011-12-19T00:00:00+00:00","mainEntityOfPage":{"@id":"https:\/\/psol50.org.br\/iraque-retirada-estadunidense-sem-gloria\/"},"wordCount":1018,"commentCount":0,"publisher":{"@id":"https:\/\/psol50.org.br\/#organization"},"image":{"@id":"https:\/\/psol50.org.br\/iraque-retirada-estadunidense-sem-gloria\/#primaryimage"},"thumbnailUrl":"http:\/\/psol50.org.br\/files\/2011\/12\/RetiradaUSA.jpg","articleSection":["Arquivo"],"inLanguage":"pt-BR","potentialAction":[{"@type":"CommentAction","name":"Comment","target":["https:\/\/psol50.org.br\/iraque-retirada-estadunidense-sem-gloria\/#respond"]}]},{"@type":"WebPage","@id":"https:\/\/psol50.org.br\/iraque-retirada-estadunidense-sem-gloria\/","url":"https:\/\/psol50.org.br\/iraque-retirada-estadunidense-sem-gloria\/","name":"Iraque: Retirada estadunidense sem gl\u00f3ria - PSOL 50","isPartOf":{"@id":"https:\/\/psol50.org.br\/#website"},"primaryImageOfPage":{"@id":"https:\/\/psol50.org.br\/iraque-retirada-estadunidense-sem-gloria\/#primaryimage"},"image":{"@id":"https:\/\/psol50.org.br\/iraque-retirada-estadunidense-sem-gloria\/#primaryimage"},"thumbnailUrl":"http:\/\/psol50.org.br\/files\/2011\/12\/RetiradaUSA.jpg","datePublished":"2011-12-19T00:00:00+00:00","breadcrumb":{"@id":"https:\/\/psol50.org.br\/iraque-retirada-estadunidense-sem-gloria\/#breadcrumb"},"inLanguage":"pt-BR","potentialAction":[{"@type":"ReadAction","target":["https:\/\/psol50.org.br\/iraque-retirada-estadunidense-sem-gloria\/"]}]},{"@type":"ImageObject","inLanguage":"pt-BR","@id":"https:\/\/psol50.org.br\/iraque-retirada-estadunidense-sem-gloria\/#primaryimage","url":"http:\/\/psol50.org.br\/files\/2011\/12\/RetiradaUSA.jpg","contentUrl":"http:\/\/psol50.org.br\/files\/2011\/12\/RetiradaUSA.jpg"},{"@type":"BreadcrumbList","@id":"https:\/\/psol50.org.br\/iraque-retirada-estadunidense-sem-gloria\/#breadcrumb","itemListElement":[{"@type":"ListItem","position":1,"name":"In\u00edcio","item":"https:\/\/psol50.org.br\/"},{"@type":"ListItem","position":2,"name":"Iraque: Retirada estadunidense sem gl\u00f3ria"}]},{"@type":"WebSite","@id":"https:\/\/psol50.org.br\/#website","url":"https:\/\/psol50.org.br\/","name":"PSOL 50","description":"Site oficial do Partido Socialismo e Liberdade","publisher":{"@id":"https:\/\/psol50.org.br\/#organization"},"alternateName":"PSOL50","potentialAction":[{"@type":"SearchAction","target":{"@type":"EntryPoint","urlTemplate":"https:\/\/psol50.org.br\/?s={search_term_string}"},"query-input":{"@type":"PropertyValueSpecification","valueRequired":true,"valueName":"search_term_string"}}],"inLanguage":"pt-BR"},{"@type":"Organization","@id":"https:\/\/psol50.org.br\/#organization","name":"PSOL 50","alternateName":"PSOL 50","url":"https:\/\/psol50.org.br\/","logo":{"@type":"ImageObject","inLanguage":"pt-BR","@id":"https:\/\/psol50.org.br\/#\/schema\/logo\/image\/","url":"https:\/\/psol50.org.br\/inc\/uploads\/2018\/07\/capa.png","contentUrl":"https:\/\/psol50.org.br\/inc\/uploads\/2018\/07\/capa.png","width":1350,"height":900,"caption":"PSOL 50"},"image":{"@id":"https:\/\/psol50.org.br\/#\/schema\/logo\/image\/"},"sameAs":["https:\/\/www.facebook.com\/psol50","https:\/\/x.com\/psol50","https:\/\/www.instagram.com\/psol50\/","https:\/\/www.youtube.com\/channel\/UC7SnJS5o1os7a6CaiNabzcg"]},{"@type":"Person","@id":"https:\/\/psol50.org.br\/#\/schema\/person\/475dfa57d0b815993c714c2e96491fcd","name":"Comunica\u00e7\u00e3o PSOL","image":{"@type":"ImageObject","inLanguage":"pt-BR","@id":"https:\/\/psol50.org.br\/#\/schema\/person\/image\/","url":"https:\/\/secure.gravatar.com\/avatar\/b34fc4f4e468a4e51785917065a3db57b841f5c95dba6ad8c73aaf8f66f8f9bf?s=96&d=mm&r=g","contentUrl":"https:\/\/secure.gravatar.com\/avatar\/b34fc4f4e468a4e51785917065a3db57b841f5c95dba6ad8c73aaf8f66f8f9bf?s=96&d=mm&r=g","caption":"Comunica\u00e7\u00e3o PSOL"}}]}},"_links":{"self":[{"href":"https:\/\/psol50.org.br\/rest\/wp\/v2\/posts\/532","targetHints":{"allow":["GET"]}}],"collection":[{"href":"https:\/\/psol50.org.br\/rest\/wp\/v2\/posts"}],"about":[{"href":"https:\/\/psol50.org.br\/rest\/wp\/v2\/types\/post"}],"author":[{"embeddable":true,"href":"https:\/\/psol50.org.br\/rest\/wp\/v2\/users\/2"}],"replies":[{"embeddable":true,"href":"https:\/\/psol50.org.br\/rest\/wp\/v2\/comments?post=532"}],"version-history":[{"count":0,"href":"https:\/\/psol50.org.br\/rest\/wp\/v2\/posts\/532\/revisions"}],"wp:attachment":[{"href":"https:\/\/psol50.org.br\/rest\/wp\/v2\/media?parent=532"}],"wp:term":[{"taxonomy":"category","embeddable":true,"href":"https:\/\/psol50.org.br\/rest\/wp\/v2\/categories?post=532"},{"taxonomy":"post_tag","embeddable":true,"href":"https:\/\/psol50.org.br\/rest\/wp\/v2\/tags?post=532"}],"curies":[{"name":"wp","href":"https:\/\/api.w.org\/{rel}","templated":true}]}}