{"id":541,"date":"2012-01-09T00:00:00","date_gmt":"2012-01-09T00:00:00","guid":{"rendered":"http:\/\/psol50.org.br\/arquivo\/2012\/01\/09\/criancas-do-congo-pais-mais-subnutrido-da-africa-se-alimentam-dia-sim-dia-nao\/"},"modified":"2012-01-09T00:00:00","modified_gmt":"2012-01-09T00:00:00","slug":"criancas-do-congo-pais-mais-subnutrido-da-africa-se-alimentam-dia-sim-dia-nao","status":"publish","type":"post","link":"https:\/\/psol50.org.br\/criancas-do-congo-pais-mais-subnutrido-da-africa-se-alimentam-dia-sim-dia-nao\/","title":{"rendered":"Crian\u00e7as do Congo, pa\u00eds mais subnutrido da \u00c1frica, se alimentam dia sim, dia n\u00e3o"},"content":{"rendered":"<div style=\"text-align: justify\">\n<p><em><strong><a href=\"http:\/\/psol50.org.br\/blog\/2012\/01\/09\/criancas-do-congo-pais-mais-subnutrido-da-africa-se-alimentam-dia-sim-dia-nao\/criancascongo\/\" rel=\"attachment wp-att-13091\"><img loading=\"lazy\" decoding=\"async\" class=\"alignleft size-full wp-image-13091\" src=\"http:\/\/psol50.org.br\/files\/2012\/01\/Crian%C3%A7asCongo.jpg\" alt=\"\" width=\"400\" height=\"267\" \/><\/a>*Por Adam Nossiter &#8211; Kinshasa (Congo) &#8211; The New York Times<\/strong><\/em><\/p>\n<p><a href=\"http:\/\/m.noticias.uol.com.br\/midiaglobal\/nytimes\/2012\/01\/09\/criancas-do-congo-pais-mais-subnutrido-da-africa-se-alimentam-dia-sim-dia-nao.htm\"><em><strong>** Portal UOL<\/strong><\/em><\/a><\/p>\n<\/div>\n<div style=\"text-align: justify\">\n<p>Hoje, as crian\u00e7as mais velhas v\u00e3o comer. Cynthia, 15, e Guellor, 13. Amanh\u00e3, ser\u00e1 a vez das pequenas, Benedicte, Josiane e Manasse, 3, 6 e 9.<\/p>\n<p>\u00c9 claro, as pequenas far\u00e3o esc\u00e2ndalo. \u201cSim, \u00e9 claro, elas pedem comida, mas n\u00f3s n\u00e3i temos nada\u201d, disse a m\u00e3e, Ghislaine Berbok, uma policial que ganha US$ 50 por m\u00eas. Elas ter\u00e3o um pouco de p\u00e3o no caf\u00e9 da manh\u00e3, mas nada al\u00e9m disso.<\/p>\n<p>\u201c\u00c0 noite elas ficar\u00e3o fracas\u201d, disse ela. \u201c\u00c9 claro, elas reclamam. Mas n\u00e3o h\u00e1 nada que possamos fazer.\u201d<\/p>\n<p>Os Berbok est\u00e3o praticando um ritual familiar de Kinshasa quase t\u00e3o comum aqui quanto os telhados de metal e as ruas poeirentas: o \u201ccorte de energia\u201d, como os moradores da capital, com quase 10 milh\u00f5es de habitantes, o batizaram. Em alguns dias, algumas crian\u00e7as comem, outras n\u00e3o. Em outros dias, todas as crian\u00e7as comem, e os adultos n\u00e3o. Ou vice-versa.<\/p>\n<p>O termo \u201ccorte de energia\u201d &#8211; em franc\u00eas, delestage \u2013 \u00e9 para evocar outra rotina desagrad\u00e1vel da vida da cidade: os blecautes rotativos que atingem primeiro um bairro depois o outro.<\/p>\n<p>A palavra delestage \u00e9 usada universalmente na \u00c1frica francof\u00f4nica para descrever esses cortes de energia decretados pelo Estado, mas quando aplicado ao racionamento de comida ela ilustra um c\u00e1lculo duro de sobreviv\u00eancia, que o chefe de fam\u00edlia precisa impor dolorosamente aos demais. E diferente dos blecautes, n\u00e3o \u00e9 meramente um desprazer tempor\u00e1rio vindo de cima.<\/p>\n<p>\u201cSe hoje n\u00f3s comemos, amanh\u00e3 bebermos ch\u00e1\u201d, disse Dieudonne Nsala, pai de cinco filhos que ganha US$ 60 por m\u00eas como administrador no Minist\u00e9rio da Educa\u00e7\u00e3o. O aluguel \u00e9 US$ 120 por m\u00eas; os n\u00fameros, Nsala apontou, simplesmente n\u00e3o batem. H\u00e1 dias em que as crian\u00e7as n\u00e3o comem? \u201c\u00c9 claro!\u201d Respondeu Nsala, intrigado com a pergunta. \u201cPode ser dois dias por semana\u201d, disse ele.<\/p>\n<p>Embora os moradores aqui frequentemente se re\u00fanam em esquinas cheias de gente para discutir pol\u00edtica, sua luta di\u00e1ria pode ajudar a explicar porque a capital n\u00e3o experimenta protestos de massa depois que os resultados discut\u00edveis das elei\u00e7\u00f5es foram anunciados no m\u00eas passado. Protestos espor\u00e1dicos e choques nas ruas certamente surgiram, mas a margem de sobreviv\u00eancia aqui \u00e9 simplesmente muito t\u00eanue para que as pessoas protestem por muito tempo.<\/p>\n<p>\u201cAs pessoas em Kinshasa s\u00e3o t\u00e3o pobres, que vivem da m\u00e3o para a boca\u201d, disse Theodore Trefon, pesquisador do Royal Museum for Central Africa na B\u00e9lgica. \u201cElas simplesmente n\u00e3o t\u00eam meios para se mobilizar por muito tempo.\u201d<\/p>\n<p>Al\u00e9m disso, o governo deixa pouco espa\u00e7o para express\u00f5es populares de descontentamento. A Human Rights Watch disse que os soldados congoleses haviam matado pelo menos 24 pessoas e detido outras dezenas depois que elei\u00e7\u00f5es fraudulentas colocaram novamente no poder o presidente Joseph Kabila.<\/p>\n<p>Quaisquer que sejam os problemas da cidade com a vota\u00e7\u00e3o, a vida di\u00e1ria j\u00e1 \u00e9 um desafio grande o suficiente.<\/p>\n<p>\u201cNo final de semana, voc\u00ea precisa fazer tudo o que pode para ter comida porque est\u00e1 em casa com seus filhos\u201d, disse Nsala, o administrador. \u201cMas tem dias, \u00e9 claro, em que n\u00e3o comemos. Eu digo: &#8216;n\u00e3o h\u00e1 o suficiente para comer, ent\u00e3o voc\u00ea, mam\u00e3e, e as crian\u00e7as, voc\u00eas comem&#8217;\u201d.<\/p>\n<p>Nsala, que fala calmamente e com a dic\u00e7\u00e3o precisa, olhou para o ch\u00e3o de sua modesta sala de blocos de cimento e telhado de metal. A TV mostrava not\u00edcias ao fundo. Sua mulher estava vendendo vegetais na frente, para complementar o magro rendimento da fam\u00edlia. N\u00e3o pergunte a ele sobre carne.<\/p>\n<p>\u201cTalvez, se fizermos um sacrif\u00edcio\u201d, diz ele, observando que a carne custa US$ 2,20 o quilo.<\/p>\n<p>No lar dos Berbok \u2013 onde o marido de Ghislaine, que \u00e9 professor, ganha US$ 42 por m\u00eas, acrescentando ao sal\u00e1rio dela como policial \u2013 ningu\u00e9m comeu peixe durante um ano.<\/p>\n<p>\u201cDelestage. Isso significa: &#8216;hoje n\u00f3s comemos. Amanh\u00e3 n\u00e3o&#8217;. Os congoleses, no esp\u00edrito de ironia, adotaram esse termo\u201d, disse Nsala. Ele acrescentou que a fam\u00edlia havia comido no dia anterior. \u201cEnt\u00e3o, hoje, n\u00e3o tem comida.\u201d<\/p>\n<p>O delestage de alimentos n\u00e3o \u00e9 novo no Congo, um pa\u00eds rico em min\u00e9rios e paisagens verdejantes, mas ainda assim um dos mais famintos da terra, de acordo com os especialistas. Ele ficou em \u00faltimo lugar no \u00cdndice Global da Fome de 2011, uma m\u00e9trica da m\u00e1 nutri\u00e7\u00e3o e nutri\u00e7\u00e3o infantil compilada pelo Instituto de Pesquisa em Pol\u00edtica Alimentar Internacional, e a situa\u00e7\u00e3o ficou pior. O Congo foi o \u00fanico pa\u00eds em que a situa\u00e7\u00e3o alimentar caiu de \u201calarmante\u201d para \u201cextremamente alarmante\u201d, reportou o instituto no ano passado. Metade do pa\u00eds \u00e9 considerada subnutrida.<\/p>\n<p>H\u00e1 dez anos, at\u00e9 os congoleses pobres poderiam esperar comer uma refei\u00e7\u00e3o substancial por dia \u2013 talvez mandioca, com algum \u00f3leo de palmeira, e um pouco de peixe congelado importado que faz parte da alimenta\u00e7\u00e3o b\u00e1sica aqui. Mas nos \u00faltimos tr\u00eas anos, at\u00e9 essa certeza se foi, disse o Dr. Eric Tollens, especialista em nutri\u00e7\u00e3o no congo pela Universidade Cat\u00f3lica de Leuven na B\u00e9lgica, onde ele \u00e9 professor em\u00e9rito do Centro para Economia Alimentar e Agricultura.<\/p>\n<p>Tollens culpou a \u201ctotal neglig\u00eancia do governo em rela\u00e7\u00e3o \u00e0 agricultura\u201d, dizendo que o pa\u00eds est\u00e1 mais concentrado na lucrativa extra\u00e7\u00e3o de min\u00e9rios valiosos como o cobre e o cobalto. Menos de 1% do or\u00e7amento nacional congol\u00eas vai para a agricultura, diz. Doadores estrangeiros financiam \u201ctodos os projetos de agricultura\u201d, diz ele, e \u201cquantidades massivas de comida\u201d s\u00e3o importadas para esta terra rica, ent\u00e3o a comida \u00e9 cara.<\/p>\n<p>\u201cA produ\u00e7\u00e3o agr\u00edcola simplesmente desapareceu\u201d, disse ele numa entrevista, acrescentando que n\u00e3o havia motivo para que um pa\u00eds f\u00e9rtil como o Congo importe 20 mil toneladas de feij\u00e3o por ano.<\/p>\n<p>\u201c\u00c9 pior do que no N\u00edger ou Som\u00e1lia\u201d, disse ele, citando duas na\u00e7\u00f5es subsaarianas que vivem perenemente \u00e0 beira da fome. \u201cVamos l\u00e1, vamos l\u00e1. Com tantos recursos, o que est\u00e1 acontecendo?\u201d<\/p>\n<p>Metade da popula\u00e7\u00e3o come apenas uma vez por dia, escreveu Tollens num ensaio h\u00e1 v\u00e1rios anos, enquanto um quarto come apenas a cada dois dias.<\/p>\n<p>\u201cAntes, n\u00f3s com\u00edamos tr\u00eas vezes por dia; agora, n\u00f3s comemos por delestage\u201d, diz Cele Bunata-Kumba, um t\u00e9cnico de t\u00eanis que vive no bairro de Matongele em Kinshasa com sua mulher e 12 filhos.<\/p>\n<p>\u201cHoje, s\u00e3o as crian\u00e7as que v\u00e3o comer\u201d, disse ele. \u201cN\u00f3s, os adultos, podemos nos sacrificar. N\u00f3s, os adultos, podemos ficar sem comida\u201d, disse ele, com o rosto angustiado. E acrescentou: \u201csim, sim, \u00e9 claro, o dia todo. Sem nada para comer. Nem p\u00e3o. Claro, isso acontece\u201d.<\/p>\n<p>Em termos imediatos, os kinois \u2013 como s\u00e3o conhecidos os moradores de Kinshasa \u2013 que conhecem as ruas, conhecidos por viver correndo e ser adeptos da arte da sobreviv\u00eancia num ambiente duro, precisam se virar. Eles precisam alimentar seus filhos, a maior prioridade, dizem v\u00e1rias fam\u00edlias.<\/p>\n<p>No lar administrado por Elisa Luzingu e sua cunhada Marie Bumba \u2013 o marido de Luzingu est\u00e1 sem trabalho \u2013 as crian\u00e7as t\u00eam entre 7 e 17 anos. O delestage significa nenhuma refei\u00e7\u00e3o, tr\u00eas dias por semana. \u201cMeus filhos est\u00e3o estudando, ent\u00e3o, \u00e9 muito dif\u00edcil\u201d, disse Luzingu.<\/p>\n<p>Nos dias sem comida, disse Bumba, as crian\u00e7as \u201cficam muito cansadas e famintas\u201d.<\/p>\n<p>Num recente domingo cinzento, pelo menos, \u201ctodos comeram\u201d, disse Bumba, do lado de fora do quintal perto de uma panela fervente de matembele: batata-doce, \u00f3leo de palmeira, verduras e um pouco de peixe. Havia sorrisos por toda parte. A comida estava quase pronta.<\/p>\n<p>\u201cPara o kinois, comer \u00e9 uma batalha di\u00e1ria\u201d, disse Bunata-Kumba, o t\u00e9cnico de t\u00eanis.<\/p>\n<\/div>\n","protected":false},"excerpt":{"rendered":"<p>*Por Adam Nossiter &#8211; Kinshasa (Congo) &#8211; The New York Times ** Portal UOL Hoje, as crian\u00e7as mais velhas v\u00e3o comer. Cynthia, 15, e Guellor, 13. Amanh\u00e3, ser\u00e1 a vez das pequenas, Benedicte, Josiane e Manasse, 3, 6 e 9. \u00c9 claro, as pequenas far\u00e3o esc\u00e2ndalo. \u201cSim, \u00e9 claro, elas pedem comida, mas n\u00f3s n\u00e3i [&hellip;]<\/p>\n","protected":false},"author":2,"featured_media":0,"comment_status":"open","ping_status":"open","sticky":false,"template":"","format":"standard","meta":{"_acf_changed":false,"footnotes":""},"categories":[4766],"tags":[],"class_list":{"0":"post-541","1":"post","2":"type-post","3":"status-publish","4":"format-standard","6":"category-arquivo"},"acf":[],"yoast_head":"<!-- This site is optimized with the Yoast SEO plugin v26.5 - https:\/\/yoast.com\/wordpress\/plugins\/seo\/ -->\n<title>Crian\u00e7as do Congo, pa\u00eds mais subnutrido da \u00c1frica, se alimentam dia sim, dia n\u00e3o - PSOL 50<\/title>\n<meta name=\"robots\" content=\"index, follow, max-snippet:-1, max-image-preview:large, max-video-preview:-1\" \/>\n<link rel=\"canonical\" href=\"https:\/\/psol50.org.br\/criancas-do-congo-pais-mais-subnutrido-da-africa-se-alimentam-dia-sim-dia-nao\/\" \/>\n<meta property=\"og:locale\" content=\"pt_BR\" \/>\n<meta property=\"og:type\" content=\"article\" \/>\n<meta property=\"og:title\" content=\"Crian\u00e7as do Congo, pa\u00eds mais subnutrido da \u00c1frica, se alimentam dia sim, dia n\u00e3o - PSOL 50\" \/>\n<meta property=\"og:description\" content=\"*Por Adam Nossiter &#8211; Kinshasa (Congo) &#8211; The New York Times ** Portal UOL Hoje, as crian\u00e7as mais velhas v\u00e3o comer. Cynthia, 15, e Guellor, 13. Amanh\u00e3, ser\u00e1 a vez das pequenas, Benedicte, Josiane e Manasse, 3, 6 e 9. \u00c9 claro, as pequenas far\u00e3o esc\u00e2ndalo. \u201cSim, \u00e9 claro, elas pedem comida, mas n\u00f3s n\u00e3i [&hellip;]\" \/>\n<meta property=\"og:url\" content=\"https:\/\/psol50.org.br\/criancas-do-congo-pais-mais-subnutrido-da-africa-se-alimentam-dia-sim-dia-nao\/\" \/>\n<meta property=\"og:site_name\" content=\"PSOL 50\" \/>\n<meta property=\"article:publisher\" content=\"https:\/\/www.facebook.com\/psol50\" \/>\n<meta property=\"article:published_time\" content=\"2012-01-09T00:00:00+00:00\" \/>\n<meta property=\"og:image\" content=\"http:\/\/psol50.org.br\/files\/2012\/01\/Crian%C3%A7asCongo.jpg\" \/>\n<meta name=\"author\" content=\"Comunica\u00e7\u00e3o PSOL\" \/>\n<meta name=\"twitter:card\" content=\"summary_large_image\" \/>\n<meta name=\"twitter:creator\" content=\"@psol50\" \/>\n<meta name=\"twitter:site\" content=\"@psol50\" \/>\n<meta name=\"twitter:label1\" content=\"Escrito por\" \/>\n\t<meta name=\"twitter:data1\" content=\"Comunica\u00e7\u00e3o PSOL\" \/>\n\t<meta name=\"twitter:label2\" content=\"Est. tempo de leitura\" \/>\n\t<meta name=\"twitter:data2\" content=\"7 minutos\" \/>\n<script type=\"application\/ld+json\" class=\"yoast-schema-graph\">{\"@context\":\"https:\/\/schema.org\",\"@graph\":[{\"@type\":\"Article\",\"@id\":\"https:\/\/psol50.org.br\/criancas-do-congo-pais-mais-subnutrido-da-africa-se-alimentam-dia-sim-dia-nao\/#article\",\"isPartOf\":{\"@id\":\"https:\/\/psol50.org.br\/criancas-do-congo-pais-mais-subnutrido-da-africa-se-alimentam-dia-sim-dia-nao\/\"},\"author\":{\"name\":\"Comunica\u00e7\u00e3o PSOL\",\"@id\":\"https:\/\/psol50.org.br\/#\/schema\/person\/475dfa57d0b815993c714c2e96491fcd\"},\"headline\":\"Crian\u00e7as do Congo, pa\u00eds mais subnutrido da \u00c1frica, se alimentam dia sim, dia n\u00e3o\",\"datePublished\":\"2012-01-09T00:00:00+00:00\",\"mainEntityOfPage\":{\"@id\":\"https:\/\/psol50.org.br\/criancas-do-congo-pais-mais-subnutrido-da-africa-se-alimentam-dia-sim-dia-nao\/\"},\"wordCount\":1342,\"commentCount\":0,\"publisher\":{\"@id\":\"https:\/\/psol50.org.br\/#organization\"},\"image\":{\"@id\":\"https:\/\/psol50.org.br\/criancas-do-congo-pais-mais-subnutrido-da-africa-se-alimentam-dia-sim-dia-nao\/#primaryimage\"},\"thumbnailUrl\":\"http:\/\/psol50.org.br\/files\/2012\/01\/Crian%C3%A7asCongo.jpg\",\"articleSection\":[\"Arquivo\"],\"inLanguage\":\"pt-BR\",\"potentialAction\":[{\"@type\":\"CommentAction\",\"name\":\"Comment\",\"target\":[\"https:\/\/psol50.org.br\/criancas-do-congo-pais-mais-subnutrido-da-africa-se-alimentam-dia-sim-dia-nao\/#respond\"]}]},{\"@type\":\"WebPage\",\"@id\":\"https:\/\/psol50.org.br\/criancas-do-congo-pais-mais-subnutrido-da-africa-se-alimentam-dia-sim-dia-nao\/\",\"url\":\"https:\/\/psol50.org.br\/criancas-do-congo-pais-mais-subnutrido-da-africa-se-alimentam-dia-sim-dia-nao\/\",\"name\":\"Crian\u00e7as do Congo, pa\u00eds mais subnutrido da \u00c1frica, se alimentam dia sim, dia n\u00e3o - PSOL 50\",\"isPartOf\":{\"@id\":\"https:\/\/psol50.org.br\/#website\"},\"primaryImageOfPage\":{\"@id\":\"https:\/\/psol50.org.br\/criancas-do-congo-pais-mais-subnutrido-da-africa-se-alimentam-dia-sim-dia-nao\/#primaryimage\"},\"image\":{\"@id\":\"https:\/\/psol50.org.br\/criancas-do-congo-pais-mais-subnutrido-da-africa-se-alimentam-dia-sim-dia-nao\/#primaryimage\"},\"thumbnailUrl\":\"http:\/\/psol50.org.br\/files\/2012\/01\/Crian%C3%A7asCongo.jpg\",\"datePublished\":\"2012-01-09T00:00:00+00:00\",\"breadcrumb\":{\"@id\":\"https:\/\/psol50.org.br\/criancas-do-congo-pais-mais-subnutrido-da-africa-se-alimentam-dia-sim-dia-nao\/#breadcrumb\"},\"inLanguage\":\"pt-BR\",\"potentialAction\":[{\"@type\":\"ReadAction\",\"target\":[\"https:\/\/psol50.org.br\/criancas-do-congo-pais-mais-subnutrido-da-africa-se-alimentam-dia-sim-dia-nao\/\"]}]},{\"@type\":\"ImageObject\",\"inLanguage\":\"pt-BR\",\"@id\":\"https:\/\/psol50.org.br\/criancas-do-congo-pais-mais-subnutrido-da-africa-se-alimentam-dia-sim-dia-nao\/#primaryimage\",\"url\":\"http:\/\/psol50.org.br\/files\/2012\/01\/Crian%C3%A7asCongo.jpg\",\"contentUrl\":\"http:\/\/psol50.org.br\/files\/2012\/01\/Crian%C3%A7asCongo.jpg\"},{\"@type\":\"BreadcrumbList\",\"@id\":\"https:\/\/psol50.org.br\/criancas-do-congo-pais-mais-subnutrido-da-africa-se-alimentam-dia-sim-dia-nao\/#breadcrumb\",\"itemListElement\":[{\"@type\":\"ListItem\",\"position\":1,\"name\":\"In\u00edcio\",\"item\":\"https:\/\/psol50.org.br\/\"},{\"@type\":\"ListItem\",\"position\":2,\"name\":\"Crian\u00e7as do Congo, pa\u00eds mais subnutrido da \u00c1frica, se alimentam dia sim, dia n\u00e3o\"}]},{\"@type\":\"WebSite\",\"@id\":\"https:\/\/psol50.org.br\/#website\",\"url\":\"https:\/\/psol50.org.br\/\",\"name\":\"PSOL 50\",\"description\":\"Site oficial do Partido Socialismo e Liberdade\",\"publisher\":{\"@id\":\"https:\/\/psol50.org.br\/#organization\"},\"alternateName\":\"PSOL50\",\"potentialAction\":[{\"@type\":\"SearchAction\",\"target\":{\"@type\":\"EntryPoint\",\"urlTemplate\":\"https:\/\/psol50.org.br\/?s={search_term_string}\"},\"query-input\":{\"@type\":\"PropertyValueSpecification\",\"valueRequired\":true,\"valueName\":\"search_term_string\"}}],\"inLanguage\":\"pt-BR\"},{\"@type\":\"Organization\",\"@id\":\"https:\/\/psol50.org.br\/#organization\",\"name\":\"PSOL 50\",\"alternateName\":\"PSOL 50\",\"url\":\"https:\/\/psol50.org.br\/\",\"logo\":{\"@type\":\"ImageObject\",\"inLanguage\":\"pt-BR\",\"@id\":\"https:\/\/psol50.org.br\/#\/schema\/logo\/image\/\",\"url\":\"https:\/\/psol50.org.br\/inc\/uploads\/2018\/07\/capa.png\",\"contentUrl\":\"https:\/\/psol50.org.br\/inc\/uploads\/2018\/07\/capa.png\",\"width\":1350,\"height\":900,\"caption\":\"PSOL 50\"},\"image\":{\"@id\":\"https:\/\/psol50.org.br\/#\/schema\/logo\/image\/\"},\"sameAs\":[\"https:\/\/www.facebook.com\/psol50\",\"https:\/\/x.com\/psol50\",\"https:\/\/www.instagram.com\/psol50\/\",\"https:\/\/www.youtube.com\/channel\/UC7SnJS5o1os7a6CaiNabzcg\"]},{\"@type\":\"Person\",\"@id\":\"https:\/\/psol50.org.br\/#\/schema\/person\/475dfa57d0b815993c714c2e96491fcd\",\"name\":\"Comunica\u00e7\u00e3o PSOL\",\"image\":{\"@type\":\"ImageObject\",\"inLanguage\":\"pt-BR\",\"@id\":\"https:\/\/psol50.org.br\/#\/schema\/person\/image\/\",\"url\":\"https:\/\/secure.gravatar.com\/avatar\/b34fc4f4e468a4e51785917065a3db57b841f5c95dba6ad8c73aaf8f66f8f9bf?s=96&d=mm&r=g\",\"contentUrl\":\"https:\/\/secure.gravatar.com\/avatar\/b34fc4f4e468a4e51785917065a3db57b841f5c95dba6ad8c73aaf8f66f8f9bf?s=96&d=mm&r=g\",\"caption\":\"Comunica\u00e7\u00e3o PSOL\"}}]}<\/script>\n<!-- \/ Yoast SEO plugin. -->","yoast_head_json":{"title":"Crian\u00e7as do Congo, pa\u00eds mais subnutrido da \u00c1frica, se alimentam dia sim, dia n\u00e3o - PSOL 50","robots":{"index":"index","follow":"follow","max-snippet":"max-snippet:-1","max-image-preview":"max-image-preview:large","max-video-preview":"max-video-preview:-1"},"canonical":"https:\/\/psol50.org.br\/criancas-do-congo-pais-mais-subnutrido-da-africa-se-alimentam-dia-sim-dia-nao\/","og_locale":"pt_BR","og_type":"article","og_title":"Crian\u00e7as do Congo, pa\u00eds mais subnutrido da \u00c1frica, se alimentam dia sim, dia n\u00e3o - PSOL 50","og_description":"*Por Adam Nossiter &#8211; Kinshasa (Congo) &#8211; The New York Times ** Portal UOL Hoje, as crian\u00e7as mais velhas v\u00e3o comer. Cynthia, 15, e Guellor, 13. Amanh\u00e3, ser\u00e1 a vez das pequenas, Benedicte, Josiane e Manasse, 3, 6 e 9. \u00c9 claro, as pequenas far\u00e3o esc\u00e2ndalo. \u201cSim, \u00e9 claro, elas pedem comida, mas n\u00f3s n\u00e3i [&hellip;]","og_url":"https:\/\/psol50.org.br\/criancas-do-congo-pais-mais-subnutrido-da-africa-se-alimentam-dia-sim-dia-nao\/","og_site_name":"PSOL 50","article_publisher":"https:\/\/www.facebook.com\/psol50","article_published_time":"2012-01-09T00:00:00+00:00","og_image":[{"url":"http:\/\/psol50.org.br\/files\/2012\/01\/Crian%C3%A7asCongo.jpg","type":"","width":"","height":""}],"author":"Comunica\u00e7\u00e3o PSOL","twitter_card":"summary_large_image","twitter_creator":"@psol50","twitter_site":"@psol50","twitter_misc":{"Escrito por":"Comunica\u00e7\u00e3o PSOL","Est. tempo de leitura":"7 minutos"},"schema":{"@context":"https:\/\/schema.org","@graph":[{"@type":"Article","@id":"https:\/\/psol50.org.br\/criancas-do-congo-pais-mais-subnutrido-da-africa-se-alimentam-dia-sim-dia-nao\/#article","isPartOf":{"@id":"https:\/\/psol50.org.br\/criancas-do-congo-pais-mais-subnutrido-da-africa-se-alimentam-dia-sim-dia-nao\/"},"author":{"name":"Comunica\u00e7\u00e3o PSOL","@id":"https:\/\/psol50.org.br\/#\/schema\/person\/475dfa57d0b815993c714c2e96491fcd"},"headline":"Crian\u00e7as do Congo, pa\u00eds mais subnutrido da \u00c1frica, se alimentam dia sim, dia n\u00e3o","datePublished":"2012-01-09T00:00:00+00:00","mainEntityOfPage":{"@id":"https:\/\/psol50.org.br\/criancas-do-congo-pais-mais-subnutrido-da-africa-se-alimentam-dia-sim-dia-nao\/"},"wordCount":1342,"commentCount":0,"publisher":{"@id":"https:\/\/psol50.org.br\/#organization"},"image":{"@id":"https:\/\/psol50.org.br\/criancas-do-congo-pais-mais-subnutrido-da-africa-se-alimentam-dia-sim-dia-nao\/#primaryimage"},"thumbnailUrl":"http:\/\/psol50.org.br\/files\/2012\/01\/Crian%C3%A7asCongo.jpg","articleSection":["Arquivo"],"inLanguage":"pt-BR","potentialAction":[{"@type":"CommentAction","name":"Comment","target":["https:\/\/psol50.org.br\/criancas-do-congo-pais-mais-subnutrido-da-africa-se-alimentam-dia-sim-dia-nao\/#respond"]}]},{"@type":"WebPage","@id":"https:\/\/psol50.org.br\/criancas-do-congo-pais-mais-subnutrido-da-africa-se-alimentam-dia-sim-dia-nao\/","url":"https:\/\/psol50.org.br\/criancas-do-congo-pais-mais-subnutrido-da-africa-se-alimentam-dia-sim-dia-nao\/","name":"Crian\u00e7as do Congo, pa\u00eds mais subnutrido da \u00c1frica, se alimentam dia sim, dia n\u00e3o - PSOL 50","isPartOf":{"@id":"https:\/\/psol50.org.br\/#website"},"primaryImageOfPage":{"@id":"https:\/\/psol50.org.br\/criancas-do-congo-pais-mais-subnutrido-da-africa-se-alimentam-dia-sim-dia-nao\/#primaryimage"},"image":{"@id":"https:\/\/psol50.org.br\/criancas-do-congo-pais-mais-subnutrido-da-africa-se-alimentam-dia-sim-dia-nao\/#primaryimage"},"thumbnailUrl":"http:\/\/psol50.org.br\/files\/2012\/01\/Crian%C3%A7asCongo.jpg","datePublished":"2012-01-09T00:00:00+00:00","breadcrumb":{"@id":"https:\/\/psol50.org.br\/criancas-do-congo-pais-mais-subnutrido-da-africa-se-alimentam-dia-sim-dia-nao\/#breadcrumb"},"inLanguage":"pt-BR","potentialAction":[{"@type":"ReadAction","target":["https:\/\/psol50.org.br\/criancas-do-congo-pais-mais-subnutrido-da-africa-se-alimentam-dia-sim-dia-nao\/"]}]},{"@type":"ImageObject","inLanguage":"pt-BR","@id":"https:\/\/psol50.org.br\/criancas-do-congo-pais-mais-subnutrido-da-africa-se-alimentam-dia-sim-dia-nao\/#primaryimage","url":"http:\/\/psol50.org.br\/files\/2012\/01\/Crian%C3%A7asCongo.jpg","contentUrl":"http:\/\/psol50.org.br\/files\/2012\/01\/Crian%C3%A7asCongo.jpg"},{"@type":"BreadcrumbList","@id":"https:\/\/psol50.org.br\/criancas-do-congo-pais-mais-subnutrido-da-africa-se-alimentam-dia-sim-dia-nao\/#breadcrumb","itemListElement":[{"@type":"ListItem","position":1,"name":"In\u00edcio","item":"https:\/\/psol50.org.br\/"},{"@type":"ListItem","position":2,"name":"Crian\u00e7as do Congo, pa\u00eds mais subnutrido da \u00c1frica, se alimentam dia sim, dia n\u00e3o"}]},{"@type":"WebSite","@id":"https:\/\/psol50.org.br\/#website","url":"https:\/\/psol50.org.br\/","name":"PSOL 50","description":"Site oficial do Partido Socialismo e Liberdade","publisher":{"@id":"https:\/\/psol50.org.br\/#organization"},"alternateName":"PSOL50","potentialAction":[{"@type":"SearchAction","target":{"@type":"EntryPoint","urlTemplate":"https:\/\/psol50.org.br\/?s={search_term_string}"},"query-input":{"@type":"PropertyValueSpecification","valueRequired":true,"valueName":"search_term_string"}}],"inLanguage":"pt-BR"},{"@type":"Organization","@id":"https:\/\/psol50.org.br\/#organization","name":"PSOL 50","alternateName":"PSOL 50","url":"https:\/\/psol50.org.br\/","logo":{"@type":"ImageObject","inLanguage":"pt-BR","@id":"https:\/\/psol50.org.br\/#\/schema\/logo\/image\/","url":"https:\/\/psol50.org.br\/inc\/uploads\/2018\/07\/capa.png","contentUrl":"https:\/\/psol50.org.br\/inc\/uploads\/2018\/07\/capa.png","width":1350,"height":900,"caption":"PSOL 50"},"image":{"@id":"https:\/\/psol50.org.br\/#\/schema\/logo\/image\/"},"sameAs":["https:\/\/www.facebook.com\/psol50","https:\/\/x.com\/psol50","https:\/\/www.instagram.com\/psol50\/","https:\/\/www.youtube.com\/channel\/UC7SnJS5o1os7a6CaiNabzcg"]},{"@type":"Person","@id":"https:\/\/psol50.org.br\/#\/schema\/person\/475dfa57d0b815993c714c2e96491fcd","name":"Comunica\u00e7\u00e3o PSOL","image":{"@type":"ImageObject","inLanguage":"pt-BR","@id":"https:\/\/psol50.org.br\/#\/schema\/person\/image\/","url":"https:\/\/secure.gravatar.com\/avatar\/b34fc4f4e468a4e51785917065a3db57b841f5c95dba6ad8c73aaf8f66f8f9bf?s=96&d=mm&r=g","contentUrl":"https:\/\/secure.gravatar.com\/avatar\/b34fc4f4e468a4e51785917065a3db57b841f5c95dba6ad8c73aaf8f66f8f9bf?s=96&d=mm&r=g","caption":"Comunica\u00e7\u00e3o PSOL"}}]}},"_links":{"self":[{"href":"https:\/\/psol50.org.br\/rest\/wp\/v2\/posts\/541","targetHints":{"allow":["GET"]}}],"collection":[{"href":"https:\/\/psol50.org.br\/rest\/wp\/v2\/posts"}],"about":[{"href":"https:\/\/psol50.org.br\/rest\/wp\/v2\/types\/post"}],"author":[{"embeddable":true,"href":"https:\/\/psol50.org.br\/rest\/wp\/v2\/users\/2"}],"replies":[{"embeddable":true,"href":"https:\/\/psol50.org.br\/rest\/wp\/v2\/comments?post=541"}],"version-history":[{"count":0,"href":"https:\/\/psol50.org.br\/rest\/wp\/v2\/posts\/541\/revisions"}],"wp:attachment":[{"href":"https:\/\/psol50.org.br\/rest\/wp\/v2\/media?parent=541"}],"wp:term":[{"taxonomy":"category","embeddable":true,"href":"https:\/\/psol50.org.br\/rest\/wp\/v2\/categories?post=541"},{"taxonomy":"post_tag","embeddable":true,"href":"https:\/\/psol50.org.br\/rest\/wp\/v2\/tags?post=541"}],"curies":[{"name":"wp","href":"https:\/\/api.w.org\/{rel}","templated":true}]}}