{"id":545,"date":"2012-01-17T00:00:00","date_gmt":"2012-01-17T00:00:00","guid":{"rendered":"http:\/\/psol50.org.br\/arquivo\/2012\/01\/17\/uruguai-pedira-perdao-por-crimes-da-ditadura\/"},"modified":"2012-01-17T00:00:00","modified_gmt":"2012-01-17T00:00:00","slug":"uruguai-pedira-perdao-por-crimes-da-ditadura","status":"publish","type":"post","link":"https:\/\/psol50.org.br\/uruguai-pedira-perdao-por-crimes-da-ditadura\/","title":{"rendered":"Uruguai pedir\u00e1 perd\u00e3o por crimes da ditadura"},"content":{"rendered":"<p style=\"text-align: justify\"><a href=\"http:\/\/psol50.org.br\/blog\/2012\/01\/17\/uruguai-pedira-perdao-por-crimes-da-ditadura\/uruguai1a-2\/\" rel=\"attachment wp-att-13243\"><img loading=\"lazy\" decoding=\"async\" class=\"aligncenter size-full wp-image-13243\" src=\"http:\/\/psol50.org.br\/files\/2012\/01\/Uruguai1a.jpg\" alt=\"\" width=\"400\" height=\"258\" \/><\/a>Governo de Jos\u00e9 Mujica cumpre condena\u00e7\u00e3o imposta pela Corte Interamericana de Direitos Humanos e assume responsabilidade por excessos do Estado.<\/p>\n<p style=\"text-align: justify\">O Estado uruguaio assumir\u00e1 sua responsabilidade nas viola\u00e7\u00f5es aos direitos humanos cometidas durante a ditadura militar (1973-1985) durante um ato de repara\u00e7\u00e3o a Macarena Gelman, filha de desaparecidos, anunciou nesta segunda-feira (16\/01) o chanceler Luis Almagro.<\/p>\n<p>De acordo com Almagro, &#8220;ser\u00e1 um ato simb\u00f3lico de repara\u00e7\u00e3o \u00e0s v\u00edtimas&#8221;. O chanceler tamb\u00e9m informou que os detalhes sobre o ato ainda ser\u00e3o definidos, mas deve acontecer em 21 de mar\u00e7o no Pal\u00e1cio Legislativo, com a presen\u00e7a do presidente do pa\u00eds, Jos\u00e9 Mujica.<\/p>\n<p>O ministro das Rela\u00e7\u00f5es Exteriores sustentou que os detalhes ser\u00e3o conversados com Gelman no decorrer da semana e definidos posteriormente pelo Conselho de Ministros, quando as sess\u00f5es forem retomadas em 23 de janeiro.<\/p>\n<p>Almagro disse que tamb\u00e9m est\u00e1 previsto o pagamento de uma indeniza\u00e7\u00e3o de cerca de 500 mil d\u00f3lares (cerca de 893 mil reais) fixado pela CIDH (Corte Interamericana de Direitos Humanos).<\/p>\n<p>Na senten\u00e7a, emitida em 24 de mar\u00e7o de 2011, o organismo tamb\u00e9m pediu que o Estado uruguaio remova os obst\u00e1culos que impedem a investiga\u00e7\u00e3o e julgamento do caso Gelman, o que levou o Congresso a aprovar em outubro uma lei que torna imprescrit\u00edveis os crimes de lesa humanidade.<\/p>\n<p>Mar\u00eda Claudia Garc\u00eda, nora do poeta argentino Juan Gelman, foi sequestrada junto com o marido, Marcelo Gelman, em agosto de 1976 e levada a Montevid\u00e9u, onde foi assassinada quatro meses depois, ap\u00f3s dar a luz a Macarena. Seu corpo, no entanto, nunca foi encontrado.<\/p>\n<p style=\"text-align: justify\"><a href=\"http:\/\/operamundi.uol.com.br\/conteudo\/noticias\/19218\/estado+uruguaio+vai+assumir+responsabilidade+por+crimes+da+ditudura.shtml\"><strong>*Fonte: Opera Mundi<\/strong><\/a><\/p>\n","protected":false},"excerpt":{"rendered":"<p>Governo de Jos\u00e9 Mujica cumpre condena\u00e7\u00e3o imposta pela Corte Interamericana de Direitos Humanos e assume responsabilidade por excessos do Estado. O Estado uruguaio assumir\u00e1 sua responsabilidade nas viola\u00e7\u00f5es aos direitos humanos cometidas durante a ditadura militar (1973-1985) durante um ato de repara\u00e7\u00e3o a Macarena Gelman, filha de desaparecidos, anunciou nesta segunda-feira (16\/01) o chanceler Luis [&hellip;]<\/p>\n","protected":false},"author":2,"featured_media":0,"comment_status":"open","ping_status":"open","sticky":false,"template":"","format":"standard","meta":{"_acf_changed":false,"footnotes":""},"categories":[4766],"tags":[],"class_list":{"0":"post-545","1":"post","2":"type-post","3":"status-publish","4":"format-standard","6":"category-arquivo"},"acf":[],"yoast_head":"<!-- This site is optimized with the Yoast SEO plugin v26.5 - https:\/\/yoast.com\/wordpress\/plugins\/seo\/ -->\n<title>Uruguai pedir\u00e1 perd\u00e3o por crimes da ditadura - PSOL 50<\/title>\n<meta name=\"robots\" content=\"index, follow, max-snippet:-1, max-image-preview:large, max-video-preview:-1\" \/>\n<link rel=\"canonical\" href=\"https:\/\/psol50.org.br\/uruguai-pedira-perdao-por-crimes-da-ditadura\/\" \/>\n<meta property=\"og:locale\" content=\"pt_BR\" \/>\n<meta property=\"og:type\" content=\"article\" \/>\n<meta property=\"og:title\" content=\"Uruguai pedir\u00e1 perd\u00e3o por crimes da ditadura - PSOL 50\" \/>\n<meta property=\"og:description\" content=\"Governo de Jos\u00e9 Mujica cumpre condena\u00e7\u00e3o imposta pela Corte Interamericana de Direitos Humanos e assume responsabilidade por excessos do Estado. O Estado uruguaio assumir\u00e1 sua responsabilidade nas viola\u00e7\u00f5es aos direitos humanos cometidas durante a ditadura militar (1973-1985) durante um ato de repara\u00e7\u00e3o a Macarena Gelman, filha de desaparecidos, anunciou nesta segunda-feira (16\/01) o chanceler Luis [&hellip;]\" \/>\n<meta property=\"og:url\" content=\"https:\/\/psol50.org.br\/uruguai-pedira-perdao-por-crimes-da-ditadura\/\" \/>\n<meta property=\"og:site_name\" content=\"PSOL 50\" \/>\n<meta property=\"article:publisher\" content=\"https:\/\/www.facebook.com\/psol50\" \/>\n<meta property=\"article:published_time\" content=\"2012-01-17T00:00:00+00:00\" \/>\n<meta property=\"og:image\" content=\"http:\/\/psol50.org.br\/files\/2012\/01\/Uruguai1a.jpg\" \/>\n<meta name=\"author\" content=\"Comunica\u00e7\u00e3o PSOL\" \/>\n<meta name=\"twitter:card\" content=\"summary_large_image\" \/>\n<meta name=\"twitter:creator\" content=\"@psol50\" \/>\n<meta name=\"twitter:site\" content=\"@psol50\" \/>\n<meta name=\"twitter:label1\" content=\"Escrito por\" \/>\n\t<meta name=\"twitter:data1\" content=\"Comunica\u00e7\u00e3o PSOL\" \/>\n\t<meta name=\"twitter:label2\" content=\"Est. tempo de leitura\" \/>\n\t<meta name=\"twitter:data2\" content=\"1 minuto\" \/>\n<script type=\"application\/ld+json\" class=\"yoast-schema-graph\">{\"@context\":\"https:\/\/schema.org\",\"@graph\":[{\"@type\":\"Article\",\"@id\":\"https:\/\/psol50.org.br\/uruguai-pedira-perdao-por-crimes-da-ditadura\/#article\",\"isPartOf\":{\"@id\":\"https:\/\/psol50.org.br\/uruguai-pedira-perdao-por-crimes-da-ditadura\/\"},\"author\":{\"name\":\"Comunica\u00e7\u00e3o PSOL\",\"@id\":\"https:\/\/psol50.org.br\/#\/schema\/person\/475dfa57d0b815993c714c2e96491fcd\"},\"headline\":\"Uruguai pedir\u00e1 perd\u00e3o por crimes da ditadura\",\"datePublished\":\"2012-01-17T00:00:00+00:00\",\"mainEntityOfPage\":{\"@id\":\"https:\/\/psol50.org.br\/uruguai-pedira-perdao-por-crimes-da-ditadura\/\"},\"wordCount\":286,\"commentCount\":0,\"publisher\":{\"@id\":\"https:\/\/psol50.org.br\/#organization\"},\"image\":{\"@id\":\"https:\/\/psol50.org.br\/uruguai-pedira-perdao-por-crimes-da-ditadura\/#primaryimage\"},\"thumbnailUrl\":\"http:\/\/psol50.org.br\/files\/2012\/01\/Uruguai1a.jpg\",\"articleSection\":[\"Arquivo\"],\"inLanguage\":\"pt-BR\",\"potentialAction\":[{\"@type\":\"CommentAction\",\"name\":\"Comment\",\"target\":[\"https:\/\/psol50.org.br\/uruguai-pedira-perdao-por-crimes-da-ditadura\/#respond\"]}]},{\"@type\":\"WebPage\",\"@id\":\"https:\/\/psol50.org.br\/uruguai-pedira-perdao-por-crimes-da-ditadura\/\",\"url\":\"https:\/\/psol50.org.br\/uruguai-pedira-perdao-por-crimes-da-ditadura\/\",\"name\":\"Uruguai pedir\u00e1 perd\u00e3o por crimes da ditadura - PSOL 50\",\"isPartOf\":{\"@id\":\"https:\/\/psol50.org.br\/#website\"},\"primaryImageOfPage\":{\"@id\":\"https:\/\/psol50.org.br\/uruguai-pedira-perdao-por-crimes-da-ditadura\/#primaryimage\"},\"image\":{\"@id\":\"https:\/\/psol50.org.br\/uruguai-pedira-perdao-por-crimes-da-ditadura\/#primaryimage\"},\"thumbnailUrl\":\"http:\/\/psol50.org.br\/files\/2012\/01\/Uruguai1a.jpg\",\"datePublished\":\"2012-01-17T00:00:00+00:00\",\"breadcrumb\":{\"@id\":\"https:\/\/psol50.org.br\/uruguai-pedira-perdao-por-crimes-da-ditadura\/#breadcrumb\"},\"inLanguage\":\"pt-BR\",\"potentialAction\":[{\"@type\":\"ReadAction\",\"target\":[\"https:\/\/psol50.org.br\/uruguai-pedira-perdao-por-crimes-da-ditadura\/\"]}]},{\"@type\":\"ImageObject\",\"inLanguage\":\"pt-BR\",\"@id\":\"https:\/\/psol50.org.br\/uruguai-pedira-perdao-por-crimes-da-ditadura\/#primaryimage\",\"url\":\"http:\/\/psol50.org.br\/files\/2012\/01\/Uruguai1a.jpg\",\"contentUrl\":\"http:\/\/psol50.org.br\/files\/2012\/01\/Uruguai1a.jpg\"},{\"@type\":\"BreadcrumbList\",\"@id\":\"https:\/\/psol50.org.br\/uruguai-pedira-perdao-por-crimes-da-ditadura\/#breadcrumb\",\"itemListElement\":[{\"@type\":\"ListItem\",\"position\":1,\"name\":\"In\u00edcio\",\"item\":\"https:\/\/psol50.org.br\/\"},{\"@type\":\"ListItem\",\"position\":2,\"name\":\"Uruguai pedir\u00e1 perd\u00e3o por crimes da ditadura\"}]},{\"@type\":\"WebSite\",\"@id\":\"https:\/\/psol50.org.br\/#website\",\"url\":\"https:\/\/psol50.org.br\/\",\"name\":\"PSOL 50\",\"description\":\"Site oficial do Partido Socialismo e Liberdade\",\"publisher\":{\"@id\":\"https:\/\/psol50.org.br\/#organization\"},\"alternateName\":\"PSOL50\",\"potentialAction\":[{\"@type\":\"SearchAction\",\"target\":{\"@type\":\"EntryPoint\",\"urlTemplate\":\"https:\/\/psol50.org.br\/?s={search_term_string}\"},\"query-input\":{\"@type\":\"PropertyValueSpecification\",\"valueRequired\":true,\"valueName\":\"search_term_string\"}}],\"inLanguage\":\"pt-BR\"},{\"@type\":\"Organization\",\"@id\":\"https:\/\/psol50.org.br\/#organization\",\"name\":\"PSOL 50\",\"alternateName\":\"PSOL 50\",\"url\":\"https:\/\/psol50.org.br\/\",\"logo\":{\"@type\":\"ImageObject\",\"inLanguage\":\"pt-BR\",\"@id\":\"https:\/\/psol50.org.br\/#\/schema\/logo\/image\/\",\"url\":\"https:\/\/psol50.org.br\/inc\/uploads\/2018\/07\/capa.png\",\"contentUrl\":\"https:\/\/psol50.org.br\/inc\/uploads\/2018\/07\/capa.png\",\"width\":1350,\"height\":900,\"caption\":\"PSOL 50\"},\"image\":{\"@id\":\"https:\/\/psol50.org.br\/#\/schema\/logo\/image\/\"},\"sameAs\":[\"https:\/\/www.facebook.com\/psol50\",\"https:\/\/x.com\/psol50\",\"https:\/\/www.instagram.com\/psol50\/\",\"https:\/\/www.youtube.com\/channel\/UC7SnJS5o1os7a6CaiNabzcg\"]},{\"@type\":\"Person\",\"@id\":\"https:\/\/psol50.org.br\/#\/schema\/person\/475dfa57d0b815993c714c2e96491fcd\",\"name\":\"Comunica\u00e7\u00e3o PSOL\",\"image\":{\"@type\":\"ImageObject\",\"inLanguage\":\"pt-BR\",\"@id\":\"https:\/\/psol50.org.br\/#\/schema\/person\/image\/\",\"url\":\"https:\/\/secure.gravatar.com\/avatar\/b34fc4f4e468a4e51785917065a3db57b841f5c95dba6ad8c73aaf8f66f8f9bf?s=96&d=mm&r=g\",\"contentUrl\":\"https:\/\/secure.gravatar.com\/avatar\/b34fc4f4e468a4e51785917065a3db57b841f5c95dba6ad8c73aaf8f66f8f9bf?s=96&d=mm&r=g\",\"caption\":\"Comunica\u00e7\u00e3o PSOL\"}}]}<\/script>\n<!-- \/ Yoast SEO plugin. -->","yoast_head_json":{"title":"Uruguai pedir\u00e1 perd\u00e3o por crimes da ditadura - PSOL 50","robots":{"index":"index","follow":"follow","max-snippet":"max-snippet:-1","max-image-preview":"max-image-preview:large","max-video-preview":"max-video-preview:-1"},"canonical":"https:\/\/psol50.org.br\/uruguai-pedira-perdao-por-crimes-da-ditadura\/","og_locale":"pt_BR","og_type":"article","og_title":"Uruguai pedir\u00e1 perd\u00e3o por crimes da ditadura - PSOL 50","og_description":"Governo de Jos\u00e9 Mujica cumpre condena\u00e7\u00e3o imposta pela Corte Interamericana de Direitos Humanos e assume responsabilidade por excessos do Estado. O Estado uruguaio assumir\u00e1 sua responsabilidade nas viola\u00e7\u00f5es aos direitos humanos cometidas durante a ditadura militar (1973-1985) durante um ato de repara\u00e7\u00e3o a Macarena Gelman, filha de desaparecidos, anunciou nesta segunda-feira (16\/01) o chanceler Luis [&hellip;]","og_url":"https:\/\/psol50.org.br\/uruguai-pedira-perdao-por-crimes-da-ditadura\/","og_site_name":"PSOL 50","article_publisher":"https:\/\/www.facebook.com\/psol50","article_published_time":"2012-01-17T00:00:00+00:00","og_image":[{"url":"http:\/\/psol50.org.br\/files\/2012\/01\/Uruguai1a.jpg","type":"","width":"","height":""}],"author":"Comunica\u00e7\u00e3o PSOL","twitter_card":"summary_large_image","twitter_creator":"@psol50","twitter_site":"@psol50","twitter_misc":{"Escrito por":"Comunica\u00e7\u00e3o PSOL","Est. tempo de leitura":"1 minuto"},"schema":{"@context":"https:\/\/schema.org","@graph":[{"@type":"Article","@id":"https:\/\/psol50.org.br\/uruguai-pedira-perdao-por-crimes-da-ditadura\/#article","isPartOf":{"@id":"https:\/\/psol50.org.br\/uruguai-pedira-perdao-por-crimes-da-ditadura\/"},"author":{"name":"Comunica\u00e7\u00e3o PSOL","@id":"https:\/\/psol50.org.br\/#\/schema\/person\/475dfa57d0b815993c714c2e96491fcd"},"headline":"Uruguai pedir\u00e1 perd\u00e3o por crimes da ditadura","datePublished":"2012-01-17T00:00:00+00:00","mainEntityOfPage":{"@id":"https:\/\/psol50.org.br\/uruguai-pedira-perdao-por-crimes-da-ditadura\/"},"wordCount":286,"commentCount":0,"publisher":{"@id":"https:\/\/psol50.org.br\/#organization"},"image":{"@id":"https:\/\/psol50.org.br\/uruguai-pedira-perdao-por-crimes-da-ditadura\/#primaryimage"},"thumbnailUrl":"http:\/\/psol50.org.br\/files\/2012\/01\/Uruguai1a.jpg","articleSection":["Arquivo"],"inLanguage":"pt-BR","potentialAction":[{"@type":"CommentAction","name":"Comment","target":["https:\/\/psol50.org.br\/uruguai-pedira-perdao-por-crimes-da-ditadura\/#respond"]}]},{"@type":"WebPage","@id":"https:\/\/psol50.org.br\/uruguai-pedira-perdao-por-crimes-da-ditadura\/","url":"https:\/\/psol50.org.br\/uruguai-pedira-perdao-por-crimes-da-ditadura\/","name":"Uruguai pedir\u00e1 perd\u00e3o por crimes da ditadura - PSOL 50","isPartOf":{"@id":"https:\/\/psol50.org.br\/#website"},"primaryImageOfPage":{"@id":"https:\/\/psol50.org.br\/uruguai-pedira-perdao-por-crimes-da-ditadura\/#primaryimage"},"image":{"@id":"https:\/\/psol50.org.br\/uruguai-pedira-perdao-por-crimes-da-ditadura\/#primaryimage"},"thumbnailUrl":"http:\/\/psol50.org.br\/files\/2012\/01\/Uruguai1a.jpg","datePublished":"2012-01-17T00:00:00+00:00","breadcrumb":{"@id":"https:\/\/psol50.org.br\/uruguai-pedira-perdao-por-crimes-da-ditadura\/#breadcrumb"},"inLanguage":"pt-BR","potentialAction":[{"@type":"ReadAction","target":["https:\/\/psol50.org.br\/uruguai-pedira-perdao-por-crimes-da-ditadura\/"]}]},{"@type":"ImageObject","inLanguage":"pt-BR","@id":"https:\/\/psol50.org.br\/uruguai-pedira-perdao-por-crimes-da-ditadura\/#primaryimage","url":"http:\/\/psol50.org.br\/files\/2012\/01\/Uruguai1a.jpg","contentUrl":"http:\/\/psol50.org.br\/files\/2012\/01\/Uruguai1a.jpg"},{"@type":"BreadcrumbList","@id":"https:\/\/psol50.org.br\/uruguai-pedira-perdao-por-crimes-da-ditadura\/#breadcrumb","itemListElement":[{"@type":"ListItem","position":1,"name":"In\u00edcio","item":"https:\/\/psol50.org.br\/"},{"@type":"ListItem","position":2,"name":"Uruguai pedir\u00e1 perd\u00e3o por crimes da ditadura"}]},{"@type":"WebSite","@id":"https:\/\/psol50.org.br\/#website","url":"https:\/\/psol50.org.br\/","name":"PSOL 50","description":"Site oficial do Partido Socialismo e Liberdade","publisher":{"@id":"https:\/\/psol50.org.br\/#organization"},"alternateName":"PSOL50","potentialAction":[{"@type":"SearchAction","target":{"@type":"EntryPoint","urlTemplate":"https:\/\/psol50.org.br\/?s={search_term_string}"},"query-input":{"@type":"PropertyValueSpecification","valueRequired":true,"valueName":"search_term_string"}}],"inLanguage":"pt-BR"},{"@type":"Organization","@id":"https:\/\/psol50.org.br\/#organization","name":"PSOL 50","alternateName":"PSOL 50","url":"https:\/\/psol50.org.br\/","logo":{"@type":"ImageObject","inLanguage":"pt-BR","@id":"https:\/\/psol50.org.br\/#\/schema\/logo\/image\/","url":"https:\/\/psol50.org.br\/inc\/uploads\/2018\/07\/capa.png","contentUrl":"https:\/\/psol50.org.br\/inc\/uploads\/2018\/07\/capa.png","width":1350,"height":900,"caption":"PSOL 50"},"image":{"@id":"https:\/\/psol50.org.br\/#\/schema\/logo\/image\/"},"sameAs":["https:\/\/www.facebook.com\/psol50","https:\/\/x.com\/psol50","https:\/\/www.instagram.com\/psol50\/","https:\/\/www.youtube.com\/channel\/UC7SnJS5o1os7a6CaiNabzcg"]},{"@type":"Person","@id":"https:\/\/psol50.org.br\/#\/schema\/person\/475dfa57d0b815993c714c2e96491fcd","name":"Comunica\u00e7\u00e3o PSOL","image":{"@type":"ImageObject","inLanguage":"pt-BR","@id":"https:\/\/psol50.org.br\/#\/schema\/person\/image\/","url":"https:\/\/secure.gravatar.com\/avatar\/b34fc4f4e468a4e51785917065a3db57b841f5c95dba6ad8c73aaf8f66f8f9bf?s=96&d=mm&r=g","contentUrl":"https:\/\/secure.gravatar.com\/avatar\/b34fc4f4e468a4e51785917065a3db57b841f5c95dba6ad8c73aaf8f66f8f9bf?s=96&d=mm&r=g","caption":"Comunica\u00e7\u00e3o PSOL"}}]}},"_links":{"self":[{"href":"https:\/\/psol50.org.br\/rest\/wp\/v2\/posts\/545","targetHints":{"allow":["GET"]}}],"collection":[{"href":"https:\/\/psol50.org.br\/rest\/wp\/v2\/posts"}],"about":[{"href":"https:\/\/psol50.org.br\/rest\/wp\/v2\/types\/post"}],"author":[{"embeddable":true,"href":"https:\/\/psol50.org.br\/rest\/wp\/v2\/users\/2"}],"replies":[{"embeddable":true,"href":"https:\/\/psol50.org.br\/rest\/wp\/v2\/comments?post=545"}],"version-history":[{"count":0,"href":"https:\/\/psol50.org.br\/rest\/wp\/v2\/posts\/545\/revisions"}],"wp:attachment":[{"href":"https:\/\/psol50.org.br\/rest\/wp\/v2\/media?parent=545"}],"wp:term":[{"taxonomy":"category","embeddable":true,"href":"https:\/\/psol50.org.br\/rest\/wp\/v2\/categories?post=545"},{"taxonomy":"post_tag","embeddable":true,"href":"https:\/\/psol50.org.br\/rest\/wp\/v2\/tags?post=545"}],"curies":[{"name":"wp","href":"https:\/\/api.w.org\/{rel}","templated":true}]}}