{"id":550,"date":"2012-01-31T00:00:00","date_gmt":"2012-01-31T00:00:00","guid":{"rendered":"http:\/\/psol50.org.br\/arquivo\/2012\/01\/31\/grecia-dara-vales-refeicao-para-combater-desnutricao-nas-escolas\/"},"modified":"2012-01-31T00:00:00","modified_gmt":"2012-01-31T00:00:00","slug":"grecia-dara-vales-refeicao-para-combater-desnutricao-nas-escolas","status":"publish","type":"post","link":"https:\/\/psol50.org.br\/grecia-dara-vales-refeicao-para-combater-desnutricao-nas-escolas\/","title":{"rendered":"Gr\u00e9cia dar\u00e1 vales-refei\u00e7\u00e3o para combater desnutri\u00e7\u00e3o nas escolas"},"content":{"rendered":"<p style=\"text-align: justify\"><a href=\"http:\/\/psol50.org.br\/blog\/2012\/01\/31\/grecia-dara-vales-refeicao-para-combater-desnutricao-nas-escolas\/greciacrise-2\/\" rel=\"attachment wp-att-13413\"><img loading=\"lazy\" decoding=\"async\" class=\"alignleft size-medium wp-image-13413\" src=\"http:\/\/psol50.org.br\/files\/2012\/01\/GreciaCrise-300x204.jpg\" alt=\"\" width=\"300\" height=\"204\" \/><\/a>O Minist\u00e9rio da Educa\u00e7\u00e3o da Gr\u00e9cia vai distribuir vales-refei\u00e7\u00e3o para as crian\u00e7as ap\u00f3s alguns casos de desnutri\u00e7\u00e3o terem sido registrados em escolas do pa\u00eds mediterr\u00e2neo. A medida ser\u00e1 aplicada principalmente nos bairros mais afetados pela crise econ\u00f4mica e o desemprego. A informa\u00e7\u00e3o foi divulgada nesta te\u00e7a-feira pela ag\u00eancia estatal AMNA.<\/p>\n<p>O primeiro passo desse projeto, que come\u00e7ar\u00e1 na pr\u00f3xima semana, ser\u00e1 a distribui\u00e7\u00e3o desses tickets em 18 escolas de bairros populares da regi\u00e3o da \u00c1tica.<\/p>\n<p>Em seguida, ser\u00e3o assistidas as fam\u00edlias em situa\u00e7\u00e3o econ\u00f4mica e social mais grave, explicou a vice-ministra da Educa\u00e7\u00e3o, Evi Jristofilopulu.<\/p>\n<p>Os vales podem ser trocados por leite, biscoitos, cereais, frutas e sandu\u00edches nas escolas e o projeto ser\u00e1 financiado com a colabora\u00e7\u00e3o de igrejas, prefeituras e empresas privadas, j\u00e1 que o or\u00e7amento do Minist\u00e9rio da Educa\u00e7\u00e3o foi reduzido em 60% neste ano.<\/p>\n<p><em><strong>&#8220;H\u00e1 casos de alunos de fam\u00edlias pobres que passam o dia todo na escola sem comer nada. Desde o in\u00edcio do ano letivo foram registrados quatro casos de desmaios por fome&#8221;, declarou o secret\u00e1rio-geral da Olme (Federa\u00e7\u00e3o de Professores de Ensino M\u00e9dio), Themis Kotsifakis, em entrevista realizada em dezembro.<\/strong><\/em><\/p>\n<p>Na ocasi\u00e3o, a imprensa grega come\u00e7ou a falar da possibilidade de um programa ministerial de distribui\u00e7\u00e3o de vales-refei\u00e7\u00e3o para os estudantes, o que a ministra da Educa\u00e7\u00e3o, Anna Diamantopoulou, havia desmentido categoricamente.<\/p>\n<p style=\"text-align: justify\"><a href=\"http:\/\/operamundi.uol.com.br\/conteudo\/noticias\/19548\/grecia+dara+vales-refeicao+para+combater+desnutricao+nas+escolas+.shtml\"><em><strong>*Fonte: Opera Mundi<\/strong><\/em><\/a><\/p>\n","protected":false},"excerpt":{"rendered":"<p>O Minist\u00e9rio da Educa\u00e7\u00e3o da Gr\u00e9cia vai distribuir vales-refei\u00e7\u00e3o para as crian\u00e7as ap\u00f3s alguns casos de desnutri\u00e7\u00e3o terem sido registrados em escolas do pa\u00eds mediterr\u00e2neo. A medida ser\u00e1 aplicada principalmente nos bairros mais afetados pela crise econ\u00f4mica e o desemprego. A informa\u00e7\u00e3o foi divulgada nesta te\u00e7a-feira pela ag\u00eancia estatal AMNA. O primeiro passo desse projeto, [&hellip;]<\/p>\n","protected":false},"author":2,"featured_media":0,"comment_status":"open","ping_status":"open","sticky":false,"template":"","format":"standard","meta":{"_acf_changed":false,"footnotes":""},"categories":[4766,4764,836],"tags":[],"class_list":{"0":"post-550","1":"post","2":"type-post","3":"status-publish","4":"format-standard","6":"category-arquivo","7":"category-grecia","8":"category-internacional"},"acf":[],"yoast_head":"<!-- This site is optimized with the Yoast SEO plugin v26.5 - https:\/\/yoast.com\/wordpress\/plugins\/seo\/ -->\n<title>Gr\u00e9cia dar\u00e1 vales-refei\u00e7\u00e3o para combater desnutri\u00e7\u00e3o nas escolas - PSOL 50<\/title>\n<meta name=\"robots\" content=\"index, follow, max-snippet:-1, max-image-preview:large, max-video-preview:-1\" \/>\n<link rel=\"canonical\" href=\"https:\/\/psol50.org.br\/grecia-dara-vales-refeicao-para-combater-desnutricao-nas-escolas\/\" \/>\n<meta property=\"og:locale\" content=\"pt_BR\" \/>\n<meta property=\"og:type\" content=\"article\" \/>\n<meta property=\"og:title\" content=\"Gr\u00e9cia dar\u00e1 vales-refei\u00e7\u00e3o para combater desnutri\u00e7\u00e3o nas escolas - PSOL 50\" \/>\n<meta property=\"og:description\" content=\"O Minist\u00e9rio da Educa\u00e7\u00e3o da Gr\u00e9cia vai distribuir vales-refei\u00e7\u00e3o para as crian\u00e7as ap\u00f3s alguns casos de desnutri\u00e7\u00e3o terem sido registrados em escolas do pa\u00eds mediterr\u00e2neo. A medida ser\u00e1 aplicada principalmente nos bairros mais afetados pela crise econ\u00f4mica e o desemprego. A informa\u00e7\u00e3o foi divulgada nesta te\u00e7a-feira pela ag\u00eancia estatal AMNA. O primeiro passo desse projeto, [&hellip;]\" \/>\n<meta property=\"og:url\" content=\"https:\/\/psol50.org.br\/grecia-dara-vales-refeicao-para-combater-desnutricao-nas-escolas\/\" \/>\n<meta property=\"og:site_name\" content=\"PSOL 50\" \/>\n<meta property=\"article:publisher\" content=\"https:\/\/www.facebook.com\/psol50\" \/>\n<meta property=\"article:published_time\" content=\"2012-01-31T00:00:00+00:00\" \/>\n<meta property=\"og:image\" content=\"http:\/\/psol50.org.br\/files\/2012\/01\/GreciaCrise-300x204.jpg\" \/>\n<meta name=\"author\" content=\"Comunica\u00e7\u00e3o PSOL\" \/>\n<meta name=\"twitter:card\" content=\"summary_large_image\" \/>\n<meta name=\"twitter:creator\" content=\"@psol50\" \/>\n<meta name=\"twitter:site\" content=\"@psol50\" \/>\n<meta name=\"twitter:label1\" content=\"Escrito por\" \/>\n\t<meta name=\"twitter:data1\" content=\"Comunica\u00e7\u00e3o PSOL\" \/>\n\t<meta name=\"twitter:label2\" content=\"Est. tempo de leitura\" \/>\n\t<meta name=\"twitter:data2\" content=\"1 minuto\" \/>\n<script type=\"application\/ld+json\" class=\"yoast-schema-graph\">{\"@context\":\"https:\/\/schema.org\",\"@graph\":[{\"@type\":\"Article\",\"@id\":\"https:\/\/psol50.org.br\/grecia-dara-vales-refeicao-para-combater-desnutricao-nas-escolas\/#article\",\"isPartOf\":{\"@id\":\"https:\/\/psol50.org.br\/grecia-dara-vales-refeicao-para-combater-desnutricao-nas-escolas\/\"},\"author\":{\"name\":\"Comunica\u00e7\u00e3o PSOL\",\"@id\":\"https:\/\/psol50.org.br\/#\/schema\/person\/475dfa57d0b815993c714c2e96491fcd\"},\"headline\":\"Gr\u00e9cia dar\u00e1 vales-refei\u00e7\u00e3o para combater desnutri\u00e7\u00e3o nas escolas\",\"datePublished\":\"2012-01-31T00:00:00+00:00\",\"mainEntityOfPage\":{\"@id\":\"https:\/\/psol50.org.br\/grecia-dara-vales-refeicao-para-combater-desnutricao-nas-escolas\/\"},\"wordCount\":267,\"commentCount\":0,\"publisher\":{\"@id\":\"https:\/\/psol50.org.br\/#organization\"},\"image\":{\"@id\":\"https:\/\/psol50.org.br\/grecia-dara-vales-refeicao-para-combater-desnutricao-nas-escolas\/#primaryimage\"},\"thumbnailUrl\":\"http:\/\/psol50.org.br\/files\/2012\/01\/GreciaCrise-300x204.jpg\",\"articleSection\":[\"Arquivo\",\"Gr\u00e9cia\",\"Internacional\"],\"inLanguage\":\"pt-BR\",\"potentialAction\":[{\"@type\":\"CommentAction\",\"name\":\"Comment\",\"target\":[\"https:\/\/psol50.org.br\/grecia-dara-vales-refeicao-para-combater-desnutricao-nas-escolas\/#respond\"]}]},{\"@type\":\"WebPage\",\"@id\":\"https:\/\/psol50.org.br\/grecia-dara-vales-refeicao-para-combater-desnutricao-nas-escolas\/\",\"url\":\"https:\/\/psol50.org.br\/grecia-dara-vales-refeicao-para-combater-desnutricao-nas-escolas\/\",\"name\":\"Gr\u00e9cia dar\u00e1 vales-refei\u00e7\u00e3o para combater desnutri\u00e7\u00e3o nas escolas - PSOL 50\",\"isPartOf\":{\"@id\":\"https:\/\/psol50.org.br\/#website\"},\"primaryImageOfPage\":{\"@id\":\"https:\/\/psol50.org.br\/grecia-dara-vales-refeicao-para-combater-desnutricao-nas-escolas\/#primaryimage\"},\"image\":{\"@id\":\"https:\/\/psol50.org.br\/grecia-dara-vales-refeicao-para-combater-desnutricao-nas-escolas\/#primaryimage\"},\"thumbnailUrl\":\"http:\/\/psol50.org.br\/files\/2012\/01\/GreciaCrise-300x204.jpg\",\"datePublished\":\"2012-01-31T00:00:00+00:00\",\"breadcrumb\":{\"@id\":\"https:\/\/psol50.org.br\/grecia-dara-vales-refeicao-para-combater-desnutricao-nas-escolas\/#breadcrumb\"},\"inLanguage\":\"pt-BR\",\"potentialAction\":[{\"@type\":\"ReadAction\",\"target\":[\"https:\/\/psol50.org.br\/grecia-dara-vales-refeicao-para-combater-desnutricao-nas-escolas\/\"]}]},{\"@type\":\"ImageObject\",\"inLanguage\":\"pt-BR\",\"@id\":\"https:\/\/psol50.org.br\/grecia-dara-vales-refeicao-para-combater-desnutricao-nas-escolas\/#primaryimage\",\"url\":\"http:\/\/psol50.org.br\/files\/2012\/01\/GreciaCrise-300x204.jpg\",\"contentUrl\":\"http:\/\/psol50.org.br\/files\/2012\/01\/GreciaCrise-300x204.jpg\"},{\"@type\":\"BreadcrumbList\",\"@id\":\"https:\/\/psol50.org.br\/grecia-dara-vales-refeicao-para-combater-desnutricao-nas-escolas\/#breadcrumb\",\"itemListElement\":[{\"@type\":\"ListItem\",\"position\":1,\"name\":\"In\u00edcio\",\"item\":\"https:\/\/psol50.org.br\/\"},{\"@type\":\"ListItem\",\"position\":2,\"name\":\"Gr\u00e9cia dar\u00e1 vales-refei\u00e7\u00e3o para combater desnutri\u00e7\u00e3o nas escolas\"}]},{\"@type\":\"WebSite\",\"@id\":\"https:\/\/psol50.org.br\/#website\",\"url\":\"https:\/\/psol50.org.br\/\",\"name\":\"PSOL 50\",\"description\":\"Site oficial do Partido Socialismo e Liberdade\",\"publisher\":{\"@id\":\"https:\/\/psol50.org.br\/#organization\"},\"alternateName\":\"PSOL50\",\"potentialAction\":[{\"@type\":\"SearchAction\",\"target\":{\"@type\":\"EntryPoint\",\"urlTemplate\":\"https:\/\/psol50.org.br\/?s={search_term_string}\"},\"query-input\":{\"@type\":\"PropertyValueSpecification\",\"valueRequired\":true,\"valueName\":\"search_term_string\"}}],\"inLanguage\":\"pt-BR\"},{\"@type\":\"Organization\",\"@id\":\"https:\/\/psol50.org.br\/#organization\",\"name\":\"PSOL 50\",\"alternateName\":\"PSOL 50\",\"url\":\"https:\/\/psol50.org.br\/\",\"logo\":{\"@type\":\"ImageObject\",\"inLanguage\":\"pt-BR\",\"@id\":\"https:\/\/psol50.org.br\/#\/schema\/logo\/image\/\",\"url\":\"https:\/\/psol50.org.br\/inc\/uploads\/2018\/07\/capa.png\",\"contentUrl\":\"https:\/\/psol50.org.br\/inc\/uploads\/2018\/07\/capa.png\",\"width\":1350,\"height\":900,\"caption\":\"PSOL 50\"},\"image\":{\"@id\":\"https:\/\/psol50.org.br\/#\/schema\/logo\/image\/\"},\"sameAs\":[\"https:\/\/www.facebook.com\/psol50\",\"https:\/\/x.com\/psol50\",\"https:\/\/www.instagram.com\/psol50\/\",\"https:\/\/www.youtube.com\/channel\/UC7SnJS5o1os7a6CaiNabzcg\"]},{\"@type\":\"Person\",\"@id\":\"https:\/\/psol50.org.br\/#\/schema\/person\/475dfa57d0b815993c714c2e96491fcd\",\"name\":\"Comunica\u00e7\u00e3o PSOL\",\"image\":{\"@type\":\"ImageObject\",\"inLanguage\":\"pt-BR\",\"@id\":\"https:\/\/psol50.org.br\/#\/schema\/person\/image\/\",\"url\":\"https:\/\/secure.gravatar.com\/avatar\/b34fc4f4e468a4e51785917065a3db57b841f5c95dba6ad8c73aaf8f66f8f9bf?s=96&d=mm&r=g\",\"contentUrl\":\"https:\/\/secure.gravatar.com\/avatar\/b34fc4f4e468a4e51785917065a3db57b841f5c95dba6ad8c73aaf8f66f8f9bf?s=96&d=mm&r=g\",\"caption\":\"Comunica\u00e7\u00e3o PSOL\"}}]}<\/script>\n<!-- \/ Yoast SEO plugin. -->","yoast_head_json":{"title":"Gr\u00e9cia dar\u00e1 vales-refei\u00e7\u00e3o para combater desnutri\u00e7\u00e3o nas escolas - PSOL 50","robots":{"index":"index","follow":"follow","max-snippet":"max-snippet:-1","max-image-preview":"max-image-preview:large","max-video-preview":"max-video-preview:-1"},"canonical":"https:\/\/psol50.org.br\/grecia-dara-vales-refeicao-para-combater-desnutricao-nas-escolas\/","og_locale":"pt_BR","og_type":"article","og_title":"Gr\u00e9cia dar\u00e1 vales-refei\u00e7\u00e3o para combater desnutri\u00e7\u00e3o nas escolas - PSOL 50","og_description":"O Minist\u00e9rio da Educa\u00e7\u00e3o da Gr\u00e9cia vai distribuir vales-refei\u00e7\u00e3o para as crian\u00e7as ap\u00f3s alguns casos de desnutri\u00e7\u00e3o terem sido registrados em escolas do pa\u00eds mediterr\u00e2neo. A medida ser\u00e1 aplicada principalmente nos bairros mais afetados pela crise econ\u00f4mica e o desemprego. A informa\u00e7\u00e3o foi divulgada nesta te\u00e7a-feira pela ag\u00eancia estatal AMNA. O primeiro passo desse projeto, [&hellip;]","og_url":"https:\/\/psol50.org.br\/grecia-dara-vales-refeicao-para-combater-desnutricao-nas-escolas\/","og_site_name":"PSOL 50","article_publisher":"https:\/\/www.facebook.com\/psol50","article_published_time":"2012-01-31T00:00:00+00:00","og_image":[{"url":"http:\/\/psol50.org.br\/files\/2012\/01\/GreciaCrise-300x204.jpg","type":"","width":"","height":""}],"author":"Comunica\u00e7\u00e3o PSOL","twitter_card":"summary_large_image","twitter_creator":"@psol50","twitter_site":"@psol50","twitter_misc":{"Escrito por":"Comunica\u00e7\u00e3o PSOL","Est. tempo de leitura":"1 minuto"},"schema":{"@context":"https:\/\/schema.org","@graph":[{"@type":"Article","@id":"https:\/\/psol50.org.br\/grecia-dara-vales-refeicao-para-combater-desnutricao-nas-escolas\/#article","isPartOf":{"@id":"https:\/\/psol50.org.br\/grecia-dara-vales-refeicao-para-combater-desnutricao-nas-escolas\/"},"author":{"name":"Comunica\u00e7\u00e3o PSOL","@id":"https:\/\/psol50.org.br\/#\/schema\/person\/475dfa57d0b815993c714c2e96491fcd"},"headline":"Gr\u00e9cia dar\u00e1 vales-refei\u00e7\u00e3o para combater desnutri\u00e7\u00e3o nas escolas","datePublished":"2012-01-31T00:00:00+00:00","mainEntityOfPage":{"@id":"https:\/\/psol50.org.br\/grecia-dara-vales-refeicao-para-combater-desnutricao-nas-escolas\/"},"wordCount":267,"commentCount":0,"publisher":{"@id":"https:\/\/psol50.org.br\/#organization"},"image":{"@id":"https:\/\/psol50.org.br\/grecia-dara-vales-refeicao-para-combater-desnutricao-nas-escolas\/#primaryimage"},"thumbnailUrl":"http:\/\/psol50.org.br\/files\/2012\/01\/GreciaCrise-300x204.jpg","articleSection":["Arquivo","Gr\u00e9cia","Internacional"],"inLanguage":"pt-BR","potentialAction":[{"@type":"CommentAction","name":"Comment","target":["https:\/\/psol50.org.br\/grecia-dara-vales-refeicao-para-combater-desnutricao-nas-escolas\/#respond"]}]},{"@type":"WebPage","@id":"https:\/\/psol50.org.br\/grecia-dara-vales-refeicao-para-combater-desnutricao-nas-escolas\/","url":"https:\/\/psol50.org.br\/grecia-dara-vales-refeicao-para-combater-desnutricao-nas-escolas\/","name":"Gr\u00e9cia dar\u00e1 vales-refei\u00e7\u00e3o para combater desnutri\u00e7\u00e3o nas escolas - PSOL 50","isPartOf":{"@id":"https:\/\/psol50.org.br\/#website"},"primaryImageOfPage":{"@id":"https:\/\/psol50.org.br\/grecia-dara-vales-refeicao-para-combater-desnutricao-nas-escolas\/#primaryimage"},"image":{"@id":"https:\/\/psol50.org.br\/grecia-dara-vales-refeicao-para-combater-desnutricao-nas-escolas\/#primaryimage"},"thumbnailUrl":"http:\/\/psol50.org.br\/files\/2012\/01\/GreciaCrise-300x204.jpg","datePublished":"2012-01-31T00:00:00+00:00","breadcrumb":{"@id":"https:\/\/psol50.org.br\/grecia-dara-vales-refeicao-para-combater-desnutricao-nas-escolas\/#breadcrumb"},"inLanguage":"pt-BR","potentialAction":[{"@type":"ReadAction","target":["https:\/\/psol50.org.br\/grecia-dara-vales-refeicao-para-combater-desnutricao-nas-escolas\/"]}]},{"@type":"ImageObject","inLanguage":"pt-BR","@id":"https:\/\/psol50.org.br\/grecia-dara-vales-refeicao-para-combater-desnutricao-nas-escolas\/#primaryimage","url":"http:\/\/psol50.org.br\/files\/2012\/01\/GreciaCrise-300x204.jpg","contentUrl":"http:\/\/psol50.org.br\/files\/2012\/01\/GreciaCrise-300x204.jpg"},{"@type":"BreadcrumbList","@id":"https:\/\/psol50.org.br\/grecia-dara-vales-refeicao-para-combater-desnutricao-nas-escolas\/#breadcrumb","itemListElement":[{"@type":"ListItem","position":1,"name":"In\u00edcio","item":"https:\/\/psol50.org.br\/"},{"@type":"ListItem","position":2,"name":"Gr\u00e9cia dar\u00e1 vales-refei\u00e7\u00e3o para combater desnutri\u00e7\u00e3o nas escolas"}]},{"@type":"WebSite","@id":"https:\/\/psol50.org.br\/#website","url":"https:\/\/psol50.org.br\/","name":"PSOL 50","description":"Site oficial do Partido Socialismo e Liberdade","publisher":{"@id":"https:\/\/psol50.org.br\/#organization"},"alternateName":"PSOL50","potentialAction":[{"@type":"SearchAction","target":{"@type":"EntryPoint","urlTemplate":"https:\/\/psol50.org.br\/?s={search_term_string}"},"query-input":{"@type":"PropertyValueSpecification","valueRequired":true,"valueName":"search_term_string"}}],"inLanguage":"pt-BR"},{"@type":"Organization","@id":"https:\/\/psol50.org.br\/#organization","name":"PSOL 50","alternateName":"PSOL 50","url":"https:\/\/psol50.org.br\/","logo":{"@type":"ImageObject","inLanguage":"pt-BR","@id":"https:\/\/psol50.org.br\/#\/schema\/logo\/image\/","url":"https:\/\/psol50.org.br\/inc\/uploads\/2018\/07\/capa.png","contentUrl":"https:\/\/psol50.org.br\/inc\/uploads\/2018\/07\/capa.png","width":1350,"height":900,"caption":"PSOL 50"},"image":{"@id":"https:\/\/psol50.org.br\/#\/schema\/logo\/image\/"},"sameAs":["https:\/\/www.facebook.com\/psol50","https:\/\/x.com\/psol50","https:\/\/www.instagram.com\/psol50\/","https:\/\/www.youtube.com\/channel\/UC7SnJS5o1os7a6CaiNabzcg"]},{"@type":"Person","@id":"https:\/\/psol50.org.br\/#\/schema\/person\/475dfa57d0b815993c714c2e96491fcd","name":"Comunica\u00e7\u00e3o PSOL","image":{"@type":"ImageObject","inLanguage":"pt-BR","@id":"https:\/\/psol50.org.br\/#\/schema\/person\/image\/","url":"https:\/\/secure.gravatar.com\/avatar\/b34fc4f4e468a4e51785917065a3db57b841f5c95dba6ad8c73aaf8f66f8f9bf?s=96&d=mm&r=g","contentUrl":"https:\/\/secure.gravatar.com\/avatar\/b34fc4f4e468a4e51785917065a3db57b841f5c95dba6ad8c73aaf8f66f8f9bf?s=96&d=mm&r=g","caption":"Comunica\u00e7\u00e3o PSOL"}}]}},"_links":{"self":[{"href":"https:\/\/psol50.org.br\/rest\/wp\/v2\/posts\/550","targetHints":{"allow":["GET"]}}],"collection":[{"href":"https:\/\/psol50.org.br\/rest\/wp\/v2\/posts"}],"about":[{"href":"https:\/\/psol50.org.br\/rest\/wp\/v2\/types\/post"}],"author":[{"embeddable":true,"href":"https:\/\/psol50.org.br\/rest\/wp\/v2\/users\/2"}],"replies":[{"embeddable":true,"href":"https:\/\/psol50.org.br\/rest\/wp\/v2\/comments?post=550"}],"version-history":[{"count":0,"href":"https:\/\/psol50.org.br\/rest\/wp\/v2\/posts\/550\/revisions"}],"wp:attachment":[{"href":"https:\/\/psol50.org.br\/rest\/wp\/v2\/media?parent=550"}],"wp:term":[{"taxonomy":"category","embeddable":true,"href":"https:\/\/psol50.org.br\/rest\/wp\/v2\/categories?post=550"},{"taxonomy":"post_tag","embeddable":true,"href":"https:\/\/psol50.org.br\/rest\/wp\/v2\/tags?post=550"}],"curies":[{"name":"wp","href":"https:\/\/api.w.org\/{rel}","templated":true}]}}