{"id":551,"date":"2012-02-01T00:00:00","date_gmt":"2012-02-01T00:00:00","guid":{"rendered":"http:\/\/psol50.org.br\/arquivo\/2012\/02\/01\/guantanamo-dez-anos-de-vergonha\/"},"modified":"2012-02-01T00:00:00","modified_gmt":"2012-02-01T00:00:00","slug":"guantanamo-dez-anos-de-vergonha","status":"publish","type":"post","link":"https:\/\/psol50.org.br\/guantanamo-dez-anos-de-vergonha\/","title":{"rendered":"Guant\u00e1namo: dez anos de vergonha"},"content":{"rendered":"<p style=\"text-align: justify\"><em><strong><a href=\"http:\/\/psol50.org.br\/blog\/2012\/02\/01\/guantanamo-dez-anos-de-vergonha\/guantanamo1-2\/\" rel=\"attachment wp-att-13431\"><img loading=\"lazy\" decoding=\"async\" class=\"aligncenter size-full wp-image-13431\" src=\"http:\/\/psol50.org.br\/files\/2012\/02\/Guantanamo1.jpg\" alt=\"\" width=\"400\" height=\"300\" \/><\/a>*Por Christina Bergmann, na\u00a0<a href=\"http:\/\/www.dw-world.de\/\" target=\"_blank\" rel=\"noopener\">Deutsche Welle<\/a><\/strong><\/em><\/p>\n<p style=\"text-align: justify\">O campo de prisioneiros de Guant\u00e1namo era para ser uma solu\u00e7\u00e3o provis\u00f3ria, diz James Carafano. O especialista em pol\u00edtica de defesa e seguran\u00e7a da conservadora Funda\u00e7\u00e3o Heritage diz que, a seu ver, n\u00e3o teria havido outro procedimento adequado para o contexto da \u00e9poca.<\/p>\n<p style=\"text-align: justify\">A quest\u00e3o decisiva naquele momento era: como proceder em rela\u00e7\u00e3o a prisioneiros resultantes de uma guerra na qual o inimigo n\u00e3o \u00e9 um outro Estado, ou seja, numa situa\u00e7\u00e3o na qual as normas para prisioneiros de guerra n\u00e3o valem?<\/p>\n<p style=\"text-align: justify\">Um processo civil, como exigido por v\u00e1rios cr\u00edticos \u00e0 exist\u00eancia da pris\u00e3o de Guant\u00e1namo, n\u00e3o foi cogitado, de acordo com Carafano, pois \u201cnenhum pa\u00eds do mundo defendeu algum dia que crimes de guerra, ocorridos num contexto de guerra, possam ser examinados e legalmente julgados num contexto do Direito Civil\u201d, completa o especialista.<\/p>\n<p style=\"text-align: justify\">Por isso, continua Carafano, foi tomada a decis\u00e3o, no governo do ent\u00e3o presidente George W. Bush, de levar os prisioneiros para Guant\u00e1namo. Os primeiros 20 detentos do \u201ccombate norte-americano ao terrorismo\u201d chegaram no dia 11 de janeiro de 2002 \u00e0 penitenci\u00e1ria militar na Ba\u00eda de Guant\u00e1namo.<\/p>\n<p style=\"text-align: justify\">Ali, afirmava-se, eles n\u00e3o estariam submetidos \u00e0 Justi\u00e7a dos EUA, podendo ser mantidos presos e interrogados. A Corte Suprema norte-americana, contudo, decidiu nesse meio tempo que os prisioneiros podem, sim, se apoiar no direito constitucional norte-americano.<\/p>\n<p style=\"text-align: justify\"><strong>Rigor com terroristas<\/strong><\/p>\n<p style=\"text-align: justify\"><strong><\/strong>Cr\u00edticos afirmam que havia a possibilidade de criar um campo de prisioneiros de guerra no Afeganist\u00e3o ou mant\u00ea-los detidos nos EUA. A ativista Andrea Prasow, da organiza\u00e7\u00e3o de defesa dos direitos humanos Human Rights Watch, diz que, tanto naquela \u00e9poca quanto hoje, a situa\u00e7\u00e3o do ponto de vista jur\u00eddico \u00e9 clara: \u201cPrisioneiros que cometeram algum crime podem ser julgados com base no C\u00f3digo Penal\u201d, salienta. Se infringiram leis norte-americanas, teriam que ser levados a tribunal nos EUA; se infringiram leis afeg\u00e3s, a um tribunal no Afeganist\u00e3o. \u201cE se n\u00e3o houver provas suficientes deveriam ser libertados\u201d, completa.<\/p>\n<p style=\"text-align: justify\">Tribunais civis, argumenta a especialista, est\u00e3o aptos a julgar terroristas, o que j\u00e1 teria sido provado em diversas condena\u00e7\u00f5es. \u201cE a realidade \u00e9 que os tribunais civis norte-americanos n\u00e3o costumam ser favor\u00e1veis aos r\u00e9us, sobretudo aos acusados de terrorismo\u201d, analisa Prasow. Segundo ela, terroristas condenados recebem penas longas e s\u00e3o mantidos em penitenci\u00e1rias de seguran\u00e7a m\u00e1xima, onde t\u00eam pouco contato com o mundo exterior.<\/p>\n<p style=\"text-align: justify\"><strong>Aperfei\u00e7oar o sistema em vez de buscar alternativas<\/strong><\/p>\n<p style=\"text-align: justify\"><strong><\/strong>Mesmo Carafano admite que as condi\u00e7\u00f5es de Guant\u00e1namo nos primeiros anos n\u00e3o eram aceit\u00e1veis. Em vez de buscar alternativas, o governo norte-americano tentou aperfei\u00e7oar o sistema ali existente, ou seja, melhorar as condi\u00e7\u00f5es de deten\u00e7\u00e3o. \u201cO problema, para os EUA, \u00e9 que a pol\u00edtica se desenvolveu numa dire\u00e7\u00e3o totalmente diferente\u201d, diz Carafano.<\/p>\n<p style=\"text-align: justify\">Segundo ele, Guant\u00e1namo se tornou um exemplo de tudo o que era negativo em rela\u00e7\u00e3o ao combate ao terrorismo, at\u00e9 mesmo de m\u00e9todos de tortura, como o afogamento simulado, embora, segundo ele, a pr\u00e1tica nunca tenha sido aplicada no campo.<\/p>\n<p style=\"text-align: justify\"><strong>Obama: promessa n\u00e3o cumprida \u2013<\/strong> Quando o presidente Barack Obama assumiu o poder, em 2009, ele declarou que fecharia Guant\u00e1namo dentro de um ano. No entanto, a tarefa se mostrou mais dif\u00edcil do que o pensado. No campo, havia aproximadamente 800 prisioneiros. Hoje, dos 171 que ainda est\u00e3o l\u00e1, 89 disp\u00f5em de permiss\u00e3o para serem libertados, diz Prasow.<\/p>\n<p style=\"text-align: justify\">A maioria destes v\u00eam do I\u00eamen. Diante da instabilidade pol\u00edtica e do alto n\u00famero de supostos terroristas que vivem no pa\u00eds, os EUA decretaram uma suspens\u00e3o das deporta\u00e7\u00f5es para o I\u00eamen desde que o nigeriano Umar Farouk Abdulmutallab tentou, em dezembro de 2009, explodir um avi\u00e3o. Os mentores do atentado estava no I\u00eamen.<\/p>\n<p style=\"text-align: justify\">Outros 36 prisioneiros dever\u00e3o ser levados a julgamento, entre eles Khalid Sheich Muhammed, um dos mentores dos atentados terroristas do 11 de Setembro; e 46 prisioneiros dever\u00e3o ser mantidos no campo por tempo indeterminado, sem que pese sobre eles uma acusa\u00e7\u00e3o definida.<\/p>\n<p style=\"text-align: justify\">No \u00faltimo dia do ano de 2011, Obama ratificou uma lei, aprovada pelo Congresso, que permite este tipo de deten\u00e7\u00e3o ilimitada. Pouco antes, o Congresso havia aprovado uma lei que impede o transporte dos prisioneiros para os EUA. Isso cria dificuldades na hora de argumentar com outros pa\u00edses que eventualmente poderiam receber os prisioneiros. Ou seja, o fechamento da pris\u00e3o est\u00e1, no momento, praticamente impossibilitado em fun\u00e7\u00e3o dessas leis. Em 2011, alerta Prasow, nenhum detento deixou Guant\u00e1namo.<\/p>\n<p style=\"text-align: justify\"><strong>Especialistas veem com ceticismo futuro de prisioneiros<\/strong><\/p>\n<p style=\"text-align: justify\"><strong><\/strong>O especialista em seguran\u00e7a nacional Ken Gude, do Center for American Progress, afirma que as leis aprovadas pelo Congresso \u2013 e com elas a dificuldade de se fechar Guant\u00e1namo \u2013 t\u00eam raz\u00f5es \u00fanica e exclusivamente pol\u00edticas. Segundo ele, o Congresso \u201ccriou uma barreira legal, que se apoia, contudo, na vis\u00e3o pol\u00edtica de que \u00e9 perigoso levar prisioneiros de Guant\u00e1namo para os EUA e que isso poderia colocar em risco a vida de cidad\u00e3os norte-americanos\u201d. Uma postura \u201crid\u00edcula\u2019\u201d, segundo Gude.<\/p>\n<p style=\"text-align: justify\">Mesmo assim, a Secretaria de Estado anunciou no in\u00edcio desta semana que o governo norte-americano continua disposto a fechar o campo de prisioneiros. Segundo o comunicado, durante o per\u00edodo de Obama na presid\u00eancia foram transferidos 67 prisioneiros, quatro dos quais teriam sido condenados por tribunais militares ou civis.<\/p>\n<p style=\"text-align: justify\">De acordo com as informa\u00e7\u00f5es oficiais, Obama ordenou que a deten\u00e7\u00e3o de determinados prisioneiros seja avaliada com regularidade, a fim de assegurar que a pris\u00e3o de longo prazo seja \u201cjustific\u00e1vel\u201d, sem comprometer \u201cnossa inten\u00e7\u00e3o de fechar Guant\u00e1namo\u201d.<\/p>\n<p style=\"text-align: justify\">Prasow vislumbra uma pequena luz no fim do t\u00fanel no que diz respeito \u00e0 nova lei, que s\u00f3 permite a liberta\u00e7\u00e3o dos prisioneiros sob condi\u00e7\u00f5es absolutamente r\u00edgidas, de tal forma que o procedimento se tornou praticamente imposs\u00edvel nos \u00faltimos tempos. \u201cA lei ratificada agora traz uma pequena mudan\u00e7a\u201d, explica a defensora dos direitos humanos.<\/p>\n<p style=\"text-align: justify\">O secret\u00e1rio da Defesa pode argumentar que os pa\u00edses de destino dos prisioneiros tomaram medidas substanciais a fim de minimizar o risco de que um prisioneiro se torne novamente uma amea\u00e7a \u00e0 seguran\u00e7a dos EUA. Neste caso, a deporta\u00e7\u00e3o seria poss\u00edvel, segundo Prasow. \u201cH\u00e1 mais ou menos uma semana, portanto, vigora uma lei que, acredito, permite a liberta\u00e7\u00e3o de prisioneiros de Guant\u00e1namo\u201d, conclui.Um fechamento completo do campo em curto prazo, todavia, \u00e9 considerado improv\u00e1vel por todos os especialistas. \u201cDaqui a quatro anos, n\u00e3o importa quem seja o pr\u00f3ximo presidente norte-americano, ainda existir\u00e1 o campo de prisioneiros de Guant\u00e1namo, e nele ainda haver\u00e1 prisioneiros da guerra contra o terrorismo\u201d, prev\u00ea James Carafano.<\/p>\n<p style=\"text-align: justify\"><a href=\"http:\/\/ponto.outraspalavras.net\/2012\/01\/11\/guantanamo-solucao-provisoria-ja-dura-dez-anos\/\"><strong>*Fonte: Outras Palavras<\/strong><\/a><\/p>\n","protected":false},"excerpt":{"rendered":"<p>*Por Christina Bergmann, na\u00a0Deutsche Welle O campo de prisioneiros de Guant\u00e1namo era para ser uma solu\u00e7\u00e3o provis\u00f3ria, diz James Carafano. O especialista em pol\u00edtica de defesa e seguran\u00e7a da conservadora Funda\u00e7\u00e3o Heritage diz que, a seu ver, n\u00e3o teria havido outro procedimento adequado para o contexto da \u00e9poca. A quest\u00e3o decisiva naquele momento era: como [&hellip;]<\/p>\n","protected":false},"author":2,"featured_media":0,"comment_status":"open","ping_status":"open","sticky":false,"template":"","format":"standard","meta":{"_acf_changed":false,"footnotes":""},"categories":[4766],"tags":[],"class_list":{"0":"post-551","1":"post","2":"type-post","3":"status-publish","4":"format-standard","6":"category-arquivo"},"acf":[],"yoast_head":"<!-- This site is optimized with the Yoast SEO plugin v26.5 - https:\/\/yoast.com\/wordpress\/plugins\/seo\/ -->\n<title>Guant\u00e1namo: dez anos de vergonha - PSOL 50<\/title>\n<meta name=\"robots\" content=\"index, follow, max-snippet:-1, max-image-preview:large, max-video-preview:-1\" \/>\n<link rel=\"canonical\" href=\"https:\/\/psol50.org.br\/guantanamo-dez-anos-de-vergonha\/\" \/>\n<meta property=\"og:locale\" content=\"pt_BR\" \/>\n<meta property=\"og:type\" content=\"article\" \/>\n<meta property=\"og:title\" content=\"Guant\u00e1namo: dez anos de vergonha - PSOL 50\" \/>\n<meta property=\"og:description\" content=\"*Por Christina Bergmann, na\u00a0Deutsche Welle O campo de prisioneiros de Guant\u00e1namo era para ser uma solu\u00e7\u00e3o provis\u00f3ria, diz James Carafano. O especialista em pol\u00edtica de defesa e seguran\u00e7a da conservadora Funda\u00e7\u00e3o Heritage diz que, a seu ver, n\u00e3o teria havido outro procedimento adequado para o contexto da \u00e9poca. A quest\u00e3o decisiva naquele momento era: como [&hellip;]\" \/>\n<meta property=\"og:url\" content=\"https:\/\/psol50.org.br\/guantanamo-dez-anos-de-vergonha\/\" \/>\n<meta property=\"og:site_name\" content=\"PSOL 50\" \/>\n<meta property=\"article:publisher\" content=\"https:\/\/www.facebook.com\/psol50\" \/>\n<meta property=\"article:published_time\" content=\"2012-02-01T00:00:00+00:00\" \/>\n<meta property=\"og:image\" content=\"http:\/\/psol50.org.br\/files\/2012\/02\/Guantanamo1.jpg\" \/>\n<meta name=\"author\" content=\"Comunica\u00e7\u00e3o PSOL\" \/>\n<meta name=\"twitter:card\" content=\"summary_large_image\" \/>\n<meta name=\"twitter:creator\" content=\"@psol50\" \/>\n<meta name=\"twitter:site\" content=\"@psol50\" \/>\n<meta name=\"twitter:label1\" content=\"Escrito por\" \/>\n\t<meta name=\"twitter:data1\" content=\"Comunica\u00e7\u00e3o PSOL\" \/>\n\t<meta name=\"twitter:label2\" content=\"Est. tempo de leitura\" \/>\n\t<meta name=\"twitter:data2\" content=\"6 minutos\" \/>\n<script type=\"application\/ld+json\" class=\"yoast-schema-graph\">{\"@context\":\"https:\/\/schema.org\",\"@graph\":[{\"@type\":\"Article\",\"@id\":\"https:\/\/psol50.org.br\/guantanamo-dez-anos-de-vergonha\/#article\",\"isPartOf\":{\"@id\":\"https:\/\/psol50.org.br\/guantanamo-dez-anos-de-vergonha\/\"},\"author\":{\"name\":\"Comunica\u00e7\u00e3o PSOL\",\"@id\":\"https:\/\/psol50.org.br\/#\/schema\/person\/475dfa57d0b815993c714c2e96491fcd\"},\"headline\":\"Guant\u00e1namo: dez anos de vergonha\",\"datePublished\":\"2012-02-01T00:00:00+00:00\",\"mainEntityOfPage\":{\"@id\":\"https:\/\/psol50.org.br\/guantanamo-dez-anos-de-vergonha\/\"},\"wordCount\":1155,\"commentCount\":0,\"publisher\":{\"@id\":\"https:\/\/psol50.org.br\/#organization\"},\"image\":{\"@id\":\"https:\/\/psol50.org.br\/guantanamo-dez-anos-de-vergonha\/#primaryimage\"},\"thumbnailUrl\":\"http:\/\/psol50.org.br\/files\/2012\/02\/Guantanamo1.jpg\",\"articleSection\":[\"Arquivo\"],\"inLanguage\":\"pt-BR\",\"potentialAction\":[{\"@type\":\"CommentAction\",\"name\":\"Comment\",\"target\":[\"https:\/\/psol50.org.br\/guantanamo-dez-anos-de-vergonha\/#respond\"]}]},{\"@type\":\"WebPage\",\"@id\":\"https:\/\/psol50.org.br\/guantanamo-dez-anos-de-vergonha\/\",\"url\":\"https:\/\/psol50.org.br\/guantanamo-dez-anos-de-vergonha\/\",\"name\":\"Guant\u00e1namo: dez anos de vergonha - PSOL 50\",\"isPartOf\":{\"@id\":\"https:\/\/psol50.org.br\/#website\"},\"primaryImageOfPage\":{\"@id\":\"https:\/\/psol50.org.br\/guantanamo-dez-anos-de-vergonha\/#primaryimage\"},\"image\":{\"@id\":\"https:\/\/psol50.org.br\/guantanamo-dez-anos-de-vergonha\/#primaryimage\"},\"thumbnailUrl\":\"http:\/\/psol50.org.br\/files\/2012\/02\/Guantanamo1.jpg\",\"datePublished\":\"2012-02-01T00:00:00+00:00\",\"breadcrumb\":{\"@id\":\"https:\/\/psol50.org.br\/guantanamo-dez-anos-de-vergonha\/#breadcrumb\"},\"inLanguage\":\"pt-BR\",\"potentialAction\":[{\"@type\":\"ReadAction\",\"target\":[\"https:\/\/psol50.org.br\/guantanamo-dez-anos-de-vergonha\/\"]}]},{\"@type\":\"ImageObject\",\"inLanguage\":\"pt-BR\",\"@id\":\"https:\/\/psol50.org.br\/guantanamo-dez-anos-de-vergonha\/#primaryimage\",\"url\":\"http:\/\/psol50.org.br\/files\/2012\/02\/Guantanamo1.jpg\",\"contentUrl\":\"http:\/\/psol50.org.br\/files\/2012\/02\/Guantanamo1.jpg\"},{\"@type\":\"BreadcrumbList\",\"@id\":\"https:\/\/psol50.org.br\/guantanamo-dez-anos-de-vergonha\/#breadcrumb\",\"itemListElement\":[{\"@type\":\"ListItem\",\"position\":1,\"name\":\"In\u00edcio\",\"item\":\"https:\/\/psol50.org.br\/\"},{\"@type\":\"ListItem\",\"position\":2,\"name\":\"Guant\u00e1namo: dez anos de vergonha\"}]},{\"@type\":\"WebSite\",\"@id\":\"https:\/\/psol50.org.br\/#website\",\"url\":\"https:\/\/psol50.org.br\/\",\"name\":\"PSOL 50\",\"description\":\"Site oficial do Partido Socialismo e Liberdade\",\"publisher\":{\"@id\":\"https:\/\/psol50.org.br\/#organization\"},\"alternateName\":\"PSOL50\",\"potentialAction\":[{\"@type\":\"SearchAction\",\"target\":{\"@type\":\"EntryPoint\",\"urlTemplate\":\"https:\/\/psol50.org.br\/?s={search_term_string}\"},\"query-input\":{\"@type\":\"PropertyValueSpecification\",\"valueRequired\":true,\"valueName\":\"search_term_string\"}}],\"inLanguage\":\"pt-BR\"},{\"@type\":\"Organization\",\"@id\":\"https:\/\/psol50.org.br\/#organization\",\"name\":\"PSOL 50\",\"alternateName\":\"PSOL 50\",\"url\":\"https:\/\/psol50.org.br\/\",\"logo\":{\"@type\":\"ImageObject\",\"inLanguage\":\"pt-BR\",\"@id\":\"https:\/\/psol50.org.br\/#\/schema\/logo\/image\/\",\"url\":\"https:\/\/psol50.org.br\/inc\/uploads\/2018\/07\/capa.png\",\"contentUrl\":\"https:\/\/psol50.org.br\/inc\/uploads\/2018\/07\/capa.png\",\"width\":1350,\"height\":900,\"caption\":\"PSOL 50\"},\"image\":{\"@id\":\"https:\/\/psol50.org.br\/#\/schema\/logo\/image\/\"},\"sameAs\":[\"https:\/\/www.facebook.com\/psol50\",\"https:\/\/x.com\/psol50\",\"https:\/\/www.instagram.com\/psol50\/\",\"https:\/\/www.youtube.com\/channel\/UC7SnJS5o1os7a6CaiNabzcg\"]},{\"@type\":\"Person\",\"@id\":\"https:\/\/psol50.org.br\/#\/schema\/person\/475dfa57d0b815993c714c2e96491fcd\",\"name\":\"Comunica\u00e7\u00e3o PSOL\",\"image\":{\"@type\":\"ImageObject\",\"inLanguage\":\"pt-BR\",\"@id\":\"https:\/\/psol50.org.br\/#\/schema\/person\/image\/\",\"url\":\"https:\/\/secure.gravatar.com\/avatar\/b34fc4f4e468a4e51785917065a3db57b841f5c95dba6ad8c73aaf8f66f8f9bf?s=96&d=mm&r=g\",\"contentUrl\":\"https:\/\/secure.gravatar.com\/avatar\/b34fc4f4e468a4e51785917065a3db57b841f5c95dba6ad8c73aaf8f66f8f9bf?s=96&d=mm&r=g\",\"caption\":\"Comunica\u00e7\u00e3o PSOL\"}}]}<\/script>\n<!-- \/ Yoast SEO plugin. -->","yoast_head_json":{"title":"Guant\u00e1namo: dez anos de vergonha - PSOL 50","robots":{"index":"index","follow":"follow","max-snippet":"max-snippet:-1","max-image-preview":"max-image-preview:large","max-video-preview":"max-video-preview:-1"},"canonical":"https:\/\/psol50.org.br\/guantanamo-dez-anos-de-vergonha\/","og_locale":"pt_BR","og_type":"article","og_title":"Guant\u00e1namo: dez anos de vergonha - PSOL 50","og_description":"*Por Christina Bergmann, na\u00a0Deutsche Welle O campo de prisioneiros de Guant\u00e1namo era para ser uma solu\u00e7\u00e3o provis\u00f3ria, diz James Carafano. O especialista em pol\u00edtica de defesa e seguran\u00e7a da conservadora Funda\u00e7\u00e3o Heritage diz que, a seu ver, n\u00e3o teria havido outro procedimento adequado para o contexto da \u00e9poca. A quest\u00e3o decisiva naquele momento era: como [&hellip;]","og_url":"https:\/\/psol50.org.br\/guantanamo-dez-anos-de-vergonha\/","og_site_name":"PSOL 50","article_publisher":"https:\/\/www.facebook.com\/psol50","article_published_time":"2012-02-01T00:00:00+00:00","og_image":[{"url":"http:\/\/psol50.org.br\/files\/2012\/02\/Guantanamo1.jpg","type":"","width":"","height":""}],"author":"Comunica\u00e7\u00e3o PSOL","twitter_card":"summary_large_image","twitter_creator":"@psol50","twitter_site":"@psol50","twitter_misc":{"Escrito por":"Comunica\u00e7\u00e3o PSOL","Est. tempo de leitura":"6 minutos"},"schema":{"@context":"https:\/\/schema.org","@graph":[{"@type":"Article","@id":"https:\/\/psol50.org.br\/guantanamo-dez-anos-de-vergonha\/#article","isPartOf":{"@id":"https:\/\/psol50.org.br\/guantanamo-dez-anos-de-vergonha\/"},"author":{"name":"Comunica\u00e7\u00e3o PSOL","@id":"https:\/\/psol50.org.br\/#\/schema\/person\/475dfa57d0b815993c714c2e96491fcd"},"headline":"Guant\u00e1namo: dez anos de vergonha","datePublished":"2012-02-01T00:00:00+00:00","mainEntityOfPage":{"@id":"https:\/\/psol50.org.br\/guantanamo-dez-anos-de-vergonha\/"},"wordCount":1155,"commentCount":0,"publisher":{"@id":"https:\/\/psol50.org.br\/#organization"},"image":{"@id":"https:\/\/psol50.org.br\/guantanamo-dez-anos-de-vergonha\/#primaryimage"},"thumbnailUrl":"http:\/\/psol50.org.br\/files\/2012\/02\/Guantanamo1.jpg","articleSection":["Arquivo"],"inLanguage":"pt-BR","potentialAction":[{"@type":"CommentAction","name":"Comment","target":["https:\/\/psol50.org.br\/guantanamo-dez-anos-de-vergonha\/#respond"]}]},{"@type":"WebPage","@id":"https:\/\/psol50.org.br\/guantanamo-dez-anos-de-vergonha\/","url":"https:\/\/psol50.org.br\/guantanamo-dez-anos-de-vergonha\/","name":"Guant\u00e1namo: dez anos de vergonha - PSOL 50","isPartOf":{"@id":"https:\/\/psol50.org.br\/#website"},"primaryImageOfPage":{"@id":"https:\/\/psol50.org.br\/guantanamo-dez-anos-de-vergonha\/#primaryimage"},"image":{"@id":"https:\/\/psol50.org.br\/guantanamo-dez-anos-de-vergonha\/#primaryimage"},"thumbnailUrl":"http:\/\/psol50.org.br\/files\/2012\/02\/Guantanamo1.jpg","datePublished":"2012-02-01T00:00:00+00:00","breadcrumb":{"@id":"https:\/\/psol50.org.br\/guantanamo-dez-anos-de-vergonha\/#breadcrumb"},"inLanguage":"pt-BR","potentialAction":[{"@type":"ReadAction","target":["https:\/\/psol50.org.br\/guantanamo-dez-anos-de-vergonha\/"]}]},{"@type":"ImageObject","inLanguage":"pt-BR","@id":"https:\/\/psol50.org.br\/guantanamo-dez-anos-de-vergonha\/#primaryimage","url":"http:\/\/psol50.org.br\/files\/2012\/02\/Guantanamo1.jpg","contentUrl":"http:\/\/psol50.org.br\/files\/2012\/02\/Guantanamo1.jpg"},{"@type":"BreadcrumbList","@id":"https:\/\/psol50.org.br\/guantanamo-dez-anos-de-vergonha\/#breadcrumb","itemListElement":[{"@type":"ListItem","position":1,"name":"In\u00edcio","item":"https:\/\/psol50.org.br\/"},{"@type":"ListItem","position":2,"name":"Guant\u00e1namo: dez anos de vergonha"}]},{"@type":"WebSite","@id":"https:\/\/psol50.org.br\/#website","url":"https:\/\/psol50.org.br\/","name":"PSOL 50","description":"Site oficial do Partido Socialismo e Liberdade","publisher":{"@id":"https:\/\/psol50.org.br\/#organization"},"alternateName":"PSOL50","potentialAction":[{"@type":"SearchAction","target":{"@type":"EntryPoint","urlTemplate":"https:\/\/psol50.org.br\/?s={search_term_string}"},"query-input":{"@type":"PropertyValueSpecification","valueRequired":true,"valueName":"search_term_string"}}],"inLanguage":"pt-BR"},{"@type":"Organization","@id":"https:\/\/psol50.org.br\/#organization","name":"PSOL 50","alternateName":"PSOL 50","url":"https:\/\/psol50.org.br\/","logo":{"@type":"ImageObject","inLanguage":"pt-BR","@id":"https:\/\/psol50.org.br\/#\/schema\/logo\/image\/","url":"https:\/\/psol50.org.br\/inc\/uploads\/2018\/07\/capa.png","contentUrl":"https:\/\/psol50.org.br\/inc\/uploads\/2018\/07\/capa.png","width":1350,"height":900,"caption":"PSOL 50"},"image":{"@id":"https:\/\/psol50.org.br\/#\/schema\/logo\/image\/"},"sameAs":["https:\/\/www.facebook.com\/psol50","https:\/\/x.com\/psol50","https:\/\/www.instagram.com\/psol50\/","https:\/\/www.youtube.com\/channel\/UC7SnJS5o1os7a6CaiNabzcg"]},{"@type":"Person","@id":"https:\/\/psol50.org.br\/#\/schema\/person\/475dfa57d0b815993c714c2e96491fcd","name":"Comunica\u00e7\u00e3o PSOL","image":{"@type":"ImageObject","inLanguage":"pt-BR","@id":"https:\/\/psol50.org.br\/#\/schema\/person\/image\/","url":"https:\/\/secure.gravatar.com\/avatar\/b34fc4f4e468a4e51785917065a3db57b841f5c95dba6ad8c73aaf8f66f8f9bf?s=96&d=mm&r=g","contentUrl":"https:\/\/secure.gravatar.com\/avatar\/b34fc4f4e468a4e51785917065a3db57b841f5c95dba6ad8c73aaf8f66f8f9bf?s=96&d=mm&r=g","caption":"Comunica\u00e7\u00e3o PSOL"}}]}},"_links":{"self":[{"href":"https:\/\/psol50.org.br\/rest\/wp\/v2\/posts\/551","targetHints":{"allow":["GET"]}}],"collection":[{"href":"https:\/\/psol50.org.br\/rest\/wp\/v2\/posts"}],"about":[{"href":"https:\/\/psol50.org.br\/rest\/wp\/v2\/types\/post"}],"author":[{"embeddable":true,"href":"https:\/\/psol50.org.br\/rest\/wp\/v2\/users\/2"}],"replies":[{"embeddable":true,"href":"https:\/\/psol50.org.br\/rest\/wp\/v2\/comments?post=551"}],"version-history":[{"count":0,"href":"https:\/\/psol50.org.br\/rest\/wp\/v2\/posts\/551\/revisions"}],"wp:attachment":[{"href":"https:\/\/psol50.org.br\/rest\/wp\/v2\/media?parent=551"}],"wp:term":[{"taxonomy":"category","embeddable":true,"href":"https:\/\/psol50.org.br\/rest\/wp\/v2\/categories?post=551"},{"taxonomy":"post_tag","embeddable":true,"href":"https:\/\/psol50.org.br\/rest\/wp\/v2\/tags?post=551"}],"curies":[{"name":"wp","href":"https:\/\/api.w.org\/{rel}","templated":true}]}}