{"id":553,"date":"2012-02-06T00:00:00","date_gmt":"2012-02-06T00:00:00","guid":{"rendered":"http:\/\/psol50.org.br\/arquivo\/2012\/02\/06\/pelo-mundo-brasileiros-protestam-contra-a-desocupacao-do-pinheirinho\/"},"modified":"2012-02-06T00:00:00","modified_gmt":"2012-02-06T00:00:00","slug":"pelo-mundo-brasileiros-protestam-contra-a-desocupacao-do-pinheirinho","status":"publish","type":"post","link":"https:\/\/psol50.org.br\/pelo-mundo-brasileiros-protestam-contra-a-desocupacao-do-pinheirinho\/","title":{"rendered":"Pelo mundo, brasileiros protestam contra a desocupa\u00e7\u00e3o do Pinheirinho"},"content":{"rendered":"<p style=\"text-align: justify\"><a href=\"http:\/\/psol50.org.br\/blog\/2012\/02\/06\/pelo-mundo-brasileiros-protestam-contra-a-desocupacao-do-pinheirinho\/pinheirinho_franca\/\" rel=\"attachment wp-att-13501\"><img loading=\"lazy\" decoding=\"async\" class=\"alignleft size-medium wp-image-13501\" src=\"http:\/\/psol50.org.br\/files\/2012\/02\/Pinheirinho_Fran%C3%A7a-300x225.jpg\" alt=\"\" width=\"300\" height=\"225\" \/><\/a>Dezenas de pessoas, sendo a grande maioria brasileira, protestaram neste s\u00e1bado (04\/02) contra a a\u00e7\u00e3o de desocupa\u00e7\u00e3o da comunidade do Pinheirinho, em S\u00e3o Jos\u00e9 dos Campos, realizada no \u00faltimo m\u00eas de janeiro. As manifesta\u00e7\u00f5es aconteceram na Fran\u00e7a, na Argentina e no Chile.<\/p>\n<p style=\"text-align: justify\">Com cartazes e bandeiras do Brasil, os manifestantes em Paris se concentraram em frente \u00e0 embaixada brasileira. O grupo de cerca de 50 pessoas desafiou o frio da capital francesa e chamou a aten\u00e7\u00e3o para a a\u00e7\u00e3o que desalojou cerca de 6 mil pessoas que moravam na \u00e1rea de mais de um milh\u00e3o de metros quadrados em S\u00e3o Jos\u00e9 dos Campos.<\/p>\n<p style=\"text-align: justify\">O protesto, no entanto, foi interrompido por determina\u00e7\u00e3o da pol\u00edcia francesa, que exigiu a sa\u00edda dos manifestantes da frente da embaixada brasileira na Fran\u00e7a. Os policiais alegaram que o grupo n\u00e3o poderia tirar fotos em frente \u00e0 embaixada. Com isso, os manifestantes foram a uma pra\u00e7a pr\u00f3xima ao local, onde seguiram protestando com um grupo mais reduzido.<\/p>\n<p style=\"text-align: justify\">Na Argentina tamb\u00e9m houve protesto. Um grupo de 20 pessoas partiu do Obelisco, em Buenos Aires, em dire\u00e7\u00e3o \u00e0 embaixada brasileira da cidade. Com cartazes e apitos, os manifestantes pediam justi\u00e7a para as fam\u00edlias que foram desalojadas.<\/p>\n<p style=\"text-align: justify\">Com a mensagem \u201cTodos somos Pinheirinho\u201d, o grupo cantou durante a passeata para atrair a aten\u00e7\u00e3o de brasileiros que visitavam a capital argentina. Dessa forma, foi poss\u00edvel aumentar o n\u00famero de manifestantes para cerca de 30 pessoas.<\/p>\n<p style=\"text-align: justify\">O Chile tamb\u00e9m foi palco de protestos contra a desocupa\u00e7\u00e3o do Pinheirinho. Tamb\u00e9m na capital do pa\u00eds, cerca de 20 pessoas se concentraram na Pra\u00e7a Los Heroes, onde fica a embaixada brasileira do pa\u00eds. Com o tempo, alguns chilenos juntaram-se \u00e0 manifesta\u00e7\u00e3o e o n\u00famero de pessoas protestando subiu para 30.<\/p>\n<p style=\"text-align: justify\"><strong>Hist\u00f3rico<\/strong><\/p>\n<p style=\"text-align: justify\">Esta n\u00e3o \u00e9 a primeira vez que brasileiros protestam em outros pa\u00edses contra a a\u00e7\u00e3o do Pinheirinho. Na \u00faltima ter\u00e7a-feira (31\/01), cerca de 40 brasileiros se reuniram em frente \u00e0 embaixada do Brasil em Berlim, na Alemanha, para mostrar apoio aos moradores da comunidade.<\/p>\n<p style=\"text-align: justify\">Com uma faixa que exibia os dizeres \u201cWir sind alle Pinheirinho\u201d &#8211; na tradu\u00e7\u00e3o do alem\u00e3o: \u201cTodos somos Pinheirinho\u201d \u2013 os manifestantes encararam o frio europeu para mostrar sua indigna\u00e7\u00e3o frente ao caso.<\/p>\n<p style=\"text-align: justify\">A comunidade de Pinheirinho estava instalada h\u00e1 oito anos em um terreno da cidade de S\u00e3o Jos\u00e9 dos Campos. O local \u00e9 alvo de uma disputa na Justi\u00e7a envolvendo uma empresa falida do especulador Naji Nahas.<\/p>\n<p style=\"text-align: justify\">Cumprindo uma a\u00e7\u00e3o da Justi\u00e7a de S\u00e3o Paulo, a Pol\u00edcia Militar despejou os moradores e casas foram, posteriormente, destru\u00eddas. Autoridades e organiza\u00e7\u00f5es de direitos humanos criticaram a a\u00e7\u00e3o por considerar que a Pol\u00edcia usou de for\u00e7a excessiva para retirar a comunidade do local.<\/p>\n<p style=\"text-align: justify\">Centenas de pessoas seguem em abrigos provis\u00f3rios oferecidos pela Prefeitura da cidade, pois n\u00e3o tem para onde ir. Na \u00faltima semana, o caso ganhou ainda mais repercuss\u00e3o internacional j\u00e1 que a urbanista Raquel Rolnik, relatora das Na\u00e7\u00f5es Unidas para o direito \u00e0 Habita\u00e7\u00e3o, denunciou as viola\u00e7\u00f5es aos direitos humanos no Pinheirinho.<\/p>\n<p style=\"text-align: justify\"><a href=\"http:\/\/operamundi.uol.com.br\/conteudo\/noticias\/19667\/pelo+mundo+brasileiros+protestam+contra+a+desocupacao+do+pinheirinho.shtml\"><em><strong>*Fonte: Opera Mundi<\/strong><\/em><\/a><\/p>\n","protected":false},"excerpt":{"rendered":"<p>Dezenas de pessoas, sendo a grande maioria brasileira, protestaram neste s\u00e1bado (04\/02) contra a a\u00e7\u00e3o de desocupa\u00e7\u00e3o da comunidade do Pinheirinho, em S\u00e3o Jos\u00e9 dos Campos, realizada no \u00faltimo m\u00eas de janeiro. As manifesta\u00e7\u00f5es aconteceram na Fran\u00e7a, na Argentina e no Chile. Com cartazes e bandeiras do Brasil, os manifestantes em Paris se concentraram em [&hellip;]<\/p>\n","protected":false},"author":2,"featured_media":0,"comment_status":"open","ping_status":"open","sticky":false,"template":"","format":"standard","meta":{"_acf_changed":false,"footnotes":""},"categories":[4766],"tags":[],"class_list":{"0":"post-553","1":"post","2":"type-post","3":"status-publish","4":"format-standard","6":"category-arquivo"},"acf":[],"yoast_head":"<!-- This site is optimized with the Yoast SEO plugin v26.5 - https:\/\/yoast.com\/wordpress\/plugins\/seo\/ -->\n<title>Pelo mundo, brasileiros protestam contra a desocupa\u00e7\u00e3o do Pinheirinho - PSOL 50<\/title>\n<meta name=\"robots\" content=\"index, follow, max-snippet:-1, max-image-preview:large, max-video-preview:-1\" \/>\n<link rel=\"canonical\" href=\"https:\/\/psol50.org.br\/pelo-mundo-brasileiros-protestam-contra-a-desocupacao-do-pinheirinho\/\" \/>\n<meta property=\"og:locale\" content=\"pt_BR\" \/>\n<meta property=\"og:type\" content=\"article\" \/>\n<meta property=\"og:title\" content=\"Pelo mundo, brasileiros protestam contra a desocupa\u00e7\u00e3o do Pinheirinho - PSOL 50\" \/>\n<meta property=\"og:description\" content=\"Dezenas de pessoas, sendo a grande maioria brasileira, protestaram neste s\u00e1bado (04\/02) contra a a\u00e7\u00e3o de desocupa\u00e7\u00e3o da comunidade do Pinheirinho, em S\u00e3o Jos\u00e9 dos Campos, realizada no \u00faltimo m\u00eas de janeiro. As manifesta\u00e7\u00f5es aconteceram na Fran\u00e7a, na Argentina e no Chile. Com cartazes e bandeiras do Brasil, os manifestantes em Paris se concentraram em [&hellip;]\" \/>\n<meta property=\"og:url\" content=\"https:\/\/psol50.org.br\/pelo-mundo-brasileiros-protestam-contra-a-desocupacao-do-pinheirinho\/\" \/>\n<meta property=\"og:site_name\" content=\"PSOL 50\" \/>\n<meta property=\"article:publisher\" content=\"https:\/\/www.facebook.com\/psol50\" \/>\n<meta property=\"article:published_time\" content=\"2012-02-06T00:00:00+00:00\" \/>\n<meta property=\"og:image\" content=\"http:\/\/psol50.org.br\/files\/2012\/02\/Pinheirinho_Fran%C3%A7a-300x225.jpg\" \/>\n<meta name=\"author\" content=\"Comunica\u00e7\u00e3o PSOL\" \/>\n<meta name=\"twitter:card\" content=\"summary_large_image\" \/>\n<meta name=\"twitter:creator\" content=\"@psol50\" \/>\n<meta name=\"twitter:site\" content=\"@psol50\" \/>\n<meta name=\"twitter:label1\" content=\"Escrito por\" \/>\n\t<meta name=\"twitter:data1\" content=\"Comunica\u00e7\u00e3o PSOL\" \/>\n\t<meta name=\"twitter:label2\" content=\"Est. tempo de leitura\" \/>\n\t<meta name=\"twitter:data2\" content=\"3 minutos\" \/>\n<script type=\"application\/ld+json\" class=\"yoast-schema-graph\">{\"@context\":\"https:\/\/schema.org\",\"@graph\":[{\"@type\":\"Article\",\"@id\":\"https:\/\/psol50.org.br\/pelo-mundo-brasileiros-protestam-contra-a-desocupacao-do-pinheirinho\/#article\",\"isPartOf\":{\"@id\":\"https:\/\/psol50.org.br\/pelo-mundo-brasileiros-protestam-contra-a-desocupacao-do-pinheirinho\/\"},\"author\":{\"name\":\"Comunica\u00e7\u00e3o PSOL\",\"@id\":\"https:\/\/psol50.org.br\/#\/schema\/person\/475dfa57d0b815993c714c2e96491fcd\"},\"headline\":\"Pelo mundo, brasileiros protestam contra a desocupa\u00e7\u00e3o do Pinheirinho\",\"datePublished\":\"2012-02-06T00:00:00+00:00\",\"mainEntityOfPage\":{\"@id\":\"https:\/\/psol50.org.br\/pelo-mundo-brasileiros-protestam-contra-a-desocupacao-do-pinheirinho\/\"},\"wordCount\":546,\"commentCount\":0,\"publisher\":{\"@id\":\"https:\/\/psol50.org.br\/#organization\"},\"image\":{\"@id\":\"https:\/\/psol50.org.br\/pelo-mundo-brasileiros-protestam-contra-a-desocupacao-do-pinheirinho\/#primaryimage\"},\"thumbnailUrl\":\"http:\/\/psol50.org.br\/files\/2012\/02\/Pinheirinho_Fran%C3%A7a-300x225.jpg\",\"articleSection\":[\"Arquivo\"],\"inLanguage\":\"pt-BR\",\"potentialAction\":[{\"@type\":\"CommentAction\",\"name\":\"Comment\",\"target\":[\"https:\/\/psol50.org.br\/pelo-mundo-brasileiros-protestam-contra-a-desocupacao-do-pinheirinho\/#respond\"]}]},{\"@type\":\"WebPage\",\"@id\":\"https:\/\/psol50.org.br\/pelo-mundo-brasileiros-protestam-contra-a-desocupacao-do-pinheirinho\/\",\"url\":\"https:\/\/psol50.org.br\/pelo-mundo-brasileiros-protestam-contra-a-desocupacao-do-pinheirinho\/\",\"name\":\"Pelo mundo, brasileiros protestam contra a desocupa\u00e7\u00e3o do Pinheirinho - PSOL 50\",\"isPartOf\":{\"@id\":\"https:\/\/psol50.org.br\/#website\"},\"primaryImageOfPage\":{\"@id\":\"https:\/\/psol50.org.br\/pelo-mundo-brasileiros-protestam-contra-a-desocupacao-do-pinheirinho\/#primaryimage\"},\"image\":{\"@id\":\"https:\/\/psol50.org.br\/pelo-mundo-brasileiros-protestam-contra-a-desocupacao-do-pinheirinho\/#primaryimage\"},\"thumbnailUrl\":\"http:\/\/psol50.org.br\/files\/2012\/02\/Pinheirinho_Fran%C3%A7a-300x225.jpg\",\"datePublished\":\"2012-02-06T00:00:00+00:00\",\"breadcrumb\":{\"@id\":\"https:\/\/psol50.org.br\/pelo-mundo-brasileiros-protestam-contra-a-desocupacao-do-pinheirinho\/#breadcrumb\"},\"inLanguage\":\"pt-BR\",\"potentialAction\":[{\"@type\":\"ReadAction\",\"target\":[\"https:\/\/psol50.org.br\/pelo-mundo-brasileiros-protestam-contra-a-desocupacao-do-pinheirinho\/\"]}]},{\"@type\":\"ImageObject\",\"inLanguage\":\"pt-BR\",\"@id\":\"https:\/\/psol50.org.br\/pelo-mundo-brasileiros-protestam-contra-a-desocupacao-do-pinheirinho\/#primaryimage\",\"url\":\"http:\/\/psol50.org.br\/files\/2012\/02\/Pinheirinho_Fran%C3%A7a-300x225.jpg\",\"contentUrl\":\"http:\/\/psol50.org.br\/files\/2012\/02\/Pinheirinho_Fran%C3%A7a-300x225.jpg\"},{\"@type\":\"BreadcrumbList\",\"@id\":\"https:\/\/psol50.org.br\/pelo-mundo-brasileiros-protestam-contra-a-desocupacao-do-pinheirinho\/#breadcrumb\",\"itemListElement\":[{\"@type\":\"ListItem\",\"position\":1,\"name\":\"In\u00edcio\",\"item\":\"https:\/\/psol50.org.br\/\"},{\"@type\":\"ListItem\",\"position\":2,\"name\":\"Pelo mundo, brasileiros protestam contra a desocupa\u00e7\u00e3o do Pinheirinho\"}]},{\"@type\":\"WebSite\",\"@id\":\"https:\/\/psol50.org.br\/#website\",\"url\":\"https:\/\/psol50.org.br\/\",\"name\":\"PSOL 50\",\"description\":\"Site oficial do Partido Socialismo e Liberdade\",\"publisher\":{\"@id\":\"https:\/\/psol50.org.br\/#organization\"},\"alternateName\":\"PSOL50\",\"potentialAction\":[{\"@type\":\"SearchAction\",\"target\":{\"@type\":\"EntryPoint\",\"urlTemplate\":\"https:\/\/psol50.org.br\/?s={search_term_string}\"},\"query-input\":{\"@type\":\"PropertyValueSpecification\",\"valueRequired\":true,\"valueName\":\"search_term_string\"}}],\"inLanguage\":\"pt-BR\"},{\"@type\":\"Organization\",\"@id\":\"https:\/\/psol50.org.br\/#organization\",\"name\":\"PSOL 50\",\"alternateName\":\"PSOL 50\",\"url\":\"https:\/\/psol50.org.br\/\",\"logo\":{\"@type\":\"ImageObject\",\"inLanguage\":\"pt-BR\",\"@id\":\"https:\/\/psol50.org.br\/#\/schema\/logo\/image\/\",\"url\":\"https:\/\/psol50.org.br\/inc\/uploads\/2018\/07\/capa.png\",\"contentUrl\":\"https:\/\/psol50.org.br\/inc\/uploads\/2018\/07\/capa.png\",\"width\":1350,\"height\":900,\"caption\":\"PSOL 50\"},\"image\":{\"@id\":\"https:\/\/psol50.org.br\/#\/schema\/logo\/image\/\"},\"sameAs\":[\"https:\/\/www.facebook.com\/psol50\",\"https:\/\/x.com\/psol50\",\"https:\/\/www.instagram.com\/psol50\/\",\"https:\/\/www.youtube.com\/channel\/UC7SnJS5o1os7a6CaiNabzcg\"]},{\"@type\":\"Person\",\"@id\":\"https:\/\/psol50.org.br\/#\/schema\/person\/475dfa57d0b815993c714c2e96491fcd\",\"name\":\"Comunica\u00e7\u00e3o PSOL\",\"image\":{\"@type\":\"ImageObject\",\"inLanguage\":\"pt-BR\",\"@id\":\"https:\/\/psol50.org.br\/#\/schema\/person\/image\/\",\"url\":\"https:\/\/secure.gravatar.com\/avatar\/b34fc4f4e468a4e51785917065a3db57b841f5c95dba6ad8c73aaf8f66f8f9bf?s=96&d=mm&r=g\",\"contentUrl\":\"https:\/\/secure.gravatar.com\/avatar\/b34fc4f4e468a4e51785917065a3db57b841f5c95dba6ad8c73aaf8f66f8f9bf?s=96&d=mm&r=g\",\"caption\":\"Comunica\u00e7\u00e3o PSOL\"}}]}<\/script>\n<!-- \/ Yoast SEO plugin. -->","yoast_head_json":{"title":"Pelo mundo, brasileiros protestam contra a desocupa\u00e7\u00e3o do Pinheirinho - PSOL 50","robots":{"index":"index","follow":"follow","max-snippet":"max-snippet:-1","max-image-preview":"max-image-preview:large","max-video-preview":"max-video-preview:-1"},"canonical":"https:\/\/psol50.org.br\/pelo-mundo-brasileiros-protestam-contra-a-desocupacao-do-pinheirinho\/","og_locale":"pt_BR","og_type":"article","og_title":"Pelo mundo, brasileiros protestam contra a desocupa\u00e7\u00e3o do Pinheirinho - PSOL 50","og_description":"Dezenas de pessoas, sendo a grande maioria brasileira, protestaram neste s\u00e1bado (04\/02) contra a a\u00e7\u00e3o de desocupa\u00e7\u00e3o da comunidade do Pinheirinho, em S\u00e3o Jos\u00e9 dos Campos, realizada no \u00faltimo m\u00eas de janeiro. As manifesta\u00e7\u00f5es aconteceram na Fran\u00e7a, na Argentina e no Chile. Com cartazes e bandeiras do Brasil, os manifestantes em Paris se concentraram em [&hellip;]","og_url":"https:\/\/psol50.org.br\/pelo-mundo-brasileiros-protestam-contra-a-desocupacao-do-pinheirinho\/","og_site_name":"PSOL 50","article_publisher":"https:\/\/www.facebook.com\/psol50","article_published_time":"2012-02-06T00:00:00+00:00","og_image":[{"url":"http:\/\/psol50.org.br\/files\/2012\/02\/Pinheirinho_Fran%C3%A7a-300x225.jpg","type":"","width":"","height":""}],"author":"Comunica\u00e7\u00e3o PSOL","twitter_card":"summary_large_image","twitter_creator":"@psol50","twitter_site":"@psol50","twitter_misc":{"Escrito por":"Comunica\u00e7\u00e3o PSOL","Est. tempo de leitura":"3 minutos"},"schema":{"@context":"https:\/\/schema.org","@graph":[{"@type":"Article","@id":"https:\/\/psol50.org.br\/pelo-mundo-brasileiros-protestam-contra-a-desocupacao-do-pinheirinho\/#article","isPartOf":{"@id":"https:\/\/psol50.org.br\/pelo-mundo-brasileiros-protestam-contra-a-desocupacao-do-pinheirinho\/"},"author":{"name":"Comunica\u00e7\u00e3o PSOL","@id":"https:\/\/psol50.org.br\/#\/schema\/person\/475dfa57d0b815993c714c2e96491fcd"},"headline":"Pelo mundo, brasileiros protestam contra a desocupa\u00e7\u00e3o do Pinheirinho","datePublished":"2012-02-06T00:00:00+00:00","mainEntityOfPage":{"@id":"https:\/\/psol50.org.br\/pelo-mundo-brasileiros-protestam-contra-a-desocupacao-do-pinheirinho\/"},"wordCount":546,"commentCount":0,"publisher":{"@id":"https:\/\/psol50.org.br\/#organization"},"image":{"@id":"https:\/\/psol50.org.br\/pelo-mundo-brasileiros-protestam-contra-a-desocupacao-do-pinheirinho\/#primaryimage"},"thumbnailUrl":"http:\/\/psol50.org.br\/files\/2012\/02\/Pinheirinho_Fran%C3%A7a-300x225.jpg","articleSection":["Arquivo"],"inLanguage":"pt-BR","potentialAction":[{"@type":"CommentAction","name":"Comment","target":["https:\/\/psol50.org.br\/pelo-mundo-brasileiros-protestam-contra-a-desocupacao-do-pinheirinho\/#respond"]}]},{"@type":"WebPage","@id":"https:\/\/psol50.org.br\/pelo-mundo-brasileiros-protestam-contra-a-desocupacao-do-pinheirinho\/","url":"https:\/\/psol50.org.br\/pelo-mundo-brasileiros-protestam-contra-a-desocupacao-do-pinheirinho\/","name":"Pelo mundo, brasileiros protestam contra a desocupa\u00e7\u00e3o do Pinheirinho - PSOL 50","isPartOf":{"@id":"https:\/\/psol50.org.br\/#website"},"primaryImageOfPage":{"@id":"https:\/\/psol50.org.br\/pelo-mundo-brasileiros-protestam-contra-a-desocupacao-do-pinheirinho\/#primaryimage"},"image":{"@id":"https:\/\/psol50.org.br\/pelo-mundo-brasileiros-protestam-contra-a-desocupacao-do-pinheirinho\/#primaryimage"},"thumbnailUrl":"http:\/\/psol50.org.br\/files\/2012\/02\/Pinheirinho_Fran%C3%A7a-300x225.jpg","datePublished":"2012-02-06T00:00:00+00:00","breadcrumb":{"@id":"https:\/\/psol50.org.br\/pelo-mundo-brasileiros-protestam-contra-a-desocupacao-do-pinheirinho\/#breadcrumb"},"inLanguage":"pt-BR","potentialAction":[{"@type":"ReadAction","target":["https:\/\/psol50.org.br\/pelo-mundo-brasileiros-protestam-contra-a-desocupacao-do-pinheirinho\/"]}]},{"@type":"ImageObject","inLanguage":"pt-BR","@id":"https:\/\/psol50.org.br\/pelo-mundo-brasileiros-protestam-contra-a-desocupacao-do-pinheirinho\/#primaryimage","url":"http:\/\/psol50.org.br\/files\/2012\/02\/Pinheirinho_Fran%C3%A7a-300x225.jpg","contentUrl":"http:\/\/psol50.org.br\/files\/2012\/02\/Pinheirinho_Fran%C3%A7a-300x225.jpg"},{"@type":"BreadcrumbList","@id":"https:\/\/psol50.org.br\/pelo-mundo-brasileiros-protestam-contra-a-desocupacao-do-pinheirinho\/#breadcrumb","itemListElement":[{"@type":"ListItem","position":1,"name":"In\u00edcio","item":"https:\/\/psol50.org.br\/"},{"@type":"ListItem","position":2,"name":"Pelo mundo, brasileiros protestam contra a desocupa\u00e7\u00e3o do Pinheirinho"}]},{"@type":"WebSite","@id":"https:\/\/psol50.org.br\/#website","url":"https:\/\/psol50.org.br\/","name":"PSOL 50","description":"Site oficial do Partido Socialismo e Liberdade","publisher":{"@id":"https:\/\/psol50.org.br\/#organization"},"alternateName":"PSOL50","potentialAction":[{"@type":"SearchAction","target":{"@type":"EntryPoint","urlTemplate":"https:\/\/psol50.org.br\/?s={search_term_string}"},"query-input":{"@type":"PropertyValueSpecification","valueRequired":true,"valueName":"search_term_string"}}],"inLanguage":"pt-BR"},{"@type":"Organization","@id":"https:\/\/psol50.org.br\/#organization","name":"PSOL 50","alternateName":"PSOL 50","url":"https:\/\/psol50.org.br\/","logo":{"@type":"ImageObject","inLanguage":"pt-BR","@id":"https:\/\/psol50.org.br\/#\/schema\/logo\/image\/","url":"https:\/\/psol50.org.br\/inc\/uploads\/2018\/07\/capa.png","contentUrl":"https:\/\/psol50.org.br\/inc\/uploads\/2018\/07\/capa.png","width":1350,"height":900,"caption":"PSOL 50"},"image":{"@id":"https:\/\/psol50.org.br\/#\/schema\/logo\/image\/"},"sameAs":["https:\/\/www.facebook.com\/psol50","https:\/\/x.com\/psol50","https:\/\/www.instagram.com\/psol50\/","https:\/\/www.youtube.com\/channel\/UC7SnJS5o1os7a6CaiNabzcg"]},{"@type":"Person","@id":"https:\/\/psol50.org.br\/#\/schema\/person\/475dfa57d0b815993c714c2e96491fcd","name":"Comunica\u00e7\u00e3o PSOL","image":{"@type":"ImageObject","inLanguage":"pt-BR","@id":"https:\/\/psol50.org.br\/#\/schema\/person\/image\/","url":"https:\/\/secure.gravatar.com\/avatar\/b34fc4f4e468a4e51785917065a3db57b841f5c95dba6ad8c73aaf8f66f8f9bf?s=96&d=mm&r=g","contentUrl":"https:\/\/secure.gravatar.com\/avatar\/b34fc4f4e468a4e51785917065a3db57b841f5c95dba6ad8c73aaf8f66f8f9bf?s=96&d=mm&r=g","caption":"Comunica\u00e7\u00e3o PSOL"}}]}},"_links":{"self":[{"href":"https:\/\/psol50.org.br\/rest\/wp\/v2\/posts\/553","targetHints":{"allow":["GET"]}}],"collection":[{"href":"https:\/\/psol50.org.br\/rest\/wp\/v2\/posts"}],"about":[{"href":"https:\/\/psol50.org.br\/rest\/wp\/v2\/types\/post"}],"author":[{"embeddable":true,"href":"https:\/\/psol50.org.br\/rest\/wp\/v2\/users\/2"}],"replies":[{"embeddable":true,"href":"https:\/\/psol50.org.br\/rest\/wp\/v2\/comments?post=553"}],"version-history":[{"count":0,"href":"https:\/\/psol50.org.br\/rest\/wp\/v2\/posts\/553\/revisions"}],"wp:attachment":[{"href":"https:\/\/psol50.org.br\/rest\/wp\/v2\/media?parent=553"}],"wp:term":[{"taxonomy":"category","embeddable":true,"href":"https:\/\/psol50.org.br\/rest\/wp\/v2\/categories?post=553"},{"taxonomy":"post_tag","embeddable":true,"href":"https:\/\/psol50.org.br\/rest\/wp\/v2\/tags?post=553"}],"curies":[{"name":"wp","href":"https:\/\/api.w.org\/{rel}","templated":true}]}}