{"id":565,"date":"2012-02-29T00:00:00","date_gmt":"2012-02-29T00:00:00","guid":{"rendered":"http:\/\/psol50.org.br\/arquivo\/2012\/02\/29\/india-milhoes-em-greve-geral\/"},"modified":"2012-02-29T00:00:00","modified_gmt":"2012-02-29T00:00:00","slug":"india-milhoes-em-greve-geral","status":"publish","type":"post","link":"https:\/\/psol50.org.br\/india-milhoes-em-greve-geral\/","title":{"rendered":"\u00cdndia: milh\u00f5es em greve geral"},"content":{"rendered":"<p style=\"text-align: justify\"><strong><em><a href=\"http:\/\/psol50.org.br\/blog\/2012\/02\/29\/india-milhoes-em-greve-geral\/india_greve_geral\/\" rel=\"attachment wp-att-13992\"><img loading=\"lazy\" decoding=\"async\" class=\"alignleft size-full wp-image-13992\" src=\"http:\/\/psol50.org.br\/files\/2012\/02\/india_greve_geral.jpg\" alt=\"\" width=\"350\" height=\"215\" \/><\/a>Mobiliza\u00e7\u00e3o foi convocada pelas onze principais centrais sindicais do pa\u00eds, paralisando bancos, transportes e amplas \u00e1reas. Pode ter sido a maior greve geral j\u00e1 registada na hist\u00f3ria.<\/em><\/strong><\/p>\n<p style=\"text-align: justify\">A greve geral realizada na \u00cdndia esta ter\u00e7a-feira pode ter sido a maior greve geral j\u00e1 registada na hist\u00f3ria do capitalismo. Como sempre, a imprensa tenta minimizar a participa\u00e7\u00e3o e as consequ\u00eancias, mas as primeiras informa\u00e7\u00f5es j\u00e1 nos permitem ter uma ideia da for\u00e7a da mobiliza\u00e7\u00e3o.<\/p>\n<p style=\"text-align: justify\">A greve geral foi convocada pelas onze principais centrais sindicais do pa\u00eds, paralisando bancos, transportes e amplas \u00e1reas, em particular os estados de Kerala, West Bengal, Andhra Pradesh e Tripura.<\/p>\n<p style=\"text-align: justify\">A popula\u00e7\u00e3o da \u00cdndia, de 1,2 bilh\u00e3o, tem todos os motivos para desenvolver uma greve dessa envergadura, j\u00e1 que, mesmo ap\u00f3s a vit\u00f3ria na luta anti-colonial derrotando o imp\u00e9rio brit\u00e2nico, a independ\u00eancia do pa\u00eds n\u00e3o conseguiu tirar a maioria da popula\u00e7\u00e3o da mis\u00e9ria em que vive. Mesmo o reacion\u00e1rio governo de Manmohan Singh \u00e9 obrigado a reconhecer que \u00e9 uma vergonha nacional a exist\u00eancia de nada menos que 60 milh\u00f5es de crian\u00e7as sub-nutridas.<\/p>\n<p style=\"text-align: justify\">Os trabalhadores lutam pela melhoria das suas condi\u00e7\u00f5es de vida. Levantam reivindica\u00e7\u00f5es como a eleva\u00e7\u00e3o do sal\u00e1rio m\u00ednimo para 20 mil rupias, pelo direito ao trabalho, pela efetiva\u00e7\u00e3o dos 50 milh\u00f5es de trabalhadores tempor\u00e1rios<\/p>\n<p style=\"text-align: justify\">Segundo sindicalistas, o centro financeiro do pais, Mumbai, foi completamente paralisado e at\u00e9 os taxistas aderiram \u00e0 greve. Ningu\u00e9m sabe ainda quantos milh\u00f5es aderiram \u00e0 greve, mas, para se ter uma ideia, basta lembrar que na greve geral de 2010 foram 100 milh\u00f5es. E que nas \u00faltimas duas d\u00e9cadas, esta \u00e9 a 14\u00aaa greve geral.<\/p>\n<p style=\"text-align: justify\"><strong>Crise no meio de uma guerra civil e do ascenso oper\u00e1rio<\/strong><\/p>\n<p style=\"text-align: justify\">A greve geral \u00e9, nos factos, a comprova\u00e7\u00e3o da exist\u00eancia de uma crise revolucion\u00e1ria no momento em que ela se desenvolve. Cria uma situa\u00e7\u00e3o de dualidade de poderes onde o governo n\u00e3o governa, os pol\u00edticos n\u00e3o podem fazer politicagem e as armas do aparelho repressivo do estado, mesmo sendo utilizadas, n\u00e3o conseguem reprimir a rebeli\u00e3o moment\u00e2nea. Enquanto dura, s\u00e3o os 99% que imp\u00f5em a sua vontade, demonstrando a impot\u00eancia dos 1% de capitalistas.<\/p>\n<p style=\"text-align: justify\">A greve geral deste dia 28 ocorre num pais que vive uma guerra civil escamoteada, onde a guerrilha mao\u00edsta domina amplas \u00e1reas do pais e os confrontos armados s\u00e3o constantes. Um pa\u00eds com milhares de etnias em franca rebeli\u00e3o com o que chamam de \u201ccentro\u201d, o governo, como \u00e9 o caso de Caxemira, regi\u00e3o onde os protestos s\u00e3o permanentes.<\/p>\n<p style=\"text-align: justify\">A popula\u00e7\u00e3o da \u00cdndia est\u00e1 cansada da visceral corrup\u00e7\u00e3o do pa\u00eds, encarnada no governo de Manmohan Singh. Mesmo que a imprensa mundial diga que a economia indiana cresce, no quotidiano o que se vive \u00e9 um processo inflacion\u00e1rio que deteriora as condi\u00e7\u00f5es de vida de uma popula\u00e7\u00e3o paup\u00e9rrima<\/p>\n<p style=\"text-align: justify\">Nesse sentido, a greve geral n\u00e3o \u00e9 apenas um poderoso movimento por melhorias nas condi\u00e7\u00f5es de vida, mas tamb\u00e9m um violento soco no est\u00f4mago do governo.<\/p>\n<p style=\"text-align: justify\">O recente desenvolvimento de setores econ\u00f3micos criou tamb\u00e9m o mais jovem proletariado do planeta. Uma for\u00e7a composta de jovens, que n\u00e3o est\u00e3o amorda\u00e7ados pelas burocracias que infestam os sindicatos. Um proletariado que, a exemplo do chin\u00eas, se constituiu num dos mais poderosos do globo e que ensaia os seus primeiros passos. A \u00cdndia \u00e9, hoje, o pa\u00eds mais jovem da terra.<\/p>\n<p style=\"text-align: justify\">A greve geral abriu, certamente, um novo per\u00edodo da luta dos trabalhadores indianos. No momento em que se vive um poderoso ascenso do movimento oper\u00e1rio mundial, com as revolu\u00e7\u00f5es do mundo \u00e1rabe, a mobiliza\u00e7\u00e3o que se desenvolve na China e com a resist\u00eancia dos trabalhadores europeus e americanos, n\u00e3o ser\u00e1 novidade se o jovem proletariado indiano se levantar para derrubar o governo de Singh. Avan\u00e7ando, assim, naquela que, junto com a chinesa, promete ser uma das mais significativas revolu\u00e7\u00f5es da hist\u00f3ria moderna. Definitivamente, devido ao lugar que a China e a \u00cdndia passaram a ocupar na atual divis\u00e3o mundial do trabalho, as revolu\u00e7\u00f5es que est\u00e3o em marcha nesses dois pa\u00edses provocar\u00e3o as mudan\u00e7as mais radicais na hist\u00f3ria deste s\u00e9culo.<\/p>\n<p style=\"text-align: justify\">Resta lembrar tamb\u00e9m que a revolu\u00e7\u00e3o, em marcha na \u00cdndia, ocorre num pa\u00eds onde, na pr\u00e1tica, o aparelho de estado e, comparativamente fraco, n\u00e3o dispondo de tantos recursos para controlar e reprimir com m\u00e3o de ferro todas as rebeli\u00f5es no pais. O melhor exemplo disso \u00e9 que, em apenas alguns anos, a guerrilha mao\u00edsta passou a ser o governo, na pratica, de vastas \u00e1reas do pa\u00eds.<\/p>\n<p style=\"text-align: justify\"><em><strong>Tomi Mori<br \/>\n<\/strong><a href=\"http:\/\/www.esquerda.net\/\" target=\"_blank\" rel=\"noopener\">Fonte: Esquerda.net<\/a><\/em><\/p>\n","protected":false},"excerpt":{"rendered":"<p>Mobiliza\u00e7\u00e3o foi convocada pelas onze principais centrais sindicais do pa\u00eds, paralisando bancos, transportes e amplas \u00e1reas. Pode ter sido a maior greve geral j\u00e1 registada na hist\u00f3ria. A greve geral realizada na \u00cdndia esta ter\u00e7a-feira pode ter sido a maior greve geral j\u00e1 registada na hist\u00f3ria do capitalismo. Como sempre, a imprensa tenta minimizar a [&hellip;]<\/p>\n","protected":false},"author":2,"featured_media":0,"comment_status":"open","ping_status":"open","sticky":false,"template":"","format":"standard","meta":{"_acf_changed":false,"footnotes":""},"categories":[4766],"tags":[],"class_list":{"0":"post-565","1":"post","2":"type-post","3":"status-publish","4":"format-standard","6":"category-arquivo"},"acf":[],"yoast_head":"<!-- This site is optimized with the Yoast SEO plugin v26.5 - https:\/\/yoast.com\/wordpress\/plugins\/seo\/ -->\n<title>\u00cdndia: milh\u00f5es em greve geral - PSOL 50<\/title>\n<meta name=\"robots\" content=\"index, follow, max-snippet:-1, max-image-preview:large, max-video-preview:-1\" \/>\n<link rel=\"canonical\" href=\"https:\/\/psol50.org.br\/india-milhoes-em-greve-geral\/\" \/>\n<meta property=\"og:locale\" content=\"pt_BR\" \/>\n<meta property=\"og:type\" content=\"article\" \/>\n<meta property=\"og:title\" content=\"\u00cdndia: milh\u00f5es em greve geral - PSOL 50\" \/>\n<meta property=\"og:description\" content=\"Mobiliza\u00e7\u00e3o foi convocada pelas onze principais centrais sindicais do pa\u00eds, paralisando bancos, transportes e amplas \u00e1reas. Pode ter sido a maior greve geral j\u00e1 registada na hist\u00f3ria. A greve geral realizada na \u00cdndia esta ter\u00e7a-feira pode ter sido a maior greve geral j\u00e1 registada na hist\u00f3ria do capitalismo. Como sempre, a imprensa tenta minimizar a [&hellip;]\" \/>\n<meta property=\"og:url\" content=\"https:\/\/psol50.org.br\/india-milhoes-em-greve-geral\/\" \/>\n<meta property=\"og:site_name\" content=\"PSOL 50\" \/>\n<meta property=\"article:publisher\" content=\"https:\/\/www.facebook.com\/psol50\" \/>\n<meta property=\"article:published_time\" content=\"2012-02-29T00:00:00+00:00\" \/>\n<meta property=\"og:image\" content=\"http:\/\/psol50.org.br\/files\/2012\/02\/india_greve_geral.jpg\" \/>\n<meta name=\"author\" content=\"Comunica\u00e7\u00e3o PSOL\" \/>\n<meta name=\"twitter:card\" content=\"summary_large_image\" \/>\n<meta name=\"twitter:creator\" content=\"@psol50\" \/>\n<meta name=\"twitter:site\" content=\"@psol50\" \/>\n<meta name=\"twitter:label1\" content=\"Escrito por\" \/>\n\t<meta name=\"twitter:data1\" content=\"Comunica\u00e7\u00e3o PSOL\" \/>\n\t<meta name=\"twitter:label2\" content=\"Est. tempo de leitura\" \/>\n\t<meta name=\"twitter:data2\" content=\"4 minutos\" \/>\n<script type=\"application\/ld+json\" class=\"yoast-schema-graph\">{\"@context\":\"https:\/\/schema.org\",\"@graph\":[{\"@type\":\"Article\",\"@id\":\"https:\/\/psol50.org.br\/india-milhoes-em-greve-geral\/#article\",\"isPartOf\":{\"@id\":\"https:\/\/psol50.org.br\/india-milhoes-em-greve-geral\/\"},\"author\":{\"name\":\"Comunica\u00e7\u00e3o PSOL\",\"@id\":\"https:\/\/psol50.org.br\/#\/schema\/person\/475dfa57d0b815993c714c2e96491fcd\"},\"headline\":\"\u00cdndia: milh\u00f5es em greve geral\",\"datePublished\":\"2012-02-29T00:00:00+00:00\",\"mainEntityOfPage\":{\"@id\":\"https:\/\/psol50.org.br\/india-milhoes-em-greve-geral\/\"},\"wordCount\":822,\"commentCount\":0,\"publisher\":{\"@id\":\"https:\/\/psol50.org.br\/#organization\"},\"image\":{\"@id\":\"https:\/\/psol50.org.br\/india-milhoes-em-greve-geral\/#primaryimage\"},\"thumbnailUrl\":\"http:\/\/psol50.org.br\/files\/2012\/02\/india_greve_geral.jpg\",\"articleSection\":[\"Arquivo\"],\"inLanguage\":\"pt-BR\",\"potentialAction\":[{\"@type\":\"CommentAction\",\"name\":\"Comment\",\"target\":[\"https:\/\/psol50.org.br\/india-milhoes-em-greve-geral\/#respond\"]}]},{\"@type\":\"WebPage\",\"@id\":\"https:\/\/psol50.org.br\/india-milhoes-em-greve-geral\/\",\"url\":\"https:\/\/psol50.org.br\/india-milhoes-em-greve-geral\/\",\"name\":\"\u00cdndia: milh\u00f5es em greve geral - PSOL 50\",\"isPartOf\":{\"@id\":\"https:\/\/psol50.org.br\/#website\"},\"primaryImageOfPage\":{\"@id\":\"https:\/\/psol50.org.br\/india-milhoes-em-greve-geral\/#primaryimage\"},\"image\":{\"@id\":\"https:\/\/psol50.org.br\/india-milhoes-em-greve-geral\/#primaryimage\"},\"thumbnailUrl\":\"http:\/\/psol50.org.br\/files\/2012\/02\/india_greve_geral.jpg\",\"datePublished\":\"2012-02-29T00:00:00+00:00\",\"breadcrumb\":{\"@id\":\"https:\/\/psol50.org.br\/india-milhoes-em-greve-geral\/#breadcrumb\"},\"inLanguage\":\"pt-BR\",\"potentialAction\":[{\"@type\":\"ReadAction\",\"target\":[\"https:\/\/psol50.org.br\/india-milhoes-em-greve-geral\/\"]}]},{\"@type\":\"ImageObject\",\"inLanguage\":\"pt-BR\",\"@id\":\"https:\/\/psol50.org.br\/india-milhoes-em-greve-geral\/#primaryimage\",\"url\":\"http:\/\/psol50.org.br\/files\/2012\/02\/india_greve_geral.jpg\",\"contentUrl\":\"http:\/\/psol50.org.br\/files\/2012\/02\/india_greve_geral.jpg\"},{\"@type\":\"BreadcrumbList\",\"@id\":\"https:\/\/psol50.org.br\/india-milhoes-em-greve-geral\/#breadcrumb\",\"itemListElement\":[{\"@type\":\"ListItem\",\"position\":1,\"name\":\"In\u00edcio\",\"item\":\"https:\/\/psol50.org.br\/\"},{\"@type\":\"ListItem\",\"position\":2,\"name\":\"\u00cdndia: milh\u00f5es em greve geral\"}]},{\"@type\":\"WebSite\",\"@id\":\"https:\/\/psol50.org.br\/#website\",\"url\":\"https:\/\/psol50.org.br\/\",\"name\":\"PSOL 50\",\"description\":\"Site oficial do Partido Socialismo e Liberdade\",\"publisher\":{\"@id\":\"https:\/\/psol50.org.br\/#organization\"},\"alternateName\":\"PSOL50\",\"potentialAction\":[{\"@type\":\"SearchAction\",\"target\":{\"@type\":\"EntryPoint\",\"urlTemplate\":\"https:\/\/psol50.org.br\/?s={search_term_string}\"},\"query-input\":{\"@type\":\"PropertyValueSpecification\",\"valueRequired\":true,\"valueName\":\"search_term_string\"}}],\"inLanguage\":\"pt-BR\"},{\"@type\":\"Organization\",\"@id\":\"https:\/\/psol50.org.br\/#organization\",\"name\":\"PSOL 50\",\"alternateName\":\"PSOL 50\",\"url\":\"https:\/\/psol50.org.br\/\",\"logo\":{\"@type\":\"ImageObject\",\"inLanguage\":\"pt-BR\",\"@id\":\"https:\/\/psol50.org.br\/#\/schema\/logo\/image\/\",\"url\":\"https:\/\/psol50.org.br\/inc\/uploads\/2018\/07\/capa.png\",\"contentUrl\":\"https:\/\/psol50.org.br\/inc\/uploads\/2018\/07\/capa.png\",\"width\":1350,\"height\":900,\"caption\":\"PSOL 50\"},\"image\":{\"@id\":\"https:\/\/psol50.org.br\/#\/schema\/logo\/image\/\"},\"sameAs\":[\"https:\/\/www.facebook.com\/psol50\",\"https:\/\/x.com\/psol50\",\"https:\/\/www.instagram.com\/psol50\/\",\"https:\/\/www.youtube.com\/channel\/UC7SnJS5o1os7a6CaiNabzcg\"]},{\"@type\":\"Person\",\"@id\":\"https:\/\/psol50.org.br\/#\/schema\/person\/475dfa57d0b815993c714c2e96491fcd\",\"name\":\"Comunica\u00e7\u00e3o PSOL\",\"image\":{\"@type\":\"ImageObject\",\"inLanguage\":\"pt-BR\",\"@id\":\"https:\/\/psol50.org.br\/#\/schema\/person\/image\/\",\"url\":\"https:\/\/secure.gravatar.com\/avatar\/b34fc4f4e468a4e51785917065a3db57b841f5c95dba6ad8c73aaf8f66f8f9bf?s=96&d=mm&r=g\",\"contentUrl\":\"https:\/\/secure.gravatar.com\/avatar\/b34fc4f4e468a4e51785917065a3db57b841f5c95dba6ad8c73aaf8f66f8f9bf?s=96&d=mm&r=g\",\"caption\":\"Comunica\u00e7\u00e3o PSOL\"}}]}<\/script>\n<!-- \/ Yoast SEO plugin. -->","yoast_head_json":{"title":"\u00cdndia: milh\u00f5es em greve geral - PSOL 50","robots":{"index":"index","follow":"follow","max-snippet":"max-snippet:-1","max-image-preview":"max-image-preview:large","max-video-preview":"max-video-preview:-1"},"canonical":"https:\/\/psol50.org.br\/india-milhoes-em-greve-geral\/","og_locale":"pt_BR","og_type":"article","og_title":"\u00cdndia: milh\u00f5es em greve geral - PSOL 50","og_description":"Mobiliza\u00e7\u00e3o foi convocada pelas onze principais centrais sindicais do pa\u00eds, paralisando bancos, transportes e amplas \u00e1reas. Pode ter sido a maior greve geral j\u00e1 registada na hist\u00f3ria. A greve geral realizada na \u00cdndia esta ter\u00e7a-feira pode ter sido a maior greve geral j\u00e1 registada na hist\u00f3ria do capitalismo. Como sempre, a imprensa tenta minimizar a [&hellip;]","og_url":"https:\/\/psol50.org.br\/india-milhoes-em-greve-geral\/","og_site_name":"PSOL 50","article_publisher":"https:\/\/www.facebook.com\/psol50","article_published_time":"2012-02-29T00:00:00+00:00","og_image":[{"url":"http:\/\/psol50.org.br\/files\/2012\/02\/india_greve_geral.jpg","type":"","width":"","height":""}],"author":"Comunica\u00e7\u00e3o PSOL","twitter_card":"summary_large_image","twitter_creator":"@psol50","twitter_site":"@psol50","twitter_misc":{"Escrito por":"Comunica\u00e7\u00e3o PSOL","Est. tempo de leitura":"4 minutos"},"schema":{"@context":"https:\/\/schema.org","@graph":[{"@type":"Article","@id":"https:\/\/psol50.org.br\/india-milhoes-em-greve-geral\/#article","isPartOf":{"@id":"https:\/\/psol50.org.br\/india-milhoes-em-greve-geral\/"},"author":{"name":"Comunica\u00e7\u00e3o PSOL","@id":"https:\/\/psol50.org.br\/#\/schema\/person\/475dfa57d0b815993c714c2e96491fcd"},"headline":"\u00cdndia: milh\u00f5es em greve geral","datePublished":"2012-02-29T00:00:00+00:00","mainEntityOfPage":{"@id":"https:\/\/psol50.org.br\/india-milhoes-em-greve-geral\/"},"wordCount":822,"commentCount":0,"publisher":{"@id":"https:\/\/psol50.org.br\/#organization"},"image":{"@id":"https:\/\/psol50.org.br\/india-milhoes-em-greve-geral\/#primaryimage"},"thumbnailUrl":"http:\/\/psol50.org.br\/files\/2012\/02\/india_greve_geral.jpg","articleSection":["Arquivo"],"inLanguage":"pt-BR","potentialAction":[{"@type":"CommentAction","name":"Comment","target":["https:\/\/psol50.org.br\/india-milhoes-em-greve-geral\/#respond"]}]},{"@type":"WebPage","@id":"https:\/\/psol50.org.br\/india-milhoes-em-greve-geral\/","url":"https:\/\/psol50.org.br\/india-milhoes-em-greve-geral\/","name":"\u00cdndia: milh\u00f5es em greve geral - PSOL 50","isPartOf":{"@id":"https:\/\/psol50.org.br\/#website"},"primaryImageOfPage":{"@id":"https:\/\/psol50.org.br\/india-milhoes-em-greve-geral\/#primaryimage"},"image":{"@id":"https:\/\/psol50.org.br\/india-milhoes-em-greve-geral\/#primaryimage"},"thumbnailUrl":"http:\/\/psol50.org.br\/files\/2012\/02\/india_greve_geral.jpg","datePublished":"2012-02-29T00:00:00+00:00","breadcrumb":{"@id":"https:\/\/psol50.org.br\/india-milhoes-em-greve-geral\/#breadcrumb"},"inLanguage":"pt-BR","potentialAction":[{"@type":"ReadAction","target":["https:\/\/psol50.org.br\/india-milhoes-em-greve-geral\/"]}]},{"@type":"ImageObject","inLanguage":"pt-BR","@id":"https:\/\/psol50.org.br\/india-milhoes-em-greve-geral\/#primaryimage","url":"http:\/\/psol50.org.br\/files\/2012\/02\/india_greve_geral.jpg","contentUrl":"http:\/\/psol50.org.br\/files\/2012\/02\/india_greve_geral.jpg"},{"@type":"BreadcrumbList","@id":"https:\/\/psol50.org.br\/india-milhoes-em-greve-geral\/#breadcrumb","itemListElement":[{"@type":"ListItem","position":1,"name":"In\u00edcio","item":"https:\/\/psol50.org.br\/"},{"@type":"ListItem","position":2,"name":"\u00cdndia: milh\u00f5es em greve geral"}]},{"@type":"WebSite","@id":"https:\/\/psol50.org.br\/#website","url":"https:\/\/psol50.org.br\/","name":"PSOL 50","description":"Site oficial do Partido Socialismo e Liberdade","publisher":{"@id":"https:\/\/psol50.org.br\/#organization"},"alternateName":"PSOL50","potentialAction":[{"@type":"SearchAction","target":{"@type":"EntryPoint","urlTemplate":"https:\/\/psol50.org.br\/?s={search_term_string}"},"query-input":{"@type":"PropertyValueSpecification","valueRequired":true,"valueName":"search_term_string"}}],"inLanguage":"pt-BR"},{"@type":"Organization","@id":"https:\/\/psol50.org.br\/#organization","name":"PSOL 50","alternateName":"PSOL 50","url":"https:\/\/psol50.org.br\/","logo":{"@type":"ImageObject","inLanguage":"pt-BR","@id":"https:\/\/psol50.org.br\/#\/schema\/logo\/image\/","url":"https:\/\/psol50.org.br\/inc\/uploads\/2018\/07\/capa.png","contentUrl":"https:\/\/psol50.org.br\/inc\/uploads\/2018\/07\/capa.png","width":1350,"height":900,"caption":"PSOL 50"},"image":{"@id":"https:\/\/psol50.org.br\/#\/schema\/logo\/image\/"},"sameAs":["https:\/\/www.facebook.com\/psol50","https:\/\/x.com\/psol50","https:\/\/www.instagram.com\/psol50\/","https:\/\/www.youtube.com\/channel\/UC7SnJS5o1os7a6CaiNabzcg"]},{"@type":"Person","@id":"https:\/\/psol50.org.br\/#\/schema\/person\/475dfa57d0b815993c714c2e96491fcd","name":"Comunica\u00e7\u00e3o PSOL","image":{"@type":"ImageObject","inLanguage":"pt-BR","@id":"https:\/\/psol50.org.br\/#\/schema\/person\/image\/","url":"https:\/\/secure.gravatar.com\/avatar\/b34fc4f4e468a4e51785917065a3db57b841f5c95dba6ad8c73aaf8f66f8f9bf?s=96&d=mm&r=g","contentUrl":"https:\/\/secure.gravatar.com\/avatar\/b34fc4f4e468a4e51785917065a3db57b841f5c95dba6ad8c73aaf8f66f8f9bf?s=96&d=mm&r=g","caption":"Comunica\u00e7\u00e3o PSOL"}}]}},"_links":{"self":[{"href":"https:\/\/psol50.org.br\/rest\/wp\/v2\/posts\/565","targetHints":{"allow":["GET"]}}],"collection":[{"href":"https:\/\/psol50.org.br\/rest\/wp\/v2\/posts"}],"about":[{"href":"https:\/\/psol50.org.br\/rest\/wp\/v2\/types\/post"}],"author":[{"embeddable":true,"href":"https:\/\/psol50.org.br\/rest\/wp\/v2\/users\/2"}],"replies":[{"embeddable":true,"href":"https:\/\/psol50.org.br\/rest\/wp\/v2\/comments?post=565"}],"version-history":[{"count":0,"href":"https:\/\/psol50.org.br\/rest\/wp\/v2\/posts\/565\/revisions"}],"wp:attachment":[{"href":"https:\/\/psol50.org.br\/rest\/wp\/v2\/media?parent=565"}],"wp:term":[{"taxonomy":"category","embeddable":true,"href":"https:\/\/psol50.org.br\/rest\/wp\/v2\/categories?post=565"},{"taxonomy":"post_tag","embeddable":true,"href":"https:\/\/psol50.org.br\/rest\/wp\/v2\/tags?post=565"}],"curies":[{"name":"wp","href":"https:\/\/api.w.org\/{rel}","templated":true}]}}